{"id":3078,"date":"2015-05-07T11:30:18","date_gmt":"2015-05-07T09:30:18","guid":{"rendered":"http:\/\/www.culture-numerique.fr\/?p=3078"},"modified":"2015-09-18T00:42:03","modified_gmt":"2015-09-17T22:42:03","slug":"de-toutes-facons-ceux-qui-ne-veulent-pas-sen-saisir-la-subiront","status":"publish","type":"post","link":"https:\/\/www.culture-numerique.fr\/?p=3078","title":{"rendered":"\u00ab\u00a0De toutes fa\u00e7ons, ceux qui ne veulent pas s\u2019en saisir la subiront\u00a0\u00bb #EcoleNumerique"},"content":{"rendered":"<p><img loading=\"lazy\" decoding=\"async\" class=\"size-full wp-image-3088 aligncenter\" src=\"http:\/\/www.culture-numerique.fr\/wp-content\/uploads\/2015\/05\/5007304213_21d2c1ba4f_b.jpg\" alt=\"Bougie\" width=\"1024\" height=\"689\" srcset=\"https:\/\/www.culture-numerique.fr\/wp-content\/uploads\/2015\/05\/5007304213_21d2c1ba4f_b.jpg 1024w, https:\/\/www.culture-numerique.fr\/wp-content\/uploads\/2015\/05\/5007304213_21d2c1ba4f_b-300x202.jpg 300w, https:\/\/www.culture-numerique.fr\/wp-content\/uploads\/2015\/05\/5007304213_21d2c1ba4f_b-100x67.jpg 100w, https:\/\/www.culture-numerique.fr\/wp-content\/uploads\/2015\/05\/5007304213_21d2c1ba4f_b-150x101.jpg 150w, https:\/\/www.culture-numerique.fr\/wp-content\/uploads\/2015\/05\/5007304213_21d2c1ba4f_b-200x135.jpg 200w, https:\/\/www.culture-numerique.fr\/wp-content\/uploads\/2015\/05\/5007304213_21d2c1ba4f_b-450x303.jpg 450w, https:\/\/www.culture-numerique.fr\/wp-content\/uploads\/2015\/05\/5007304213_21d2c1ba4f_b-600x404.jpg 600w, https:\/\/www.culture-numerique.fr\/wp-content\/uploads\/2015\/05\/5007304213_21d2c1ba4f_b-900x606.jpg 900w\" sizes=\"auto, (max-width: 1024px) 100vw, 1024px\" \/><\/p>\n<p><strong>Les fortes paroles ci-dessus<\/strong>, en titre, sont issues d&rsquo;un discours de <a href=\"https:\/\/fr.wikipedia.org\/wiki\/Vincent_Peillon\" target=\"_blank\">Vincent Peillon<\/a>, ex-ministre de l&rsquo;\u00c9ducation, le 10 juin 2013 \u2014\u00a0presque deux ans d\u00e9j\u00e0\u00a0! que de temps perdu\u2026\u00a0\u2014 qui faisait dans un lyc\u00e9e parisien un premier point d\u2019\u00e9tape de sa strat\u00e9gie d\u2019entr\u00e9e de l\u2019\u00e9cole dans l\u2019\u00e8re du num\u00e9rique. Dans le billet dans lequel je rapportais tout cela (1), je me faisais l&rsquo;\u00e9cho d&rsquo;autres paroles importantes\u00a0:<\/p>\n<blockquote><p>\u00ab Il y a toujours des gens qui pensent que dans le fond \u00e7a va passer, que c\u2019est dangereux, que c\u2019est inutile, que \u00e7a porte avec soi les forces du mal et les esprits grincheux ou obscurantistes ne manquent pas. \u00bb<\/p><\/blockquote>\n<p>Aujourd&rsquo;hui m\u00eame, le pr\u00e9sident\u00a0<a href=\"https:\/\/fr.wikipedia.org\/wiki\/Fran%C3%A7ois_Hollande\" target=\"_blank\">Fran\u00e7ois Hollande<\/a>, <a href=\"http:\/\/www.lemonde.fr\/education\/article\/2015\/05\/06\/francois-hollande-au-secours-de-la-reforme-des-colleges_4628970_1473685.html\" target=\"_blank\">rapporte<\/a> <em><a href=\"http:\/\/www.lemonde.fr\/\" target=\"_blank\">Le Monde<\/a><\/em>, r\u00e9affirme son soutien \u00e0 la r\u00e9forme du coll\u00e8ge par des paroles qui ne manquent pas non plus de force ni de d\u00e9termination\u00a0:<\/p>\n<blockquote><p>\u00ab\u00a0J\u2019entends le concert des immobiles, ce sont souvent les plus bruyants, ceux qui au nom de l\u2019int\u00e9r\u00eat g\u00e9n\u00e9ral suppos\u00e9 d\u00e9fendent leurs int\u00e9r\u00eats particuliers, eh bien non, c\u2019est termin\u00e9\u00a0\u00bb<\/p><\/blockquote>\n<p><a href=\"http:\/\/www.education.gouv.fr\/cid88587\/-ecolenumerique-aujourd-hui-et-demain.html\" target=\"_blank\"><img loading=\"lazy\" decoding=\"async\" class=\"alignright wp-image-3097 size-medium\" src=\"http:\/\/www.culture-numerique.fr\/wp-content\/uploads\/2015\/05\/2015-05-06_214950-300x127.jpg\" alt=\"\u00c9cole num\u00e9rique\" width=\"300\" height=\"127\" srcset=\"https:\/\/www.culture-numerique.fr\/wp-content\/uploads\/2015\/05\/2015-05-06_214950-300x127.jpg 300w, https:\/\/www.culture-numerique.fr\/wp-content\/uploads\/2015\/05\/2015-05-06_214950-100x42.jpg 100w, https:\/\/www.culture-numerique.fr\/wp-content\/uploads\/2015\/05\/2015-05-06_214950-150x63.jpg 150w, https:\/\/www.culture-numerique.fr\/wp-content\/uploads\/2015\/05\/2015-05-06_214950-200x85.jpg 200w, https:\/\/www.culture-numerique.fr\/wp-content\/uploads\/2015\/05\/2015-05-06_214950.jpg 395w\" sizes=\"auto, (max-width: 300px) 100vw, 300px\" \/><\/a>Au moment o\u00f9 j&rsquo;\u00e9cris ce billet, se d\u00e9roulent les derniers pr\u00e9paratifs concernant la\u00a0restitution des r\u00e9sultats de la concertation nationale sur le num\u00e9rique pour l&rsquo;\u00e9ducation. L&rsquo;int\u00e9gralit\u00e9 du <a href=\"http:\/\/www.education.gouv.fr\/cid88587\/-ecolenumerique-aujourd-hui-et-demain.html\" target=\"_blank\">programme<\/a> est d&rsquo;ores et d\u00e9j\u00e0 affich\u00e9e. Ce sont quatre recteurs qui viendront nous rendre compte, sur chacun des quatre th\u00e8mes retenus, de l&rsquo;exercice p\u00e9rilleux d&rsquo;une synth\u00e8se. Une table ronde rassemble l&rsquo;ensemble des partenaires. Mais la journ\u00e9e est surtout marqu\u00e9e par trois interventions fortes sur ce th\u00e8me de l&rsquo;\u00e9cole num\u00e9rique\u00a0: celle de la ministre <a href=\"https:\/\/fr.wikipedia.org\/wiki\/Najat_Vallaud-Belkacem\" target=\"_blank\">Najat Vallaud-Belkacem<\/a>, celle de la directrice g\u00e9n\u00e9rale de l&rsquo;enseignement scolaire <a href=\"https:\/\/twitter.com\/frobine\" target=\"_blank\">Florence Robine<\/a> et, enfin, celle du pr\u00e9sident de la R\u00e9publique, <a href=\"https:\/\/fr.wikipedia.org\/wiki\/Fran%C3%A7ois_Hollande\" target=\"_blank\">Fran\u00e7ois Hollande<\/a>.<\/p>\n<p>[Mise \u00e0 jour \u00e0 12 h 30\u00a0: si c&rsquo;est bien la ministre qui ouvrira, \u00a0si c&rsquo;est bien le pr\u00e9sident qui cl\u00f4turera, accueilli par Florence Robine, \u00a0c&rsquo;est bien la directrice du num\u00e9rique pour l&rsquo;\u00e9ducation Catherine Becchetti-Bizot qui fera la restitution de la consultation].<\/p>\n<p>Pour tout vous dire, je me fiche un peu des annonces qu&rsquo;ils vont nous faire, les uns et les autres. Il m&rsquo;indiff\u00e8re compl\u00e8tement de savoir qu&rsquo;on ach\u00e8tera des tablettes ou des tableaux num\u00e9riques ou qu&rsquo;on enseignera le code. Il m&rsquo;int\u00e9resse un peu plus de savoir <strong>comment les mutations attendues vont pouvoir s&rsquo;inscrire dans les r\u00e9formes<\/strong> en cours, l&rsquo;\u00e9ducation aux m\u00e9dias et \u00e0 l&rsquo;information, le socle commun, les programmes disciplinaires, le coll\u00e8ge, la formation des ma\u00eetres. De m\u00eame, j&rsquo;attends quelques informations pour sortir de l&rsquo;impasse des examens bloqu\u00e9s dans leur configuration d&rsquo;un autre si\u00e8cle. Ce sont l\u00e0 des enjeux forts, comme ceux\u00a0de la <strong>transdisciplinarit\u00e9<\/strong> et de la <strong>collaboration<\/strong>.<\/p>\n<table style=\"border-color: #000000; background-color: #f2f5b8;\" border=\"1\">\n<tbody>\n<tr>\n<td>Mais j&rsquo;attends beaucoup de phrases, de mots, d&rsquo;expressions qui seraient prononc\u00e9s par les uns et les autres qui montreraient \u00e0 la fois <strong>une \u00e9volution de leur vocabulaire<\/strong> et donc de <strong>leur compr\u00e9hension des enjeux<\/strong>, mais qui seraient capables <strong>d&#8217;emporter l&rsquo;adh\u00e9sion et de renvoyer pour de bon \u00e0 leur obscurantisme les grincheux<\/strong> dont parlait Vincent Peillon il y a deux ans.<\/p>\n<hr \/>\n<p>Il\u00a0est maintenant n\u00e9cessaire <strong>d&rsquo;avancer, d&rsquo;ouvrir en grand les fen\u00eatres, de donner de l&rsquo;air et de la souplesse<\/strong> au syst\u00e8me \u00e9ducatif comme de donner \u00e0 leurs acteurs, les \u00e9l\u00e8ves y compris mais aussi bien s\u00fbr l&rsquo;encadrement et les professeurs, <strong>l&rsquo;autonomie et la responsabilit\u00e9<\/strong> dont ils ont besoin pour collaborer \u00e0 l&rsquo;\u00e9dification de cette \u00e9cole num\u00e9rique.<\/td>\n<\/tr>\n<\/tbody>\n<\/table>\n<p>J&rsquo;attends par exemple qu&rsquo;on dise clairement qu&rsquo;il s&rsquo;agit d&rsquo;y former demain <strong>des citoyens \u00e9clair\u00e9s, <\/strong>en prise et en accord avec leur temps, plus que des travailleurs employables.<\/p>\n<p>En attendant, vous trouverez ci-dessous le travail remarquable r\u00e9alis\u00e9 pour faire la synth\u00e8se de cette consultation, document qui sera remis demain \u00e0 tous les pr\u00e9sents invit\u00e9s \u00e0 cette journ\u00e9e, dont je serai bien s\u00fbr.<\/p>\n<p><img loading=\"lazy\" decoding=\"async\" class=\"aligncenter size-full wp-image-3090\" src=\"http:\/\/www.culture-numerique.fr\/wp-content\/uploads\/2015\/05\/page1.png\" alt=\"Consultation page 1\" width=\"595\" height=\"842\" srcset=\"https:\/\/www.culture-numerique.fr\/wp-content\/uploads\/2015\/05\/page1.png 595w, https:\/\/www.culture-numerique.fr\/wp-content\/uploads\/2015\/05\/page1-212x300.png 212w, https:\/\/www.culture-numerique.fr\/wp-content\/uploads\/2015\/05\/page1-100x142.png 100w, https:\/\/www.culture-numerique.fr\/wp-content\/uploads\/2015\/05\/page1-150x212.png 150w, https:\/\/www.culture-numerique.fr\/wp-content\/uploads\/2015\/05\/page1-200x283.png 200w, https:\/\/www.culture-numerique.fr\/wp-content\/uploads\/2015\/05\/page1-300x425.png 300w, https:\/\/www.culture-numerique.fr\/wp-content\/uploads\/2015\/05\/page1-450x637.png 450w\" sizes=\"auto, (max-width: 595px) 100vw, 595px\" \/><\/p>\n<p><img loading=\"lazy\" decoding=\"async\" class=\"aligncenter size-full wp-image-3091\" src=\"http:\/\/www.culture-numerique.fr\/wp-content\/uploads\/2015\/05\/page2.png\" alt=\"Consultation page2\" width=\"595\" height=\"842\" srcset=\"https:\/\/www.culture-numerique.fr\/wp-content\/uploads\/2015\/05\/page2.png 595w, https:\/\/www.culture-numerique.fr\/wp-content\/uploads\/2015\/05\/page2-212x300.png 212w, https:\/\/www.culture-numerique.fr\/wp-content\/uploads\/2015\/05\/page2-100x142.png 100w, https:\/\/www.culture-numerique.fr\/wp-content\/uploads\/2015\/05\/page2-150x212.png 150w, https:\/\/www.culture-numerique.fr\/wp-content\/uploads\/2015\/05\/page2-200x283.png 200w, https:\/\/www.culture-numerique.fr\/wp-content\/uploads\/2015\/05\/page2-300x425.png 300w, https:\/\/www.culture-numerique.fr\/wp-content\/uploads\/2015\/05\/page2-450x637.png 450w\" sizes=\"auto, (max-width: 595px) 100vw, 595px\" \/><\/p>\n<p>Bien entendu, demain, je prendrai note des bonnes r\u00e9solutions attendues pour sortir de l&rsquo;orni\u00e8re. Je vous tiens au courant.<\/p>\n<p><strong>De toutes fa\u00e7ons, cette occasion sera sans doute une des derni\u00e8res. Il ne faut pas la rater.<\/strong><\/p>\n<p>Michel Guillou\u00a0<a href=\"https:\/\/twitter.com\/michelguillou\" target=\"_blank\">@michelguillou<\/a><\/p>\n<p><a href=\"http:\/\/creativecommons.org\/licenses\/by-nc-sa\/2.0\/fr\/\" target=\"_blank\"><img loading=\"lazy\" decoding=\"async\" src=\"http:\/\/i.creativecommons.org\/l\/by-nc-sa\/2.0\/fr\/80x15.png\" alt=\"image\" width=\"80\" height=\"15\" \/><\/a><\/p>\n<p>Cr\u00e9dit photo\u00a0: <a href=\"http:\/\/www.flickr.com\/photos\/19204893@N00\/5007304213\">Candle Light<\/a> via <a href=\"http:\/\/photopin.com\">photopin<\/a> <a href=\"https:\/\/creativecommons.org\/licenses\/by\/2.0\/\">(licence)<\/a><\/p>\n<p>1. La fracture num\u00e9rique est au minist\u00e8re\u00a0!\u00a0<a href=\"http:\/\/www.culture-numerique.fr\/?p=270\" target=\"_blank\">http:\/\/www.culture-numerique.fr\/?p=270<\/a><\/p>\n<p>&nbsp;<\/p>\n","protected":false},"excerpt":{"rendered":"<p><img loading=\"lazy\" decoding=\"async\" class=\"size-full wp-image-3088 aligncenter\" src=\"http:\/\/www.culture-numerique.fr\/wp-content\/uploads\/2015\/05\/5007304213_21d2c1ba4f_b.jpg\" alt=\"Bougie\" width=\"1024\" height=\"689\" srcset=\"https:\/\/www.culture-numerique.fr\/wp-content\/uploads\/2015\/05\/5007304213_21d2c1ba4f_b.jpg 1024w, https:\/\/www.culture-numerique.fr\/wp-content\/uploads\/2015\/05\/5007304213_21d2c1ba4f_b-300x202.jpg 300w, https:\/\/www.culture-numerique.fr\/wp-content\/uploads\/2015\/05\/5007304213_21d2c1ba4f_b-100x67.jpg 100w, https:\/\/www.culture-numerique.fr\/wp-content\/uploads\/2015\/05\/5007304213_21d2c1ba4f_b-150x101.jpg 150w, https:\/\/www.culture-numerique.fr\/wp-content\/uploads\/2015\/05\/5007304213_21d2c1ba4f_b-200x135.jpg 200w, https:\/\/www.culture-numerique.fr\/wp-content\/uploads\/2015\/05\/5007304213_21d2c1ba4f_b-450x303.jpg 450w, https:\/\/www.culture-numerique.fr\/wp-content\/uploads\/2015\/05\/5007304213_21d2c1ba4f_b-600x404.jpg 600w, https:\/\/www.culture-numerique.fr\/wp-content\/uploads\/2015\/05\/5007304213_21d2c1ba4f_b-900x606.jpg 900w\" sizes=\"auto, (max-width: 1024px) 100vw, 1024px\" \/><\/p>\n<p><strong>Les fortes paroles ci-dessus<\/strong>, en titre, sont issues d&rsquo;un discours de <a href=\"https:\/\/fr.wikipedia.org\/wiki\/Vincent_Peillon\" target=\"_blank\">Vincent Peillon<\/a>, ex-ministre de l&rsquo;\u00c9ducation, le 10 juin 2013 \u2014\u00a0presque deux ans d\u00e9j\u00e0\u00a0! que de temps perdu\u2026\u00a0\u2014 qui faisait dans un lyc\u00e9e parisien un premier point d\u2019\u00e9tape de sa strat\u00e9gie d\u2019entr\u00e9e de l\u2019\u00e9cole dans l\u2019\u00e8re du num\u00e9rique.<\/p>\n<p><span class=\"ellipsis\">&hellip;<\/span><\/p>\n<div class=\"read-more\"><a href=\"https:\/\/www.culture-numerique.fr\/?p=3078\">Lire la suite &#8250;<\/a><\/div>\n<p><!-- end of .read-more --><\/p>\n","protected":false},"author":1,"featured_media":3088,"comment_status":"open","ping_status":"open","sticky":false,"template":"","format":"standard","meta":{"jetpack_post_was_ever_published":false,"_jetpack_newsletter_access":"","_jetpack_dont_email_post_to_subs":false,"_jetpack_newsletter_tier_id":0,"_jetpack_memberships_contains_paywalled_content":false,"_jetpack_memberships_contains_paid_content":false,"footnotes":""},"categories":[9,20],"tags":[232,588,66,114,400,589,590,560,482,591,587,58,229],"class_list":["post-3078","post","type-post","status-publish","format-standard","has-post-thumbnail","hentry","category-billets-dhumeur","category-breves","tag-collaboration","tag-consultation-sur-le-numerique","tag-ecole-numerique","tag-education-numerique","tag-enjeux-du-numerique","tag-florence-robine","tag-francois-hollande","tag-najat-vallaud-belkacem","tag-paradigme","tag-reformes","tag-revolution-numerique","tag-strategie-numerique","tag-transdisciplinarite"],"jetpack_featured_media_url":"https:\/\/www.culture-numerique.fr\/wp-content\/uploads\/2015\/05\/5007304213_21d2c1ba4f_b.jpg","jetpack_sharing_enabled":true,"_links":{"self":[{"href":"https:\/\/www.culture-numerique.fr\/index.php?rest_route=\/wp\/v2\/posts\/3078","targetHints":{"allow":["GET"]}}],"collection":[{"href":"https:\/\/www.culture-numerique.fr\/index.php?rest_route=\/wp\/v2\/posts"}],"about":[{"href":"https:\/\/www.culture-numerique.fr\/index.php?rest_route=\/wp\/v2\/types\/post"}],"author":[{"embeddable":true,"href":"https:\/\/www.culture-numerique.fr\/index.php?rest_route=\/wp\/v2\/users\/1"}],"replies":[{"embeddable":true,"href":"https:\/\/www.culture-numerique.fr\/index.php?rest_route=%2Fwp%2Fv2%2Fcomments&post=3078"}],"version-history":[{"count":22,"href":"https:\/\/www.culture-numerique.fr\/index.php?rest_route=\/wp\/v2\/posts\/3078\/revisions"}],"predecessor-version":[{"id":3881,"href":"https:\/\/www.culture-numerique.fr\/index.php?rest_route=\/wp\/v2\/posts\/3078\/revisions\/3881"}],"wp:featuredmedia":[{"embeddable":true,"href":"https:\/\/www.culture-numerique.fr\/index.php?rest_route=\/wp\/v2\/media\/3088"}],"wp:attachment":[{"href":"https:\/\/www.culture-numerique.fr\/index.php?rest_route=%2Fwp%2Fv2%2Fmedia&parent=3078"}],"wp:term":[{"taxonomy":"category","embeddable":true,"href":"https:\/\/www.culture-numerique.fr\/index.php?rest_route=%2Fwp%2Fv2%2Fcategories&post=3078"},{"taxonomy":"post_tag","embeddable":true,"href":"https:\/\/www.culture-numerique.fr\/index.php?rest_route=%2Fwp%2Fv2%2Ftags&post=3078"}],"curies":[{"name":"wp","href":"https:\/\/api.w.org\/{rel}","templated":true}]}}