{"id":2995,"date":"2015-04-20T10:02:31","date_gmt":"2015-04-20T08:02:31","guid":{"rendered":"http:\/\/www.culture-numerique.fr\/?p=2995"},"modified":"2017-03-04T23:39:38","modified_gmt":"2017-03-04T22:39:38","slug":"pour-liberer-la-parole-des-eleves-offrons-leur-un-blogue-a-chacun","status":"publish","type":"post","link":"https:\/\/www.culture-numerique.fr\/?p=2995","title":{"rendered":"Pour lib\u00e9rer la parole des \u00e9l\u00e8ves, offrons-leur un blogue \u00e0 chacun\u00a0!"},"content":{"rendered":"<p><a href=\"http:\/\/www.culture-numerique.fr\/wp-content\/uploads\/2015\/04\/Blog_1.jpg\"><img loading=\"lazy\" decoding=\"async\" class=\"alignleft wp-image-3013\" src=\"http:\/\/www.culture-numerique.fr\/wp-content\/uploads\/2015\/04\/Blog_1-300x225.jpg\" alt=\"Blog\" width=\"350\" height=\"263\" srcset=\"https:\/\/www.culture-numerique.fr\/wp-content\/uploads\/2015\/04\/Blog_1-300x225.jpg 300w, https:\/\/www.culture-numerique.fr\/wp-content\/uploads\/2015\/04\/Blog_1-100x75.jpg 100w, https:\/\/www.culture-numerique.fr\/wp-content\/uploads\/2015\/04\/Blog_1-150x113.jpg 150w, https:\/\/www.culture-numerique.fr\/wp-content\/uploads\/2015\/04\/Blog_1-200x150.jpg 200w, https:\/\/www.culture-numerique.fr\/wp-content\/uploads\/2015\/04\/Blog_1.jpg 400w\" sizes=\"auto, (max-width: 350px) 100vw, 350px\" \/><\/a><\/p>\n<p><span style=\"color: #800000;\"><strong>\u00abL&rsquo;\u00c9cole \u00e9duque \u00e0 la Libert\u00e9<\/strong>\u00a0: la libert\u00e9 de conscience, d&rsquo;expression et de choix du sens que chacun donne \u00e0 sa vie\u00a0; l&rsquo;ouverture aux autres et la tol\u00e9rance r\u00e9ciproque.<\/span>\u00a0\u00bb puis, dans la m\u00eame lettre aux enseignants \u00ab\u00a0<span style=\"color: #800000;\">Je vous invite \u00e0 r\u00e9pondre favorablement aux besoins ou demandes d&rsquo;expression qui pourraient avoir lieu dans les classes\u2026<\/span>\u00a0\u00bb, <a href=\"http:\/\/www.education.gouv.fr\/cid85278\/lettre-a-la-suite-de-l-attentat-contre-l-hebdomadaire-charlie-hebdo.html\" target=\"_blank\">c&rsquo;est ainsi que s&rsquo;exprime<\/a> la ministre de l&rsquo;\u00c9ducation Najat Vallaud-Belkacem le 7 janvier dernier, apr\u00e8s les \u00e9v\u00e9nements que vous savez. Dans la foul\u00e9e de ce discours important, le minist\u00e8re annonce sur son site, deux jours plus tard, pour d\u00e9fendre la libert\u00e9 de conscience et la libert\u00e9 d&rsquo;expression, la mise \u00e0 disposition de\u00a0<a href=\"http:\/\/eduscol.education.fr\/cid85297\/liberte-de-conscience-liberte-d-expression-outils-pedagogiques-pour-reflechir-avec-les-eleves.html\" target=\"_blank\">quelques outils p\u00e9dagogiques pour r\u00e9fl\u00e9chir et d\u00e9battre avec les \u00e9l\u00e8ves<\/a>.<\/p>\n<p><strong>Chiche\u00a0!<\/strong><\/p>\n<p>Il ne suffit pas de proposer ces outils aux professeurs, de les inciter \u00e0 s&rsquo;en servir en instillant dans le socle commun et l&rsquo;ensemble des disciplines le champ transversal\u00a0de l&rsquo;\u00e9ducation aux m\u00e9dias, de dire partout que cette derni\u00e8re est fondamentale \u2014\u00a0enfin\u00a0!\u00a0\u2014 et de l&rsquo;appuyer d&rsquo;un enseignement moral et civique tr\u00e8s compl\u00e9mentaire. Il ne suffit pas non plus de dire partout que\u00a0\u00ab\u00a0<span style=\"color: #800000;\">la libert\u00e9 d&rsquo;expression est au fondement de toutes les libert\u00e9s\u00a0; [<\/span>que<span style=\"color: #800000;\">] la libert\u00e9 de conscience et le respect des opinions individuelles sont les principes qui nous permettent de vivre ensemble<\/span>\u00a0\u00bb, <strong>il faut mettre en \u0153uvre maintenant. Vraiment.<\/strong><\/p>\n<p>La France est championne du monde du <em>blogging<\/em>, disait-on il y a quelques ann\u00e9es, au moment des \u00ab\u00a0Skyblogs\u00a0\u00bb dont j&rsquo;ai d\u00e9j\u00e0 tant parl\u00e9. Rendez-vous compte, c&rsquo;\u00e9tait en 2009 et, s&rsquo;il faut en croire <a href=\"http:\/\/fr.wikipedia.org\/wiki\/Skyrock.com\" target=\"_blank\">Wikip\u00e9dia<\/a>\u00a0:<\/p>\n<blockquote><p>\u00ab\u00a0Le 22 novembre 2009, il y avait 28 416 340 blogs accessibles via Skyrock.com, et 18 879 590 profils. Ces blogs regroupaient plus de 650 millions d\u2019articles qui ont re\u00e7u plus de 3,919 milliards de commentaires\u00a0\u00bb<\/p><\/blockquote>\n<p>On sait ce qu&rsquo;il est advenu de cette plateforme maintenant d\u00e9laiss\u00e9e. On sait aussi o\u00f9 sont pass\u00e9es les productions des jeunes et des adolescents dont l&rsquo;app\u00e9tit pour \u00e9crire, pour s&rsquo;exprimer, maintenant sur les r\u00e9seaux sociaux, n&rsquo;a pas faibli. On sait aussi comment l&rsquo;\u00e9cole a ignor\u00e9 d&rsquo;abord puis r\u00e9prim\u00e9 et enfin honni cette lib\u00e9ration d\u00e9brid\u00e9e et parfois perturbante de l&rsquo;expression sur cette plateforme commerciale. J&rsquo;ai d\u00e9j\u00e0 \u00e9voqu\u00e9 ce mois de septembre sans fin\u2026 (1)<\/p>\n<p>Alors que faire\u00a0? <strong>Rien de mieux pour \u00e9duquer aux m\u00e9dias que d&rsquo;en produire\u00a0un soi-m\u00eame<\/strong>, comme le sugg\u00e9rait d&rsquo;ailleurs la ministre en demandant que\u00a0chaque coll\u00e8ge ou lyc\u00e9e en soit pourvu\u00a0:<\/p>\n<blockquote class=\"twitter-tweet\" data-width=\"550\" data-dnt=\"true\">\n<p lang=\"fr\" dir=\"ltr\">Faire vivre la culture de la presse : au sein de chaque coll\u00e8ge, lyc\u00e9e, un m\u00e9dia, journal, radio, web &#8230; sera cr\u00e9\u00e9. <a href=\"http:\/\/t.co\/yBK5sm4riL\">pic.twitter.com\/yBK5sm4riL<\/a><\/p>\n<p>&mdash; Najat Vallaud-Belkacem (@najatvb) <a href=\"https:\/\/twitter.com\/najatvb\/status\/565488784268361729?ref_src=twsrc%5Etfw\">February 11, 2015<\/a><\/p><\/blockquote>\n<p><script async src=\"https:\/\/platform.twitter.com\/widgets.js\" charset=\"utf-8\"><\/script><\/p>\n<p>Parfait\u00a0! Mais quel terrible manque d&rsquo;ambition\u00a0! Et de vision \u00e0 long terme. Ce n&rsquo;est pas d&rsquo;un m\u00e9dia par \u00e9tablissement dont l&rsquo;\u00e9cole a besoin pour remplir sa t\u00e2che et accompagner l&rsquo;expression des \u00e9l\u00e8ves, c&rsquo;est de plusieurs, un par classe pour commencer \u2014\u00a0l&rsquo;acad\u00e9mie de Versailles <a href=\"http:\/\/blog.crdp-versailles.fr\/\" target=\"_blank\">propose ce service<\/a> depuis de longues ann\u00e9es d\u00e9j\u00e0 sans probl\u00e8mes majeurs\u00a0\u2014, puis, progressivement, <strong>un par lyc\u00e9en puis un par coll\u00e9gien<\/strong>, enfin un par \u00e9colier d\u00e8s qu&rsquo;il sait \u00e9crire.<\/p>\n<p>Et quoi de mieux pour permettre une production diverse et complexe qui pourrait m\u00ealer du texte, des vid\u00e9os, des images et serait pourvu des fonctionnalit\u00e9s proches de celles d&rsquo;un r\u00e9seau social, <strong>que de fournir un blogue \u00e0 chaque \u00e9l\u00e8ve<\/strong>\u00a0?<\/p>\n<p>Oui, <strong>un blogue, un vrai, un \u00e0 soi<\/strong>, \u00e0 son nom, public, d\u00e9barrass\u00e9 au contraire des plateformes commerciales de toute publicit\u00e9, dont il faudrait que l&rsquo;\u00e9cole et ses professeurs s&#8217;emparent avec le lyc\u00e9en ou le coll\u00e9gien pour accompagner l&rsquo;exercice de sa libert\u00e9 d&rsquo;expression, au service des activit\u00e9s p\u00e9dagogiques comme\u00a0au service d&rsquo;une expression publique personnelle\u00a0! Aucun autre moyen n&rsquo;est <em>a priori<\/em> meilleur pour apprendre au fond les conventions et r\u00e8gles de la publication, apprendre aussi ce qu&rsquo;il convient de dire ou ce qu&rsquo;il vaut mieux taire, ce que la loi autorise ou r\u00e9prime, apprendre l&rsquo;autonomie et la responsabilit\u00e9, \u00e9voquer les difficult\u00e9s de la confrontation de cette nouvelle libert\u00e9 \u00e0 d&rsquo;autres droits relatifs \u00e0 l&rsquo;image ou aux auteurs des \u0153uvres culturelles, apprendre enfin les probl\u00e9matiques de licences, par exemple encore\u2026<\/p>\n<p>Voil\u00e0 qui serait une vraie ambition pour l&rsquo;\u00e9cole et son engagement \u00e0 d\u00e9fendre et\u00a0renforcer les valeurs de la R\u00e9publique\u00a0! <strong>Voil\u00e0 qui serait un pari un peu fou mais tellement passionnant pour \u00e9duquer aux m\u00e9dias<\/strong>\u00a0!<\/p>\n<p>Pour terminer ce billet et ne pas laisser le minist\u00e8re se d\u00e9brouiller tout seul, il vaut mieux pr\u00e9voir, sans trop rentrer dans les d\u00e9tails\u00a0:<\/p>\n<ul>\n<li>un d\u00e9ploiement en trois \u00e9tapes, les lyc\u00e9ens d&rsquo;abord (plus de 2 millions), puis les coll\u00e9giens (au nombre de plus de 3,3 millions), enfin les \u00e9coliers (5 millions peut-\u00eatre au maximum,\u00a0l&rsquo;estimation est difficile car il n&rsquo;est peut-\u00eatre pas utile d&rsquo;en fournir aux \u00e9l\u00e8ves les plus jeunes, en maternelle ou \u00e0 l&rsquo;\u00e9cole du premier degr\u00e9)\u00a0;<\/li>\n<li>une plateforme\u00a0unique voire multiple et d\u00e9centralis\u00e9e en ligne\u00a0solide utilisant un\u00a0moteur\u00a0libre standard, du type <a href=\"http:\/\/fr.dotclear.org\/\" target=\"_blank\">Dotclear <\/a>ou <a href=\"https:\/\/fr.wordpress.org\/\" target=\"_blank\">WordPress<\/a>, par exemple, disposant au choix d&rsquo;un affichage public ou priv\u00e9, dont les fonctionnalit\u00e9s et la s\u00e9curit\u00e9 sont fr\u00e9quemment mises \u00e0 jour, muni enfin de quelques maquettes permettant de personnaliser son blogue et des extensions les plus robustes et fonctionnelles\u00a0;<\/li>\n<li>une charte d&rsquo;utilisation construite et n\u00e9goci\u00e9e avec les \u00e9lus de la vie lyc\u00e9enne qui responsabiliserait les jeunes propri\u00e9taires sans gommer la responsabilit\u00e9 propre aux \u00e9coles et \u00e9tablissements d&rsquo;une part, aux parents d&rsquo;autre part\u00a0\u2014\u00a0c&rsquo;est, cela va de soi, la partie la plus d\u00e9licate du projet, mais aussi la plus int\u00e9ressante et la plus passionnante\u00a0;<\/li>\n<li>l&rsquo;animation de la communaut\u00e9 des jeunes blogueuses et blogueurs par la valorisation et la republication des meilleures productions.<\/li>\n<\/ul>\n<p>Plus de 12 millions de blogueuses et de blogueurs \u00e0 l&rsquo;\u00e9cole, <strong>ce serait un dr\u00f4le de challenge pour demain<\/strong>\u00a0! En tout cas un vrai service \u00e0 offrir aux \u00e9l\u00e8ves et \u00e0 leurs enseignants, beaucoup moins co\u00fbteux que les projets ou services du minist\u00e8re en cours et surtout beaucoup plus prometteur\u2026<\/p>\n<p>Et quel exercice en vraie grandeur de l&rsquo;apprentissage de la citoyennet\u00e9 num\u00e9rique\u00a0! D&rsquo;autres apprentissages aussi\u2026<\/p>\n<p>Michel Guillou\u00a0<a href=\"https:\/\/twitter.com\/michelguillou\" target=\"_blank\">@michelguillou<\/a><\/p>\n<p><a href=\"http:\/\/creativecommons.org\/licenses\/by-nc-sa\/2.0\/fr\/\" target=\"_blank\"><img loading=\"lazy\" decoding=\"async\" src=\"http:\/\/i.creativecommons.org\/l\/by-nc-sa\/2.0\/fr\/80x15.png\" alt=\"image\" width=\"80\" height=\"15\" \/><\/a><\/p>\n<p>Image par Cortega9 (Own work) [<a href=\"http:\/\/creativecommons.org\/licenses\/by-sa\/3.0\">CC BY-SA 3.0<\/a>], <a href=\"http:\/\/commons.wikimedia.org\/wiki\/File%3ABlog_(1).jpg\">via Wikimedia Commons<\/a><\/p>\n<p>1.\u00a0Il y a 20 ans, ils appelaient \u00e7a \u00ab\u00a0septembre sans fin\u00a0\u00bb\u2026\u00a0<a href=\"http:\/\/www.culture-numerique.fr\/?p=2506\" target=\"_blank\">http:\/\/www.culture-numerique.fr\/?p=2506<\/a><\/p>\n<p>[cite]<\/p>\n","protected":false},"excerpt":{"rendered":"<p><a href=\"http:\/\/www.culture-numerique.fr\/wp-content\/uploads\/2015\/04\/Blog_1.jpg\"><img loading=\"lazy\" decoding=\"async\" class=\"alignleft wp-image-3013\" src=\"http:\/\/www.culture-numerique.fr\/wp-content\/uploads\/2015\/04\/Blog_1-300x225.jpg\" alt=\"Blog\" width=\"350\" height=\"263\" srcset=\"https:\/\/www.culture-numerique.fr\/wp-content\/uploads\/2015\/04\/Blog_1-300x225.jpg 300w, https:\/\/www.culture-numerique.fr\/wp-content\/uploads\/2015\/04\/Blog_1-100x75.jpg 100w, https:\/\/www.culture-numerique.fr\/wp-content\/uploads\/2015\/04\/Blog_1-150x113.jpg 150w, https:\/\/www.culture-numerique.fr\/wp-content\/uploads\/2015\/04\/Blog_1-200x150.jpg 200w, https:\/\/www.culture-numerique.fr\/wp-content\/uploads\/2015\/04\/Blog_1.jpg 400w\" sizes=\"auto, (max-width: 350px) 100vw, 350px\" \/><\/a><\/p>\n<p><span style=\"color: #800000;\"><strong>\u00abL&rsquo;\u00c9cole \u00e9duque \u00e0 la Libert\u00e9<\/strong>\u00a0: la libert\u00e9 de conscience, d&rsquo;expression et de choix du sens que chacun donne \u00e0 sa vie\u00a0; l&rsquo;ouverture aux autres et la tol\u00e9rance r\u00e9ciproque.<\/span>\u00a0\u00bb puis,<\/p>\n<p><span class=\"ellipsis\">&hellip;<\/span><\/p>\n<div class=\"read-more\"><a href=\"https:\/\/www.culture-numerique.fr\/?p=2995\">Lire la suite &#8250;<\/a><\/div>\n<p><!-- end of .read-more --><\/p>\n","protected":false},"author":1,"featured_media":3013,"comment_status":"open","ping_status":"open","sticky":false,"template":"","format":"standard","meta":{"jetpack_post_was_ever_published":false,"_jetpack_newsletter_access":"","_jetpack_dont_email_post_to_subs":true,"_jetpack_newsletter_tier_id":0,"_jetpack_memberships_contains_paywalled_content":false,"_jetpack_memberships_contains_paid_content":false,"footnotes":""},"categories":[9,36],"tags":[154,528,111,13,88,565,578,207,540,155],"class_list":["post-2995","post","type-post","status-publish","format-standard","has-post-thumbnail","hentry","category-billets-dhumeur","category-ressources","tag-autonomie","tag-blogues","tag-education-aux-medias","tag-liberte-dexpression","tag-liberte-dopinion","tag-liberte-de-conscience","tag-libertes-fondamentales","tag-medias","tag-medias-scolaires","tag-responsabilite"],"jetpack_featured_media_url":"https:\/\/www.culture-numerique.fr\/wp-content\/uploads\/2015\/04\/Blog_1.jpg","jetpack_sharing_enabled":true,"_links":{"self":[{"href":"https:\/\/www.culture-numerique.fr\/index.php?rest_route=\/wp\/v2\/posts\/2995","targetHints":{"allow":["GET"]}}],"collection":[{"href":"https:\/\/www.culture-numerique.fr\/index.php?rest_route=\/wp\/v2\/posts"}],"about":[{"href":"https:\/\/www.culture-numerique.fr\/index.php?rest_route=\/wp\/v2\/types\/post"}],"author":[{"embeddable":true,"href":"https:\/\/www.culture-numerique.fr\/index.php?rest_route=\/wp\/v2\/users\/1"}],"replies":[{"embeddable":true,"href":"https:\/\/www.culture-numerique.fr\/index.php?rest_route=%2Fwp%2Fv2%2Fcomments&post=2995"}],"version-history":[{"count":26,"href":"https:\/\/www.culture-numerique.fr\/index.php?rest_route=\/wp\/v2\/posts\/2995\/revisions"}],"predecessor-version":[{"id":5902,"href":"https:\/\/www.culture-numerique.fr\/index.php?rest_route=\/wp\/v2\/posts\/2995\/revisions\/5902"}],"wp:featuredmedia":[{"embeddable":true,"href":"https:\/\/www.culture-numerique.fr\/index.php?rest_route=\/wp\/v2\/media\/3013"}],"wp:attachment":[{"href":"https:\/\/www.culture-numerique.fr\/index.php?rest_route=%2Fwp%2Fv2%2Fmedia&parent=2995"}],"wp:term":[{"taxonomy":"category","embeddable":true,"href":"https:\/\/www.culture-numerique.fr\/index.php?rest_route=%2Fwp%2Fv2%2Fcategories&post=2995"},{"taxonomy":"post_tag","embeddable":true,"href":"https:\/\/www.culture-numerique.fr\/index.php?rest_route=%2Fwp%2Fv2%2Ftags&post=2995"}],"curies":[{"name":"wp","href":"https:\/\/api.w.org\/{rel}","templated":true}]}}