{"id":2991,"date":"2015-05-02T20:06:35","date_gmt":"2015-05-02T18:06:35","guid":{"rendered":"http:\/\/www.culture-numerique.fr\/?p=2991"},"modified":"2016-09-26T23:37:22","modified_gmt":"2016-09-26T21:37:22","slug":"mais-jusquou-reculeront-ils","status":"publish","type":"post","link":"https:\/\/www.culture-numerique.fr\/?p=2991","title":{"rendered":"Mais jusqu&rsquo;o\u00f9 reculeront-ils ?"},"content":{"rendered":"<p><a href=\"http:\/\/www.culture-numerique.fr\/wp-content\/uploads\/2015\/05\/stop-95477_1280.jpg\"><img loading=\"lazy\" decoding=\"async\" class=\"aligncenter size-full wp-image-3056\" src=\"http:\/\/www.culture-numerique.fr\/wp-content\/uploads\/2015\/05\/stop-95477_1280.jpg\" alt=\"Stop\" width=\"1024\" height=\"648\" srcset=\"https:\/\/www.culture-numerique.fr\/wp-content\/uploads\/2015\/05\/stop-95477_1280.jpg 1024w, https:\/\/www.culture-numerique.fr\/wp-content\/uploads\/2015\/05\/stop-95477_1280-300x190.jpg 300w, https:\/\/www.culture-numerique.fr\/wp-content\/uploads\/2015\/05\/stop-95477_1280-100x63.jpg 100w, https:\/\/www.culture-numerique.fr\/wp-content\/uploads\/2015\/05\/stop-95477_1280-150x95.jpg 150w, https:\/\/www.culture-numerique.fr\/wp-content\/uploads\/2015\/05\/stop-95477_1280-200x127.jpg 200w, https:\/\/www.culture-numerique.fr\/wp-content\/uploads\/2015\/05\/stop-95477_1280-450x285.jpg 450w, https:\/\/www.culture-numerique.fr\/wp-content\/uploads\/2015\/05\/stop-95477_1280-600x380.jpg 600w, https:\/\/www.culture-numerique.fr\/wp-content\/uploads\/2015\/05\/stop-95477_1280-900x570.jpg 900w\" sizes=\"auto, (max-width: 1024px) 100vw, 1024px\" \/><\/a><\/p>\n<p><strong>Navr\u00e9, je suis. Profond\u00e9ment.<\/strong> Le d\u00e9bat en cours sur la r\u00e9forme du coll\u00e8ge me navre, m&rsquo;attriste, me donne le bourdon. Ce matin encore, un tweet me fait passer par hasard sur deux billets navrants. Le premier, sign\u00e9 d&rsquo;un pleutre anonyme, semble vouloir pourfendre ce qu&rsquo;on sait de la r\u00e9forme mais il le fait avec tant d&rsquo;aigreur et de mauvaise bile, \u00e0 d\u00e9faut d&rsquo;arguments, qu&rsquo;il en devient risible. Si on a le go\u00fbt pour rire \u00e0 \u00e7a. Le deuxi\u00e8me, qui semble vouloir r\u00e9pondre au premier et d\u00e9fendre la r\u00e9forme, le fait avec tant de b\u00e9atitude et de na\u00efvet\u00e9 que sa lecture est aussi difficile. Surtout au r\u00e9veil, l\u00e0\u2026<\/p>\n<h3><strong>Le point Jules-Ferry<\/strong><\/h3>\n<p>Il en va ainsi de tout d\u00e9bat sur l&rsquo;\u00e9cole, quel qu&rsquo;il soit. Au-del\u00e0 des propositions qui sont faites, dans quelque domaine que ce soit, au-del\u00e0 des r\u00e9formes avanc\u00e9es pour la refonder enfin \u2014\u00a0le mot a du sens\u00a0\u2014, il persiste un argument ultime et d\u00e9finitif qui v\u00e9rifierait une sorte de loi\u00a0Jules-Ferry \u00e0 l&rsquo;image de la <a href=\"https:\/\/fr.wiktionary.org\/wiki\/point_Godwin\" target=\"_blank\">loi Godwin<\/a> relative au d\u00e9bat sur Internet. Ainsi, il convient d&rsquo;attribuer illico un point au premier qui prononce la phrase si merveilleuse et cens\u00e9e clore toute discussion\u00a0: \u00ab <strong>C&rsquo;\u00e9tait mieux avant\u00a0!<\/strong>\u00a0\u00bb.<\/p>\n<p>Ah\u00a0! L&rsquo;odeur des encriers, les pleins et les d\u00e9li\u00e9s, les plumes sergent-major\u00a0! Ah les cartes en lourd carton accroch\u00e9es sur les murs et le squelette d&rsquo;Oscar\u00a0! Ah les jupes des filles qui sortaient du lyc\u00e9e en face\u00a0! Ah les mocassins \u00e0 glands et les boules de coco\u00a0! Ah les matchs de basket sous la pluie et la th\u00e9orie des ensembles\u00a0! Ah le certificat d&rsquo;\u00e9tudes et les TPE\u00a0!<\/p>\n<p>Ah non, les travaux personnels encadr\u00e9s ou TPE, \u00e7a existe toujours, j&rsquo;avais oubli\u00e9\u00a0! Et ceux qui le d\u00e9fendent aujourd&rsquo;hui bec et ongles au lyc\u00e9e sont exactement les m\u00eames qui en avaient combattu l&rsquo;introduction au d\u00e9but de ce mill\u00e9naire. Les m\u00eames, je vous assure.<\/p>\n<p>Cette sentence \u00ab C&rsquo;\u00e9tait mieux avant\u00a0!\u00a0\u00bb figure d&rsquo;ailleurs toujours en t\u00eate des diaporamas\u00a0dont j&rsquo;use, de ci, de l\u00e0, quand on veut bien m&rsquo;inviter, lorsqu&rsquo;il s&rsquo;agit d&rsquo;\u00e9changer sur le num\u00e9rique et sa difficile mise en \u0153uvre. Je pr\u00e9viens toujours que je m&rsquo;efforce de la d\u00e9mentir en montrant que la soci\u00e9t\u00e9 et les jeunes ont chang\u00e9, eux, depuis de\u00a0longues ann\u00e9es d\u00e9j\u00e0. <strong>Non, ce n&rsquo;\u00e9tait pas mieux avant. Ni mieux, ni moins bien. Une autre \u00e9poque, diff\u00e9rente, tout simplement, incomparable<\/strong>. Et l&rsquo;exercice n&rsquo;est pas simple qui consiste \u00e0 d\u00e9battre des \u00e9volutions de l&rsquo;\u00e9cole ou m\u00eame de sa refondation en faisant fi des rep\u00e8res que nous avons tous et que nous savons attach\u00e9s \u00e0 une repr\u00e9sentation id\u00e9alis\u00e9e de l&rsquo;\u00e9cole, notre \u00e9cole.<\/p>\n<p>Tenez, \u00e0 chaque fois qu&rsquo;on sollicite les interactions avec ceux qui daignent m&rsquo;\u00e9couter, j&rsquo;ai beau avoir pr\u00e9venu, il y a toujours quelqu&rsquo;un dans la salle pour me dire, m&rsquo;ass\u00e9ner plut\u00f4t, d&rsquo;une mani\u00e8re ou d&rsquo;une autre, que\u00a0\u00ab\u00a0c&rsquo;\u00e9tait mieux avant\u00a0!\u00a0\u00bb.<\/p>\n<p>Eh bien non. D\u00e9finitivement.<\/p>\n<h3><strong>Une \u00e9cole qui reste in\u00e9galitaire et en d\u00e9calage avec son temps<\/strong><\/h3>\n<p>C&rsquo;est bien \u00e7a, le double probl\u00e8me de l&rsquo;\u00e9cole qui l&#8217;emp\u00eache d&rsquo;avancer et qui vaut qu&rsquo;on s&rsquo;efforce, aujourd&rsquo;hui, de vouloir en r\u00e9former la partie centrale, le coll\u00e8ge.<\/p>\n<p>L&rsquo;\u00e9cole \u00e9tait in\u00e9galitaire, au temps b\u00e9ni o\u00f9 c&rsquo;\u00e9tait mieux. Elle reste aujourd&rsquo;hui tr\u00e8s in\u00e9galitaire. Pire\u00a0! Il semblerait, me souffle-t-on \u00e0 l&rsquo;oreille, que <strong>les in\u00e9galit\u00e9s se creusent encore davantage<\/strong>. L&rsquo;\u00e9cole est en d\u00e9calage avec son temps et son principal public\u00a0: les \u00e9l\u00e8ves. C&rsquo;est un fait. La soci\u00e9t\u00e9, dans tous ses pans, de l&rsquo;entreprise aux services et aux m\u00e9dias, des associations aux corps d&rsquo;\u00c9tat, a \u00e9t\u00e9 profond\u00e9ment transform\u00e9e par le num\u00e9rique. Bien au-del\u00e0 des avanc\u00e9es techniques, c&rsquo;est l&rsquo;ensemble de nos conventions sociales qui sont mises \u00e0 mal, ce sont d&rsquo;autres valeurs qui sont ainsi promues. Honnies des nouveaux r\u00e9actionnaires qui s&rsquo;en gaussent volontiers, elle sont pris\u00e9es des jeunes pourtant\u00a0: celles de l&rsquo;horizontalit\u00e9, <strong>du partage, de l&rsquo;\u00e9change<\/strong>, de la collaboration, de la perfusion de l&rsquo;information et de la connaissance.<\/p>\n<p>L&rsquo;\u00e9cole tarde \u00e0 s&rsquo;y mettre, cela saute aux yeux. Il est curieux d&rsquo;observer que le point de friction maximal se situe dans le champ transversal, dans les n\u00e9cessaires passerelles que doivent tisser entre elle les disciplines. Les fameux EPI (enseignements pratiques interdisciplinaires) cristallisent l&rsquo;ensemble des critiques des super-ronchons et leur occasionnent un prurit durable. <strong>D\u00e8s qu&rsquo;il s&rsquo;agit de parler \u00e0 l&rsquo;autre, de comparer, de partager, de mutualiser, de collaborer, il n&rsquo;y a plus personne<\/strong>. Je caricature \u00e0 peine\u00a0: l&rsquo;enseignement fragment\u00e9 en silos est une des plaies de l&rsquo;\u00e9cole de France.<\/p>\n<p>Ce n&rsquo;est pourtant pas la premi\u00e8re fois qu&rsquo;on s&rsquo;essaie \u00e0 changer \u00e7a, en pure perte le plus souvent. Ce ne sont pas les syst\u00e8mes et les dispositifs qu&rsquo;il faut changer, en effet, c&rsquo;est la formation initiale, radicalement, l&rsquo;accompagnement et les modalit\u00e9s d&rsquo;enseigner. Par ailleurs, le num\u00e9rique\u00a0\u2014\u00a0je l&rsquo;ai d\u00e9j\u00e0 longuement \u00e9voqu\u00e9 dans des billets pr\u00e9c\u00e9dents (1,2) \u2014 va contraindre de fait \u00e0 <strong>modifier en profondeur l&#8217;emploi du temps scolaire<\/strong>. Quand je vois aujourd&rsquo;hui se disputer les r\u00e9acs et les modernes qui se penchent sur les nouveaux emplois du temps tout aussi rigides que les pr\u00e9c\u00e9dents o\u00f9 des espaces d&rsquo;accompagnement, d&rsquo;\u00e9change et de travail en petits groupes semblent vouloir ponctuer les temps disciplinaires, je me dis que tous passent encore \u00e0 c\u00f4t\u00e9 de la seule vraie refondation de l&rsquo;\u00e9cole, celle de ses temps et de ses lieux. Qui devra s&rsquo;accompagner de celle de ses champs et des services.<\/p>\n<p>Je voudrais rappeler les propos toujours pertinents du regrett\u00e9 <a href=\"https:\/\/fr.wikipedia.org\/wiki\/Jacques_Nimier\" target=\"_blank\">Jacques Nimier<\/a>\u00a0: \u00ab\u00a0<em><span style=\"color: #800000;\">Une vue globale et syst\u00e9mique et non plus strictement disciplinaire sera indispensable \u00e0 l\u2019enseignant<\/span><\/em> \u00bb.<\/p>\n<p>On en \u00e9tait loin et on semble toujours en \u00eatre loin avec ce qu&rsquo;on nous promet.<\/p>\n<h3><strong>Les tensions qui emp\u00eachent l&rsquo;\u00e9cole d&rsquo;avancer<\/strong><\/h3>\n<p>L&rsquo;actualit\u00e9 nous rappelle qu&rsquo;il existe, au sein de l&rsquo;\u00e9cole ou autour d&rsquo;elle, d&rsquo;autres points de tension et de friction qui ne tendent qu&rsquo;\u00e0 un seul but, l&#8217;emp\u00eacher d&rsquo;avancer. Vous voulez des exemples\u00a0?<\/p>\n<p>Allez, dans le d\u00e9sordre, de mani\u00e8re non exhaustive\u2026<\/p>\n<p><strong>Premier exemple<\/strong>\u00a0:\u00a0<em><a href=\"http:\/\/www.bfmtv.com\/\" target=\"_blank\">BFM TV<\/a><\/em> <a href=\"http:\/\/www.bfmtv.com\/societe\/bac-les-tentatives-de-tricherie-en-hausse-de-pres-de-10percent-en-2014-882820.html\" target=\"_blank\">nous apprend<\/a>, en commentant des donn\u00e9es fournies par le <a href=\"http:\/\/www.siec.education.fr\/\" target=\"_blank\">SIEC<\/a>, le service des examens dont j&rsquo;ai d\u00e9j\u00e0 eu l&rsquo;occasion de dire\u00a0tout le mal que j&rsquo;en pensais (3), que <strong>la triche est, d&rsquo;ann\u00e9e en ann\u00e9e, plus importante<\/strong>. Incroyable\u00a0! Il n&rsquo;y a que le SIEC pour s&rsquo;\u00e9tonner de cela\u00a0! La seule r\u00e9ponse fournie par ce dernier est, comme une sorte de fuite en avant, de rappeler l&rsquo;arsenal r\u00e9pressif et de faire les gros yeux. On progresse\u2026<\/p>\n<p>L\u00e0 o\u00f9 l&rsquo;affaire se corse, c&rsquo;est quand le SIEC et le minist\u00e8re proposent conjointement de densifier aussi les dispositifs techniques de surveillance et de contr\u00f4le. Pire que les d\u00e9tecteurs de portables qui continuent, d&rsquo;ann\u00e9e en ann\u00e9e, tels des \u00e9pouvantails d\u00e9risoires, \u00e0 montrer leur inefficacit\u00e9, le SIEC invente <strong>les calculatrices \u00e0 m\u00e9moire effa\u00e7able<\/strong>, avec l&rsquo;appui enthousiaste des constructeurs et des distributeurs qui se frottent les mains de la nouvelle aubaine et se partagent d\u00e9j\u00e0 le magot. <em><a href=\"http:\/\/rue89.nouvelobs.com\/\" target=\"_blank\">Rue89<\/a><\/em> <a href=\"http:\/\/rue89.nouvelobs.com\/2015\/04\/08\/triche-bac-ministere-va-bloquer-les-calculatrices-ca-craint-258550\" target=\"_blank\">nous raconte<\/a> tout \u00e7a avec beaucoup d&rsquo;humour, faisant la preuve que certains\u00a0m\u00e9dias, contrairement \u00e0 nombre de leurs confr\u00e8res, sont capables d&rsquo;un commentaire critique des communiqu\u00e9s de presse du minist\u00e8re.<\/p>\n<p>Et, pour montrer qu&rsquo;il a une vision \u00e0 long terme, le SIEC nous annonce \u00e7a pour 2018\u00a0! Ce serait dr\u00f4le si ce n&rsquo;\u00e9tait pas surtout triste. D\u00e9j\u00e0, sur les forums, on sait comment effacer les m\u00e9moires\u2026 de mani\u00e8re tr\u00e8s virtuelle.<\/p>\n<p><a href=\"http:\/\/www.education.gouv.fr\/pid25535\/bulletin_officiel.html?cid_bo=87297\" target=\"_blank\"><img loading=\"lazy\" decoding=\"async\" class=\"alignright wp-image-3066 size-full\" src=\"http:\/\/www.culture-numerique.fr\/wp-content\/uploads\/2015\/05\/2015-05-02_165417-e1430579435276.jpg\" alt=\"BO\" width=\"330\" height=\"456\" srcset=\"https:\/\/www.culture-numerique.fr\/wp-content\/uploads\/2015\/05\/2015-05-02_165417-e1430579435276.jpg 330w, https:\/\/www.culture-numerique.fr\/wp-content\/uploads\/2015\/05\/2015-05-02_165417-e1430579435276-217x300.jpg 217w, https:\/\/www.culture-numerique.fr\/wp-content\/uploads\/2015\/05\/2015-05-02_165417-e1430579435276-100x138.jpg 100w, https:\/\/www.culture-numerique.fr\/wp-content\/uploads\/2015\/05\/2015-05-02_165417-e1430579435276-150x207.jpg 150w, https:\/\/www.culture-numerique.fr\/wp-content\/uploads\/2015\/05\/2015-05-02_165417-e1430579435276-200x276.jpg 200w, https:\/\/www.culture-numerique.fr\/wp-content\/uploads\/2015\/05\/2015-05-02_165417-e1430579435276-300x415.jpg 300w\" sizes=\"auto, (max-width: 330px) 100vw, 330px\" \/><\/a><strong>Deuxi\u00e8me surprise<\/strong> \u00e0 la lecture du <a href=\"http:\/\/www.education.gouv.fr\/pid25535\/bulletin_officiel.html?cid_bo=87297\" target=\"_blank\">Bulletin officiel du 27 avril dernier<\/a>\u00a0\u2014\u00a0voir l&rsquo;image ci-contre pour appr\u00e9cier un extrait de ce monument de lisibilit\u00e9. La\u00a0directrice g\u00e9n\u00e9rale des ressources humaines signe une circulaire d&rsquo;application d&rsquo;un d\u00e9cret qui d\u00e9finit les modalit\u00e9s d&rsquo;attribution de l&rsquo;<strong>indemnit\u00e9 pour mission particuli\u00e8re<\/strong> dite IMP. Le minist\u00e8re s&rsquo;est en effet aper\u00e7u, d&rsquo;ann\u00e9e en ann\u00e9e, que des enseignants exer\u00e7aient des missions nouvelles et qu&rsquo;il convenait, plut\u00f4t que de les d\u00e9charger et de perdre des heures d&rsquo;enseignement, de leur allouer des indemnit\u00e9s compensatoires.<\/p>\n<p>Ainsi, en l&rsquo;absence totale de l&rsquo;indispensable r\u00e9flexion de fond sur les \u00e9volutions et les services des enseignants, \u00e0 l&rsquo;heure o\u00f9 apparaissent de\u00a0nouvelles missions, dont celle, particuli\u00e8rement sensible et importante, de <strong>r\u00e9f\u00e9rent num\u00e9rique<\/strong>, le minist\u00e8re r\u00e9pond, montrant en cela son incapacit\u00e9 d&rsquo;une\u00a0vision \u00e0 long terme du m\u00e9tier, par la multiplication des indemnit\u00e9s et l&rsquo;inflation du dispositif indemnitaire. Rassurez-vous, la plupart des syndicats sont d&rsquo;accord\u00a0: m\u00eame si le syst\u00e8me des indemnit\u00e9s ne leur pla\u00eet gu\u00e8re, au moins les services ne sont-ils pas touch\u00e9s\u00a0! Le consensus r\u00e9actionnaire est en route.<\/p>\n<p>Et pendant ce temps-l\u00e0, dans les coll\u00e8ges et les lyc\u00e9es, les r\u00e9f\u00e9rents num\u00e9riques\u00a0\u2014\u00a0je vous \u00e9pargne l&rsquo;appellation officielle particuli\u00e8rement absconse\u00a0\u2014 continuent, avec les si maigres indemnit\u00e9s qu&rsquo;on leur alloue, \u00e0 faire le travail indispensable d&rsquo;accompagnement de leurs coll\u00e8gues. Ils devraient \u00eatre prioritaires pour les Palmes acad\u00e9miques\u2026 Non, je plaisante.<\/p>\n<p><strong>Troisi\u00e8me exemple<\/strong> de la cacophonie qui r\u00e8gne dans cette boutique si sensible aux lobbys d&rsquo;o\u00f9 qu&rsquo;ils viennent, surtout quand ces derniers disposent d&rsquo;arguments id\u00e9ologiques voire financiers\u00a0: l&rsquo;<a href=\"http:\/\/www.orme-multimedia.org\/r2015\/\" target=\"_blank\">ORME<\/a>, au nom qui sent si bon le mill\u00e9naire dernier, nous annonce son programme pour 2015.<\/p>\n<p>Attendez, il faut que je vous explique ce qu&rsquo;est l&rsquo;ORME. Il s&rsquo;agit d&rsquo;un \u00e9v\u00e9nement organis\u00e9 fin mai par l&rsquo;<a href=\"http:\/\/www.cndp.fr\/crdp-aix-marseille\/\" target=\"_blank\">atelier Canop\u00e9 Marseille<\/a>, avec le soutien tr\u00e8s actif du <a href=\"https:\/\/www.reseau-canope.fr\/\" target=\"_blank\">r\u00e9seau Canop\u00e9<\/a> national. Tenez-vous bien, ce r\u00e9seau Canop\u00e9, cens\u00e9 soutenir et appuyer la strat\u00e9gie nationale de transformation num\u00e9rique de l&rsquo;\u00e9cole, choisit comme th\u00e8me principal\u00a0\u00ab\u00a0Enseigner l&rsquo;informatique, \u00e9duquer au num\u00e9rique\u00a0?\u00a0\u00bb.<\/p>\n<p>Enseigner l&rsquo;informatique\u00a0? C&rsquo;est juste <strong>une question hors sujet<\/strong>. Il n&rsquo;est pas question, il n&rsquo;a jamais \u00e9t\u00e9 question d&rsquo;enseigner l&rsquo;informatique. Jamais. M\u00eame si de logiques et raisonnables avanc\u00e9es vont se faire jour avec l&rsquo;introduction de l&rsquo;algorithmique en math\u00e9matiques, de la programmation en technologie, d&rsquo;une initiation au code au premier degr\u00e9, \u00e0 aucun moment, je le r\u00e9p\u00e8te, il n&rsquo;a jamais \u00e9t\u00e9 question d&rsquo;enseigner l&rsquo;informatique. Et c&rsquo;est fort heureux.<\/p>\n<p>Alors\u00a0? Eh bien ce n&rsquo;est rien d&rsquo;autre que la \u00e9ni\u00e8me offensive du lobby rassembl\u00e9 autour de la Soci\u00e9t\u00e9 informatique de France pour imposer l&rsquo;enseignement de l&rsquo;informatique. Ce ne sont pas les \u00e9checs nombreux et successifs qu&rsquo;elle a subis qui vont d\u00e9courager cette si puissante organisation et ses alli\u00e9s. D&rsquo;habitude, elle sait mettre ses membres\u00a0\u2014\u00a0ils sont nombreux l\u00e0, \u00e0 Marseille, \u00e0 commencer par son pr\u00e9sident\u00a0\u2014 et ses moyens financiers \u00e0 disposition de qui veut bien relayer son\u00a0discours pros\u00e9lyte. En l&rsquo;occurrence, il semble bien, \u00e0 lire la liste des invit\u00e9s, le choix des th\u00e9matiques retenues et, surtout, l&rsquo;ensemble de la communication qui reprend, au mot pr\u00e8s, les \u00e9l\u00e9ments de langage habituels du lobby, que ce dernier n&rsquo;a pas m\u00e9nag\u00e9 son appui, y compris financier tr\u00e8s probablement, \u00e0 l&rsquo;organisation de cet \u00e9v\u00e9nement.<\/p>\n<p>Et ne vous y trompez pas, l&rsquo;autre proposition \u00ab\u00a0\u00e9duquer au num\u00e9rique\u00a0\u00bb ne sert que de cache-sexe \u00e0 celle qui concerne l&rsquo;enseignement de l&rsquo;informatique. Ces gens-l\u00e0 ne savent d&rsquo;ailleurs pas ce qu&rsquo;est le num\u00e9rique, le r\u00e9duisant \u00e0 sa seule dimension scientifique.<\/p>\n<p>En tout cas, <strong>la cacophonie saute aux yeux<\/strong>\u00a0! Comment le r\u00e9seau Canop\u00e9 ose-t-il construire sa communication personnelle dans la critique s\u00e9v\u00e8re de la strat\u00e9gie num\u00e9rique du minist\u00e8re, construite <em>a contrario<\/em> et fort justement sur la prise en compte progressive, dans l&rsquo;ensemble des disciplines, d&rsquo;<strong>une litt\u00e9ratie num\u00e9rique globale<\/strong>\u00a0? Comment le minist\u00e8re accepte-t-il soi-m\u00eame de participer \u00e0 une telle mascarade\u00a0?<\/p>\n<p>Si je n&rsquo;\u00e9tais r\u00e9solument optimiste, il y aurait de quoi devenir grognon. Au moment o\u00f9 on attend des transformations radicales du syst\u00e8me \u00e9ducatif pour mettre l&rsquo;\u00e9cole en accord avec son temps, au moment les modifications n\u00e9cessaires des programmes\u00a0\u2014\u00a0et des examens, ne pas oublier les examens\u00a0!\u00a0\u2014 qui devraient permettre de changer les modalit\u00e9s d&rsquo;enseignement et de les impr\u00e9gner de la n\u00e9cessaire culture num\u00e9rique,\u00a0on attend donc autre chose qu&rsquo;une communication approximative pour la r\u00e9forme du coll\u00e8ge, d&rsquo;une part, et franchement cacophonique pour ce qui concerne l&rsquo;\u00e9cole num\u00e9rique d&rsquo;autre part.<\/p>\n<p>Mais, sur ce dernier point, il faudra savoir \u00e9couter ce qu&rsquo;aura \u00e0 nous dire le pr\u00e9sident de la R\u00e9publique qui rendra compte jeudi 7 prochain de <strong>la synth\u00e8se de la consultation nationale sur le num\u00e9rique<\/strong> et en dira sans doute davantage sur son plan pour l&rsquo;\u00e9cole num\u00e9rique. Je vous tiens au courant, bien s\u00fbr.<\/p>\n<p>Ce sera en tout cas plus int\u00e9ressant que la mis\u00e9rable et contre-productive proposition marseillaise.<\/p>\n<p>Michel Guillou\u00a0<a href=\"https:\/\/twitter.com\/michelguillou\" target=\"_blank\">@michelguillou<\/a><\/p>\n<p><a href=\"http:\/\/creativecommons.org\/licenses\/by-nc-sa\/2.0\/fr\/\" target=\"_blank\"><img loading=\"lazy\" decoding=\"async\" src=\"http:\/\/i.creativecommons.org\/l\/by-nc-sa\/2.0\/fr\/80x15.png\" alt=\"image\" width=\"80\" height=\"15\" \/><\/a><\/p>\n<p>Image CC via <a href=\"http:\/\/pixabay.com\/\" target=\"_blank\">Pixabay<\/a><\/p>\n<ol>\n<li>Rythmes scolaires, une question \u00e0 contretemps\u00a0?\u00a0<a href=\"http:\/\/www.culture-numerique.fr\/?p=541\" target=\"_blank\">http:\/\/www.culture-numerique.fr\/?p=541<\/a><\/li>\n<li>L\u2019\u00e9parpillement fa\u00e7on puzzle des temps scolaires\u00a0<a href=\"http:\/\/www.culture-numerique.fr\/?p=2333\" target=\"_blank\">http:\/\/www.culture-numerique.fr\/?p=2333<\/a><\/li>\n<li>Quand le SIEC continue \u00e0 se tromper de mill\u00e9naire\u2026\u00a0<a href=\"http:\/\/www.culture-numerique.fr\/?p=2993\" target=\"_blank\">http:\/\/www.culture-numerique.fr\/?p=2993<\/a><\/li>\n<\/ol>\n<p>[cite]<\/p>\n","protected":false},"excerpt":{"rendered":"<p><a href=\"http:\/\/www.culture-numerique.fr\/wp-content\/uploads\/2015\/05\/stop-95477_1280.jpg\"><img loading=\"lazy\" decoding=\"async\" class=\"aligncenter size-full wp-image-3056\" src=\"http:\/\/www.culture-numerique.fr\/wp-content\/uploads\/2015\/05\/stop-95477_1280.jpg\" alt=\"Stop\" width=\"1024\" height=\"648\" srcset=\"https:\/\/www.culture-numerique.fr\/wp-content\/uploads\/2015\/05\/stop-95477_1280.jpg 1024w, https:\/\/www.culture-numerique.fr\/wp-content\/uploads\/2015\/05\/stop-95477_1280-300x190.jpg 300w, https:\/\/www.culture-numerique.fr\/wp-content\/uploads\/2015\/05\/stop-95477_1280-100x63.jpg 100w, https:\/\/www.culture-numerique.fr\/wp-content\/uploads\/2015\/05\/stop-95477_1280-150x95.jpg 150w, https:\/\/www.culture-numerique.fr\/wp-content\/uploads\/2015\/05\/stop-95477_1280-200x127.jpg 200w, https:\/\/www.culture-numerique.fr\/wp-content\/uploads\/2015\/05\/stop-95477_1280-450x285.jpg 450w, https:\/\/www.culture-numerique.fr\/wp-content\/uploads\/2015\/05\/stop-95477_1280-600x380.jpg 600w, https:\/\/www.culture-numerique.fr\/wp-content\/uploads\/2015\/05\/stop-95477_1280-900x570.jpg 900w\" sizes=\"auto, (max-width: 1024px) 100vw, 1024px\" \/><\/a><\/p>\n<p><strong>Navr\u00e9, je suis. Profond\u00e9ment.<\/strong> Le d\u00e9bat en cours sur la r\u00e9forme du coll\u00e8ge me navre, m&rsquo;attriste, me donne le bourdon. Ce matin encore, un tweet me fait passer par hasard sur deux billets navrants.<\/p>\n<p><span class=\"ellipsis\">&hellip;<\/span><\/p>\n<div class=\"read-more\"><a href=\"https:\/\/www.culture-numerique.fr\/?p=2991\">Lire la suite &#8250;<\/a><\/div>\n<p><!-- end of .read-more --><\/p>\n","protected":false},"author":1,"featured_media":3056,"comment_status":"open","ping_status":"open","sticky":false,"template":"","format":"standard","meta":{"jetpack_post_was_ever_published":false,"_jetpack_newsletter_access":"","_jetpack_dont_email_post_to_subs":true,"_jetpack_newsletter_tier_id":0,"_jetpack_memberships_contains_paywalled_content":false,"_jetpack_memberships_contains_paid_content":false,"footnotes":""},"categories":[9],"tags":[125,586,583,232,104,66,506,451,584,461,278,585,131,491,65,581,452,146,582,204],"class_list":["post-2991","post","type-post","status-publish","format-standard","has-post-thumbnail","hentry","category-billets-dhumeur","tag-baccalaureat","tag-canope","tag-cetait-mieux-avant","tag-collaboration","tag-echanges","tag-ecole-numerique","tag-enseignement-de-linformatique","tag-fraude","tag-imp","tag-litteratie-numerique","tag-lobbys","tag-orme","tag-partage","tag-referents-numeriques","tag-refondation","tag-reforme-du-college","tag-siec","tag-temps-scolaires","tag-tpe","tag-triche"],"jetpack_featured_media_url":"https:\/\/www.culture-numerique.fr\/wp-content\/uploads\/2015\/05\/stop-95477_1280.jpg","jetpack_sharing_enabled":true,"_links":{"self":[{"href":"https:\/\/www.culture-numerique.fr\/index.php?rest_route=\/wp\/v2\/posts\/2991","targetHints":{"allow":["GET"]}}],"collection":[{"href":"https:\/\/www.culture-numerique.fr\/index.php?rest_route=\/wp\/v2\/posts"}],"about":[{"href":"https:\/\/www.culture-numerique.fr\/index.php?rest_route=\/wp\/v2\/types\/post"}],"author":[{"embeddable":true,"href":"https:\/\/www.culture-numerique.fr\/index.php?rest_route=\/wp\/v2\/users\/1"}],"replies":[{"embeddable":true,"href":"https:\/\/www.culture-numerique.fr\/index.php?rest_route=%2Fwp%2Fv2%2Fcomments&post=2991"}],"version-history":[{"count":22,"href":"https:\/\/www.culture-numerique.fr\/index.php?rest_route=\/wp\/v2\/posts\/2991\/revisions"}],"predecessor-version":[{"id":5390,"href":"https:\/\/www.culture-numerique.fr\/index.php?rest_route=\/wp\/v2\/posts\/2991\/revisions\/5390"}],"wp:featuredmedia":[{"embeddable":true,"href":"https:\/\/www.culture-numerique.fr\/index.php?rest_route=\/wp\/v2\/media\/3056"}],"wp:attachment":[{"href":"https:\/\/www.culture-numerique.fr\/index.php?rest_route=%2Fwp%2Fv2%2Fmedia&parent=2991"}],"wp:term":[{"taxonomy":"category","embeddable":true,"href":"https:\/\/www.culture-numerique.fr\/index.php?rest_route=%2Fwp%2Fv2%2Fcategories&post=2991"},{"taxonomy":"post_tag","embeddable":true,"href":"https:\/\/www.culture-numerique.fr\/index.php?rest_route=%2Fwp%2Fv2%2Ftags&post=2991"}],"curies":[{"name":"wp","href":"https:\/\/api.w.org\/{rel}","templated":true}]}}