{"id":296,"date":"2013-05-15T13:34:28","date_gmt":"2013-05-15T11:34:28","guid":{"rendered":"http:\/\/www.culture-numerique.fr\/?p=296"},"modified":"2014-09-11T12:25:41","modified_gmt":"2014-09-11T10:25:41","slug":"leducation-aux-medias-a-la-sauce-lescure","status":"publish","type":"post","link":"https:\/\/www.culture-numerique.fr\/?p=296","title":{"rendered":"L\u2019\u00e9ducation aux m\u00e9dias \u00e0 la sauce Lescure"},"content":{"rendered":"<p style=\"text-align: center;\"><a href=\"http:\/\/www.culture-numerique.fr\/wp-content\/uploads\/2014\/04\/medium_250464513.jpg\"><img loading=\"lazy\" decoding=\"async\" class=\"alignleft wp-image-297 size-medium\" src=\"http:\/\/www.culture-numerique.fr\/wp-content\/uploads\/2014\/04\/medium_250464513-300x207.jpg\" alt=\"Tabasco\" width=\"300\" height=\"207\" srcset=\"https:\/\/www.culture-numerique.fr\/wp-content\/uploads\/2014\/04\/medium_250464513-300x207.jpg 300w, https:\/\/www.culture-numerique.fr\/wp-content\/uploads\/2014\/04\/medium_250464513-100x69.jpg 100w, https:\/\/www.culture-numerique.fr\/wp-content\/uploads\/2014\/04\/medium_250464513-150x103.jpg 150w, https:\/\/www.culture-numerique.fr\/wp-content\/uploads\/2014\/04\/medium_250464513-200x138.jpg 200w, https:\/\/www.culture-numerique.fr\/wp-content\/uploads\/2014\/04\/medium_250464513-450x310.jpg 450w, https:\/\/www.culture-numerique.fr\/wp-content\/uploads\/2014\/04\/medium_250464513.jpg 500w\" sizes=\"auto, (max-width: 300px) 100vw, 300px\" \/><\/a><\/p>\n<p><strong>Pierre Lescure<\/strong>\u00a0a remis au pr\u00e9sident de la R\u00e9publique\u00a0<strong><a href=\"http:\/\/www.culturecommunication.gouv.fr\/var\/culture\/storage\/culture_mag\/rapport_lescure\/index.htm#\/5\" target=\"_blank\">son rapport<\/a>\u00a0intitul\u00e9 \u00ab\u00a0Contribution aux politiques culturelles \u00e0 l\u2019\u00e8re num\u00e9rique\u00a0\u00bb<\/strong>. Puisque l\u2019occasion m\u2019est donn\u00e9e d\u2019en parler, ce que je ne souhaitais pas faire car tout \u00e7a m\u2019a suffisamment agac\u00e9, je me contenterai de dire qu\u2019une fois de plus, le rendez-vous de la culture avec le num\u00e9rique n\u2019a pas eu lieu. On est m\u00eame tr\u00e8s loin du compte. Ce qui \u00e9tait pr\u00e9visible.<\/p>\n<p>D\u00e9cid\u00e9ment, nous ne vivons pas sur la m\u00eame plan\u00e8te\u00a0!<\/p>\n<p>Je vais pourtant y revenir un peu. St\u00e9phanie de Vanssay, plus s\u00e9rieuse que moi,\u00a0<a href=\"http:\/\/ecolededemain.wordpress.com\/2013\/05\/14\/que-dit-le-rapport-lescure\/\" target=\"_blank\">a \u00e9pluch\u00e9<\/a>\u00a0ce rapport et permis d\u2019y voir plus clair dans ce que Pierre Lescure appelle \u00ab<strong>\u00a0\u00e9ducation aux m\u00e9dias<\/strong>\u00a0\u00bb.<\/p>\n<p>Mais revenons un peu en arri\u00e8re\u2026 Chacun sait le sort assez mis\u00e9rable qui est fait \u00e0 l\u2019\u00e9ducation aux m\u00e9dias, aux litt\u00e9raties num\u00e9rique, informationnelle et m\u00e9diatique, dans le syst\u00e8me \u00e9ducatif fran\u00e7ais.<\/p>\n<p>Le 13 d\u00e9cembre dernier, Vincent Peillon pronon\u00e7ait un\u00a0<a href=\"http:\/\/www.education.gouv.fr\/cid66604\/faire-entrer-l-ecole-dans-l-ere-du-numerique-discours-de-vincent-peillon.html\" target=\"_blank\">discours<\/a>\u00a0\u00e0 la Ga\u00eet\u00e9 lyrique, vibrant plaidoyer pour le num\u00e9rique \u00e0 l\u2019\u00e9cole. Voir\u00a0<a href=\"http:\/\/gingko.neottia.net\/post\/38107042333\/strategie-numerique-de-lespoir-mais-aussi-des\" target=\"_blank\">cet article<\/a>\u00a0o\u00f9 j\u2019\u00e9voquais les mesures propos\u00e9es. Parmi ces derni\u00e8res, le ministre pronon\u00e7ait des mots jamais entendus \u00e0 ce jour, que je cite ci-dessous\u00a0<em>in extenso<\/em>, qui mettaient du baume au c\u0153ur de tous ceux qui, sans moyens et sans gu\u00e8re d\u2019impulsion, s\u2019acharnent depuis des d\u00e9cennies \u00e0 promouvoir l\u2019\u00e9ducation aux m\u00e9dias\u00a0:<\/p>\n<blockquote><p>\u00ab\u00a0<em>Il faut aussi<strong>\u00a0repenser globalement ce que doit \u00eatre une \u00e9ducation aux m\u00e9dias adapt\u00e9e<\/strong>\u00a0aux supports et outils de communication contemporains, et, en particulier, \u00e0 d\u00e9finir les nouvelles comp\u00e9tences et connaissances n\u00e9cessaires \u00e0 une v\u00e9ritable ma\u00eetrise de l\u2019information.<\/em><\/p>\n<p><em>Cette ma\u00eetrise, en effet, conditionne l\u2019acc\u00e8s \u00e0 tous les autres savoirs. Elle se situe en amont des disciplines, et il n\u2019est plus possible aujourd\u2019hui de poursuivre des \u00e9tudes ou des recherches sans avoir une pratique r\u00e9guli\u00e8re et r\u00e9fl\u00e9chie des m\u00e9dias de communication num\u00e9rique et des d\u00e9marches qui en d\u00e9coulent\u00a0: \u00e0 la fois interactives, collaboratives, dynamiques, interconnect\u00e9es et praticables en mobilit\u00e9.\u00a0<\/em><\/p>\n<p><em>Ce sera l\u2019objet d\u2019une\u00a0<strong>\u00e9ducation aux m\u00e9dias que je souhaite\u00a0<\/strong><strong>\u201c<\/strong><strong>renouvel\u00e9e<\/strong><strong>\u201d<\/strong><\/em><em>, de l\u2019\u00e9cole primaire au lyc\u00e9e, en \u00e9troite collaboration avec les associations partenaires de l\u2019\u00c9cole. Des \u00e9l\u00e9ments figurent dans le projet de loi que je d\u00e9fendrai au parlement<\/em>.\u00a0\u00bb<\/p><\/blockquote>\n<p>C\u2019est beau.<\/p>\n<p>C\u2019est beau comme\u2026 Les mots me manquent. Bon, il y a\u00a0<em>in fine<\/em>\u00a0cette curieuse phrase qui aurait d\u00fb me mettre la puce \u00e0 l\u2019oreille \u00ab\u00a0<em>en \u00e9troite collaboration avec les associations partenaires de l\u2019\u00c9cole\u00a0<\/em>\u00bb. Les associations partenaires\u00a0?\u00a0<strong>Pour faire un travail \u00e9ducatif\u00a0?<\/strong>\u00a0Pour acqu\u00e9rir des comp\u00e9tences de base du socle commun\u00a0? Curieux\u00a0!<\/p>\n<p>D\u00e9cid\u00e9ment, ma vigilance s\u2019\u00e9mousse\u00a0!<\/p>\n<p>Un peu plus tard, le 6 avril dernier, c\u2019est Gilles Braun, conseiller du ministre pour le num\u00e9rique, qui prend la parole au Forum Educavox. Il s\u2019agit pour lui de faire le point sur l\u2019avancement du projet num\u00e9rique dans le grand chantier de la refondation. Ce m\u00e9dia rend compte de son intervention dans\u00a0<a href=\"http:\/\/www.educavox.fr\/actualite\/reportage\/article\/la-place-du-numerique-dans-le\" target=\"_blank\">cet article<\/a>\u00a0et la vid\u00e9o est disponible en ligne sur\u00a0<a href=\"http:\/\/youtu.be\/AdI8mqCdnRw\" target=\"_blank\">Youtube<\/a>.<\/p>\n<p>J\u2019ai d\u00e9j\u00e0 \u00e9voqu\u00e9 rapidement et comment\u00e9 cette intervention, au demeurant fort int\u00e9ressante, dans\u00a0<a href=\"http:\/\/gingko.neottia.net\/post\/47361544577\/surrection-pilotage-et-collaboration\" target=\"_blank\">ce billet<\/a>\u00a0:<\/p>\n<blockquote><p>\u00ab\u00a0<em>Concernant cette derni\u00e8re, on a entendu d\u2019abord dans les motivations avanc\u00e9es, preuve qu\u2019il s\u2019agit bien d\u2019un atavisme culturel incurable, la volont\u00e9 prioritaire du minist\u00e8re de<strong>r\u00e9guler les usages num\u00e9riques suppos\u00e9ment d\u00e9viants des jeunes<\/strong>\u00a0avant de promouvoir les bonnes pratiques. Dr\u00f4le de p\u00e9dagogie\u00a0! Encore une fois, j\u2019entends Freinet se retourner dans sa tombe\u2026<\/em>\u00a0\u00bb<\/p><\/blockquote>\n<p>\u00c9voquant les pratiques \u00e0 risque et les comportements peu \u00e9thiques des jeunes, Gilles Braun s\u2019\u00e9tonne\u00a0: \u00ab\u00a0<em>O<\/em><em>n est confront\u00e9 \u00e0 l\u2019Education nationale comme \u00e0 l\u2019ext\u00e9rieur \u00e0 des questions qu\u2019on ne connaissait pas avant<\/em>\u00a0\u00bb. Allons donc\u00a0! On devrait me lire plus souvent au minist\u00e8re\u00a0! Se reporter \u00e0\u00a0<a href=\"http:\/\/gingko.neottia.net\/post\/46255802916\/education-civique-et-numerique-10-ans-de-perdus\" target=\"_blank\">cet article<\/a>\u00a0parmi d\u2019autres\u2026<\/p>\n<p>Et le rapport Lescure, me direz-vous\u00a0? Nous y voil\u00e0\u2026<\/p>\n<p>Hier, donc, Pierre Lescure, disais-je, remettait son gros rapport illisible. Il y est beaucoup question d\u2019\u00e9ducation et des jeunes en des termes mesur\u00e9s et choisis. De mani\u00e8re \u00e9vidente, ce rapport, et c\u2019est \u00e0 porter \u00e0 son cr\u00e9dit, prend beaucoup de pr\u00e9cautions pour ne pas stigmatiser la jeunesse et insiste sur ses pratiques innovantes avant d\u2019\u00e9voquer son \u00ab\u00a0regrettable\u00a0\u00bb go\u00fbt pour la gratuit\u00e9.<\/p>\n<p>Dans un sous-chapitre \u00ab\u00a0Am\u00e9liorer la p\u00e9dagogie et la sensibilisation\u00a0\u00bb, Pierre Lescure fait des propositions\u00a0:<\/p>\n<blockquote><p>\u00ab\u00a0<em>D\u2019autre part, l\u2019effort de p\u00e9dagogie doit concerner les pratiques culturelles en ligne. Il s\u2019agit de sensibiliser les\u00a0internautes aux opportunit\u00e9s offertes par Internet en mati\u00e8re d\u2019acc\u00e8s \u00e0 la culture, de les aider \u00e0 distinguer les\u00a0pratiques licites et illicites, de les informer sur les risques encourus en cas de t\u00e9l\u00e9chargement illicite et de les\u00a0sensibiliser \u00e0 l\u2019existence d\u2019une offre l\u00e9gale.\u00a0<strong>S\u2019agissant des jeunes publics, cette action pourrait prendre place au sein\u00a0de l\u2019\u00e9ducation aux m\u00e9dias<\/strong>, dont le ministre de l\u2019\u00e9ducation a annonc\u00e9 qu\u2019elle serait\u00a0<\/em><em>\u201c<\/em><em>renouvel\u00e9e, de l\u2019\u00e9cole primaire\u00a0<\/em><em>au lyc\u00e9e<\/em><em>\u201d<\/em><em>, et\u00a0<\/em><em>\u201c<\/em><em>adapt\u00e9e aux supports et outils de communication contemporains<\/em><em>\u201d<\/em>.\u00a0\u00bb<\/p><\/blockquote>\n<p>Merci M. Lescure. On n\u2019avait pas bien compris ce qu\u2019\u00e9tait l\u2019\u00e9ducation aux m\u00e9dias et on comprend mieux maintenant. Et \u00e0 qui veut-on confier cette \u00e9ducation aux m\u00e9dias\u00a0? Aux professeurs, aux professeurs documentalistes, aux conseillers d\u2019\u00e9ducation, aux chefs d\u2019\u00e9tablissement, \u00e0 des formateurs acad\u00e9miques\u00a0? Non. Tenez-vous bien. Voil\u00e0 ce que sugg\u00e8re Pierre Lescure\u00a0:<\/p>\n<blockquote>\n<ul>\n<li>\u00ab<em>\u00a0La CNIL, dont le gouvernement souhaite renforcer le r\u00f4le de sensibilisation des mineurs\u00a0<\/em><em>aux enjeux du num\u00e9rique\u00a0;<\/em><\/li>\n<li><em>Le CLEMI (Centre de liaison de l\u2019enseignement et des m\u00e9dias d\u2019information)\u00a0;<\/em><\/li>\n<li><em>Les\u00a0associations concern\u00e9es (telles que Wikimedia, Tralal\u00e8re ou Calysto),\u00a0<\/em>[qui]<em>\u00a0auraient naturellement vocation \u00e0 jouer un\u00a0r\u00f4le cl\u00e9 dans la mise en \u0153uvre de cette action p\u00e9dagogique, en intervenant directement devant les jeunes ou en\u00a0<\/em><em>formant les formateurs.<\/em>\u00a0\u00bb<\/li>\n<\/ul>\n<\/blockquote>\n<p>Je ne dirai qu\u2019un mot de la CNIL pour regretter que nombre des interventions faites par ses membres \u00e0 ce sujet dans des colloques v\u00e9hiculaient un discours tr\u00e8s \u00e9nervant, \u00e0 la fois convenu et donneur de le\u00e7ons. Insupportable en somme.<\/p>\n<p>M. Pierre Lescure sait-il par ailleurs que le Clemi, via son centre et son r\u00e9seau acad\u00e9mique, s\u2019est vu confier la charge\u00a0de l\u2019\u00e9ducation aux m\u00e9dias dans l\u2019ensemble du syst\u00e8me \u00e9ducatif fran\u00e7ais depuis 1983\u00a0? Avec l\u2019aide du r\u00e9seau des CRDP et des missions acad\u00e9miques pour le num\u00e9rique, \u00e0 condition que ses moyens soient renforc\u00e9s et ses missions pr\u00e9cis\u00e9es, il est tout \u00e0 fait \u00e0 m\u00eame de continuer le travail d\u00e9j\u00e0 entrepris et d\u2019engager le travail suppl\u00e9mentaire n\u00e9cessaire.<\/p>\n<p>Quant aux associations \u2014 nous y voil\u00e0\u00a0! il s\u2019agit des fameuses associations partenaires de l\u2019\u00e9cole dont nous parlait Vincent Peillon \u2014, s\u2019il n\u2019est pas douteux que la fondation\u00a0Wikimedia\u00a0peut, si on fait appel \u00e0 ses services, jouer un r\u00f4le fortement \u00e9ducatif, il est en revanche certain que c\u2019est\u00a0exactement\u00a0le contraire pour Calysto qui, depuis des ann\u00e9es, distille un discours anxiog\u00e8ne et anti-\u00e9ducatif face aux publics, \u00e9l\u00e8ves pour l\u2019essentiel, que cette association est all\u00e9e racoler. On ne compte plus les articles qui d\u00e9noncent ses interventions. Le plus exemplaire est sans doute<a href=\"http:\/\/www.framablog.org\/index.php\/post\/2011\/02\/25\/calysto-education-internet\" target=\"_blank\">celui-ci<\/a>\u00a0qui relate une s\u00e9quence particuli\u00e8rement malheureuse. D\u00e9j\u00e0 en 2009, un autre coll\u00e8gue faisait le bilan d\u2019une intervention en coll\u00e8ge\u00a0:<\/p>\n<blockquote><p>\u00ab\u00a0<em>Le jugement parait sans appel et sans nuance\u00a0: toute cette conf\u00e9rence n\u2019amorce aucune r\u00e9flexion, ne\u00a0construit aucune d\u00e9marche p\u00e9dagogique et s\u2019enfonce elle\u2010m\u00eame dans ses propres contradictions \u00e0\u00a0<\/em><em>force d\u2019avoir recours \u00e0 la rh\u00e9torique du fait\u2010divers. On a le sentiment d\u2019un\u00a0<strong>grand g\u00e2chis<\/strong><\/em>\u00a0\u00bb<\/p><\/blockquote>\n<p>Faut-il que le lobbying de cette association soit fort aupr\u00e8s du minist\u00e8re et, en l\u2019occurrence, on le voit encore, aupr\u00e8s de cette mission, pour qu\u2019elle continue, malgr\u00e9 le nombre et la permanence des rapports d\u00e9favorables voire scandalis\u00e9s par une rh\u00e9torique qui joue essentiellement sur la peur, \u00e0 faire croire qu\u2019elle peut jouer un r\u00f4le moteur sur ce chantier\u00a0!<\/p>\n<p>Faut-il que Pierre Lescure et ses acolytes soient faibles pour croire un seul mot (y compris les chiffres farfelus) de ce que l\u2019on peut leur raconter \u00e0 ce sujet\u00a0! Ou alors, ne faut-il pas imaginer que cette association est capable de v\u00e9hiculer le discours favorable aux ayants droit et \u00e0 l\u2019industrie du divertissement que cette mission attend\u00a0?<\/p>\n<p>Une raison de croire, sans doute et en effet, qu\u2019il s\u2019agit l\u00e0 de deux conceptions fondamentalement\u00a0diff\u00e9rentes de l\u2019\u00e9ducation aux m\u00e9dias, celle qu\u2019on nous pr\u00e9sente apr\u00e8s cette mission, d\u2019une part, celle que portent \u00e0 bout de bras d\u2019autre part ceux qui y travaillent depuis de longues ann\u00e9es,\u00a0<strong>favorable \u00e0 la cr\u00e9ation, \u00e0 la juste r\u00e9mun\u00e9ration des auteurs et des cr\u00e9ateurs, \u00e0 l\u2019exception p\u00e9dagogique pleine et enti\u00e8re, dans la perspective de former de jeunes citoyens avertis et donc critiques et responsables\u2026<\/strong><\/p>\n<p>Michel Guillou @michelguillou<\/p>\n<p><a href=\"http:\/\/creativecommons.org\/licenses\/by-nc-sa\/2.0\/fr\/\" target=\"_blank\"><img loading=\"lazy\" decoding=\"async\" src=\"http:\/\/i.creativecommons.org\/l\/by-nc-sa\/2.0\/fr\/80x15.png\" alt=\"image\" width=\"80\" height=\"15\" \/><\/a><\/p>\n<p>Cr\u00e9dit photo\u00a0:\u00a0<a href=\"http:\/\/www.flickr.com\/photos\/rtv\/250464513\/\" target=\"_blank\">.robbie<\/a>\u00a0via\u00a0<a href=\"http:\/\/photopin.com\/\" target=\"_blank\">photopin<\/a>\u00a0<a href=\"http:\/\/creativecommons.org\/licenses\/by-nc-sa\/2.0\/\" target=\"_blank\">cc<\/a><\/p>\n<p>&nbsp;<\/p>\n","protected":false},"excerpt":{"rendered":"<p style=\"text-align: center;\"><a href=\"http:\/\/www.culture-numerique.fr\/wp-content\/uploads\/2014\/04\/medium_250464513.jpg\"><img loading=\"lazy\" decoding=\"async\" class=\"alignleft wp-image-297 size-medium\" src=\"http:\/\/www.culture-numerique.fr\/wp-content\/uploads\/2014\/04\/medium_250464513-300x207.jpg\" alt=\"Tabasco\" width=\"300\" height=\"207\" srcset=\"https:\/\/www.culture-numerique.fr\/wp-content\/uploads\/2014\/04\/medium_250464513-300x207.jpg 300w, https:\/\/www.culture-numerique.fr\/wp-content\/uploads\/2014\/04\/medium_250464513-100x69.jpg 100w, https:\/\/www.culture-numerique.fr\/wp-content\/uploads\/2014\/04\/medium_250464513-150x103.jpg 150w, https:\/\/www.culture-numerique.fr\/wp-content\/uploads\/2014\/04\/medium_250464513-200x138.jpg 200w, https:\/\/www.culture-numerique.fr\/wp-content\/uploads\/2014\/04\/medium_250464513-450x310.jpg 450w, https:\/\/www.culture-numerique.fr\/wp-content\/uploads\/2014\/04\/medium_250464513.jpg 500w\" sizes=\"auto, (max-width: 300px) 100vw, 300px\" \/><\/a><\/p>\n<p><strong>Pierre Lescure<\/strong>\u00a0a remis au pr\u00e9sident de la R\u00e9publique\u00a0<strong><a href=\"http:\/\/www.culturecommunication.gouv.fr\/var\/culture\/storage\/culture_mag\/rapport_lescure\/index.htm#\/5\" target=\"_blank\">son rapport<\/a>\u00a0intitul\u00e9 \u00ab\u00a0Contribution aux politiques culturelles \u00e0 l\u2019\u00e8re num\u00e9rique\u00a0\u00bb<\/strong>. Puisque l\u2019occasion m\u2019est donn\u00e9e d\u2019en parler, ce que je ne souhaitais pas faire car tout \u00e7a m\u2019a suffisamment agac\u00e9,<\/p>\n<p><span class=\"ellipsis\">&hellip;<\/span><\/p>\n<div class=\"read-more\"><a href=\"https:\/\/www.culture-numerique.fr\/?p=296\">Lire la suite &#8250;<\/a><\/div>\n<p><!-- end of .read-more --><\/p>\n","protected":false},"author":1,"featured_media":297,"comment_status":"open","ping_status":"open","sticky":false,"template":"","format":"standard","meta":{"jetpack_post_was_ever_published":false,"_jetpack_newsletter_access":"","_jetpack_dont_email_post_to_subs":false,"_jetpack_newsletter_tier_id":0,"_jetpack_memberships_contains_paywalled_content":false,"_jetpack_memberships_contains_paid_content":false,"footnotes":""},"categories":[9],"tags":[130,211,210,111,4,140],"class_list":["post-296","post","type-post","status-publish","format-standard","has-post-thumbnail","hentry","category-billets-dhumeur","tag-clemi","tag-creation","tag-droit-dauteur","tag-education-aux-medias","tag-numerique-educatif","tag-pierre-lescure"],"jetpack_featured_media_url":"https:\/\/www.culture-numerique.fr\/wp-content\/uploads\/2014\/04\/medium_250464513.jpg","jetpack_sharing_enabled":true,"_links":{"self":[{"href":"https:\/\/www.culture-numerique.fr\/index.php?rest_route=\/wp\/v2\/posts\/296","targetHints":{"allow":["GET"]}}],"collection":[{"href":"https:\/\/www.culture-numerique.fr\/index.php?rest_route=\/wp\/v2\/posts"}],"about":[{"href":"https:\/\/www.culture-numerique.fr\/index.php?rest_route=\/wp\/v2\/types\/post"}],"author":[{"embeddable":true,"href":"https:\/\/www.culture-numerique.fr\/index.php?rest_route=\/wp\/v2\/users\/1"}],"replies":[{"embeddable":true,"href":"https:\/\/www.culture-numerique.fr\/index.php?rest_route=%2Fwp%2Fv2%2Fcomments&post=296"}],"version-history":[{"count":2,"href":"https:\/\/www.culture-numerique.fr\/index.php?rest_route=\/wp\/v2\/posts\/296\/revisions"}],"predecessor-version":[{"id":1598,"href":"https:\/\/www.culture-numerique.fr\/index.php?rest_route=\/wp\/v2\/posts\/296\/revisions\/1598"}],"wp:featuredmedia":[{"embeddable":true,"href":"https:\/\/www.culture-numerique.fr\/index.php?rest_route=\/wp\/v2\/media\/297"}],"wp:attachment":[{"href":"https:\/\/www.culture-numerique.fr\/index.php?rest_route=%2Fwp%2Fv2%2Fmedia&parent=296"}],"wp:term":[{"taxonomy":"category","embeddable":true,"href":"https:\/\/www.culture-numerique.fr\/index.php?rest_route=%2Fwp%2Fv2%2Fcategories&post=296"},{"taxonomy":"post_tag","embeddable":true,"href":"https:\/\/www.culture-numerique.fr\/index.php?rest_route=%2Fwp%2Fv2%2Ftags&post=296"}],"curies":[{"name":"wp","href":"https:\/\/api.w.org\/{rel}","templated":true}]}}