{"id":2956,"date":"2015-04-06T19:06:14","date_gmt":"2015-04-06T17:06:14","guid":{"rendered":"http:\/\/www.culture-numerique.fr\/?p=2956"},"modified":"2016-08-28T09:42:11","modified_gmt":"2016-08-28T07:42:11","slug":"engagement-numerique-de-lecole-quelques-bonnes-raisons-de-craindre-le-pire","status":"publish","type":"post","link":"https:\/\/www.culture-numerique.fr\/?p=2956","title":{"rendered":"Engagement num\u00e9rique de l&rsquo;\u00e9cole\u00a0: quelques bonnes raisons de craindre le pire\u2026"},"content":{"rendered":"<p><a href=\"http:\/\/www.culture-numerique.fr\/wp-content\/uploads\/2015\/04\/7092952325_52f77ce829_b.jpg\"><img loading=\"lazy\" decoding=\"async\" class=\"aligncenter wp-image-2960\" src=\"http:\/\/www.culture-numerique.fr\/wp-content\/uploads\/2015\/04\/7092952325_52f77ce829_b.jpg\" alt=\"\u00c9cole num\u00e9rique\" width=\"860\" height=\"572\" srcset=\"https:\/\/www.culture-numerique.fr\/wp-content\/uploads\/2015\/04\/7092952325_52f77ce829_b.jpg 650w, https:\/\/www.culture-numerique.fr\/wp-content\/uploads\/2015\/04\/7092952325_52f77ce829_b-300x199.jpg 300w, https:\/\/www.culture-numerique.fr\/wp-content\/uploads\/2015\/04\/7092952325_52f77ce829_b-100x66.jpg 100w, https:\/\/www.culture-numerique.fr\/wp-content\/uploads\/2015\/04\/7092952325_52f77ce829_b-150x100.jpg 150w, https:\/\/www.culture-numerique.fr\/wp-content\/uploads\/2015\/04\/7092952325_52f77ce829_b-200x133.jpg 200w, https:\/\/www.culture-numerique.fr\/wp-content\/uploads\/2015\/04\/7092952325_52f77ce829_b-450x299.jpg 450w, https:\/\/www.culture-numerique.fr\/wp-content\/uploads\/2015\/04\/7092952325_52f77ce829_b-600x399.jpg 600w\" sizes=\"auto, (max-width: 860px) 100vw, 860px\" \/><\/a><\/p>\n<p><strong>En mati\u00e8re de num\u00e9rique, qui n&rsquo;avance pas recule<\/strong>. C&rsquo;est une chose bien comprise maintenant par les entreprises et le monde du travail.\u00a0L&rsquo;engagement des personnels, des dirigeants, de l&rsquo;ensemble des services\u00a0doit y \u00eatre r\u00e9solu et d\u00e9termin\u00e9, \u00e0 tel point que plus rien ne permet aujourd&rsquo;hui de faire autrement que d&rsquo;\u00e9valuer en avan\u00e7ant, au risque de se tromper, parfois. Mais comment \u00e9viter cela\u00a0?<\/p>\n<p>Pour ce qui concerne l&rsquo;\u00e9cole, c&rsquo;est beaucoup plus compliqu\u00e9. Et les raisons sont nombreuses pour l&rsquo;expliquer. Il persiste d&rsquo;abord l&rsquo;id\u00e9e stupide, contre laquelle il faut lutter sans rel\u00e2che, que \u00ab\u00a0c&rsquo;\u00e9tait mieux avant\u00a0\u00bb. Pas simple tant chacun a son avis sur son \u00e9cole et ses petits bonheurs qui datent\u2026 d&rsquo;il y a quelques d\u00e9cennies\u00a0! Il \u00e9mane aussi\u00a0comme un parfum de douce nostalgie quand on \u00e9voque ces sujets qui emp\u00eache toute r\u00e9flexion sereine. Et puis l&rsquo;\u00e9cole a pris la f\u00e2cheuse manie de ne rien commencer sans l&rsquo;avoir exp\u00e9riment\u00e9 dix fois et s&rsquo;\u00eatre arr\u00eat\u00e9 longtemps pour observer et \u00e9valuer. Que de temps perdu\u00a0!<\/p>\n<p>Par ailleurs, l&rsquo;\u00e9cole ne manque pas de verrous, de blindages, de grippages, de conservatismes franchement r\u00e9actionnaires observables un peu partout, au sein de la hi\u00e9rarchie bien s\u00fbr, mais aussi chez certains syndicats ou organisations de cadres, de professeurs, de parents et m\u00eame d&rsquo;\u00e9l\u00e8ves. <strong>La r\u00e9sistance au changement est ph\u00e9nom\u00e9nale<\/strong> et les mots manquent pour la d\u00e9crire mieux. Il n&rsquo;y a pas un corps de l&rsquo;\u00c9tat qui ne soit \u00e0 ce point gangren\u00e9 de l&rsquo;int\u00e9rieur par une telle force d&rsquo;inertie\u00a0!<\/p>\n<h3><strong>En voulez-vous quelques exemples\u00a0?<\/strong><\/h3>\n<p>Vous le savez, le minist\u00e8re de l&rsquo;\u00c9ducation a organis\u00e9 r\u00e9cemment une grande consultation (1) sur le num\u00e9rique et <a href=\"http:\/\/ecolenumerique.education.gouv.fr\/concertation\/fin-de-la-premiere-etape\/reponses-au-questionnaire\/\" target=\"_blank\">vient d&rsquo;en publier les premiers r\u00e9sultats<\/a>. J&rsquo;y ai m\u00eame particip\u00e9\u00a0au tout d\u00e9but par des premi\u00e8res contributions\u00a0au d\u00e9bat puis par un billet que j&rsquo;ai appel\u00e9 \u00ab\u00a0ma petite contribution\u00a0\u00bb (2).<\/p>\n<p><a href=\"http:\/\/www.culture-numerique.fr\/wp-content\/uploads\/2015\/04\/2015-04-06_014828.jpg\"><img loading=\"lazy\" decoding=\"async\" class=\"alignright size-full wp-image-2966\" src=\"http:\/\/www.culture-numerique.fr\/wp-content\/uploads\/2015\/04\/2015-04-06_014828.jpg\" alt=\"Panel\" width=\"314\" height=\"200\" srcset=\"https:\/\/www.culture-numerique.fr\/wp-content\/uploads\/2015\/04\/2015-04-06_014828.jpg 314w, https:\/\/www.culture-numerique.fr\/wp-content\/uploads\/2015\/04\/2015-04-06_014828-300x191.jpg 300w, https:\/\/www.culture-numerique.fr\/wp-content\/uploads\/2015\/04\/2015-04-06_014828-100x64.jpg 100w, https:\/\/www.culture-numerique.fr\/wp-content\/uploads\/2015\/04\/2015-04-06_014828-150x96.jpg 150w, https:\/\/www.culture-numerique.fr\/wp-content\/uploads\/2015\/04\/2015-04-06_014828-200x127.jpg 200w\" sizes=\"auto, (max-width: 314px) 100vw, 314px\" \/><\/a>Cette consultation a re\u00e7u des avis\u00a0de plus de 51\u00a0000 personnes \u00ab\u00a0de la communaut\u00e9 \u00e9ducative (\u00e9l\u00e8ves, \u00e9tudiants, enseignants et personnels de l\u2019\u00e9ducation, familles, collectivit\u00e9s et partenaires de l\u2019\u00e9cole)\u00a0\u00bb ce qui repr\u00e9sente \u00e0 coup s\u00fbr un \u00e9chantillonnage fort int\u00e9ressant, voir ci-contre. Malgr\u00e9 tout, encore une fois, il s&rsquo;agit de personnes averties de l&rsquo;existence de cette consultation, volontaires pour y participer et, surtout, d\u00e9sireuses de donner leur avis, positif ou n\u00e9gatif, \u00e0 ce sujet. Toutes sortes de consid\u00e9rations qui ne permettent pas un traitement tr\u00e8s objectif des r\u00e9sultats\u2026 c&rsquo;est le moins que l&rsquo;on puisse dire.<\/p>\n<h3><strong>Malgr\u00e9 tout, il y a quelques le\u00e7ons \u00e0 en tirer<\/strong><\/h3>\n<p>Si vous me lisez souvent, ce dont je vous sais gr\u00e9, vous savez l&rsquo;importance que j&rsquo;attache \u00e0 <strong>l&rsquo;exercice de la libert\u00e9 d&rsquo;expression<\/strong> qui permet \u00e0 chaque citoyen, avec le num\u00e9rique, de donner son opinion, par \u00e9crit le plus souvent, et de la confronter \u00e0 celle des autres et \u00e0 la critique universelle. C&rsquo;est l\u00e0, \u00e0 mon avis, la grande chance et r\u00e9ussite de l&rsquo;\u00e9mergence du num\u00e9rique qui rend enfin possible \u00e0 tous ce qui n&rsquo;\u00e9tait r\u00e9serv\u00e9 qu&rsquo;\u00e0 une \u00e9lite auto-proclam\u00e9e.<\/p>\n<p>Cons\u00e9quemment, j&rsquo;ai longtemps plaid\u00e9 pour qu&rsquo;on apprenne en classe l&rsquo;exercice enfin possible de cette libert\u00e9 d&rsquo;expression (3,4) plut\u00f4t que de la r\u00e9primer s\u00e9v\u00e8rement ou de la censurer. L&rsquo;apr\u00e8s Charlie m&rsquo;a confort\u00e9 dans mes premiers choix puisque la ministre de l&rsquo;\u00c9ducation soi-m\u00eame a plaid\u00e9 pour qu&rsquo;on apprenne cette libert\u00e9. C&rsquo;\u00e9tait d&rsquo;ailleurs le th\u00e8me de la derni\u00e8re Semaine de la presse et des m\u00e9dias dans l&rsquo;\u00e9cole (5) qui a \u00e9t\u00e9 chang\u00e9 pour l&rsquo;occasion.<\/p>\n<p>Naturellement, la question de l&rsquo;apprentissage de la libert\u00e9 d&rsquo;expression \u00e9tait pos\u00e9e, parmi d&rsquo;autres, aux contributeurs de la consultation, <strong>\u00e0 commencer par les \u00e9l\u00e8ves<\/strong>\u00a0:<\/p>\n<p><a href=\"http:\/\/www.culture-numerique.fr\/wp-content\/uploads\/2015\/04\/\u00e9l\u00e8ves.jpg\"><img loading=\"lazy\" decoding=\"async\" class=\"aligncenter size-full wp-image-2970\" src=\"http:\/\/www.culture-numerique.fr\/wp-content\/uploads\/2015\/04\/\u00e9l\u00e8ves.jpg\" alt=\"Consultation des \u00e9l\u00e8ves\" width=\"1000\" height=\"492\" srcset=\"https:\/\/www.culture-numerique.fr\/wp-content\/uploads\/2015\/04\/\u00e9l\u00e8ves.jpg 1000w, https:\/\/www.culture-numerique.fr\/wp-content\/uploads\/2015\/04\/\u00e9l\u00e8ves-300x148.jpg 300w, https:\/\/www.culture-numerique.fr\/wp-content\/uploads\/2015\/04\/\u00e9l\u00e8ves-100x49.jpg 100w, https:\/\/www.culture-numerique.fr\/wp-content\/uploads\/2015\/04\/\u00e9l\u00e8ves-150x74.jpg 150w, https:\/\/www.culture-numerique.fr\/wp-content\/uploads\/2015\/04\/\u00e9l\u00e8ves-200x98.jpg 200w, https:\/\/www.culture-numerique.fr\/wp-content\/uploads\/2015\/04\/\u00e9l\u00e8ves-450x221.jpg 450w, https:\/\/www.culture-numerique.fr\/wp-content\/uploads\/2015\/04\/\u00e9l\u00e8ves-600x295.jpg 600w, https:\/\/www.culture-numerique.fr\/wp-content\/uploads\/2015\/04\/\u00e9l\u00e8ves-900x443.jpg 900w\" sizes=\"auto, (max-width: 1000px) 100vw, 1000px\" \/><\/a><\/p>\n<p>J&rsquo;en extrais l&rsquo;item qui nous int\u00e9resse\u00a0:<\/p>\n<p><a href=\"http:\/\/www.culture-numerique.fr\/wp-content\/uploads\/2015\/04\/publier-\u00e9l\u00e8ves.jpg\"><img loading=\"lazy\" decoding=\"async\" class=\"aligncenter size-full wp-image-2971\" src=\"http:\/\/www.culture-numerique.fr\/wp-content\/uploads\/2015\/04\/publier-\u00e9l\u00e8ves.jpg\" alt=\"Consultation publier \u00e9l\u00e8ves\" width=\"733\" height=\"40\" srcset=\"https:\/\/www.culture-numerique.fr\/wp-content\/uploads\/2015\/04\/publier-\u00e9l\u00e8ves.jpg 733w, https:\/\/www.culture-numerique.fr\/wp-content\/uploads\/2015\/04\/publier-\u00e9l\u00e8ves-300x16.jpg 300w, https:\/\/www.culture-numerique.fr\/wp-content\/uploads\/2015\/04\/publier-\u00e9l\u00e8ves-100x5.jpg 100w, https:\/\/www.culture-numerique.fr\/wp-content\/uploads\/2015\/04\/publier-\u00e9l\u00e8ves-150x8.jpg 150w, https:\/\/www.culture-numerique.fr\/wp-content\/uploads\/2015\/04\/publier-\u00e9l\u00e8ves-200x11.jpg 200w, https:\/\/www.culture-numerique.fr\/wp-content\/uploads\/2015\/04\/publier-\u00e9l\u00e8ves-450x25.jpg 450w, https:\/\/www.culture-numerique.fr\/wp-content\/uploads\/2015\/04\/publier-\u00e9l\u00e8ves-600x33.jpg 600w\" sizes=\"auto, (max-width: 733px) 100vw, 733px\" \/><\/a><\/p>\n<p>D\u00e9couvrons ensuite quel est l&rsquo;avis, \u00e0 ce sujet, <strong>des enseignants et personnels de l&rsquo;\u00e9ducation<\/strong>\u00a0:<\/p>\n<p><a href=\"http:\/\/www.culture-numerique.fr\/wp-content\/uploads\/2015\/04\/profs.jpg\"><img loading=\"lazy\" decoding=\"async\" class=\"aligncenter size-full wp-image-2972\" src=\"http:\/\/www.culture-numerique.fr\/wp-content\/uploads\/2015\/04\/profs.jpg\" alt=\"Consultation des profs\" width=\"1030\" height=\"497\" srcset=\"https:\/\/www.culture-numerique.fr\/wp-content\/uploads\/2015\/04\/profs.jpg 1030w, https:\/\/www.culture-numerique.fr\/wp-content\/uploads\/2015\/04\/profs-300x145.jpg 300w, https:\/\/www.culture-numerique.fr\/wp-content\/uploads\/2015\/04\/profs-1024x494.jpg 1024w, https:\/\/www.culture-numerique.fr\/wp-content\/uploads\/2015\/04\/profs-100x48.jpg 100w, https:\/\/www.culture-numerique.fr\/wp-content\/uploads\/2015\/04\/profs-150x72.jpg 150w, https:\/\/www.culture-numerique.fr\/wp-content\/uploads\/2015\/04\/profs-200x97.jpg 200w, https:\/\/www.culture-numerique.fr\/wp-content\/uploads\/2015\/04\/profs-450x217.jpg 450w, https:\/\/www.culture-numerique.fr\/wp-content\/uploads\/2015\/04\/profs-600x290.jpg 600w, https:\/\/www.culture-numerique.fr\/wp-content\/uploads\/2015\/04\/profs-900x434.jpg 900w\" sizes=\"auto, (max-width: 1030px) 100vw, 1030px\" \/><\/a><\/p>\n<p>Opinion dont j&rsquo;extrais ce qui concerne la publication et l&rsquo;expression\u00a0:<\/p>\n<p><a href=\"http:\/\/www.culture-numerique.fr\/wp-content\/uploads\/2015\/04\/publier-profs.jpg\"><img loading=\"lazy\" decoding=\"async\" class=\"aligncenter size-full wp-image-2973\" src=\"http:\/\/www.culture-numerique.fr\/wp-content\/uploads\/2015\/04\/publier-profs.jpg\" alt=\"Consultation publier profs\" width=\"743\" height=\"39\" srcset=\"https:\/\/www.culture-numerique.fr\/wp-content\/uploads\/2015\/04\/publier-profs.jpg 743w, https:\/\/www.culture-numerique.fr\/wp-content\/uploads\/2015\/04\/publier-profs-300x16.jpg 300w, https:\/\/www.culture-numerique.fr\/wp-content\/uploads\/2015\/04\/publier-profs-100x5.jpg 100w, https:\/\/www.culture-numerique.fr\/wp-content\/uploads\/2015\/04\/publier-profs-150x8.jpg 150w, https:\/\/www.culture-numerique.fr\/wp-content\/uploads\/2015\/04\/publier-profs-200x10.jpg 200w, https:\/\/www.culture-numerique.fr\/wp-content\/uploads\/2015\/04\/publier-profs-450x24.jpg 450w, https:\/\/www.culture-numerique.fr\/wp-content\/uploads\/2015\/04\/publier-profs-600x31.jpg 600w\" sizes=\"auto, (max-width: 743px) 100vw, 743px\" \/><\/a><\/p>\n<p>Enfin, <strong>demandons leur avis aux familles, aux parents<\/strong>, aux partenaires de l&rsquo;\u00e9cole, sur tous ces sujets\u00a0:<\/p>\n<p><a href=\"http:\/\/www.culture-numerique.fr\/wp-content\/uploads\/2015\/04\/familles.jpg\"><img loading=\"lazy\" decoding=\"async\" class=\"aligncenter size-full wp-image-2974\" src=\"http:\/\/www.culture-numerique.fr\/wp-content\/uploads\/2015\/04\/familles.jpg\" alt=\"Consultation familles\" width=\"1029\" height=\"498\" srcset=\"https:\/\/www.culture-numerique.fr\/wp-content\/uploads\/2015\/04\/familles.jpg 1029w, https:\/\/www.culture-numerique.fr\/wp-content\/uploads\/2015\/04\/familles-300x145.jpg 300w, https:\/\/www.culture-numerique.fr\/wp-content\/uploads\/2015\/04\/familles-1024x496.jpg 1024w, https:\/\/www.culture-numerique.fr\/wp-content\/uploads\/2015\/04\/familles-100x48.jpg 100w, https:\/\/www.culture-numerique.fr\/wp-content\/uploads\/2015\/04\/familles-150x73.jpg 150w, https:\/\/www.culture-numerique.fr\/wp-content\/uploads\/2015\/04\/familles-200x97.jpg 200w, https:\/\/www.culture-numerique.fr\/wp-content\/uploads\/2015\/04\/familles-450x218.jpg 450w, https:\/\/www.culture-numerique.fr\/wp-content\/uploads\/2015\/04\/familles-600x290.jpg 600w, https:\/\/www.culture-numerique.fr\/wp-content\/uploads\/2015\/04\/familles-900x436.jpg 900w\" sizes=\"auto, (max-width: 1029px) 100vw, 1029px\" \/><\/a><\/p>\n<p>Et, comme pour les autres acteurs de l&rsquo;\u00e9cole, j&rsquo;extrais ce qui concerne \u00ab\u00a0Publier, s&rsquo;exprimer sur le web\u00a0\u00bb\u00a0:<\/p>\n<p><a href=\"http:\/\/www.culture-numerique.fr\/wp-content\/uploads\/2015\/04\/familles-publier.jpg\"><img loading=\"lazy\" decoding=\"async\" class=\"aligncenter size-full wp-image-2975\" src=\"http:\/\/www.culture-numerique.fr\/wp-content\/uploads\/2015\/04\/familles-publier.jpg\" alt=\"Consultation familles publier\" width=\"748\" height=\"39\" srcset=\"https:\/\/www.culture-numerique.fr\/wp-content\/uploads\/2015\/04\/familles-publier.jpg 748w, https:\/\/www.culture-numerique.fr\/wp-content\/uploads\/2015\/04\/familles-publier-300x16.jpg 300w, https:\/\/www.culture-numerique.fr\/wp-content\/uploads\/2015\/04\/familles-publier-100x5.jpg 100w, https:\/\/www.culture-numerique.fr\/wp-content\/uploads\/2015\/04\/familles-publier-150x8.jpg 150w, https:\/\/www.culture-numerique.fr\/wp-content\/uploads\/2015\/04\/familles-publier-200x10.jpg 200w, https:\/\/www.culture-numerique.fr\/wp-content\/uploads\/2015\/04\/familles-publier-450x23.jpg 450w, https:\/\/www.culture-numerique.fr\/wp-content\/uploads\/2015\/04\/familles-publier-600x31.jpg 600w\" sizes=\"auto, (max-width: 748px) 100vw, 748px\" \/><\/a><\/p>\n<p><strong>Premi\u00e8re observation g\u00e9n\u00e9rale<\/strong>, \u00e0 la lecture de ces trois tableaux\u00a0: tout le monde, \u00e9l\u00e8ves, parents, professeurs, est \u00e0 peu pr\u00e8s d&rsquo;accord, le num\u00e9rique permet d&rsquo;acqu\u00e9rir de nouvelles comp\u00e9tences. Bon, il y a bien 15\u00a0% de grincheux qui ne sont pas d&rsquo;accord, mais c&rsquo;est, semble-t-il, le lot habituel des contempteurs qui se sont donn\u00e9 rendez-vous l\u00e0.<\/p>\n<p>Notez que ce pourcentage de 15\u00a0% s&rsquo;augmente quand il s&rsquo;agit des professeurs. Ils sont, remarquez-le, pr\u00e8s de 20\u00a0% \u00e0 dire que l&rsquo;\u00e9cole\u00a0num\u00e9rique ne permet pas de concevoir, de r\u00e9aliser, de penser \u00ab\u00a0design\u00a0\u00bb, et 35\u00a0% \u00e0 dire que l&rsquo;\u00e9cole n&rsquo;a pas \u00e0 se pr\u00e9occuper de comprendre la logique informatique et de programmer\u00a0! Plus d&rsquo;un professeur sur trois\u00a0! Vous connaissez mon peu d&rsquo;enthousiasme \u00e0 mettre cette nouvelle comp\u00e9tence au premier rang de celles qu&rsquo;il faut acqu\u00e9rir, voire qu&rsquo;il faille pour ce faire enseigner l&rsquo;informatique, mais tout de m\u00eame\u00a0!<\/p>\n<h3><strong>Avec un tel panel de r\u00e9actionnaires, l&rsquo;\u00e9cole num\u00e9rique ne va pas aller bien loin\u00a0!<\/strong><\/h3>\n<p>Mais revenons, puisque c&rsquo;\u00e9tait le sujet, \u00e0 l&rsquo;exercice de la libert\u00e9 d&rsquo;expression. <strong>Il s&rsquo;agit, je vous le rappelle, d&rsquo;une libert\u00e9 fondamentale<\/strong>, inscrite dans\u00a0la <a href=\"http:\/\/fr.wikipedia.org\/wiki\/D%C3%A9claration_des_droits_de_l\" target=\"_blank\">D\u00e9claration des droits de l\u2019homme et du citoyen<\/a>, comme dans la\u00a0<a href=\"http:\/\/fr.wikipedia.org\/wiki\/Convention_relative_aux_droits_de_l%27enfant\" target=\"_blank\">Convention relative aux droits de l\u2019enfant<\/a>, pour l&rsquo;exercice de laquelle avant nous des \u00e9crivain(e)s, des philosophes, des citoyen(ne)s, des journalistes, des artistes sont mort(e)s pour la sauvegarder et l&rsquo;inscrire comme un droit supr\u00eame, au-dessus des autres donc.<\/p>\n<p>Eh bien, figurez-vous, au moment o\u00f9 cette libert\u00e9 est potentiellement accessible enfin \u00e0 tous, au moment o\u00f9 il convient enfin d&rsquo;en faire un objet d&rsquo;apprentissage, <strong>ils sont pr\u00e8s de 30\u00a0% des \u00e9l\u00e8ves et des professeurs, pr\u00e8s de 40\u00a0% des parents \u00e0 dire clairement qu&rsquo;ils ne souhaitent pas que l&rsquo;\u00e9cole s&rsquo;occupe de \u00e7a<\/strong>, qui refusent d&rsquo;inscrire l&rsquo;expression et la publication au rang des nouvelles comp\u00e9tences permises par le num\u00e9rique, qui refusent donc\u00a0\u2014\u00a0sans doute aux autres mais peut-\u00eatre pas \u00e0 eux-m\u00eames\u00a0\u2014 le droit de s&rsquo;exprimer, de donner son opinion, de la confronter \u00e0 celle des autres\u00a0! Trois mois apr\u00e8s Charlie\u00a0!<\/p>\n<p><strong>Je ne sais pas pour vous, mais moi, \u00e7a me glace\u00a0!<\/strong> J&rsquo;y vois une raison majeure de nourrir des inqui\u00e9tudes s\u00e9v\u00e8res quant \u00e0 la capacit\u00e9 de l&rsquo;\u00e9cole \u00e0 changer, \u00e0 \u00e9voluer, \u00e0 progresser, \u00e0 s&rsquo;adapter \u00e0 son temps.<\/p>\n<p>Pire\u00a0: le Conseil sup\u00e9rieur des programmes vient enfin de publier\u00a0\u2014\u00a0il a le droit, lui\u00a0\u2014 sa <a href=\"http:\/\/www.legifrance.gouv.fr\/affichTexte.do;jsessionid=559496649F85AD0A4DF8720A7A97A269.tpdila08v_3?cidTexte=JORFTEXT000030426718&amp;categorieLien=id\" target=\"_blank\">\u00e9ni\u00e8me version du socle commun de connaissances, de comp\u00e9tences et de culture<\/a>, apr\u00e8s un premier jet consternant (6) qui montrait l&rsquo;incapacit\u00e9 de ses auteurs \u00e0 comprendre les enjeux du num\u00e9rique. <strong>Le produit final n&rsquo;est pas mieux qui ne mentionne le mot \u00ab\u00a0num\u00e9rique\u00a0\u00bb que comme adjectif \u00e0 l&rsquo;outil<\/strong>. Deux exceptions\u00a0: l&rsquo;une pour \u00e9voquer l&rsquo;acquisition d&rsquo;une culture num\u00e9rique, en se gardant bien de dire de quoi il s&rsquo;agit, l&rsquo;autre pour \u00e9voquer l&rsquo;apprentissage de son identit\u00e9 num\u00e9rique\u00a0\u2014 dites, les \u00e9l\u00e8ves, quand vous aurez compris, vous m&rsquo;expliquerez\u00a0?<\/p>\n<p>Quant \u00e0 la possibilit\u00e9 de\u00a0publier, cela appara\u00eet en effet en filigrane quand on explique aux \u00e9l\u00e8ves \u00e0 quoi peuvent servir les fameux outils num\u00e9riques, sans s&rsquo;attarder \u00e0 tisser un lien avec la formation du jeune citoyen. Quand on \u00e9voque ce nouveau point, on dit en effet, et c&rsquo;est tant mieux, qu&rsquo;il convient que ce domaine fait appel \u00ab\u00a0\u00e0 l&rsquo;apprentissage et \u00e0 l&rsquo;exp\u00e9rience des principes qui garantissent la libert\u00e9 de tous, comme la libert\u00e9 de conscience et d&rsquo;expression\u00a0\u00bb. Mais aucun lien n&rsquo;est fait ici avec les potentialit\u00e9s offertes par le num\u00e9rique. C&rsquo;est juste une occasion de rat\u00e9e\u00a0! <strong>Et une erreur historique\u00a0!<\/strong><\/p>\n<p>Qui risque de durer encore un bon moment car on ne change pas de socle tous les jours, ou m\u00eame tous les ans\u2026<\/p>\n<p><strong>Je crois bien que septembre va s&rsquo;\u00e9terniser encore un bon moment\u2026<\/strong> (7)<\/p>\n<hr \/>\n<p>Cette consultation appelle un autre commentaire, relatif cette fois \u00e0 une autre question, \u00e0 propos de <strong>la mise en \u0153uvre en classe des \u00e9quipements num\u00e9riques personnels des \u00e9l\u00e8ves<\/strong> dont on sait qu&rsquo;ils sont abondamment pourvus. Vous le savez encore si vous me lisez, c&rsquo;est pour moi un autre cheval de bataille contre les interdits et la r\u00e9glementation.<\/p>\n<p>J&rsquo;ai propos\u00e9 d&rsquo;am\u00e9nager, dans un premier temps, les r\u00e8glements int\u00e9rieurs des lyc\u00e9es (8) puis, tout r\u00e9cemment, propos\u00e9 que l&rsquo;\u00e9cole exerce enfin sa raison \u00e0 ce sujet (9). Mais \u00e0 quoi bon quand on lit les r\u00e9sultats de cette enqu\u00eate\u00a0?<\/p>\n<p><a href=\"http:\/\/www.culture-numerique.fr\/wp-content\/uploads\/2014\/09\/large_2347818701.jpg\"><img loading=\"lazy\" decoding=\"async\" class=\"alignright size-medium wp-image-1865\" src=\"http:\/\/www.culture-numerique.fr\/wp-content\/uploads\/2014\/09\/large_2347818701-300x200.jpg\" alt=\"Triche2\" width=\"300\" height=\"200\" srcset=\"https:\/\/www.culture-numerique.fr\/wp-content\/uploads\/2014\/09\/large_2347818701-300x200.jpg 300w, https:\/\/www.culture-numerique.fr\/wp-content\/uploads\/2014\/09\/large_2347818701-100x66.jpg 100w, https:\/\/www.culture-numerique.fr\/wp-content\/uploads\/2014\/09\/large_2347818701-150x100.jpg 150w, https:\/\/www.culture-numerique.fr\/wp-content\/uploads\/2014\/09\/large_2347818701-200x133.jpg 200w, https:\/\/www.culture-numerique.fr\/wp-content\/uploads\/2014\/09\/large_2347818701-450x301.jpg 450w, https:\/\/www.culture-numerique.fr\/wp-content\/uploads\/2014\/09\/large_2347818701-600x401.jpg 600w, https:\/\/www.culture-numerique.fr\/wp-content\/uploads\/2014\/09\/large_2347818701-900x602.jpg 900w, https:\/\/www.culture-numerique.fr\/wp-content\/uploads\/2014\/09\/large_2347818701.jpg 1024w\" sizes=\"auto, (max-width: 300px) 100vw, 300px\" \/><\/a>\u00c0 la\u00a0proposition de se servir des \u00e9quipements num\u00e9riques personnels des \u00e9l\u00e8ves pour mener des activit\u00e9s d&rsquo;apprentissage, les \u00e9l\u00e8ves sont plus\u00a0de 18\u00a0% \u00e0 n&rsquo;\u00eatre pas d&rsquo;accord, <strong>les professeurs s&rsquo;y opposent \u00e0 plus de 56\u00a0% d&rsquo;entre eux et les parents et familles sont encore plus nombreux\u00a0: 58\u00a0%<\/strong>.<\/p>\n<p>Comment dire\u00a0? Comment qualifier un tel comportement\u00a0? Ce n&rsquo;est pas de l&rsquo;obscurantisme, c&rsquo;est le noir le plus complet. Il va s&rsquo;\u00e9couler, sans aucun doute, encore de longues ann\u00e9es pendant lesquelles les \u00e9l\u00e8ves vont consulter leurs tablettes et leurs smartphones sous la table\u2026 Et je les encourage vivement \u00e0 le faire.<\/p>\n<p>Non, je vous promets, je ne suis pas pessimiste, je suis juste d\u00e9sesp\u00e9r\u00e9.<\/p>\n<hr \/>\n<p>Pour rester encore un peu sur cette int\u00e9ressante consultation et toujours \u00e0 propos de ce qu&rsquo;il est possible d&rsquo;envisager, il est \u00e9voqu\u00e9 <strong>la transformation num\u00e9rique des manuels<\/strong>. La question est tr\u00e8s curieusement pos\u00e9e.<\/p>\n<p>Aux \u00e9l\u00e8ves, on demande s&rsquo;ils sont favorables \u00e0 ce que <strong>tous leurs manuels soient num\u00e9riques<\/strong>. Ils r\u00e9pondent oui, \u00e0 seulement 60\u00a0% d&rsquo;entre eux. Aux professeurs, on demande s&rsquo;ils\u00a0trouvent avantageux pour les \u00e9l\u00e8ves que tous les manuels soient num\u00e9riques\u00a0\u2014\u00a0curieuse \u00e9volution s\u00e9mantique\u00a0! suppose-t-on que les professeurs soient incapables d&rsquo;appr\u00e9cier que cela puisse aussi \u00eatre avantageux pour eux, ou pour leur enseignement, ou pour l&rsquo;\u00e9cole en g\u00e9n\u00e9ral\u00a0? Les professeurs r\u00e9pondent oui \u00e0 la question pos\u00e9e de mani\u00e8re tr\u00e8s minoritaire. Ils ne sont que 46\u00a0% \u00e0 y \u00eatre favorables.<\/p>\n<p>Aux parents, on ne pose pas la m\u00eame question. On leur demande s&rsquo;ils souhaitent que tous les manuels soient num\u00e9riques, je cite , \u00ab\u00a0<strong>pour r\u00e9duire le poids du cartable<\/strong>\u00a0\u00bb\u00a0!<\/p>\n<p>Doit-on n&rsquo;envisager la mutation num\u00e9rique de l&rsquo;\u00e9cole qu&rsquo;\u00e0 l&rsquo;aune de ces consid\u00e9rations mat\u00e9rielles, si importantes soient-elles\u00a0? Doit-on n&rsquo;envisager la transformation num\u00e9rique de la documentation, des manuels qu&rsquo;en fonction de la consid\u00e9ration de\u00a0cette seule utilit\u00e9 et fonctionnalit\u00e9\u00a0? Il y a de quoi s\u00e9rieusement s&rsquo;inqui\u00e9ter sur ce que pensent vraiment les r\u00e9dacteurs de ces questions des enjeux des mutations num\u00e9riques de l&rsquo;\u00e9cole. Comme il faut aussi s&rsquo;inqui\u00e9ter de l&rsquo;imaginaire qu&rsquo;ils se font de la perception que pourraient en avoir les parents\u00a0!<\/p>\n<p>Mais le plus triste\u00a0n&rsquo;est pas l\u00e0 : ces derniers\u00a0s&rsquo;opposent, malgr\u00e9 l&rsquo;argument avanc\u00e9, \u00e0 cette mutation num\u00e9rique \u00e0 plus de 30\u00a0%. Ils sont moins r\u00e9actionnaires sur ce point que les professeurs, c&rsquo;est toujours \u00e7a de gagn\u00e9.<\/p>\n<p>Mais les <a href=\"http:\/\/fr.wikipedia.org\/wiki\/Lagarde_et_Michard\" target=\"_blank\">Lagarde et Michard<\/a> de 2 kilogrammes ont encore de beaux jours devant eux. Les \u00e9diteurs, qui n&rsquo;\u00e9taient jamais\u00a0les premiers \u00e0 innover, peuvent se frotter les mains. Ils ont encore de bonnes recettes sur le papier \u00e0 faire\u2026<\/p>\n<hr \/>\n<p>J&rsquo;avais envie, pour terminer, histoire de d\u00e9primer encore un peu plus, d&rsquo;\u00e9voquer l&rsquo;incroyable micmac de la politique num\u00e9rique de ce pays et, en particulier, de la mise en \u0153uvre de la strat\u00e9gie pour l&rsquo;\u00e9cole num\u00e9rique. <a href=\"https:\/\/twitter.com\/LMeduc\" target=\"_blank\">Michelle Laurissergues<\/a> a tr\u00e8s bien dit, dans un <a href=\"http:\/\/www.educavox.fr\/edito\/coherence-et-tectonique-des-plaques\" target=\"_blank\">\u00e9dito r\u00e9cent<\/a> sur <a href=\"http:\/\/www.educavox.fr\/\" target=\"_blank\">\u00c9ducavox<\/a>, avec sans doute plus de mesure que je ne saurais le faire, mais en usant des m\u00eames images g\u00e9ologiques que moi, son d\u00e9sarroi et sa perception des incoh\u00e9rences.<\/p>\n<p>Ce sera pour une autre fois.<\/p>\n<p>Michel Guillou\u00a0<a href=\"https:\/\/twitter.com\/michelguillou\" target=\"_blank\">@michelguillou<\/a><\/p>\n<p><a href=\"http:\/\/creativecommons.org\/licenses\/by-nc-sa\/2.0\/fr\/\" target=\"_blank\"><img loading=\"lazy\" decoding=\"async\" src=\"http:\/\/i.creativecommons.org\/l\/by-nc-sa\/2.0\/fr\/80x15.png\" alt=\"image\" width=\"80\" height=\"15\" \/><\/a><\/p>\n<p>Cr\u00e9dit photo\u00a0: <a href=\"http:\/\/www.flickr.com\/photos\/71231364@N08\/7092952325\">LyceeStAndre363<\/a> via <a href=\"http:\/\/photopin.com\">photopin<\/a> <a href=\"https:\/\/creativecommons.org\/licenses\/by-nc-nd\/2.0\/\">(licence)<\/a><\/p>\n<ol>\n<li>D\u00e9mocratie num\u00e9rique ouverte pour l\u2019\u00e9cole de demain\u00a0<a href=\"http:\/\/www.culture-numerique.fr\/?p=2549\" target=\"_blank\">http:\/\/www.culture-numerique.fr\/?p=2549<\/a><\/li>\n<li>Ma petite contribution \u00e0 la concertation sur l\u2019\u00e9cole num\u00e9rique\u00a0<a href=\"http:\/\/www.culture-numerique.fr\/?p=2622\" target=\"_blank\">http:\/\/www.culture-numerique.fr\/?p=2622<\/a><\/li>\n<li>Exercer sa libert\u00e9 d\u2019expression, \u00e7a doit s\u2019apprendre aussi \u00e0 l\u2019\u00e9cole\u00a0<a href=\"http:\/\/www.culture-numerique.fr\/?p=1248\" target=\"_blank\">http:\/\/www.culture-numerique.fr\/?p=1248<\/a><\/li>\n<li>La libert\u00e9 d\u2019expression doit imp\u00e9rativement s\u2019enseigner\u00a0<a href=\"http:\/\/www.culture-numerique.fr\/?p=2562\" target=\"_blank\">http:\/\/www.culture-numerique.fr\/?p=2562<\/a><\/li>\n<li>Semaine de la presse\u00a0: apprendre la libert\u00e9 d\u2019expression ou apprendre comment on s\u2019acharne \u00e0 la limiter\u00a0?\u00a0<a href=\"http:\/\/www.culture-numerique.fr\/?p=2864\" target=\"_blank\">http:\/\/www.culture-numerique.fr\/?p=2864<\/a><\/li>\n<li>Socle commun et num\u00e9rique, entre l\u2019absence et l\u2019inculture chronique\u00a0<a href=\"http:\/\/www.culture-numerique.fr\/?p=2699\" target=\"_blank\">http:\/\/www.culture-numerique.fr\/?p=2699<\/a><\/li>\n<li>Il y a 20 ans, ils appelaient \u00e7a \u00ab\u00a0septembre sans fin\u00a0\u00bb\u2026\u00a0<a href=\"http:\/\/www.culture-numerique.fr\/?p=2506\" target=\"_blank\">http:\/\/www.culture-numerique.fr\/?p=2506<\/a><\/li>\n<li>Petite fiche-projet \u00e0 l\u2019attention des proviseurs des lyc\u00e9es pour mettre \u00e0 jour les r\u00e8glements int\u00e9rieurs\u00a0<a href=\"http:\/\/www.culture-numerique.fr\/?p=1400\" target=\"_blank\">http:\/\/www.culture-numerique.fr\/?p=1400<\/a><\/li>\n<li>La raison et l\u2019\u00e9ducation plut\u00f4t que le m\u00e9pris, la censure technique et la r\u00e9pression\u00a0<a href=\"http:\/\/www.culture-numerique.fr\/?p=2942\" target=\"_blank\">http:\/\/www.culture-numerique.fr\/?p=2942<\/a><\/li>\n<\/ol>\n<p>[cite]<\/p>\n","protected":false},"excerpt":{"rendered":"<p><a href=\"http:\/\/www.culture-numerique.fr\/wp-content\/uploads\/2015\/04\/7092952325_52f77ce829_b.jpg\"><img loading=\"lazy\" decoding=\"async\" class=\"aligncenter wp-image-2960\" src=\"http:\/\/www.culture-numerique.fr\/wp-content\/uploads\/2015\/04\/7092952325_52f77ce829_b.jpg\" alt=\"\u00c9cole num\u00e9rique\" width=\"860\" height=\"572\" srcset=\"https:\/\/www.culture-numerique.fr\/wp-content\/uploads\/2015\/04\/7092952325_52f77ce829_b.jpg 650w, https:\/\/www.culture-numerique.fr\/wp-content\/uploads\/2015\/04\/7092952325_52f77ce829_b-300x199.jpg 300w, https:\/\/www.culture-numerique.fr\/wp-content\/uploads\/2015\/04\/7092952325_52f77ce829_b-100x66.jpg 100w, https:\/\/www.culture-numerique.fr\/wp-content\/uploads\/2015\/04\/7092952325_52f77ce829_b-150x100.jpg 150w, https:\/\/www.culture-numerique.fr\/wp-content\/uploads\/2015\/04\/7092952325_52f77ce829_b-200x133.jpg 200w, https:\/\/www.culture-numerique.fr\/wp-content\/uploads\/2015\/04\/7092952325_52f77ce829_b-450x299.jpg 450w, https:\/\/www.culture-numerique.fr\/wp-content\/uploads\/2015\/04\/7092952325_52f77ce829_b-600x399.jpg 600w\" sizes=\"auto, (max-width: 860px) 100vw, 860px\" \/><\/a><\/p>\n<p><strong>En mati\u00e8re de num\u00e9rique, qui n&rsquo;avance pas recule<\/strong>. C&rsquo;est une chose bien comprise maintenant par les entreprises et le monde du travail.\u00a0L&rsquo;engagement des personnels, des dirigeants, de l&rsquo;ensemble des services\u00a0doit y \u00eatre r\u00e9solu et d\u00e9termin\u00e9,<\/p>\n<p><span class=\"ellipsis\">&hellip;<\/span><\/p>\n<div class=\"read-more\"><a href=\"https:\/\/www.culture-numerique.fr\/?p=2956\">Lire la suite &#8250;<\/a><\/div>\n<p><!-- end of .read-more --><\/p>\n","protected":false},"author":1,"featured_media":2960,"comment_status":"open","ping_status":"open","sticky":false,"template":"","format":"standard","meta":{"jetpack_post_was_ever_published":false,"_jetpack_newsletter_access":"","_jetpack_dont_email_post_to_subs":false,"_jetpack_newsletter_tier_id":0,"_jetpack_memberships_contains_paywalled_content":false,"_jetpack_memberships_contains_paid_content":false,"footnotes":""},"categories":[9,36],"tags":[56,537,574,13,163,164,17,575,44,53,58,168],"class_list":["post-2956","post","type-post","status-publish","format-standard","has-post-thumbnail","hentry","category-billets-dhumeur","category-ressources","tag-competences","tag-consultation","tag-equipement-personnel","tag-liberte-dexpression","tag-manuels","tag-manuels-numeriques","tag-publier","tag-resistance-au-changement","tag-smartphone","tag-socle-commun","tag-strategie-numerique","tag-terminaux-numeriques"],"jetpack_featured_media_url":"https:\/\/www.culture-numerique.fr\/wp-content\/uploads\/2015\/04\/7092952325_52f77ce829_b.jpg","jetpack_sharing_enabled":true,"_links":{"self":[{"href":"https:\/\/www.culture-numerique.fr\/index.php?rest_route=\/wp\/v2\/posts\/2956","targetHints":{"allow":["GET"]}}],"collection":[{"href":"https:\/\/www.culture-numerique.fr\/index.php?rest_route=\/wp\/v2\/posts"}],"about":[{"href":"https:\/\/www.culture-numerique.fr\/index.php?rest_route=\/wp\/v2\/types\/post"}],"author":[{"embeddable":true,"href":"https:\/\/www.culture-numerique.fr\/index.php?rest_route=\/wp\/v2\/users\/1"}],"replies":[{"embeddable":true,"href":"https:\/\/www.culture-numerique.fr\/index.php?rest_route=%2Fwp%2Fv2%2Fcomments&post=2956"}],"version-history":[{"count":26,"href":"https:\/\/www.culture-numerique.fr\/index.php?rest_route=\/wp\/v2\/posts\/2956\/revisions"}],"predecessor-version":[{"id":5257,"href":"https:\/\/www.culture-numerique.fr\/index.php?rest_route=\/wp\/v2\/posts\/2956\/revisions\/5257"}],"wp:featuredmedia":[{"embeddable":true,"href":"https:\/\/www.culture-numerique.fr\/index.php?rest_route=\/wp\/v2\/media\/2960"}],"wp:attachment":[{"href":"https:\/\/www.culture-numerique.fr\/index.php?rest_route=%2Fwp%2Fv2%2Fmedia&parent=2956"}],"wp:term":[{"taxonomy":"category","embeddable":true,"href":"https:\/\/www.culture-numerique.fr\/index.php?rest_route=%2Fwp%2Fv2%2Fcategories&post=2956"},{"taxonomy":"post_tag","embeddable":true,"href":"https:\/\/www.culture-numerique.fr\/index.php?rest_route=%2Fwp%2Fv2%2Ftags&post=2956"}],"curies":[{"name":"wp","href":"https:\/\/api.w.org\/{rel}","templated":true}]}}