{"id":2942,"date":"2015-04-01T18:56:22","date_gmt":"2015-04-01T16:56:22","guid":{"rendered":"http:\/\/www.culture-numerique.fr\/?p=2942"},"modified":"2017-12-23T21:00:59","modified_gmt":"2017-12-23T20:00:59","slug":"la-raison-et-leducation-plutot-que-le-mepris-la-censure-technique-et-la-repression","status":"publish","type":"post","link":"https:\/\/www.culture-numerique.fr\/?p=2942","title":{"rendered":"La raison et l&rsquo;\u00e9ducation plut\u00f4t que le m\u00e9pris, la censure technique et la r\u00e9pression"},"content":{"rendered":"<p><a href=\"http:\/\/www.culture-numerique.fr\/wp-content\/uploads\/2015\/04\/3453028954_22987a2af4_b.jpg\"><img loading=\"lazy\" decoding=\"async\" class=\"aligncenter size-full wp-image-2945\" src=\"http:\/\/www.culture-numerique.fr\/wp-content\/uploads\/2015\/04\/3453028954_22987a2af4_b.jpg\" alt=\"Perdre la raison\" width=\"1024\" height=\"768\" srcset=\"https:\/\/www.culture-numerique.fr\/wp-content\/uploads\/2015\/04\/3453028954_22987a2af4_b.jpg 1024w, https:\/\/www.culture-numerique.fr\/wp-content\/uploads\/2015\/04\/3453028954_22987a2af4_b-300x225.jpg 300w, https:\/\/www.culture-numerique.fr\/wp-content\/uploads\/2015\/04\/3453028954_22987a2af4_b-100x75.jpg 100w, https:\/\/www.culture-numerique.fr\/wp-content\/uploads\/2015\/04\/3453028954_22987a2af4_b-150x113.jpg 150w, https:\/\/www.culture-numerique.fr\/wp-content\/uploads\/2015\/04\/3453028954_22987a2af4_b-200x150.jpg 200w, https:\/\/www.culture-numerique.fr\/wp-content\/uploads\/2015\/04\/3453028954_22987a2af4_b-450x338.jpg 450w, https:\/\/www.culture-numerique.fr\/wp-content\/uploads\/2015\/04\/3453028954_22987a2af4_b-600x450.jpg 600w, https:\/\/www.culture-numerique.fr\/wp-content\/uploads\/2015\/04\/3453028954_22987a2af4_b-900x675.jpg 900w\" sizes=\"auto, (max-width: 1024px) 100vw, 1024px\" \/><\/a><\/p>\n<p><strong>Avertissement liminaire au lecteur<\/strong>\u00a0: bien qu&rsquo;il soit dat\u00e9 du premier avril, ce billet n&rsquo;est pas une blague. J&rsquo;ajoute que, contrairement au <a title=\"Num\u00e9rique et \u00e9cole\u00a0: non, non, tout devrait bien se passer\u2026\" href=\"http:\/\/www.culture-numerique.fr\/?p=2922\" target=\"_blank\" rel=\"noopener\">pr\u00e9c\u00e9dent<\/a>\u00a0(1), il doit \u00eatre lu au premier degr\u00e9. Je pr\u00e9f\u00e8re prendre mes pr\u00e9cautions. Revenons \u00e0 ce billet pr\u00e9c\u00e9dent dont la tonalit\u00e9, en effet \u2014\u00a0se r\u00e9f\u00e9rer aux commentaires\u00a0\u2014, n&rsquo;a pas toujours \u00e9t\u00e9 comprise. Cela me vaut de vous expliquer \u00e0 nouveau mon sentiment sur tous ces sujets.<\/p>\n<p>J&rsquo;y listais, rappelez-vous un certain nombre de difficult\u00e9s auxquelles l&rsquo;\u00e9cole \u00e9tait confront\u00e9e, \u00e0 cause notamment, mais pas seulement, de l&rsquo;importance prise par les pratiques num\u00e9riques des jeunes. Il s&rsquo;agissait dans l&rsquo;ordre des <strong>t\u00e9l\u00e9phones mobiles<\/strong> personnels, des <strong>pratiques sociales<\/strong> en ligne, des <strong>antis\u00e8ches<\/strong> en ligne, du <strong>plagiat<\/strong> et du <strong>copier-coller<\/strong>, des <strong>pratiques collaboratives<\/strong>, de la critique et de <strong>la contestation des savoirs<\/strong> magistraux, de l&rsquo;exercice de <strong>la libert\u00e9 d&rsquo;expression<\/strong>, du <strong>t\u00e9l\u00e9chargement<\/strong> d&rsquo;\u0153uvres culturelles, de la <strong>captation d&rsquo;images et de sons<\/strong> en classe. Ma liste s&rsquo;arr\u00eatait l\u00e0 mais j&rsquo;aurais pu continuer l&rsquo;inventaire tant ces pratiques nombreuses s&rsquo;imposent et paraissent iconoclastes, transgressives et insupportables de mani\u00e8re g\u00e9n\u00e9rale aux adultes.<\/p>\n<p>Dans mon langage emprunt\u00e9 \u00e0 la g\u00e9ologie, je parle habituellement des secousses telluriques (2) li\u00e9es \u00e0 la collision des plaques tectoniques que sont l&rsquo;\u00e9cole et le num\u00e9rique.<\/p>\n<p>De m\u00eame, j&rsquo;aurais pu continuer \u00e0 lister les d\u00e9g\u00e2ts collat\u00e9raux\u00a0: temps scolaires, espaces d&rsquo;apprentissage, modalit\u00e9s d&rsquo;enseigner, emploi du temps, transdisciplinarit\u00e9, \u00e9valuation, apprentissage de l&rsquo;\u00e9criture et saisie du texte, enseignement de la programmation et de l&rsquo;algorithmique, acquisition d&rsquo;une culture num\u00e9rique, modification des programmes, formation des ma\u00eetres, tri et validation de l&rsquo;information, services et missions des professeurs, missions de l&rsquo;encadrement, pilotage des \u00e9coles et \u00e9tablissements, vie scolaire\u2026<\/p>\n<blockquote><p>\u00ab\u00a0Je ne lui souhaite pas le pire. Je crois qu\u2019elle survivra \u00e0 tous ces chocs et qu\u2019on pourra la pr\u00e9server de tous ceux qui veulent sa peau. Mais, pour cela, il faut exercer sa raison, se mettre au travail tout de suite et proposer des r\u00e9ponses \u00e9ducatives. Avant le cycle des prochaines secousses\u2026\u00a0\u00bb<\/p><\/blockquote>\n<p>Ces mots concluaient le billet (2) en r\u00e9f\u00e9rence. <strong>Cela concernait l&rsquo;\u00e9cole et sa capacit\u00e9 \u00e0 exercer sa raison<\/strong>, cette raison dont je disais encore r\u00e9cemment que sa\u00a0pr\u00e9sence \u00e9mancipatrice et sa force sont une constante de l&rsquo;\u00e9cole (1). Mais c&rsquo;\u00e9tait ironique car je commence \u00e0 en douter beaucoup, et de plus en plus.<\/p>\n<p><strong><img loading=\"lazy\" decoding=\"async\" class=\" size-medium wp-image-1715 alignright\" src=\"http:\/\/www.culture-numerique.fr\/wp-content\/uploads\/2012\/06\/tumblr_m5b021Ee7T1r0uc0h-300x225.jpg\" alt=\"Photo en classe \" width=\"300\" height=\"225\" srcset=\"https:\/\/www.culture-numerique.fr\/wp-content\/uploads\/2012\/06\/tumblr_m5b021Ee7T1r0uc0h-300x225.jpg 300w, https:\/\/www.culture-numerique.fr\/wp-content\/uploads\/2012\/06\/tumblr_m5b021Ee7T1r0uc0h-100x75.jpg 100w, https:\/\/www.culture-numerique.fr\/wp-content\/uploads\/2012\/06\/tumblr_m5b021Ee7T1r0uc0h-150x112.jpg 150w, https:\/\/www.culture-numerique.fr\/wp-content\/uploads\/2012\/06\/tumblr_m5b021Ee7T1r0uc0h-200x150.jpg 200w, https:\/\/www.culture-numerique.fr\/wp-content\/uploads\/2012\/06\/tumblr_m5b021Ee7T1r0uc0h-450x337.jpg 450w, https:\/\/www.culture-numerique.fr\/wp-content\/uploads\/2012\/06\/tumblr_m5b021Ee7T1r0uc0h.jpg 500w\" sizes=\"auto, (max-width: 300px) 100vw, 300px\" \/>Pour vous en convaincre, je ne vais prendre qu&rsquo;un exemple<\/strong>\u00a0: celui des terminaux personnels des \u00e9l\u00e8ves appel\u00e9s, selon les cas, tablettes num\u00e9riques tactiles ou t\u00e9l\u00e9phones mobiles ou portables.<\/p>\n<p>Je ne vais pas sortir ma batterie de statistiques, lesquelles ont tendance \u00e0 changer tr\u00e8s vite \u00e0 ce sujet, dans le sens d&rsquo;une g\u00e9n\u00e9ralisation. Disons, pour simplifier, que tous les adultes en ont un dans la poche, que la tr\u00e8s tr\u00e8s grande majorit\u00e9 des \u00e9l\u00e8ves en ont un aussi \u00e0 15 ans, que la tr\u00e8s grande majorit\u00e9 de ces terminaux sont des smartphones et peuvent donc stocker des donn\u00e9es et y acc\u00e9der en ligne. Disons qu&rsquo;\u00e0 10 ans, la majorit\u00e9 des jeunes en poss\u00e8dent un aussi, \u00e0 commencer par les filles.<\/p>\n<p>Vous savez aussi que ces smartphones, que j&rsquo;aime appeler ordiphones (3), sont des concentr\u00e9s de technologie d&rsquo;une tr\u00e8s grande puissance. Ils savent maintenant tout faire et souvent mieux que les appareils sp\u00e9cialis\u00e9s. Ainsi, pour parler d&rsquo;un \u00e9quipement standard au lyc\u00e9e, les smartphones savent mieux calculer et tracer que la plupart des calculatrices utilis\u00e9es en math\u00e9matiques. Ainsi, il n&rsquo;y a pas plus simple et facile \u00e0 utiliser qu&rsquo;un smartphone pour prendre une photographie, tourner une courte s\u00e9quence vid\u00e9o, enregistrer un son. Bien des applications pr\u00e9sentes sur les smartphones et les tablettes\u00a0\u2014\u00a0il n&rsquo;est pas toujours ais\u00e9 de faire la diff\u00e9rence\u00a0\u2014 permettent ais\u00e9ment de saisir des notes, de les classer et de les stocker en ligne. Bien entendu, on acc\u00e8de \u00e0 toutes les ressources didactiques ouvertes con\u00e7ues pour \u00eatre consult\u00e9es de cette mani\u00e8re, comme \u00e0 l&rsquo;int\u00e9gralit\u00e9 du web, pourvu qu&rsquo;on dispose d&rsquo;une connexion au haut d\u00e9bit.<\/p>\n<p>Par nature, ces outils et les applications qu&rsquo;ils h\u00e9bergent <strong>facilitent le partage des ressources<\/strong>, de la connaissance et des productions personnelles et donc le travail collaboratif. Ils permettent <strong>un acc\u00e8s ais\u00e9\u00a0aux r\u00e9seaux sociaux<\/strong> pr\u00e9f\u00e9r\u00e9s dont on sait qu&rsquo;ils sont <strong>le vecteur commun\u00a0de la socialisation<\/strong> et de l&rsquo;appartenance \u00e0 des groupes d&rsquo;affinit\u00e9s ou de travail, d&rsquo;une part, un lieu de partage encore de l&rsquo;information et des savoirs d&rsquo;autre part.<\/p>\n<p>Le Suisse Jean-Claude Domenjoz <a href=\"http:\/\/www.hebdo.ch\/les-blogs\/domenjoz-jean-claude-blog-soci%C3%A9t%C3%A9\/faut-il-interdire-les-t%C3%A9l%C3%A9phones-et-tablettes-des-%C3%A9l%C3%A8ves\" target=\"_blank\" rel=\"noopener\">pose les bonnes questions<\/a>\u00a0:<\/p>\n<blockquote><p>\u00ab\u00a0Comment l\u2019\u00e9cole publique pourrait-elle rester en dehors de cette dynamique\u00a0? C\u2019est un d\u00e9fi et une chance de permettre notamment aux \u00e9l\u00e8ves d\u2019\u00eatre plus actifs et autonomes dans leur travail et leurs apprentissages. Comment l\u2019\u00e9cole pourrait-elle d\u00e9velopper efficacement la r\u00e9\ufb02exion sur les applications, les services, les contenus, les technologies de la communication et un regard critique sur leurs usages tout en en interdisant l\u2019utilisation\u00a0?\u00a0\u00bb<\/p><\/blockquote>\n<p>En priver les \u00e9l\u00e8ves est donc criminel. C&rsquo;est ce qui est pourtant arriv\u00e9 tout r\u00e9cemment\u00a0:\u00a0<a href=\"http:\/\/www.sudouest.fr\/2015\/03\/27\/libourne-cours-perturbes-au-lycee-max-linder-apres-l-agression-de-deux-professeurs-1873459-2780.php\" target=\"_blank\" rel=\"noopener\">des\u00a0professeurs bordelais ont \u00e9t\u00e9 s\u00e9questr\u00e9s et insult\u00e9s<\/a> pour avoir confisqu\u00e9 des\u00a0t\u00e9l\u00e9phones portables. C&rsquo;est ill\u00e9gal, certes, mais l\u00e9gitime disent les professeurs, assez peu d\u00e9fendus en l&rsquo;affaire par le chef d&rsquo;\u00e9tablissement. Tout cela est tr\u00e8s d\u00e9sagr\u00e9able et laisse un mauvais go\u00fbt dans la bouche, celui d&rsquo;un immense g\u00e2chis.<\/p>\n<p><strong>Il se produit des secousses telluriques de ce type tous les jours<\/strong> dans les coll\u00e8ges et lyc\u00e9es de ce pays. Jusqu&rsquo;\u00e0 quand\u00a0? La solution n&rsquo;est certainement pas de fermer les yeux ou de m\u00e9priser ces petits imb\u00e9ciles qui ne veulent pas travailler. La solution n&rsquo;est pas non plus de dresser des barri\u00e8res techniques en mettant des brouilleurs ou des cages de Faraday, comme certains y ont pens\u00e9\u00a0\u2014\u00a0si, si, je vous assure\u00a0!\u00a0\u2014, ou de censurer ou de filtrer drastiquement les contenus ou les connexions sur les r\u00e9seaux, comme \u00e7a se fait tous les jours un peu partout. La solution n&rsquo;est pas non plus la r\u00e9pression, par la confiscation ou les sanctions, comme ont tent\u00e9 de le faire les professeurs concern\u00e9s ci-dessus.<\/p>\n<p>La r\u00e9action des \u00e9l\u00e8ves, quoique inadmissible au regard des r\u00e8glements et des convenances, est tout \u00e0 fait compr\u00e9hensible.<\/p>\n<p><strong>Et si l&rsquo;\u00e9cole exer\u00e7ait enfin sa raison\u00a0?<\/strong> Et si l&rsquo;\u00e9cole commen\u00e7ait enfin \u00e0 prendre tout cela au s\u00e9rieux\u00a0? Et si <strong>autoriser de mani\u00e8re raisonnable<\/strong>, dans un premier temps, devenait possible plut\u00f4t que d&rsquo;interdire\u00a0? Et si <strong>encourager \u00e0 des pratiques en classe<\/strong> pour stimuler l&rsquo;activit\u00e9 et l&rsquo;autonomie \u00e9tait la solution\u00a0? Et si enfin on se pr\u00e9occupait de <strong>n\u00e9gocier des r\u00e8gles d&rsquo;usage raisonn\u00e9<\/strong> plut\u00f4t que d&rsquo;imposer des r\u00e8glements abscons, d\u00e9cal\u00e9s et surtout inapplicables\u00a0?<\/p>\n<p><strong>Et si l&rsquo;\u00e9cole exer\u00e7ait enfin sa raison, ce dont on la croyait plut\u00f4t pourtant bien pourvue\u00a0?<\/strong><\/p>\n<p>Michel Guillou\u00a0<a href=\"https:\/\/twitter.com\/michelguillou\" target=\"_blank\" rel=\"noopener\">@michelguillou<\/a><\/p>\n<p><a href=\"http:\/\/creativecommons.org\/licenses\/by-nc-sa\/2.0\/fr\/\" target=\"_blank\" rel=\"noopener\"><img loading=\"lazy\" decoding=\"async\" src=\"http:\/\/i.creativecommons.org\/l\/by-nc-sa\/2.0\/fr\/80x15.png\" alt=\"image\" width=\"80\" height=\"15\" \/><\/a><\/p>\n<p>Cr\u00e9dit photo\u00a0: via <a href=\"http:\/\/photopin.com\">photopin<\/a> <a href=\"https:\/\/creativecommons.org\/licenses\/by\/2.0\/\">(licence)<\/a><\/p>\n<p>1.\u00a0Num\u00e9rique et \u00e9cole\u00a0: non, non, tout devrait bien se passer\u2026\u00a0<a href=\"http:\/\/www.culture-numerique.fr\/?p=2922\" target=\"_blank\" rel=\"noopener\">http:\/\/www.culture-numerique.fr\/?p=2922<\/a><\/p>\n<p>2.\u00a0\u00c9ducation et num\u00e9rique\u00a0: les premi\u00e8res secousses telluriques\u00a0?\u00a0<a href=\"http:\/\/www.culture-numerique.fr\/?p=2417\" target=\"_blank\" rel=\"noopener\">http:\/\/www.culture-numerique.fr\/?p=2417<\/a><\/p>\n<p>3.\u00a0Sortez vos ordiphones\u00a0!\u00a0<a href=\"http:\/\/www.culture-numerique.fr\/?p=361\" target=\"_blank\" rel=\"noopener\">http:\/\/www.culture-numerique.fr\/?p=361<\/a><\/p>\n<p>[cite]<\/p>\n","protected":false},"excerpt":{"rendered":"<p><a href=\"http:\/\/www.culture-numerique.fr\/wp-content\/uploads\/2015\/04\/3453028954_22987a2af4_b.jpg\"><img loading=\"lazy\" decoding=\"async\" class=\"aligncenter size-full wp-image-2945\" src=\"http:\/\/www.culture-numerique.fr\/wp-content\/uploads\/2015\/04\/3453028954_22987a2af4_b.jpg\" alt=\"Perdre la raison\" width=\"1024\" height=\"768\" srcset=\"https:\/\/www.culture-numerique.fr\/wp-content\/uploads\/2015\/04\/3453028954_22987a2af4_b.jpg 1024w, https:\/\/www.culture-numerique.fr\/wp-content\/uploads\/2015\/04\/3453028954_22987a2af4_b-300x225.jpg 300w, https:\/\/www.culture-numerique.fr\/wp-content\/uploads\/2015\/04\/3453028954_22987a2af4_b-100x75.jpg 100w, https:\/\/www.culture-numerique.fr\/wp-content\/uploads\/2015\/04\/3453028954_22987a2af4_b-150x113.jpg 150w, https:\/\/www.culture-numerique.fr\/wp-content\/uploads\/2015\/04\/3453028954_22987a2af4_b-200x150.jpg 200w, https:\/\/www.culture-numerique.fr\/wp-content\/uploads\/2015\/04\/3453028954_22987a2af4_b-450x338.jpg 450w, https:\/\/www.culture-numerique.fr\/wp-content\/uploads\/2015\/04\/3453028954_22987a2af4_b-600x450.jpg 600w, https:\/\/www.culture-numerique.fr\/wp-content\/uploads\/2015\/04\/3453028954_22987a2af4_b-900x675.jpg 900w\" sizes=\"auto, (max-width: 1024px) 100vw, 1024px\" \/><\/a><\/p>\n<p><strong>Avertissement liminaire au lecteur<\/strong>\u00a0: bien qu&rsquo;il soit dat\u00e9 du premier avril, ce billet n&rsquo;est pas une blague. J&rsquo;ajoute que, contrairement au <a title=\"Num\u00e9rique et \u00e9cole\u00a0: non, non, tout devrait bien se passer\u2026\" href=\"http:\/\/www.culture-numerique.fr\/?p=2922\" target=\"_blank\" rel=\"noopener\">pr\u00e9c\u00e9dent<\/a>\u00a0(1), il doit \u00eatre lu au premier degr\u00e9.<\/p>\n<p><span class=\"ellipsis\">&hellip;<\/span><\/p>\n<div class=\"read-more\"><a href=\"https:\/\/www.culture-numerique.fr\/?p=2942\">Lire la suite &#8250;<\/a><\/div>\n<p><!-- end of .read-more --><\/p>\n","protected":false},"author":1,"featured_media":2945,"comment_status":"open","ping_status":"open","sticky":false,"template":"","format":"standard","meta":{"jetpack_post_was_ever_published":false,"_jetpack_newsletter_access":"","_jetpack_dont_email_post_to_subs":false,"_jetpack_newsletter_tier_id":0,"_jetpack_memberships_contains_paywalled_content":false,"_jetpack_memberships_contains_paid_content":false,"footnotes":""},"categories":[9],"tags":[14,514,573,66,570,569,571,2,43,11,245,512,44,349,572],"class_list":["post-2942","post","type-post","status-publish","format-standard","has-post-thumbnail","hentry","category-billets-dhumeur","tag-censure","tag-collision","tag-degats-collateraux","tag-ecole-numerique","tag-indifference","tag-mepris","tag-negociation","tag-numerique","tag-ordiphone","tag-raison","tag-repression","tag-secousses","tag-smartphone","tag-tectonique","tag-usages-raisonnes"],"jetpack_featured_media_url":"https:\/\/www.culture-numerique.fr\/wp-content\/uploads\/2015\/04\/3453028954_22987a2af4_b.jpg","jetpack_sharing_enabled":true,"_links":{"self":[{"href":"https:\/\/www.culture-numerique.fr\/index.php?rest_route=\/wp\/v2\/posts\/2942","targetHints":{"allow":["GET"]}}],"collection":[{"href":"https:\/\/www.culture-numerique.fr\/index.php?rest_route=\/wp\/v2\/posts"}],"about":[{"href":"https:\/\/www.culture-numerique.fr\/index.php?rest_route=\/wp\/v2\/types\/post"}],"author":[{"embeddable":true,"href":"https:\/\/www.culture-numerique.fr\/index.php?rest_route=\/wp\/v2\/users\/1"}],"replies":[{"embeddable":true,"href":"https:\/\/www.culture-numerique.fr\/index.php?rest_route=%2Fwp%2Fv2%2Fcomments&post=2942"}],"version-history":[{"count":13,"href":"https:\/\/www.culture-numerique.fr\/index.php?rest_route=\/wp\/v2\/posts\/2942\/revisions"}],"predecessor-version":[{"id":7385,"href":"https:\/\/www.culture-numerique.fr\/index.php?rest_route=\/wp\/v2\/posts\/2942\/revisions\/7385"}],"wp:featuredmedia":[{"embeddable":true,"href":"https:\/\/www.culture-numerique.fr\/index.php?rest_route=\/wp\/v2\/media\/2945"}],"wp:attachment":[{"href":"https:\/\/www.culture-numerique.fr\/index.php?rest_route=%2Fwp%2Fv2%2Fmedia&parent=2942"}],"wp:term":[{"taxonomy":"category","embeddable":true,"href":"https:\/\/www.culture-numerique.fr\/index.php?rest_route=%2Fwp%2Fv2%2Fcategories&post=2942"},{"taxonomy":"post_tag","embeddable":true,"href":"https:\/\/www.culture-numerique.fr\/index.php?rest_route=%2Fwp%2Fv2%2Ftags&post=2942"}],"curies":[{"name":"wp","href":"https:\/\/api.w.org\/{rel}","templated":true}]}}