{"id":293,"date":"2013-05-24T13:27:18","date_gmt":"2013-05-24T11:27:18","guid":{"rendered":"http:\/\/www.culture-numerique.fr\/?p=293"},"modified":"2016-08-03T22:44:07","modified_gmt":"2016-08-03T20:44:07","slug":"leducation-aux-medias-entre-dilution-et-convergences","status":"publish","type":"post","link":"https:\/\/www.culture-numerique.fr\/?p=293","title":{"rendered":"L\u2019\u00e9ducation aux m\u00e9dias entre dilution et convergences"},"content":{"rendered":"<p style=\"text-align: center;\"><a href=\"http:\/\/www.culture-numerique.fr\/wp-content\/uploads\/2014\/04\/medium_4464938781.jpg\"><img loading=\"lazy\" decoding=\"async\" class=\"wp-image-294 aligncenter\" src=\"http:\/\/www.culture-numerique.fr\/wp-content\/uploads\/2014\/04\/medium_4464938781.jpg\" alt=\"T\u00e9loche\" width=\"839\" height=\"559\" srcset=\"https:\/\/www.culture-numerique.fr\/wp-content\/uploads\/2014\/04\/medium_4464938781.jpg 500w, https:\/\/www.culture-numerique.fr\/wp-content\/uploads\/2014\/04\/medium_4464938781-300x199.jpg 300w, https:\/\/www.culture-numerique.fr\/wp-content\/uploads\/2014\/04\/medium_4464938781-100x66.jpg 100w, https:\/\/www.culture-numerique.fr\/wp-content\/uploads\/2014\/04\/medium_4464938781-150x99.jpg 150w, https:\/\/www.culture-numerique.fr\/wp-content\/uploads\/2014\/04\/medium_4464938781-200x133.jpg 200w, https:\/\/www.culture-numerique.fr\/wp-content\/uploads\/2014\/04\/medium_4464938781-450x299.jpg 450w\" sizes=\"auto, (max-width: 839px) 100vw, 839px\" \/><\/a><\/p>\n<p><strong>Je n\u2019ai pu suivre<\/strong>\u00a0que tr\u00e8s partiellement et \u00e0 distance, via Twitter et les riches et passionn\u00e9s commentaires, d\u2019une part, via le flux vid\u00e9o propos\u00e9 sur les conf\u00e9rences et tables rondes, d\u2019autre part, les d\u00e9bats du\u00a0<a href=\"http:\/\/emiconf-2013.ens-lyon.fr\/\" target=\"_blank\">r\u00e9cent colloque<\/a>\u00a0\u00ab<strong>Cultures num\u00e9riques, \u00e9ducation aux m\u00e9dias et \u00e0 l\u2019information<\/strong>\u00a0\u00bb\u00a0qui s\u2019est d\u00e9roul\u00e9 \u00e0 Lyon.<\/p>\n<p>Le\u00a0<a href=\"http:\/\/www.clemi.org\/\" target=\"_blank\">Clemi<\/a>, qui a peut-\u00eatre \u00e9t\u00e9 sollicit\u00e9\u00a0par la Dgesco\u00a0\u00e0 l\u2019\u00e9laboration du programme de ce stage du Plan national de formation, n\u2019est pas partenaire et n\u2019en parle pas. Nulle part. Le\u00a0<a href=\"https:\/\/twitter.com\/InfodocClemi\" target=\"_blank\">compte officiel Twitter<\/a>\u00a0des documentalistes du Clemi ne dit pas un mot de l\u2019\u00e9v\u00e9nement.<\/p>\n<p>Heureusement, fort heureusement, pour ceux qui, comme moi, n\u2019ont pas pu se d\u00e9placer, l\u2019encadrement et le suivi de cet \u00e9v\u00e9nement \u00e9taient assur\u00e9s, par exemple, par\u00a0:<\/p>\n<ul>\n<li>en amont de l\u2019\u00e9v\u00e9nement, un\u00a0<a href=\"http:\/\/www.educavox.fr\/actualite\/debats\/article\/l-age-du-capitaine\" target=\"_blank\">article<\/a>\u00a0de Jean Agn\u00e8s sur Educavox<\/li>\n<li>le remarquable travail en 3 volets,\u00a0<a href=\"http:\/\/storify.com\/2vanssay\/cultures-numeriques-education-aux-medias-et-a-l-in\" target=\"_blank\">l\u00e0<\/a>,\u00a0<a href=\"http:\/\/storify.com\/2vanssay\/cultures-numeriques-education-aux-medias-et-a-l-in-1\" target=\"_blank\">l\u00e0<\/a>\u00a0et\u00a0<a href=\"http:\/\/storify.com\/2vanssay\/cultures-numeriques-education-aux-medias-et-a-l-in-2\" target=\"_blank\">l\u00e0<\/a>,\u00a0de St\u00e9phanie de Vanssay qui a rassemble sur Storify les tweets, images, photos et, bient\u00f4t peut-\u00eatre, vid\u00e9os de ces deux jours\u00a0;<\/li>\n<li>aujourd\u2019hui-m\u00eame, un\u00a0<a href=\"http:\/\/www.culturedel.info\/cactusacide\/?p=7435\" target=\"_blank\">papier<\/a>\u00a0de Gildas Dimier qui attend le printemps d\u2019une hypoth\u00e9tique convergence.<\/li>\n<\/ul>\n<p>Jean Agn\u00e8s, \u00e0 la lecture du programme, regrettait, comme il en a l\u2019habitude, l\u2019<strong>absence d\u2019historicit\u00e9<\/strong>. Si on peut lui accorder que certaines relectures et certaines recherches d\u2019hier seraient profitables pour faire avancer aujourd\u2019hui l\u2019\u00e9ducation aux m\u00e9dias et la r\u00e9flexion \u00e0 ce sujet, je pense, pour ma part, qu\u2019il devient n\u00e9cessaire de faire le tri et qu\u2019il y a bien des choses qu\u2019il convient d\u2019oublier. Par ailleurs, le num\u00e9rique a si profond\u00e9ment chang\u00e9 la donne qu\u2019une nouvelle r\u00e9flexion sur le sujet peut trouver avantage \u00e0 s\u2019\u00e9clairer des \u00e9volutions radicales des premi\u00e8res ann\u00e9es de ce nouveau mill\u00e9naire, \u00e9volutions qui ont profond\u00e9ment chang\u00e9 les m\u00e9dias eux-m\u00eames et les rapport des citoyens \u00e0 ces derniers et aux messages qu\u2019ils transportent.<\/p>\n<p>Pour ma part, et ce blog peut en t\u00e9moigner, j\u2019ai toujours volontairement confondu mon engagement dans ces deux domaines, celui de la culture num\u00e9rique et celui de l\u2019\u00e9ducation aux m\u00e9dias, persuad\u00e9 que l\u2019une et l\u2019autre trouvaient avantage \u00e0 s\u2019\u00e9clairer de leurs r\u00e9f\u00e9rences r\u00e9ciproques, lesquelles ayant par ailleurs une tendance furieuse \u00e0 se rapprocher et \u00e0 se confondre.<\/p>\n<p>Dans mon esprit, le rapprochement propos\u00e9 \u00e0 Lyon des cultures num\u00e9riques et de l\u2019\u00e9ducation aux m\u00e9dias est donc \u00e0 la fois naturel et n\u00e9cessaire.<\/p>\n<p>Jean Agn\u00e8s et Gildas Dimier s\u2019opposent sur ce point, comme sur celui du rapprochement avec l\u2019\u00e9ducation \u00e0 l\u2019information. L\u00e0 o\u00f9 le premier ne voit que\u00a0<strong>dilution<\/strong>, le premier observe des\u00a0<strong>convergences<\/strong>.<\/p>\n<p>Ils se trompent l\u2019un et l\u2019autre. \u00c0 \u00e9couter les prises de parole du premier jour, \u00e0 observer aussi la composition et l\u2019organisation des tables rondes, il n\u2019y a pas dilution et je n\u2019ai pas vu la queue d\u2019une convergence, pour ma part. Bien au contraire, j\u2019ai entendu plus de communications juxtapos\u00e9es, disjointes, que de v\u00e9ritables \u00e9changes et je n\u2019ai gu\u00e8re vu non plus de volont\u00e9 de partager des objectifs communs. M\u00eame en prenant son temps, on est encore tr\u00e8s loin de l\u2019\u00ab\u00a0<strong>humanisme num\u00e9rique<\/strong>\u00a0\u00bb ou de la \u00ab\u00a0<strong>translitt\u00e9ratie<\/strong>\u00a0\u00bb que Gildas Dimier appelle de ses v\u0153ux..<\/p>\n<p>Ainsi, la question de l\u2019\u00e9ducation \u00e0 l\u2019information a \u00e9t\u00e9 trait\u00e9e de mani\u00e8re verticale et d\u2019ailleurs diff\u00e9rente selon les tables rondes. Sur l\u2019une d\u2019entre elles, on a trait\u00e9 d\u2019information \u00e0 la mani\u00e8re des scientifiques et des informaticiens, ce qui a permis \u00e0 Serge Abitboul, qui n\u2019a d\u00e9cid\u00e9ment rien compris au num\u00e9rique et \u00e0 l\u2019\u00e9ducation aux m\u00e9dias, de r\u00e9clamer une nouvelle fois, hors sujet, qu\u2019on enseigne l\u2019informatique \u00e0 l\u2019\u00e9cole. Sur l\u2019autre, on a \u00e9voqu\u00e9 \u2014 c\u2019est ce que j\u2019en ai compris car c\u2019\u00e9tait fort confus \u2014 l\u2019\u00e9ducation \u00e0 l\u2019information comme \u00e9ducation \u00e0 la culture informationnelle, ainsi que le comprennent et l\u2019enseignent les professeurs documentalistes.<\/p>\n<p>Concernant les cultures num\u00e9riques et l\u2019EMI, puisque ce sigle semble s\u2019imposer \u2014\u00a0<a href=\"http:\/\/gingko.neottia.net\/post\/30592342432\/mitic\" target=\"_blank\">rappelez-vous<\/a>, nos amis suisses parlent de MITIC \u2014 la question n\u2019est \u00e9videmment pas r\u00e9gl\u00e9e de son enseignement, de qui s\u2019y colle et si d\u2019aventure \u2014 on en saura peut-\u00eatre plus le 10 juin\u00a0\u2014, comme je l\u2019ai propos\u00e9 dans\u00a0<a href=\"http:\/\/gingko.neottia.net\/post\/19957451439\/eduquer-aux-medias-numeriques-mais-qui-va-sen\" target=\"_blank\">ce billet<\/a>, les professeurs documentalistes seront en premi\u00e8re ligne.<\/p>\n<p>Deux mots pour le reste. Hors ateliers, ont \u00e9t\u00e9 invit\u00e9s vingt-sept conf\u00e9renciers ou participants \u00e0 des tables rondes. Parmi eux, il y a avait, tenez-vous bien\u2026 un journaliste, un seul, Xavier de la Porte. \u00a0 Dommage\u00a0!<\/p>\n<blockquote class=\"twitter-tweet\" data-width=\"550\" data-dnt=\"true\">\n<p lang=\"fr\" dir=\"ltr\"><a href=\"https:\/\/twitter.com\/hashtag\/emiconf2013?src=hash&amp;ref_src=twsrc%5Etfw\">#emiconf2013<\/a> Je r\u00e9p\u00e8te <a href=\"https:\/\/twitter.com\/xporte?ref_src=twsrc%5Etfw\">@xporte<\/a> ne cesse de poser les bonnes questions sur la culture num\u00e9rique et son enseignement<\/p>\n<p>&mdash; Michel Guillou \ud83c\udf31 (@michelguillou) <a href=\"https:\/\/twitter.com\/michelguillou\/status\/336787777914040320?ref_src=twsrc%5Etfw\">May 21, 2013<\/a><\/p><\/blockquote>\n<p><script async src=\"https:\/\/platform.twitter.com\/widgets.js\" charset=\"utf-8\"><\/script><\/p>\n<p>Comme d\u2019habitude aussi, on a longuement dissert\u00e9 sur les usages des jeunes sans en inviter un seul\u2026 L\u2019occasion \u00e9tait trop belle alors pour un chef d\u2019\u00e9tablissement qui donnait son avis, dans la salle, d\u2019en dire le plus grand mal et de d\u00e9clarer\u00a0<strong>futiles<\/strong>\u00a0leurs usages num\u00e9riques sociaux. Sic. Il fallait oser, dans ce cadre\u00a0! Je n\u2019\u00e9tais pas dans la salle mais je n\u2019ai gu\u00e8re entendu de remarques r\u00e9probatrices\u2026 La consternation, peut-\u00eatre\u2026<\/p>\n<p>On a entendu aussi, la premi\u00e8re matin\u00e9e, l\u2019intervention liminaire larmoyante, \u00e9reint\u00e9e, bavarde, d\u00e9cal\u00e9e \u2014 \u00e0 l\u2019\u00e9vidence, il n\u2019avait aucune connaissance, m\u00eame partielle, de ce dont il parlait \u00e0 propos du num\u00e9rique et des usages m\u00e9diatiques sociaux \u2014 du doyen de l\u2019Inspection g\u00e9n\u00e9rale, Jean-Yves Daniel. Sans commentaires.<\/p>\n<blockquote class=\"twitter-tweet\" data-width=\"550\" data-dnt=\"true\">\n<p lang=\"fr\" dir=\"ltr\"><a href=\"https:\/\/twitter.com\/hashtag\/emiconf2013?src=hash&amp;ref_src=twsrc%5Etfw\">#emiconf2013<\/a> Les mod\u00e8les de r\u00e9flexion sur l&#39;\u00e9ducation aux m\u00e9dias et \u00e0 l&#39;info que j&#39;entends datent encore du mill\u00e9naire pr\u00e9c\u00e9dent<\/p>\n<p>&mdash; Michel Guillou \ud83c\udf31 (@michelguillou) <a href=\"https:\/\/twitter.com\/michelguillou\/status\/336779600640229376?ref_src=twsrc%5Etfw\">May 21, 2013<\/a><\/p><\/blockquote>\n<p><script async src=\"https:\/\/platform.twitter.com\/widgets.js\" charset=\"utf-8\"><\/script><\/p>\n<p>Bon, j\u2019ai entendu dire que les ateliers et la deuxi\u00e8me journ\u00e9e avaient \u00e9t\u00e9 plus int\u00e9ressants et que les \u00e9changes ont enfin permis d\u2019avancer quelque peu. Pourtant\u00a0:<\/p>\n<blockquote class=\"twitter-tweet\" data-width=\"550\" data-dnt=\"true\">\n<p lang=\"fr\" dir=\"ltr\"><a href=\"https:\/\/twitter.com\/hashtag\/emiconf2013?src=hash&amp;ref_src=twsrc%5Etfw\">#emiconf2013<\/a> c&#39;est fini. Les discours de cl\u00f4ture laissent une impression frustrante d&#39;autosatisfaction g\u00e9n\u00e9rale.  Pourtant tout est \u00e0 faire!<\/p>\n<p>&mdash; Perrine Le D\u00fbs (@perrineld) <a href=\"https:\/\/twitter.com\/perrineld\/status\/337223725839695874?ref_src=twsrc%5Etfw\">May 22, 2013<\/a><\/p><\/blockquote>\n<p><script async src=\"https:\/\/platform.twitter.com\/widgets.js\" charset=\"utf-8\"><\/script><\/p>\n<p>Tout reste \u00e0 faire, en effet. Je vous en reparle d\u00e8s qu\u2019on en sait plus. Peut-\u00eatre d\u00e8s le 10 juin au soir\u2026 Histoire de savoir si l\u2019\u00e9ducation aux m\u00e9dias \u00e0 la sauce Peillon aura un autre go\u00fbt que l\u2019\u00e9ducation aux m\u00e9dias \u00e0 la\u00a0<a href=\"http:\/\/gingko.neottia.net\/post\/50458052144\/leducation-aux-medias-a-la-sauce-lescure\" target=\"_blank\">sauce Lescure<\/a>.<\/p>\n<p>Michel Guillou @michelguillou<\/p>\n<p><a href=\"http:\/\/creativecommons.org\/licenses\/by-nc-sa\/2.0\/fr\/\" target=\"_blank\"><img loading=\"lazy\" decoding=\"async\" src=\"http:\/\/i.creativecommons.org\/l\/by-nc-sa\/2.0\/fr\/80x15.png\" alt=\"image\" width=\"80\" height=\"15\" \/><\/a><\/p>\n<p>Cr\u00e9dit photo\u00a0:\u00a0<a href=\"http:\/\/www.flickr.com\/photos\/liloueve\/4464938781\/\" target=\"_blank\">Clapagar\u00e9\u00a0! (Les chiquitos)<\/a>\u00a0via\u00a0<a href=\"http:\/\/photopin.com\/\" target=\"_blank\">photopin<\/a>\u00a0<a href=\"http:\/\/creativecommons.org\/licenses\/by-nc-sa\/2.0\/\" target=\"_blank\">cc<\/a><\/p>\n<p>&nbsp;<\/p>\n","protected":false},"excerpt":{"rendered":"<p style=\"text-align: center;\"><a href=\"http:\/\/www.culture-numerique.fr\/wp-content\/uploads\/2014\/04\/medium_4464938781.jpg\"><img loading=\"lazy\" decoding=\"async\" class=\"wp-image-294 aligncenter\" src=\"http:\/\/www.culture-numerique.fr\/wp-content\/uploads\/2014\/04\/medium_4464938781.jpg\" alt=\"T\u00e9loche\" width=\"839\" height=\"559\" srcset=\"https:\/\/www.culture-numerique.fr\/wp-content\/uploads\/2014\/04\/medium_4464938781.jpg 500w, https:\/\/www.culture-numerique.fr\/wp-content\/uploads\/2014\/04\/medium_4464938781-300x199.jpg 300w, https:\/\/www.culture-numerique.fr\/wp-content\/uploads\/2014\/04\/medium_4464938781-100x66.jpg 100w, https:\/\/www.culture-numerique.fr\/wp-content\/uploads\/2014\/04\/medium_4464938781-150x99.jpg 150w, https:\/\/www.culture-numerique.fr\/wp-content\/uploads\/2014\/04\/medium_4464938781-200x133.jpg 200w, https:\/\/www.culture-numerique.fr\/wp-content\/uploads\/2014\/04\/medium_4464938781-450x299.jpg 450w\" sizes=\"auto, (max-width: 839px) 100vw, 839px\" \/><\/a><\/p>\n<p><strong>Je n\u2019ai pu suivre<\/strong>\u00a0que tr\u00e8s partiellement et \u00e0 distance, via Twitter et les riches et passionn\u00e9s commentaires, d\u2019une part, via le flux vid\u00e9o propos\u00e9 sur les conf\u00e9rences et tables rondes, d\u2019autre part,<\/p>\n<p><span class=\"ellipsis\">&hellip;<\/span><\/p>\n<div class=\"read-more\"><a href=\"https:\/\/www.culture-numerique.fr\/?p=293\">Lire la suite &#8250;<\/a><\/div>\n<p><!-- end of .read-more --><\/p>\n","protected":false},"author":1,"featured_media":294,"comment_status":"open","ping_status":"open","sticky":false,"template":"","format":"standard","meta":{"jetpack_post_was_ever_published":false,"_jetpack_newsletter_access":"","_jetpack_dont_email_post_to_subs":false,"_jetpack_newsletter_tier_id":0,"_jetpack_memberships_contains_paywalled_content":false,"_jetpack_memberships_contains_paid_content":false,"footnotes":""},"categories":[9],"tags":[144,52,111,209,207,208,2,4],"class_list":["post-293","post","type-post","status-publish","format-standard","has-post-thumbnail","hentry","category-billets-dhumeur","tag-culture-informationnelle","tag-culture-numerique","tag-education-aux-medias","tag-information","tag-medias","tag-medias-numeriques","tag-numerique","tag-numerique-educatif"],"jetpack_featured_media_url":"https:\/\/www.culture-numerique.fr\/wp-content\/uploads\/2014\/04\/medium_4464938781.jpg","jetpack_sharing_enabled":true,"_links":{"self":[{"href":"https:\/\/www.culture-numerique.fr\/index.php?rest_route=\/wp\/v2\/posts\/293","targetHints":{"allow":["GET"]}}],"collection":[{"href":"https:\/\/www.culture-numerique.fr\/index.php?rest_route=\/wp\/v2\/posts"}],"about":[{"href":"https:\/\/www.culture-numerique.fr\/index.php?rest_route=\/wp\/v2\/types\/post"}],"author":[{"embeddable":true,"href":"https:\/\/www.culture-numerique.fr\/index.php?rest_route=\/wp\/v2\/users\/1"}],"replies":[{"embeddable":true,"href":"https:\/\/www.culture-numerique.fr\/index.php?rest_route=%2Fwp%2Fv2%2Fcomments&post=293"}],"version-history":[{"count":4,"href":"https:\/\/www.culture-numerique.fr\/index.php?rest_route=\/wp\/v2\/posts\/293\/revisions"}],"predecessor-version":[{"id":5211,"href":"https:\/\/www.culture-numerique.fr\/index.php?rest_route=\/wp\/v2\/posts\/293\/revisions\/5211"}],"wp:featuredmedia":[{"embeddable":true,"href":"https:\/\/www.culture-numerique.fr\/index.php?rest_route=\/wp\/v2\/media\/294"}],"wp:attachment":[{"href":"https:\/\/www.culture-numerique.fr\/index.php?rest_route=%2Fwp%2Fv2%2Fmedia&parent=293"}],"wp:term":[{"taxonomy":"category","embeddable":true,"href":"https:\/\/www.culture-numerique.fr\/index.php?rest_route=%2Fwp%2Fv2%2Fcategories&post=293"},{"taxonomy":"post_tag","embeddable":true,"href":"https:\/\/www.culture-numerique.fr\/index.php?rest_route=%2Fwp%2Fv2%2Ftags&post=293"}],"curies":[{"name":"wp","href":"https:\/\/api.w.org\/{rel}","templated":true}]}}