{"id":2922,"date":"2015-03-30T18:08:04","date_gmt":"2015-03-30T16:08:04","guid":{"rendered":"http:\/\/www.culture-numerique.fr\/?p=2922"},"modified":"2015-03-31T09:38:22","modified_gmt":"2015-03-31T07:38:22","slug":"numerique-et-ecole-non-non-tout-devrait-bien-se-passer","status":"publish","type":"post","link":"https:\/\/www.culture-numerique.fr\/?p=2922","title":{"rendered":"Num\u00e9rique et \u00e9cole\u00a0: non, non, tout devrait bien se passer\u2026"},"content":{"rendered":"<p><a href=\"http:\/\/www.culture-numerique.fr\/wp-content\/uploads\/2015\/03\/7040687059_24b8061506_b.jpg\"><img loading=\"lazy\" decoding=\"async\" class=\"aligncenter size-full wp-image-2927\" src=\"http:\/\/www.culture-numerique.fr\/wp-content\/uploads\/2015\/03\/7040687059_24b8061506_b.jpg\" alt=\"Pink\" width=\"1024\" height=\"683\" srcset=\"https:\/\/www.culture-numerique.fr\/wp-content\/uploads\/2015\/03\/7040687059_24b8061506_b.jpg 1024w, https:\/\/www.culture-numerique.fr\/wp-content\/uploads\/2015\/03\/7040687059_24b8061506_b-300x200.jpg 300w, https:\/\/www.culture-numerique.fr\/wp-content\/uploads\/2015\/03\/7040687059_24b8061506_b-100x67.jpg 100w, https:\/\/www.culture-numerique.fr\/wp-content\/uploads\/2015\/03\/7040687059_24b8061506_b-150x100.jpg 150w, https:\/\/www.culture-numerique.fr\/wp-content\/uploads\/2015\/03\/7040687059_24b8061506_b-200x133.jpg 200w, https:\/\/www.culture-numerique.fr\/wp-content\/uploads\/2015\/03\/7040687059_24b8061506_b-450x300.jpg 450w, https:\/\/www.culture-numerique.fr\/wp-content\/uploads\/2015\/03\/7040687059_24b8061506_b-600x400.jpg 600w, https:\/\/www.culture-numerique.fr\/wp-content\/uploads\/2015\/03\/7040687059_24b8061506_b-900x600.jpg 900w\" sizes=\"auto, (max-width: 1024px) 100vw, 1024px\" \/><\/a><\/p>\n<p><strong>Apr\u00e8s tout, n&rsquo;est-ce pas, il n&rsquo;y a pas de raison d&rsquo;\u00eatre inquiet\u2026<\/strong> Les grognons et les f\u00e2cheux ne cessent de nous alarmer, mena\u00e7ant, vitup\u00e9rant, ressassant leurs alertes intempestives, brandissant leurs obscurantistes calicots. On n&rsquo;entend plus qu&rsquo;eux et, en effet, il y aurait, \u00e0 les entendre, de quoi fortement s&rsquo;inqui\u00e9ter si la raison, dont la pr\u00e9sence \u00e9mancipatrice et la force sont une constante de l&rsquo;\u00e9cole, ne nous conduisait pas \u00e0 adopter \u00e0 leur \u00e9gard l&rsquo;attitude indiff\u00e9rente et m\u00e9prisante qu&rsquo;ils m\u00e9ritent.<\/p>\n<p>Ainsi pourquoi faudrait-il s&rsquo;inqui\u00e9ter du fait que des \u00e9l\u00e8ves frappent et s\u00e9questrent leurs professeurs et leurs conseillers d&rsquo;\u00e9ducation au pr\u00e9texte futile que <strong>ces derniers leur auraient confisqu\u00e9 leurs t\u00e9l\u00e9phones mobiles<\/strong>\u00a0? Aucune raison de s&rsquo;inqui\u00e9ter en effet, les r\u00e8glements int\u00e9rieurs et l&rsquo;attitude g\u00e9n\u00e9ralement bienveillante des chefs d&rsquo;\u00e9tablissement permettant de mettre un peu de baume au c\u0153ur de ces enseignants d\u00e9sar\u00e7onn\u00e9s\u2026<\/p>\n<p>Pourquoi faudrait-il s&rsquo;inqui\u00e9ter du fait que les \u00e9l\u00e8ves tentent, par tous les moyens, de transgresser les consignes, les interdits et autres dispositifs techniques pour <strong>acc\u00e9der, malgr\u00e9 tout, \u00e0 leurs r\u00e9seaux sociaux favoris<\/strong>, en toutes circonstances, sur leurs propres appareils ou sur les ordinateurs en classe ou dans les centres documentaires\u00a0? Il n&rsquo;y a aucune raison de s&rsquo;alarmer d&rsquo;un tel comportement, leurs tentatives seront vaines, de toutes fa\u00e7ons, les filtres sont efficaces\u2026<\/p>\n<p>Pourquoi faudrait s&rsquo;inqui\u00e9ter aussi du fait que les \u00e9l\u00e8ves tentent d&rsquo;acc\u00e9der, \u00e0 l&rsquo;occasion des contr\u00f4les ou des examens, <strong>aux donn\u00e9es qu&rsquo;ils ont stock\u00e9es<\/strong> ou qui sont disponibles en ligne\u00a0? Il y a fort heureusement des brouilleurs pour d\u00e9tecter les tentatives de ce genre et les surveillants ont l&rsquo;\u0153il\u2026<\/p>\n<p>Pourquoi donc faudrait-il s&rsquo;inqui\u00e9ter du fait que les \u00e9l\u00e8ves recopient, en r\u00e9ponse aux questions qu&rsquo;on leur pose, <strong>des paragraphes entiers trouv\u00e9s sur Internet<\/strong>, dans Wikip\u00e9dia ou ailleurs\u00a0? S&rsquo;ils continuent \u00e0 le faire, on leur mettra z\u00e9ro, c&rsquo;est simple \u00e0 r\u00e9soudre\u2026<\/p>\n<p>Pourquoi s&rsquo;inqui\u00e9ter encore du fait que les m\u00eames \u00e9l\u00e8ves <strong>s&rsquo;obstinent \u00e0 vouloir collaborer<\/strong>, construire des savoirs partag\u00e9s et fournir des r\u00e9ponses collectives alors que l&rsquo;\u00e9valuation qui leur est propos\u00e9e est individuelle\u00a0? La r\u00e9ponse est simple, voir le paragraphe pr\u00e9c\u00e9dent\u2026<\/p>\n<p>Pourquoi chercher de nouveau une source d&rsquo;inqui\u00e9tude dans le fait que les \u00e9l\u00e8ves sont aujourd&rsquo;hui en capacit\u00e9 d&rsquo;acc\u00e9der \u00e0 un volume de connaissances au moins \u00e9gal \u00e0 celui de leurs ma\u00eetres\u00a0? Ou encore qu&rsquo;ils soient <strong>capables de v\u00e9rifier en permanence ce que ces derniers leur disent<\/strong>\u00a0? Ou qu&rsquo;ils disposent parfois de comp\u00e9tences techniques voire soci\u00e9tales sup\u00e9rieures et bien plus affin\u00e9es\u00a0? Aucune inqui\u00e9tude \u00e0 avoir, tout \u00e7a ne sont qu&rsquo;\u00e9piph\u00e9nom\u00e8nes qui vont peu \u00e0 peu se r\u00e9guler\u2026<\/p>\n<p>Pourquoi s&rsquo;inqui\u00e9ter du fait que les \u00e9l\u00e8ves exercent, sur des blogues en ligne ou sur les r\u00e9seaux sociaux, leur droit \u00e0 s&rsquo;exprimer, comme on le leur recommande d&rsquo;ailleurs, mais de mani\u00e8re parfois anarchique et fort peu respectueuse des hommes et des institutions\u00a0? Pourquoi s&rsquo;inqui\u00e9ter <strong>qu&rsquo;ils donnent leur opinion \u00e0 tout propos<\/strong>\u00a0? Ils connaissent parfaitement les limites l\u00e9gales qui sont assign\u00e9es \u00e0 cette libert\u00e9 et n&rsquo;en abuseront pas, c&rsquo;est une certitude\u2026<\/p>\n<p>Pourquoi s&rsquo;inqui\u00e9ter dans le fait que les jeunes, les \u00e9l\u00e8ves, <strong>t\u00e9l\u00e9chargent des produits culturels<\/strong> en masse pour les partager et nourrir leurs \u00e9changes et la r\u00e9flexion en ligne, s&rsquo;appropriant ainsi la culture, l&rsquo;information et la connaissance, au m\u00e9pris des droits imm\u00e9moriaux des auteurs et autres ayants droit. Ces pratiques honteuses cesseront sit\u00f4t que la loi sera expliqu\u00e9e\u2026<\/p>\n<p>Pourquoi faudrait-il s&rsquo;inqui\u00e9ter enfin du fait que les \u00e9l\u00e8ves enregistrent les cours ou <strong>photographient les sch\u00e9mas r\u00e9alis\u00e9s en classe<\/strong> pour les revoir plus tard, \u00e0 la maison, voire les partager \u00e0 l&rsquo;intention des autres\u00a0? Un simple rappel des conventions et du droit \u00e0 la l&rsquo;image et \u00e0 la propri\u00e9t\u00e9 intellectuelle, qui s&rsquo;appliquent \u00e0 l&rsquo;\u00e9cole autant qu&rsquo;ailleurs, devrait suffire\u2026<\/p>\n<p><strong>Non, pas d&rsquo;inqui\u00e9tude \u00e0 avoir ou de souci \u00e0 se faire, tout devrait bien se passer\u00a0!<\/strong><\/p>\n<p>Michel Guillou\u00a0<a href=\"https:\/\/twitter.com\/michelguillou\" target=\"_blank\">@michelguillou<\/a><\/p>\n<p><a href=\"http:\/\/creativecommons.org\/licenses\/by-nc-sa\/2.0\/fr\/\" target=\"_blank\"><img loading=\"lazy\" decoding=\"async\" src=\"http:\/\/i.creativecommons.org\/l\/by-nc-sa\/2.0\/fr\/80x15.png\" alt=\"image\" width=\"80\" height=\"15\" \/><\/a><\/p>\n<p>Cr\u00e9dit photo\u00a0: <a href=\"http:\/\/www.flickr.com\/photos\/28481088@N00\/7040687059\">Cherry blossom season<\/a> via <a href=\"http:\/\/photopin.com\">photopin<\/a> <a href=\"https:\/\/creativecommons.org\/licenses\/by-nc\/2.0\/\">(licence)<\/a><\/p>\n","protected":false},"excerpt":{"rendered":"<p><a href=\"http:\/\/www.culture-numerique.fr\/wp-content\/uploads\/2015\/03\/7040687059_24b8061506_b.jpg\"><img loading=\"lazy\" decoding=\"async\" class=\"aligncenter size-full wp-image-2927\" src=\"http:\/\/www.culture-numerique.fr\/wp-content\/uploads\/2015\/03\/7040687059_24b8061506_b.jpg\" alt=\"Pink\" width=\"1024\" height=\"683\" srcset=\"https:\/\/www.culture-numerique.fr\/wp-content\/uploads\/2015\/03\/7040687059_24b8061506_b.jpg 1024w, https:\/\/www.culture-numerique.fr\/wp-content\/uploads\/2015\/03\/7040687059_24b8061506_b-300x200.jpg 300w, https:\/\/www.culture-numerique.fr\/wp-content\/uploads\/2015\/03\/7040687059_24b8061506_b-100x67.jpg 100w, https:\/\/www.culture-numerique.fr\/wp-content\/uploads\/2015\/03\/7040687059_24b8061506_b-150x100.jpg 150w, https:\/\/www.culture-numerique.fr\/wp-content\/uploads\/2015\/03\/7040687059_24b8061506_b-200x133.jpg 200w, https:\/\/www.culture-numerique.fr\/wp-content\/uploads\/2015\/03\/7040687059_24b8061506_b-450x300.jpg 450w, https:\/\/www.culture-numerique.fr\/wp-content\/uploads\/2015\/03\/7040687059_24b8061506_b-600x400.jpg 600w, https:\/\/www.culture-numerique.fr\/wp-content\/uploads\/2015\/03\/7040687059_24b8061506_b-900x600.jpg 900w\" sizes=\"auto, (max-width: 1024px) 100vw, 1024px\" \/><\/a><\/p>\n<p><strong>Apr\u00e8s tout, n&rsquo;est-ce pas, il n&rsquo;y a pas de raison d&rsquo;\u00eatre inquiet\u2026<\/strong> Les grognons et les f\u00e2cheux ne cessent de nous alarmer, mena\u00e7ant, vitup\u00e9rant, ressassant leurs alertes intempestives, brandissant leurs obscurantistes calicots. On n&rsquo;entend plus qu&rsquo;eux et,<\/p>\n<p><span class=\"ellipsis\">&hellip;<\/span><\/p>\n<div class=\"read-more\"><a href=\"https:\/\/www.culture-numerique.fr\/?p=2922\">Lire la suite &#8250;<\/a><\/div>\n<p><!-- end of .read-more --><\/p>\n","protected":false},"author":1,"featured_media":2927,"comment_status":"open","ping_status":"open","sticky":false,"template":"","format":"standard","meta":{"jetpack_post_was_ever_published":false,"_jetpack_newsletter_access":"","_jetpack_dont_email_post_to_subs":false,"_jetpack_newsletter_tier_id":0,"_jetpack_memberships_contains_paywalled_content":false,"_jetpack_memberships_contains_paid_content":false,"footnotes":""},"categories":[9],"tags":[514,568,4,512,483],"class_list":["post-2922","post","type-post","status-publish","format-standard","has-post-thumbnail","hentry","category-billets-dhumeur","tag-collision","tag-inquietude","tag-numerique-educatif","tag-secousses","tag-tsunami"],"jetpack_featured_media_url":"https:\/\/www.culture-numerique.fr\/wp-content\/uploads\/2015\/03\/7040687059_24b8061506_b.jpg","jetpack_sharing_enabled":true,"_links":{"self":[{"href":"https:\/\/www.culture-numerique.fr\/index.php?rest_route=\/wp\/v2\/posts\/2922","targetHints":{"allow":["GET"]}}],"collection":[{"href":"https:\/\/www.culture-numerique.fr\/index.php?rest_route=\/wp\/v2\/posts"}],"about":[{"href":"https:\/\/www.culture-numerique.fr\/index.php?rest_route=\/wp\/v2\/types\/post"}],"author":[{"embeddable":true,"href":"https:\/\/www.culture-numerique.fr\/index.php?rest_route=\/wp\/v2\/users\/1"}],"replies":[{"embeddable":true,"href":"https:\/\/www.culture-numerique.fr\/index.php?rest_route=%2Fwp%2Fv2%2Fcomments&post=2922"}],"version-history":[{"count":17,"href":"https:\/\/www.culture-numerique.fr\/index.php?rest_route=\/wp\/v2\/posts\/2922\/revisions"}],"predecessor-version":[{"id":2941,"href":"https:\/\/www.culture-numerique.fr\/index.php?rest_route=\/wp\/v2\/posts\/2922\/revisions\/2941"}],"wp:featuredmedia":[{"embeddable":true,"href":"https:\/\/www.culture-numerique.fr\/index.php?rest_route=\/wp\/v2\/media\/2927"}],"wp:attachment":[{"href":"https:\/\/www.culture-numerique.fr\/index.php?rest_route=%2Fwp%2Fv2%2Fmedia&parent=2922"}],"wp:term":[{"taxonomy":"category","embeddable":true,"href":"https:\/\/www.culture-numerique.fr\/index.php?rest_route=%2Fwp%2Fv2%2Fcategories&post=2922"},{"taxonomy":"post_tag","embeddable":true,"href":"https:\/\/www.culture-numerique.fr\/index.php?rest_route=%2Fwp%2Fv2%2Ftags&post=2922"}],"curies":[{"name":"wp","href":"https:\/\/api.w.org\/{rel}","templated":true}]}}