{"id":2864,"date":"2015-03-20T07:25:28","date_gmt":"2015-03-20T06:25:28","guid":{"rendered":"http:\/\/www.culture-numerique.fr\/?p=2864"},"modified":"2016-09-18T18:50:31","modified_gmt":"2016-09-18T16:50:31","slug":"semaine-de-la-presse-apprendre-la-liberte-dexpression-ou-apprendre-comment-on-sacharne-a-la-limiter","status":"publish","type":"post","link":"https:\/\/www.culture-numerique.fr\/?p=2864","title":{"rendered":"Semaine de la presse\u00a0: apprendre la libert\u00e9 d&rsquo;expression ou apprendre comment on s&rsquo;acharne \u00e0 la limiter ?"},"content":{"rendered":"<p><a href=\"http:\/\/www.culture-numerique.fr\/wp-content\/uploads\/2015\/03\/2394656731_caa0fddefd_o.jpg\"><img loading=\"lazy\" decoding=\"async\" class=\"aligncenter size-full wp-image-2890\" src=\"http:\/\/www.culture-numerique.fr\/wp-content\/uploads\/2015\/03\/2394656731_caa0fddefd_o.jpg\" alt=\"Verrou\" width=\"1279\" height=\"895\" srcset=\"https:\/\/www.culture-numerique.fr\/wp-content\/uploads\/2015\/03\/2394656731_caa0fddefd_o.jpg 1279w, https:\/\/www.culture-numerique.fr\/wp-content\/uploads\/2015\/03\/2394656731_caa0fddefd_o-300x210.jpg 300w, https:\/\/www.culture-numerique.fr\/wp-content\/uploads\/2015\/03\/2394656731_caa0fddefd_o-1024x717.jpg 1024w, https:\/\/www.culture-numerique.fr\/wp-content\/uploads\/2015\/03\/2394656731_caa0fddefd_o-100x70.jpg 100w, https:\/\/www.culture-numerique.fr\/wp-content\/uploads\/2015\/03\/2394656731_caa0fddefd_o-150x105.jpg 150w, https:\/\/www.culture-numerique.fr\/wp-content\/uploads\/2015\/03\/2394656731_caa0fddefd_o-200x140.jpg 200w, https:\/\/www.culture-numerique.fr\/wp-content\/uploads\/2015\/03\/2394656731_caa0fddefd_o-450x315.jpg 450w, https:\/\/www.culture-numerique.fr\/wp-content\/uploads\/2015\/03\/2394656731_caa0fddefd_o-600x420.jpg 600w, https:\/\/www.culture-numerique.fr\/wp-content\/uploads\/2015\/03\/2394656731_caa0fddefd_o-900x630.jpg 900w\" sizes=\"auto, (max-width: 1279px) 100vw, 1279px\" \/><\/a><\/p>\n<p><strong>La Semaine de la presse et des m\u00e9dias dans l&rsquo;\u00e9cole<\/strong> \u2014\u00a0ne comptez pas sur moi pour y ajouter ce stupide \u00ae dont on\u00a0l&rsquo;affuble depuis des ann\u00e9es\u00a0\u2014 est une institution. Ancienne, c&rsquo;est la vingt-sixi\u00e8me \u00e9dition cette ann\u00e9e, et donc v\u00e9n\u00e9rable mais pas tr\u00e8s branch\u00e9e car personne parmi ceux qui l&rsquo;animent n&rsquo;a jamais pens\u00e9 \u00e0 \u00e9crire un article \u00e0 son sujet dans <a href=\"http:\/\/fr.wikipedia.org\/wiki\/Wikip%C3%A9dia:Accueil_principal\" target=\"_blank\">Wikip\u00e9dia<\/a>. L\u00e0-bas, on y cause de la semaine de la viande, de la critique, de la fiert\u00e9\u2026 mais pas de la presse ni des m\u00e9dias. \u00ab\u00a0<span style=\"color: #800080;\"><em>Activit\u00e9 d\u2019\u00e9ducation civique, elle a pour but d\u2019aider les \u00e9l\u00e8ves, de la maternelle aux classes pr\u00e9paratoires, \u00e0 comprendre le syst\u00e8me des m\u00e9dias, \u00e0 former leur jugement critique, \u00e0 d\u00e9velopper leur go\u00fbt pour l\u2019actualit\u00e9 et \u00e0 forger leur identit\u00e9 de citoyen.<\/em><\/span>\u00a0\u00bb dit le <a href=\"http:\/\/clemi.org\/\" target=\"_blank\">Clemi<\/a>, autre v\u00e9n\u00e9rable institution, tomb\u00e9e depuis sous la coupe aust\u00e8re du <a href=\"https:\/\/www.reseau-canope.fr\/\" target=\"_blank\">r\u00e9seau Canop\u00e9<\/a>.<\/p>\n<p>Il faudra que je vous reparle de \u00e7a un de ces jours. Ne nous \u00e9garons pas, notre sujet est <strong>la libert\u00e9 d&rsquo;expression<\/strong>.<\/p>\n<p>Comme d&rsquo;habitude, \u00e0 l&rsquo;automne dernier, <a href=\"http:\/\/www.education.gouv.fr\/pid25535\/bulletin_officiel.html?cid_bo=82086\" target=\"_blank\">un communiqu\u00e9 de presse<\/a> annonce la nouvelle \u00e9dition 2015. Le th\u00e8me choisi \u00ab\u00a0<strong>Une info, des supports<\/strong>\u00a0\u00bb ne veut perturber personne et surtout pas la presse \u00e9crite et notamment la presse quotidienne r\u00e9gionale\u00a0partenaire de longue date de l&rsquo;op\u00e9ration.<\/p>\n<h3><img loading=\"lazy\" decoding=\"async\" class=\"alignright wp-image-2565\" src=\"http:\/\/www.culture-numerique.fr\/wp-content\/uploads\/2015\/01\/Charlie-300x300.jpg\" alt=\"Charlie\" width=\"200\" height=\"200\" srcset=\"https:\/\/www.culture-numerique.fr\/wp-content\/uploads\/2015\/01\/Charlie-300x299.jpg 300w, https:\/\/www.culture-numerique.fr\/wp-content\/uploads\/2015\/01\/Charlie-150x150.jpg 150w, https:\/\/www.culture-numerique.fr\/wp-content\/uploads\/2015\/01\/Charlie-100x100.jpg 100w, https:\/\/www.culture-numerique.fr\/wp-content\/uploads\/2015\/01\/Charlie-200x200.jpg 200w, https:\/\/www.culture-numerique.fr\/wp-content\/uploads\/2015\/01\/Charlie-450x449.jpg 450w, https:\/\/www.culture-numerique.fr\/wp-content\/uploads\/2015\/01\/Charlie.jpg 599w\" sizes=\"auto, (max-width: 200px) 100vw, 200px\" \/><strong>Et puis il y a eu Charlie<\/strong><\/h3>\n<p>Et apr\u00e8s Charlie, il y eu ce formidable moment de solidarit\u00e9 avec une nation retrouv\u00e9e et rassembl\u00e9e d\u00e9fendant la libert\u00e9 d&rsquo;expression et la libert\u00e9 de la presse. C&rsquo;\u00e9tait beau.<\/p>\n<p>\u00c0 tel point qu&rsquo;<a href=\"http:\/\/clemi.org\/fichier\/plug_download\/64938\/download_fichier_fr_cp.semaine.de.la.presse.pdf\" target=\"_blank\">on a d\u00e9cid\u00e9 en haut lieu<\/a> de changer <em>in extremis<\/em> le th\u00e8me de cette nouvelle Semaine de la presse pour lui donner le beau nom de \u00ab\u00a0<strong>La libert\u00e9 d\u2019expression, \u00e7a s\u2019apprend<\/strong>\u00a0\u00bb\u00a0:<\/p>\n<blockquote><p>\u00ab\u00a0Plus que jamais, l\u2019\u00e9ducation des \u00e9l\u00e8ves aux m\u00e9dias et \u00e0 l\u2019information s\u2019impose comme un enseignement au\u00a0pluralisme, \u00e0 la libert\u00e9 d\u2019opinion, \u00e0 la libert\u00e9 d\u2019expression et au respect du d\u00e9bat d\u00e9mocratique dans une\u00a0R\u00e9publique la\u00efque. C\u2019est un enjeu de citoyennet\u00e9 majeur pour apprendre le vivre ensemble.\u00a0\u00bb<\/p><\/blockquote>\n<p><strong>Ce n&rsquo;est pas moi qui vais me plaindre de ce changement de th\u00e8me<\/strong>. Je ne cesse depuis des ann\u00e9es \u2014\u00a0les derniers \u00e9v\u00e9nements m&rsquo;ont \u00e0 nouveau donn\u00e9 l&rsquo;occasion de d\u00e9fendre ce point de vue\u00a0\u2014 de dire que l&rsquo;\u00e9cole doit se pr\u00e9occuper d&rsquo;apprendre l&rsquo;exercice enfin plein et entier de la libert\u00e9 d&rsquo;expression, plut\u00f4t que de se pr\u00e9occuper d&rsquo;en limiter les effets comme elle s&rsquo;y attache depuis des ann\u00e9es.<\/p>\n<p>Je vous renvoie \u00e0 ces billets successifs, pour n&rsquo;\u00e9voquer que les plus r\u00e9cents\u00a0:<\/p>\n<ul>\n<li><a href=\"http:\/\/www.culture-numerique.fr\/?p=843\" target=\"_blank\">Socle\u00a0: tous les \u00e9l\u00e8ves doivent savoir publier<\/a><\/li>\n<li><a title=\"Tous acteurs, tous producteurs, tous m\u00e9diateurs\u2026 tous responsables\" href=\"http:\/\/www.culture-numerique.fr\/?p=2682\" target=\"_blank\">Tous acteurs, tous producteurs, tous m\u00e9diateurs\u2026 tous responsables<\/a><\/li>\n<li><a title=\"Il y a 20 ans, ils appelaient \u00e7a \u00ab\u00a0septembre sans fin\u00a0\u00bb\u2026\" href=\"http:\/\/www.culture-numerique.fr\/?p=2506\" target=\"_blank\">Il y a 20 ans, ils appelaient \u00e7a \u00ab\u00a0septembre sans fin\u00a0\u00bb\u2026<\/a><\/li>\n<li><a title=\"L\u2019\u00e9ducation aux m\u00e9dias et \u00e0 l\u2019information est incompatible avec la censure g\u00e9n\u00e9ralis\u00e9e du web\" href=\"http:\/\/www.culture-numerique.fr\/?p=2591\" target=\"_blank\">L\u2019\u00e9ducation aux m\u00e9dias et \u00e0 l\u2019information est incompatible avec la censure g\u00e9n\u00e9ralis\u00e9e du web<\/a><\/li>\n<li><a title=\"Apprendre \u00e0 exercer sa libert\u00e9 d\u2019expression ou apprendre \u00e0 coder\u00a0?\" href=\"http:\/\/www.culture-numerique.fr\/?p=153\" target=\"_blank\">Apprendre \u00e0 exercer sa libert\u00e9 d\u2019expression ou apprendre \u00e0 coder\u00a0\u00a0?<\/a><\/li>\n<li><a title=\"Exercer sa libert\u00e9 d\u2019expression, \u00e7a doit s\u2019apprendre aussi \u00e0 l\u2019\u00e9cole\" href=\"http:\/\/www.culture-numerique.fr\/?p=1248\" target=\"_blank\">Exercer sa libert\u00e9 d\u2019expression, \u00e7a doit s\u2019apprendre aussi \u00e0 l\u2019\u00e9cole<\/a>\u00a0\u00e9crit en juillet 2014<\/li>\n<li><a title=\"La libert\u00e9 d\u2019expression doit imp\u00e9rativement s\u2019enseigner\" href=\"http:\/\/www.culture-numerique.fr\/?p=2562\" target=\"_blank\">La libert\u00e9 d\u2019expression doit imp\u00e9rativement s\u2019enseigner<\/a> \u00e9crit juste apr\u00e8s Charlie.<\/li>\n<\/ul>\n<p>Nous sommes bien d&rsquo;accord, <strong>apprendre \u00e0 exercer sa libert\u00e9 d&rsquo;expression<\/strong>, \u00e0 confronter son opinion \u00e0 celle des autres, \u00e0 publier donc, est une nouvelle comp\u00e9tence fondamentale qui doit trouver sa place dans les apprentissages et, notamment, dans le socle commun, ce que semblent avoir oubli\u00e9 ses concepteurs.<\/p>\n<h3><strong>Exercer sa libert\u00e9 d&rsquo;expression\u2026 oui mais bon, pas trop quand m\u00eame\u2026<\/strong><\/h3>\n<p>L&rsquo;actualit\u00e9 scolaire comme l&rsquo;actualit\u00e9 politique nous laissent en effet \u00e0 ce sujet augurer le pire.<\/p>\n<p>Suite aux attentats terroristes, l&rsquo;ensemble du syst\u00e8me \u00e9ducatif s&rsquo;est mobilis\u00e9 pour ouvrir le d\u00e9bat des enjeux d\u00e9mocratiques et citoyens relatifs aux libert\u00e9s fondamentales, expression, opinion, conscience. Cela n&rsquo;a pas toujours \u00e9t\u00e9 facile, la ministre de l&rsquo;\u00c9ducation reconnaissant m\u00eame qu&rsquo;il \u00e9tait difficile parfois d&rsquo;entendre les questions des enfants. On le lui a beaucoup reproch\u00e9. \u00c0 tort, \u00e0 mon avis, elle se faisait simplement l&rsquo;\u00e9cho du d\u00e9sarroi l\u00e9gitime auquel\u00a0se trouvaient confront\u00e9s de nombreux professeurs.<\/p>\n<p>La question, d&rsquo;une mani\u00e8re g\u00e9n\u00e9rale, n&rsquo;est pas de ne pas r\u00e9pondre au questionnement des \u00e9l\u00e8ves mais d&rsquo;y r\u00e9pondre avec les bons mots, qui rappellent nos valeurs communes.<\/p>\n<h3><strong>Mais \u00e7a s&rsquo;est arr\u00eat\u00e9 l\u00e0\u2026<\/strong><\/h3>\n<p>Peu \u00e0 peu s&rsquo;instillent en effet dans les textes officiels des id\u00e9es, des consignes, des pr\u00e9conisations, des rappels moraux\u2026 Il n&rsquo;est plus vraiment question de <strong>promouvoir l&rsquo;exercice de la libert\u00e9 d&rsquo;expression<\/strong>, d&rsquo;en exalter les vertus, de dire en quoi elle est porteuse d&rsquo;\u00e9mancipation, de sens critique, de consid\u00e9ration de toutes les opinions, d&rsquo;ouverture. Plus question d&rsquo;encourager \u00e0 la confrontation de ses opinions et de ses id\u00e9es \u00e0 celles des autres, de promouvoir le d\u00e9bat\u2026 <strong>Charlie semble d\u00e9j\u00e0 bien loin<\/strong>.<\/p>\n<p>La libert\u00e9 n&rsquo;est \u00e9videmment pas dissociable de la prise de conscience de la responsabilit\u00e9 de son exercice mais comment est-il possible, dans une d\u00e9marche \u00e9ducative, de commencer \u00e0 parler de responsabilit\u00e9 <strong>avant d&rsquo;\u00e9voquer les possibles<\/strong>\u00a0? Il s&rsquo;agit l\u00e0 de la m\u00eame dialectique d\u00e9plorable qui veut alerter sur les dangers potentiels de l&rsquo;Internet avant d&rsquo;\u00e9voquer ses \u00e9tonnantes potentialit\u00e9s, ce qui reste le discours \u00e9ducatif dominant depuis quinze ans. Nombre de billets que j&rsquo;ai \u00e9crits \u00e0 ce sujet, voir plus haut, racontent bien comment tout cela s&rsquo;est mis en place peu \u00e0 peu, d\u00e9marche s&rsquo;accompagnant d&rsquo;une censure massive de l&rsquo;expression des jeunes et des m\u00e9dias scolaires et lyc\u00e9ens.<\/p>\n<p>De surcro\u00eet, l&rsquo;\u00e9cole ne s&rsquo;est pas content\u00e9e de ne jamais expliquer aux jeunes quelles sont dans ce pays les limites l\u00e9gales \u00e0 l&rsquo;exercice de la libert\u00e9 d&rsquo;expression, car il en existe bien s\u00fbr, et de sanctionner les transgressions. Non, elle s&rsquo;est attach\u00e9e \u00e0 en construire d&rsquo;autres, totalement ill\u00e9gitimes, au cas o\u00f9&#8230;<\/p>\n<h3><strong>Apprendre la censure d&rsquo;\u00c9tat de la libert\u00e9 d&rsquo;expression<\/strong><\/h3>\n<p>Mais l&rsquo;enjeu n&rsquo;est plus seulement \u00e9ducatif, <strong>il est aussi citoyen<\/strong>. Comment les professeurs, menant des activit\u00e9s d&rsquo;\u00e9ducation aux m\u00e9dias cens\u00e9es apprendre aux \u00e9l\u00e8ves \u00e0 exercer leur libert\u00e9 d&rsquo;expression, vont-ils, dans le m\u00eame temps, pouvoir expliquer \u00e0 leurs \u00e9l\u00e8ves que leurs d\u00e9put\u00e9s, suite aux attentats, ont d\u00e9cid\u00e9 que des fonctionnaires de ce pays, qui n&rsquo;ont strictement aucun pouvoir judiciaire, peuvent <strong>censurer<\/strong>, par le blocage et le d\u00e9r\u00e9f\u00e9rencement, un ou plusieurs sites web suppos\u00e9s, par exemple, inciter au terrorisme\u00a0?<\/p>\n<p>Vous savez ce qu&rsquo;est inciter au terrorisme, vous ? Moi je ne sais pas.\u00a0<strong>Un juge de l&rsquo;autorit\u00e9 judiciaire saurait aussi<\/strong>, c&rsquo;est son m\u00e9tier. Mais un fonctionnaire de police, c&rsquo;est nouveau, \u00e7a vient de sortir, va pouvoir le d\u00e9cider aussi.<\/p>\n<p>Il y a des voies de recours, me direz-vous, mais elles sont\u00a0tellement\u00a0difficiles \u00e0 mettre en \u0153uvre,\u00a0les d\u00e9cisions de l&rsquo;autorit\u00e9 administrative n&rsquo;\u00e9tant ni publiques ni motiv\u00e9es. C&rsquo;est ainsi qu&rsquo;un premier site, peu importe son nom, a subi les premi\u00e8res foudres du courroux administratif. <strong>L&rsquo;abus de pouvoir est constant. <\/strong>\u00c0 ce sujet,<strong>\u00a0<\/strong>le journal <em>Le Monde<\/em> <a href=\"http:\/\/www.lemonde.fr\/pixels\/article\/2015\/03\/18\/les-rates-de-la-premiere-vague-de-blocages-administratifs-de-sites-djihadistes_4596149_4408996.html\" target=\"_blank\">observe<\/a>, comme d&rsquo;autres, suite \u00e0 ce blocage, que \u00ab\u00a0<span style=\"color: #800080;\"><em>Le site en question, encore accessible dans le cache des moteurs de recherche, ne fait effectivement aucune apologie ouverte du terrorisme<\/em><\/span>\u00a0\u00bb.<\/p>\n<p>Ceux qui s&rsquo;\u00e9chinent, au gouvernement ou dans les ar\u00e9opages parlementaires, \u00e0 d\u00e9fendre ces lois d&rsquo;exception rassurent le citoyen inquiet : tout est pr\u00e9vu, il n&rsquo;y aura pas de d\u00e9rives possibles. Et pourtant, d\u00e9j\u00e0, notre ministre de la Justice <a href=\"http:\/\/www.nextinpact.com\/news\/92776-et-maintenant-blocage-administratif-sites-racistes-ou-antisemites.htm\" target=\"_blank\">propose<\/a> \u00ab<span style=\"color: #800080;\"><em>\u00a0l\u2019extension de ce blocage aux contenus antis\u00e9mites et racistes<\/em><\/span>\u00a0\u00bb, antis\u00e9mitisme et racisme toujours \u00e9valu\u00e9s grosso modo par un fonctionnaire de police, sans aucun jugement. Plus grave encore, un d\u00e9put\u00e9 socialiste a propos\u00e9 tout r\u00e9cemment d&rsquo;\u00e9tendre ces dispositions d&rsquo;exception et ce blocage aux injures et propos diffamatoires \u00e0 l&rsquo;encontre des \u00e9lus de la R\u00e9publique. Les \u00e9lus seulement, rassurez-vous.<\/p>\n<p><strong>Vous ne me croyez pas\u00a0?<\/strong> <a href=\"http:\/\/questions.assemblee-nationale.fr\/q14\/14-75404QE.htm\" target=\"_blank\">Le texte int\u00e9gral de sa proposition<\/a> est \u00e0 votre disposition ainsi qu&rsquo;\u00e0 celle de tous les professeurs qui profiteront de la Semaine de la presse pour expliquer comment, dans le pays des Droits de l&rsquo;homme, les \u00e9lus de la R\u00e9publique construisent peu \u00e0 peu un arsenal l\u00e9gislatif tendant \u00e0 priver les citoyens, \u00e0 priver les \u00e9l\u00e8ves aujourd&rsquo;hui d\u00e9j\u00e0 et encore demain, de leurs droits les plus \u00e9l\u00e9mentaires, \u00e0 commencer par celui, <strong>l&rsquo;exercice de la libert\u00e9 d&rsquo;expression<\/strong>, dont il \u00e9tait question, apr\u00e8s Charlie, de le garantir et de le renforcer.<\/p>\n<p>Michel Guillou\u00a0<a href=\"https:\/\/twitter.com\/michelguillou\" target=\"_blank\">@michelguillou<\/a><\/p>\n<p><a href=\"http:\/\/creativecommons.org\/licenses\/by-nc-sa\/2.0\/fr\/\" target=\"_blank\"><img loading=\"lazy\" decoding=\"async\" src=\"http:\/\/i.creativecommons.org\/l\/by-nc-sa\/2.0\/fr\/80x15.png\" alt=\"image\" width=\"80\" height=\"15\" \/><\/a><\/p>\n<p>Cr\u00e9dit photo\u00a0: <a href=\"http:\/\/www.flickr.com\/photos\/92502277@N00\/2394656731\">Bolted<\/a> via <a href=\"http:\/\/photopin.com\">photopin<\/a> <a href=\"https:\/\/creativecommons.org\/licenses\/by\/2.0\/\">(licence)<\/a><\/p>\n<p>[cite]<\/p>\n","protected":false},"excerpt":{"rendered":"<p><a href=\"http:\/\/www.culture-numerique.fr\/wp-content\/uploads\/2015\/03\/2394656731_caa0fddefd_o.jpg\"><img loading=\"lazy\" decoding=\"async\" class=\"aligncenter size-full wp-image-2890\" src=\"http:\/\/www.culture-numerique.fr\/wp-content\/uploads\/2015\/03\/2394656731_caa0fddefd_o.jpg\" alt=\"Verrou\" width=\"1279\" height=\"895\" srcset=\"https:\/\/www.culture-numerique.fr\/wp-content\/uploads\/2015\/03\/2394656731_caa0fddefd_o.jpg 1279w, https:\/\/www.culture-numerique.fr\/wp-content\/uploads\/2015\/03\/2394656731_caa0fddefd_o-300x210.jpg 300w, https:\/\/www.culture-numerique.fr\/wp-content\/uploads\/2015\/03\/2394656731_caa0fddefd_o-1024x717.jpg 1024w, https:\/\/www.culture-numerique.fr\/wp-content\/uploads\/2015\/03\/2394656731_caa0fddefd_o-100x70.jpg 100w, https:\/\/www.culture-numerique.fr\/wp-content\/uploads\/2015\/03\/2394656731_caa0fddefd_o-150x105.jpg 150w, https:\/\/www.culture-numerique.fr\/wp-content\/uploads\/2015\/03\/2394656731_caa0fddefd_o-200x140.jpg 200w, https:\/\/www.culture-numerique.fr\/wp-content\/uploads\/2015\/03\/2394656731_caa0fddefd_o-450x315.jpg 450w, https:\/\/www.culture-numerique.fr\/wp-content\/uploads\/2015\/03\/2394656731_caa0fddefd_o-600x420.jpg 600w, https:\/\/www.culture-numerique.fr\/wp-content\/uploads\/2015\/03\/2394656731_caa0fddefd_o-900x630.jpg 900w\" sizes=\"auto, (max-width: 1279px) 100vw, 1279px\" \/><\/a><\/p>\n<p><strong>La Semaine de la presse et des m\u00e9dias dans l&rsquo;\u00e9cole<\/strong> \u2014\u00a0ne comptez pas sur moi pour y ajouter ce stupide \u00ae dont on\u00a0l&rsquo;affuble depuis des ann\u00e9es\u00a0\u2014 est une institution. Ancienne,<\/p>\n<p><span class=\"ellipsis\">&hellip;<\/span><\/p>\n<div class=\"read-more\"><a href=\"https:\/\/www.culture-numerique.fr\/?p=2864\">Lire la suite &#8250;<\/a><\/div>\n<p><!-- end of .read-more --><\/p>\n","protected":false},"author":1,"featured_media":2890,"comment_status":"open","ping_status":"open","sticky":false,"template":"","format":"standard","meta":{"jetpack_post_was_ever_published":false,"_jetpack_newsletter_access":"","_jetpack_dont_email_post_to_subs":true,"_jetpack_newsletter_tier_id":0,"_jetpack_memberships_contains_paywalled_content":false,"_jetpack_memberships_contains_paid_content":false,"footnotes":""},"categories":[9],"tags":[567,14,531,566,111,530,13,88,565,183],"class_list":["post-2864","post","type-post","status-publish","format-standard","has-post-thumbnail","hentry","category-billets-dhumeur","tag-blocage-administratif","tag-censure","tag-charlie-hebdo","tag-dereferencement","tag-education-aux-medias","tag-education-aux-medias-et-a-linformation","tag-liberte-dexpression","tag-liberte-dopinion","tag-liberte-de-conscience","tag-semaine-de-la-presse-et-des-medias-a-lecole"],"jetpack_featured_media_url":"https:\/\/www.culture-numerique.fr\/wp-content\/uploads\/2015\/03\/2394656731_caa0fddefd_o.jpg","jetpack_sharing_enabled":true,"_links":{"self":[{"href":"https:\/\/www.culture-numerique.fr\/index.php?rest_route=\/wp\/v2\/posts\/2864","targetHints":{"allow":["GET"]}}],"collection":[{"href":"https:\/\/www.culture-numerique.fr\/index.php?rest_route=\/wp\/v2\/posts"}],"about":[{"href":"https:\/\/www.culture-numerique.fr\/index.php?rest_route=\/wp\/v2\/types\/post"}],"author":[{"embeddable":true,"href":"https:\/\/www.culture-numerique.fr\/index.php?rest_route=\/wp\/v2\/users\/1"}],"replies":[{"embeddable":true,"href":"https:\/\/www.culture-numerique.fr\/index.php?rest_route=%2Fwp%2Fv2%2Fcomments&post=2864"}],"version-history":[{"count":31,"href":"https:\/\/www.culture-numerique.fr\/index.php?rest_route=\/wp\/v2\/posts\/2864\/revisions"}],"predecessor-version":[{"id":5367,"href":"https:\/\/www.culture-numerique.fr\/index.php?rest_route=\/wp\/v2\/posts\/2864\/revisions\/5367"}],"wp:featuredmedia":[{"embeddable":true,"href":"https:\/\/www.culture-numerique.fr\/index.php?rest_route=\/wp\/v2\/media\/2890"}],"wp:attachment":[{"href":"https:\/\/www.culture-numerique.fr\/index.php?rest_route=%2Fwp%2Fv2%2Fmedia&parent=2864"}],"wp:term":[{"taxonomy":"category","embeddable":true,"href":"https:\/\/www.culture-numerique.fr\/index.php?rest_route=%2Fwp%2Fv2%2Fcategories&post=2864"},{"taxonomy":"post_tag","embeddable":true,"href":"https:\/\/www.culture-numerique.fr\/index.php?rest_route=%2Fwp%2Fv2%2Ftags&post=2864"}],"curies":[{"name":"wp","href":"https:\/\/api.w.org\/{rel}","templated":true}]}}