{"id":2682,"date":"2015-02-11T09:29:03","date_gmt":"2015-02-11T08:29:03","guid":{"rendered":"http:\/\/www.culture-numerique.fr\/?p=2682"},"modified":"2015-02-11T09:29:03","modified_gmt":"2015-02-11T08:29:03","slug":"tous-acteurs-tous-producteurs-tous-mediateurs-tous-responsables","status":"publish","type":"post","link":"https:\/\/www.culture-numerique.fr\/?p=2682","title":{"rendered":"Tous acteurs, tous producteurs, tous m\u00e9diateurs\u2026 tous responsables"},"content":{"rendered":"<p><a href=\"http:\/\/www.culture-numerique.fr\/wp-content\/uploads\/2015\/02\/8138504406_8f82d8033b_b.jpg\"><img loading=\"lazy\" decoding=\"async\" class=\"aligncenter size-full wp-image-2685\" src=\"http:\/\/www.culture-numerique.fr\/wp-content\/uploads\/2015\/02\/8138504406_8f82d8033b_b.jpg\" alt=\"Radios\" width=\"1024\" height=\"623\" srcset=\"https:\/\/www.culture-numerique.fr\/wp-content\/uploads\/2015\/02\/8138504406_8f82d8033b_b.jpg 1024w, https:\/\/www.culture-numerique.fr\/wp-content\/uploads\/2015\/02\/8138504406_8f82d8033b_b-300x183.jpg 300w, https:\/\/www.culture-numerique.fr\/wp-content\/uploads\/2015\/02\/8138504406_8f82d8033b_b-100x61.jpg 100w, https:\/\/www.culture-numerique.fr\/wp-content\/uploads\/2015\/02\/8138504406_8f82d8033b_b-150x91.jpg 150w, https:\/\/www.culture-numerique.fr\/wp-content\/uploads\/2015\/02\/8138504406_8f82d8033b_b-200x122.jpg 200w, https:\/\/www.culture-numerique.fr\/wp-content\/uploads\/2015\/02\/8138504406_8f82d8033b_b-450x274.jpg 450w, https:\/\/www.culture-numerique.fr\/wp-content\/uploads\/2015\/02\/8138504406_8f82d8033b_b-600x365.jpg 600w, https:\/\/www.culture-numerique.fr\/wp-content\/uploads\/2015\/02\/8138504406_8f82d8033b_b-900x548.jpg 900w\" sizes=\"auto, (max-width: 1024px) 100vw, 1024px\" \/><\/a><\/p>\n<p><strong>La communication politique est un art si particulier<\/strong> et d\u00e9concertant que le citoyen a parfois du mal \u00e0 en d\u00e9m\u00ealer les fils. \u00c0 peine la ministre de l&rsquo;\u00e9ducation avait-elle r\u00e9pondu au S\u00e9nat sur la place que tenait la nouvelle \u00e9ducation aux m\u00e9dias et \u00e0 l&rsquo;information, pr\u00e9cisant qu&rsquo;elle serait incluse dans l&rsquo;enseignement moral et civique (1), qu&rsquo;un document est publi\u00e9 sur le site de son minist\u00e8re qui pr\u00e9cise les \u00ab\u00a0<a href=\"http:\/\/www.education.gouv.fr\/cid85644\/onze-mesures-pour-une-grande-mobilisation-de-l-ecole-pour-les-valeurs-de-la-republique.html\" target=\"_blank\">onze mesures\u00a0pour une grande mobilisation de l&rsquo;\u00c9cole pour les valeurs de la R\u00e9publique<\/a>\u00a0\u00bb et la pr\u00e9sente sous un autre jour.<\/p>\n<p>La mesure n\u00b0 3 cr\u00e9e en effet un nouveau parcours \u00e9ducatif, de l&rsquo;\u00e9cole \u00e9l\u00e9mentaire \u00e0 la terminale, appel\u00e9 <strong>parcours citoyen<\/strong>. Dans ce dernier, on trouve, d&rsquo;un c\u00f4t\u00e9, le\u00a0nouvel enseignement moral et civique, de l&rsquo;autre notre fameuse\u00a0\u00e9ducation aux m\u00e9dias et \u00e0 l\u2019information cens\u00e9e prendre pleinement en compte les enjeux du num\u00e9rique.<\/p>\n<p>Dont acte. Il s&rsquo;agit donc bien d&rsquo;autre chose.<\/p>\n<p>Les professeurs documentalistes sont cette fois clairement d\u00e9sign\u00e9s qui\u00a0devront prendre une part importante \u00e0 sa mise en \u0153uvre. De quoi les rassurer\u2026<\/p>\n<blockquote><p>\u00ab\u00a0Indissociable de la transmission d\u2019une culture de la presse et de la libert\u00e9 d\u2019expression, l\u2019\u00e9ducation aux m\u00e9dias et \u00e0 l\u2019information est un enseignement int\u00e9gr\u00e9 de mani\u00e8re transversale dans les diff\u00e9rentes disciplines. Il doit apprendre aux \u00e9l\u00e8ves \u00e0 lire et \u00e0 d\u00e9crypter l\u2019information et l\u2019image, \u00e0 aiguiser leur esprit critique et \u00e0 se forger une opinion, comp\u00e9tences essentielles pour exercer une citoyennet\u00e9 \u00e9clair\u00e9e et responsable en d\u00e9mocratie.<br \/>\nLe minist\u00e8re veillera \u00e0 ce qu\u2018un m\u00e9dia \u2013 radio, journal, blog ou plateforme collaborative en ligne \u2013 soit d\u00e9velopp\u00e9 dans chaque coll\u00e8ge et dans chaque lyc\u00e9e. Les professeurs documentalistes seront tout particuli\u00e8rement mobilis\u00e9s \u00e0 cette fin. C\u2019est en effet en engageant les \u00e9l\u00e8ves eux-m\u00eames dans des activit\u00e9s de production et de diffusion de contenus, notamment \u00e0 travers les r\u00e9seaux sociaux et les plateformes collaboratives en ligne, qu\u2019ils prendront le mieux conscience des enjeux attach\u00e9s \u00e0 la fiabilit\u00e9 des sources, \u00e0 l\u2019interpr\u00e9tation des informations et \u00e0 la repr\u00e9sentation de soi en ligne.\u00a0\u00bb<\/p><\/blockquote>\n<p>Le minist\u00e8re veillera donc \u00e0 ce qu&rsquo;un m\u00e9dia soit d\u00e9velopp\u00e9 dans chaque coll\u00e8ge et dans chaque lyc\u00e9e, nous dit-on. Voil\u00e0 une nouvelle, curieuse et int\u00e9ressante proposition qui suscite bien des interrogations.<\/p>\n<p><strong>Premier point<\/strong> : cette mesure ne concerne pas l&rsquo;\u00e9cole \u00e9l\u00e9mentaire. Et pourquoi donc\u00a0? L&rsquo;ardente conscience affich\u00e9e des enjeux \u00e9ducatifs li\u00e9s \u00e0 la fiabilit\u00e9 des sources, \u00e0 l&rsquo;interpr\u00e9tation des informations et \u00e0 la repr\u00e9sentation de soi ne concernerait-elle que les coll\u00e9giens et les lyc\u00e9ens\u00a0? C&rsquo;est bien mal conna\u00eetre nos \u00e9coliers dont les pratiques num\u00e9riques personnelles sont de plus en plus importantes, via tous les r\u00e9seaux sociaux en particulier. La fragilit\u00e9 toute particuli\u00e8re de ces jeunes publics m\u00e9rite qu&rsquo;on s&rsquo;attarde un peu plus \u00e0 les accompagner dans l&rsquo;acquisition des comp\u00e9tences propres \u00e0 la publication, exercice auquel il s&rsquo;adonnent complaisamment par ailleurs, hors l&rsquo;\u00e9cole.<\/p>\n<p>Rappelons qu&rsquo;<a href=\"http:\/\/fr.slideshare.net\/khazd0rf\/etude-aegis-les-kids-teens-sur-le-web\" target=\"_blank\">il y a plus de 2 ans d\u00e9j\u00e0<\/a>, plus d&rsquo;un enfant sur trois entre 9 et 12 ans poss\u00e9dait un profil Facebook personnel, que c&rsquo;\u00e9tait aussi le cas de pr\u00e8s d&rsquo;un enfant sur six entre 7 et 9 ans \u2014\u00a0l&rsquo;inscription n&rsquo;est en principe possible que si l&rsquo;on a au moins 13 ans\u00a0\u2014, que 3\u00a0% des jeunes dans ces m\u00eames tranches d&rsquo;\u00e2ge poss\u00e9daient un blogue personnel. Fort probablement, ces pratiques sont devenues aujourd&rsquo;hui encore plus importantes et surtout plus diverses, sur bien d&rsquo;autres r\u00e9seaux sociaux que le seul Facebook.<\/p>\n<p>On le voit bien, l&rsquo;incitation \u00e0 devenir producteur de m\u00e9dias, de mani\u00e8re collaborative, ce qui peut <em>a priori<\/em> para\u00eetre plus enrichissant, ou \u00e0 titre personnel, ne peut se limiter \u00e0 l&rsquo;enseignement secondaire. <strong>Apprendre \u00e0 publier, \u00e0 trier et produire l&rsquo;information<\/strong>, doit aussi et d&rsquo;abord s&rsquo;enseigner au premier degr\u00e9.<\/p>\n<p><strong>Deuxi\u00e8me point<\/strong>\u00a0: la liste des m\u00e9dias est aussi fort \u00e9tonnante car tr\u00e8s restrictive. Ne sont propos\u00e9s, semble-t-il de mani\u00e8re exclusive car il n&rsquo;y a pas de points de suspension, que la\u00a0radio, le journal, le blog \u2014\u00a0qui, selon les termes m\u00eames du <a href=\"http:\/\/www.legifrance.gouv.fr\/affichTexte.do?cidTexte=JORFTEXT000029461191\" target=\"_blank\">Journal officiel du 16 septembre 2014<\/a>, devrait en fran\u00e7ais s&rsquo;\u00e9crire \u00ab\u00a0blogue\u00a0\u00bb\u00a0\u2014 ou la plateforme collaborative en ligne.<\/p>\n<p>Il faut d&#8217;embl\u00e9e faire remarquer qu&rsquo;il n&rsquo;y a aujourd&rsquo;hui gu\u00e8re de diff\u00e9rence entre un blogue et une plateforme collaborative, ces dispositifs techniques pr\u00e9sentant souvent les m\u00eames fonctionnalit\u00e9s, dont la possibilit\u00e9 de collaboration et de partage des t\u00e2ches attendue.<\/p>\n<p>On peut noter par ailleurs qu&rsquo;il n&rsquo;est pas propos\u00e9 de se servir des services p\u00e9dagogiques des espaces num\u00e9riques de travail ou ENT. Ne s&rsquo;agit-il pas l\u00e0 d&rsquo;une preuve suppl\u00e9mentaire de l&rsquo;\u00e9chec de leur mise en \u0153uvre, notamment pour ce\u00a0qui concerne l&rsquo;accompagnement p\u00e9dagogique ou les apprentissages\u00a0?<\/p>\n<p>On notera ensuite qu&rsquo;on y \u00e9voque nullement la production vid\u00e9o qui est pourtant \u00e0 la port\u00e9e maintenant de tout possesseur d&rsquo;un t\u00e9l\u00e9phone ordinaire. Il est possible aujourd&rsquo;hui,\u00a0m\u00eame avec\u00a0des moyens techniques d\u00e9risoires, de tourner et monter de courtes s\u00e9quences vid\u00e9os informatives, documentaires ou narratives. C&rsquo;est d&rsquo;autant plus dommage que la m\u00eame enqu\u00eate dont il \u00e9tait question plus haut avait montr\u00e9 les pratiques importantes des tr\u00e8s jeunes en mati\u00e8re de publication\u00a0de ces vid\u00e9os sur les grandes plateformes d&rsquo;accueil.<\/p>\n<p>Enfin, je ferai remarquer autre chose qui me semble important\u00a0\u2014\u00a0je sais qu&rsquo;on va me chicaner sur ce point tant les habitudes et les traditions sont tenaces. Une <a href=\"http:\/\/meta-media.fr\/2015\/01\/19\/tv-fini-de-rigoler.html\" target=\"_blank\">enqu\u00eate r\u00e9cente<\/a> avait montr\u00e9 \u00e0 quel point l&rsquo;\u00e9cran de t\u00e9l\u00e9vision traditionnel, par exemple, n&rsquo;\u00e9tait plus le vecteur principal de l&rsquo;information des jeunes, ces derniers leur pr\u00e9f\u00e9rant celle qui traverse l&rsquo;\u00e9cran de leurs smartphones.<\/p>\n<p>Une question d&rsquo;attitude, peut-\u00eatre\u00a0? <a href=\"https:\/\/fr.wikipedia.org\/wiki\/Michel_Serres\" target=\"_blank\">Michel Serres<\/a> raconte \u00e7a tr\u00e8s bien\u2026<\/p>\n<p><iframe loading=\"lazy\" src=\"https:\/\/www.youtube.com\/embed\/ICd38oRfoHU?start=673\" width=\"560\" height=\"315\" frameborder=\"0\" allowfullscreen=\"allowfullscreen\"><\/iframe><\/p>\n<p>Quant aux journaux papier, pour y revenir, <strong>ils ont disparu corps et biens de l&rsquo;univers informatif des jeunes<\/strong>. C&rsquo;est comme \u00e7a, que voulez-vous\u00a0! La question se pose alors d&rsquo;investir dans la production d&rsquo;un journal d&rsquo;\u00e9cole ou d&rsquo;\u00e9tablissement sous cette m\u00eame forme traditionnelle. Pour quoi faire\u00a0? C&rsquo;est prendre le risque de l&rsquo;incompr\u00e9hension et d&rsquo;une coloration \u00ab\u00a0vintage\u00a0\u00bb, m\u00eame si je le sais, il y a bien des aspects positifs li\u00e9s\u00a0\u00e0 la mat\u00e9rialit\u00e9 du m\u00e9dia et \u00e0 l&rsquo;\u00e9conomie de sa diffusion\u2026<\/p>\n<p>Je m&rsquo;interroge\u2026<\/p>\n<p><strong>Troisi\u00e8me point<\/strong> : il s&rsquo;agit, dans chaque coll\u00e8ge ou lyc\u00e9e, de d\u00e9velopper un m\u00e9dia. Un seul\u00a0? Et pourquoi pas plusieurs\u00a0?<\/p>\n<p>Certes, j&rsquo;entends bien tout l&rsquo;int\u00e9r\u00eat qu&rsquo;il y a \u00e0 collaborer pour informer. Il est possible, m\u00eame si ce n&rsquo;est pas toujours ais\u00e9, de se r\u00e9partir les r\u00f4les fort nombreux, quel que soit le m\u00e9dia choisi. Il est, par ailleurs, toujours fort int\u00e9ressant, avant de porter son opinion sur la sc\u00e8ne universelle, ce que permettent les m\u00e9dias d&rsquo;aujourd&rsquo;hui, de la confronter \u00e0 l&rsquo;avis des \u00ab\u00a0collaborateurs\u00a0\u00bb qui peuvent l&rsquo;amender, l&rsquo;enrichir\u2026<\/p>\n<p>Mais pourquoi pas plusieurs m\u00e9dias, un par classe, par exemple, tant que la classe est le groupe le plus repr\u00e9sentatif du cursus scolaire\u00a0? Et pourquoi pas, puisque c&rsquo;est manifestement la tendance du moment, une publication\u00a0faisant intervenir, par rebonds, plusieurs m\u00e9dias\u00a0? Et pourquoi pas un blogue par \u00e9l\u00e8ve, surtout au lyc\u00e9e\u00a0? Et pourquoi ne pas ouvrir, d\u00e8s l&rsquo;inscription en d\u00e9but d&rsquo;ann\u00e9e, un espace d&rsquo;expression par lyc\u00e9en sur le site du lyc\u00e9e\u00a0? Ou ailleurs\u00a0?<\/p>\n<p>Pour ma part, je m&rsquo;interroge sur les raisons qui poussent les r\u00e9dacteurs de ce texte \u00e0 limiter, inconsciemment sans doute, la production de chaque \u00e9cole ou \u00e9tablissement \u00e0 un exemplaire. La peur d&rsquo;\u00eatre d\u00e9bord\u00e9s, sans doute\u2026<\/p>\n<p>Et pourquoi enfin ne pas renforcer et \u00e9largir le <a href=\"http:\/\/www.clemi.org\/fr\/productions-des-eleves\/journaux-scolaires\/depot-pedagogique\/\" target=\"_blank\">d\u00e9p\u00f4t p\u00e9dagogique<\/a>\u00a0? Le Clemi est en charge du recueil depuis douze ans\u00a0mais <a href=\"http:\/\/www.clemi-base.fr\/Main.htm?context=2\" target=\"_blank\">la base en ligne<\/a> qui lui est r\u00e9serv\u00e9e \u00e0 la <a href=\"http:\/\/www.bnf.fr\/fr\/acc\/x.accueil.html\" target=\"_blank\">BNF<\/a>, r\u00e9duite \u00e0 31 (trente-et-un) exemplaires de journaux papier,\u00a0ne met gu\u00e8re en valeur le tr\u00e8s riche fonds documentaire qui ne reste consultable que dans ses locaux parisiens. Alors bien s\u00fbr\u00a0le Clemi manque de moyens techniques et humains pour proc\u00e9der \u00e0 la num\u00e9risation de tout le fonds, consid\u00e9rable, lui, de m\u00eame que\u00a0pour indexer et archiver l&rsquo;\u00e9norme stock de m\u00e9dias en ligne, sous toutes les formes num\u00e9riques possibles. Tout de m\u00eame, la production m\u00e9diatique scolaire m\u00e9riterait un autre traitement qui la mette mieux en valeur et la promeuve\u2026<\/p>\n<p><strong>Quatri\u00e8me point\u00a0: <\/strong>qui est ce \u00ab\u00a0Minist\u00e8re\u00a0\u00bb qui aurait pour mission de veiller \u00e0 l&rsquo;application de la consigne ci-dessus\u00a0? Sera-ce le r\u00f4le du Clemi et de ses \u00e9quipes acad\u00e9miques\u00a0? L\u00e0 encore, il y a de quoi s&rsquo;interroger et \u00e9mettre de s\u00e9rieux doutes sur la r\u00e9alit\u00e9 de la mise en \u0153uvre de ces annonces.<\/p>\n<p><strong>Cinqui\u00e8me point<\/strong>\u00a0: la conclusion est admirable. Je ne plaisante pas, je vous la remets pour la d\u00e9guster\u00a0:<\/p>\n<blockquote><p>\u00ab\u00a0C\u2019est en effet en engageant les \u00e9l\u00e8ves eux-m\u00eames dans des activit\u00e9s de production et de diffusion de contenus, notamment \u00e0 travers les r\u00e9seaux sociaux et les plateformes collaboratives en ligne, qu\u2019ils prendront le mieux conscience des enjeux attach\u00e9s \u00e0 la fiabilit\u00e9 des sources, \u00e0 l\u2019interpr\u00e9tation des informations et \u00e0 la repr\u00e9sentation de soi en ligne.\u00a0\u00bb<\/p><\/blockquote>\n<p>Deux points sont tr\u00e8s \u00e9tonnants qui m\u00e9ritent qu&rsquo;on s&rsquo;y attardent. En tout premier lieu, c&rsquo;est la premi\u00e8re fois, \u00e0 ma connaissance, que je lis <strong>un encouragement institutionnel \u00e0 destination des \u00e9l\u00e8ves \u00e0 s&#8217;emparer des r\u00e9seaux sociaux<\/strong> pour y produire et diffuser des contenus. Je ne plaisante pas, c&rsquo;est admirable, vous dis-je. Et inattendu.<\/p>\n<p>C&rsquo;est aussi, \u00e0 ma connaissance encore, la premi\u00e8re fois qu&rsquo;on pr\u00e9sente les apprentissages de cette mani\u00e8re. Ainsi, il serait possible d&rsquo;acc\u00e9der pour les \u00e9l\u00e8ves \u00e0 la responsabilit\u00e9, peut-\u00eatre aussi \u00e0 l&rsquo;autonomie, sur Internet apr\u00e8s avoir appris \u00e0 produire de l&rsquo;information, \u00e0 v\u00e9rifier ses sources, \u00e0 g\u00e9rer au mieux son identit\u00e9 en ligne\u00a0! Ainsi il serait possible <strong>d&rsquo;apprendre \u00e0 publier d&rsquo;abord et, chemin faisant, d&rsquo;acqu\u00e9rir les comp\u00e9tences n\u00e9cessaires \u00e0 l&rsquo;exercice d&rsquo;une citoyennet\u00e9 num\u00e9rique<\/strong>. En quelque sorte exactement l&rsquo;inverse de ce que proposent aujourd&rsquo;hui les portails divers cens\u00e9s s&rsquo;adresser aux jeunes \u00e0 ce sujet. Non, je ne donnerai pas de noms\u2026<\/p>\n<p><strong>Exactement ce qu&rsquo;on appelle du bon sens.<\/strong><\/p>\n<p>Enfin, il faut signaler que cette mesure pr\u00e9conise aussi le d\u00e9veloppement de la participation et des initiatives des \u00e9l\u00e8ves, notamment les \u00ab\u00a0conseils d\u2019enfants\u00a0\u00bb d\u00e8s l\u2019\u00e9cole primaire, les conseils de la vie coll\u00e9gienne, en apportant enfin un soutien renforc\u00e9 aux conseils de la vie lyc\u00e9enne.<\/p>\n<p>Ce n&rsquo;est \u00e9videmment pas fait pour me d\u00e9plaire m\u00eame s&rsquo;il s&rsquo;agit l\u00e0 de d\u00e9clarations d&rsquo;intention. On attend pour voir, maintenant. La bonne id\u00e9e serait de signer, \u00e0 ce sujet, les circulaires n\u00e9cessaires \u00e0 l&rsquo;\u00e9largissement de fait des droits des \u00e9l\u00e8ves dans cet exercice participatif d\u00e9mocratique, en commen\u00e7ant par les lyc\u00e9ens dont les organes de repr\u00e9sentation, les conseils de la vie lyc\u00e9enne, pourraient enfin \u00eatre dot\u00e9s du pouvoir de d\u00e9cider de certaines dispositions, celles qui les concernent tr\u00e8s directement.<\/p>\n<p>On pourrait m\u00eame les consulter \u00e0 ce sujet, pour savoir ce qu&rsquo;ils en pensent\u2026<\/p>\n<p>Michel Guillou\u00a0<a href=\"https:\/\/twitter.com\/michelguillou\" target=\"_blank\">@michelguillou<\/a><\/p>\n<p><a href=\"http:\/\/creativecommons.org\/licenses\/by-nc-sa\/2.0\/fr\/\" target=\"_blank\"><img loading=\"lazy\" decoding=\"async\" src=\"http:\/\/i.creativecommons.org\/l\/by-nc-sa\/2.0\/fr\/80x15.png\" alt=\"image\" width=\"80\" height=\"15\" \/><\/a><\/p>\n<p>Cr\u00e9dit photo\u00a0: <a href=\"http:\/\/www.flickr.com\/photos\/89401670@N07\/8138504406\">IMGP4973<\/a> via <a href=\"http:\/\/photopin.com\">photopin<\/a> <a href=\"https:\/\/creativecommons.org\/licenses\/by-sa\/2.0\/\">(licence)<\/a><\/p>\n<p>1. L\u2019\u00e9ducation aux m\u00e9dias et \u00e0 l\u2019information est incompatible avec la censure g\u00e9n\u00e9ralis\u00e9e du web\u00a0<a href=\"http:\/\/www.culture-numerique.fr\/?p=2591\" target=\"_blank\">http:\/\/www.culture-numerique.fr\/?p=2591<\/a><\/p>\n","protected":false},"excerpt":{"rendered":"<p><a href=\"http:\/\/www.culture-numerique.fr\/wp-content\/uploads\/2015\/02\/8138504406_8f82d8033b_b.jpg\"><img loading=\"lazy\" decoding=\"async\" class=\"aligncenter size-full wp-image-2685\" src=\"http:\/\/www.culture-numerique.fr\/wp-content\/uploads\/2015\/02\/8138504406_8f82d8033b_b.jpg\" alt=\"Radios\" width=\"1024\" height=\"623\" srcset=\"https:\/\/www.culture-numerique.fr\/wp-content\/uploads\/2015\/02\/8138504406_8f82d8033b_b.jpg 1024w, https:\/\/www.culture-numerique.fr\/wp-content\/uploads\/2015\/02\/8138504406_8f82d8033b_b-300x183.jpg 300w, https:\/\/www.culture-numerique.fr\/wp-content\/uploads\/2015\/02\/8138504406_8f82d8033b_b-100x61.jpg 100w, https:\/\/www.culture-numerique.fr\/wp-content\/uploads\/2015\/02\/8138504406_8f82d8033b_b-150x91.jpg 150w, https:\/\/www.culture-numerique.fr\/wp-content\/uploads\/2015\/02\/8138504406_8f82d8033b_b-200x122.jpg 200w, https:\/\/www.culture-numerique.fr\/wp-content\/uploads\/2015\/02\/8138504406_8f82d8033b_b-450x274.jpg 450w, https:\/\/www.culture-numerique.fr\/wp-content\/uploads\/2015\/02\/8138504406_8f82d8033b_b-600x365.jpg 600w, https:\/\/www.culture-numerique.fr\/wp-content\/uploads\/2015\/02\/8138504406_8f82d8033b_b-900x548.jpg 900w\" sizes=\"auto, (max-width: 1024px) 100vw, 1024px\" \/><\/a><\/p>\n<p><strong>La communication politique est un art si particulier<\/strong> et d\u00e9concertant que le citoyen a parfois du mal \u00e0 en d\u00e9m\u00ealer les fils. \u00c0 peine la ministre de l&rsquo;\u00e9ducation avait-elle r\u00e9pondu au S\u00e9nat sur la place que tenait la nouvelle \u00e9ducation aux m\u00e9dias et \u00e0 l&rsquo;information,<\/p>\n<p><span class=\"ellipsis\">&hellip;<\/span><\/p>\n<div class=\"read-more\"><a href=\"https:\/\/www.culture-numerique.fr\/?p=2682\">Lire la suite &#8250;<\/a><\/div>\n<p><!-- end of .read-more --><\/p>\n","protected":false},"author":1,"featured_media":2685,"comment_status":"open","ping_status":"open","sticky":false,"template":"","format":"standard","meta":{"jetpack_post_was_ever_published":false,"_jetpack_newsletter_access":"","_jetpack_dont_email_post_to_subs":false,"_jetpack_newsletter_tier_id":0,"_jetpack_memberships_contains_paywalled_content":false,"_jetpack_memberships_contains_paid_content":false,"footnotes":""},"categories":[9],"tags":[19,154,91,530,437,529,538,542,209,540,539,541,543,85,155,298,158],"class_list":["post-2682","post","type-post","status-publish","format-standard","has-post-thumbnail","hentry","category-billets-dhumeur","tag-apprentissages","tag-autonomie","tag-citoyennete-numerique","tag-education-aux-medias-et-a-linformation","tag-education-aux-medias-numeriques","tag-emi","tag-expression-des-jeunes","tag-identite-numerique","tag-information","tag-medias-scolaires","tag-parcours-citoyen","tag-radio","tag-representation-de-soi","tag-reseaux-sociaux","tag-responsabilite","tag-video","tag-vie-lyceenne"],"jetpack_featured_media_url":"https:\/\/www.culture-numerique.fr\/wp-content\/uploads\/2015\/02\/8138504406_8f82d8033b_b.jpg","jetpack_sharing_enabled":true,"_links":{"self":[{"href":"https:\/\/www.culture-numerique.fr\/index.php?rest_route=\/wp\/v2\/posts\/2682","targetHints":{"allow":["GET"]}}],"collection":[{"href":"https:\/\/www.culture-numerique.fr\/index.php?rest_route=\/wp\/v2\/posts"}],"about":[{"href":"https:\/\/www.culture-numerique.fr\/index.php?rest_route=\/wp\/v2\/types\/post"}],"author":[{"embeddable":true,"href":"https:\/\/www.culture-numerique.fr\/index.php?rest_route=\/wp\/v2\/users\/1"}],"replies":[{"embeddable":true,"href":"https:\/\/www.culture-numerique.fr\/index.php?rest_route=%2Fwp%2Fv2%2Fcomments&post=2682"}],"version-history":[{"count":15,"href":"https:\/\/www.culture-numerique.fr\/index.php?rest_route=\/wp\/v2\/posts\/2682\/revisions"}],"predecessor-version":[{"id":2698,"href":"https:\/\/www.culture-numerique.fr\/index.php?rest_route=\/wp\/v2\/posts\/2682\/revisions\/2698"}],"wp:featuredmedia":[{"embeddable":true,"href":"https:\/\/www.culture-numerique.fr\/index.php?rest_route=\/wp\/v2\/media\/2685"}],"wp:attachment":[{"href":"https:\/\/www.culture-numerique.fr\/index.php?rest_route=%2Fwp%2Fv2%2Fmedia&parent=2682"}],"wp:term":[{"taxonomy":"category","embeddable":true,"href":"https:\/\/www.culture-numerique.fr\/index.php?rest_route=%2Fwp%2Fv2%2Fcategories&post=2682"},{"taxonomy":"post_tag","embeddable":true,"href":"https:\/\/www.culture-numerique.fr\/index.php?rest_route=%2Fwp%2Fv2%2Ftags&post=2682"}],"curies":[{"name":"wp","href":"https:\/\/api.w.org\/{rel}","templated":true}]}}