{"id":2622,"date":"2015-02-01T14:07:24","date_gmt":"2015-02-01T13:07:24","guid":{"rendered":"http:\/\/www.culture-numerique.fr\/?p=2622"},"modified":"2015-02-07T01:01:28","modified_gmt":"2015-02-07T00:01:28","slug":"ma-petite-contribution-a-la-concertation-sur-lecole-numerique","status":"publish","type":"post","link":"https:\/\/www.culture-numerique.fr\/?p=2622","title":{"rendered":"Ma petite contribution \u00e0 la concertation sur l&rsquo;\u00e9cole num\u00e9rique"},"content":{"rendered":"<p><strong><img loading=\"lazy\" decoding=\"async\" class=\"alignleft size-medium wp-image-2630\" src=\"http:\/\/www.culture-numerique.fr\/wp-content\/uploads\/2015\/02\/2015-02-01_122124-300x172.jpg\" alt=\"Former\" width=\"300\" height=\"172\" srcset=\"https:\/\/www.culture-numerique.fr\/wp-content\/uploads\/2015\/02\/2015-02-01_122124-300x172.jpg 300w, https:\/\/www.culture-numerique.fr\/wp-content\/uploads\/2015\/02\/2015-02-01_122124-100x57.jpg 100w, https:\/\/www.culture-numerique.fr\/wp-content\/uploads\/2015\/02\/2015-02-01_122124-150x86.jpg 150w, https:\/\/www.culture-numerique.fr\/wp-content\/uploads\/2015\/02\/2015-02-01_122124-200x114.jpg 200w, https:\/\/www.culture-numerique.fr\/wp-content\/uploads\/2015\/02\/2015-02-01_122124-450x257.jpg 450w, https:\/\/www.culture-numerique.fr\/wp-content\/uploads\/2015\/02\/2015-02-01_122124-600x343.jpg 600w, https:\/\/www.culture-numerique.fr\/wp-content\/uploads\/2015\/02\/2015-02-01_122124.jpg 771w\" sizes=\"auto, (max-width: 300px) 100vw, 300px\" \/>L&rsquo;occasion m&rsquo;a \u00e9t\u00e9 donn\u00e9e<\/strong>, en cette fin janvier 2015, d&rsquo;intervenir trois fois devant des publics tr\u00e8s diff\u00e9rents \u00e0 propos du num\u00e9rique et des enjeux pour l&rsquo;\u00e9cole. Vous trouverez\u00a0donc ci-dessous les trois diaporamas que j&rsquo;ai pr\u00e9sent\u00e9s et qui, comme d&rsquo;habitude, m&rsquo;ont servi de trame et de support aux conf\u00e9rences.<\/p>\n<p>Trois circonstances diff\u00e9rentes, trois contextes pour trois publics diff\u00e9rents. Mais aussi, <strong>la m\u00eame actualit\u00e9<\/strong>\u2026<\/p>\n<p>Le premier a \u00e9t\u00e9 pr\u00e9sent\u00e9 \u00e0 l&rsquo;occasion d&rsquo;une session de formation continue pour les professeurs documentalistes et des conseillers principaux d&rsquo;\u00e9ducation d&rsquo;un bassin de formation de l&rsquo;acad\u00e9mie de Versailles. Le th\u00e8me qu&rsquo;on m&rsquo;avait impos\u00e9 \u00e9tait \u00ab\u00a0<strong>Num\u00e9rique et citoyennet\u00e9<\/strong>\u00a0\u00bb, appliqu\u00e9 \u00e0 l&rsquo;\u00e9cole, bien \u00a0s\u00fbr. Un regret\u00a0: je n&rsquo;ai parl\u00e9 que de mani\u00e8re \u00e9vasive et rapide de l&rsquo;exercice de la d\u00e9mocratie scolaire par les \u00e9l\u00e8ves\u2026 J&rsquo;aurais aim\u00e9 prendre davantage de temps pour \u00e9voquer ce sujet et, en particulier, <strong>la vie lyc\u00e9enne<\/strong> et la difficult\u00e9 de faire valoir le droit des lyc\u00e9ens. Le lien avec le num\u00e9rique est \u00e9vident en ce que ce dernier offre d&rsquo;opportunit\u00e9s pour l&rsquo;expression de la parole et des opinions des \u00e9l\u00e8ves, \u00e9lus, d\u00e9l\u00e9gu\u00e9s ou pas.<\/p>\n<p><iframe loading=\"lazy\" style=\"border: 1px solid #CCC; border-width: 1px; margin-bottom: 5px; max-width: 100%;\" src=\"\/\/www.slideshare.net\/slideshow\/embed_code\/43912367\" width=\"510\" height=\"420\" frameborder=\"0\" marginwidth=\"0\" marginheight=\"0\" scrolling=\"no\" allowfullscreen=\"allowfullscreen\"> <\/iframe><\/p>\n<div style=\"margin-bottom: 5px;\"><strong> <a title=\"Num\u00e9rique et citoyennet\u00e9\" href=\"\/\/fr.slideshare.net\/mguillou\/numrique-et-citoyennet\" target=\"_blank\">Num\u00e9rique et citoyennet\u00e9<\/a><\/strong><\/div>\n<p>Le deuxi\u00e8me diaporama, tr\u00e8s long, intitul\u00e9 \u00ab<strong>\u00a0Des pratiques num\u00e9riques des jeunes aux enjeux pour l&rsquo;\u00e9cole d&rsquo;aujourd&rsquo;hui\u2026 et de demain<\/strong>\u00a0\u00bb, a \u00e9t\u00e9 pr\u00e9sent\u00e9 \u00e0 l&rsquo;occasion d&rsquo;une journ\u00e9e d\u00e9partementale Tice dans le d\u00e9partement de l&rsquo;Ain, \u00e0 Bourg-en-Bresse. Elle rassemblait, \u00e0 l&rsquo;<a href=\"http:\/\/espe.univ-lyon1.fr\/organisation\/sites-de-formation\/espe-site-de-formation-bourg-en-bresse-759186.kjsp\" target=\"_blank\">ESPE locale<\/a>, de nombreux professeurs et cadres p\u00e9dagogiques du premier et second degr\u00e9. J&rsquo;y ai \u00e9voqu\u00e9 <strong>la relation compliqu\u00e9e<\/strong> entre l&rsquo;\u00e9cole et le num\u00e9rique, ai fait un point sur le chantier de l&rsquo;\u00e9cole num\u00e9rique, un tour d&rsquo;horizon rapide <strong>des pratiques m\u00e9diatiques et num\u00e9riques massives des jeunes<\/strong>, me suis attard\u00e9 sur un effet particulier de la confrontation de l&rsquo;\u00e9cole avec ces pratiques en montrant comment cette derni\u00e8re s&rsquo;est av\u00e9r\u00e9e incapable, depuis plus de dix ans, de <strong>proposer des r\u00e9ponses \u00e9ducatives<\/strong> \u00e0 une expression lib\u00e9r\u00e9e mais parfois d\u00e9r\u00e9gul\u00e9e des \u00e9l\u00e8ves. J&rsquo;ai termin\u00e9 enfin en dressant ma liste, en forme <strong>de constats et de d\u00e9fis<\/strong>, des questions auxquelles l&rsquo;\u00e9cole devra apporter des r\u00e9ponses raisonn\u00e9es et ad\u00e9quates.<\/p>\n<p><iframe loading=\"lazy\" style=\"border: 1px solid #CCC; border-width: 1px; margin-bottom: 5px; max-width: 100%;\" src=\"\/\/www.slideshare.net\/slideshow\/embed_code\/44027459\" width=\"510\" height=\"420\" frameborder=\"0\" marginwidth=\"0\" marginheight=\"0\" scrolling=\"no\" allowfullscreen=\"allowfullscreen\"> <\/iframe><\/p>\n<div style=\"margin-bottom: 5px;\"><strong> <a title=\"Des pratiques num\u00e9riques des jeunes aux enjeux pour l'\u00e9cole\" href=\"\/\/fr.slideshare.net\/mguillou\/des-pratiques-numriques-des-jeunes-aux-enjeux-pour-lcole\" target=\"_blank\">Des pratiques num\u00e9riques des jeunes aux enjeux pour l&rsquo;\u00e9cole d&rsquo;aujourd&rsquo;hui&#8230; et de demain<\/a><\/strong><\/div>\n<p>Le dernier diaporama, enfin, a \u00e9t\u00e9 pr\u00e9sent\u00e9 en un temps tr\u00e8s court, en introduction d&rsquo;une table ronde anim\u00e9e par <a href=\"https:\/\/twitter.com\/DorieBruyas\" target=\"_blank\">Dorie Bruyas<\/a>, qui dirige <a href=\"http:\/\/frequence-ecoles.org\/\" target=\"_blank\">Fr\u00e9quence-\u00c9coles<\/a>, \u00e0 laquelle on m&rsquo;avait invit\u00e9 sur le remarquable et \u00e9tonnant \u00e9v\u00e9nement <strong><a href=\"http:\/\/www.event42.fr\/le-programme-en-detail\/\" target=\"_blank\">#event42<\/a><\/strong>, \u00e0 St-\u00c9tienne, de m\u00eame que <a href=\"https:\/\/twitter.com\/cjouneausion\" target=\"_blank\">Caroline Jouneau-Sion<\/a>. \u00c0 la question simplissime \u00ab\u00a0<strong>Le num\u00e9rique \u00e0 l&rsquo;\u00e9cole, pour quoi faire\u00a0?<\/strong>\u00a0\u00bb, Caroline a \u00e9voqu\u00e9 des exemples pratiques en classe o\u00f9 le num\u00e9rique contribuait \u00e0 \u00e9clairer les apprentissages. Pour ma part,\u00a0j&rsquo;avais r\u00e9pondu qu&rsquo;il \u00a0s&rsquo;agissait d&rsquo;abord de <strong>former des citoyens<\/strong>, mission de l&rsquo;\u00e9cole sur laquelle, \u00e0 mon avis, cette derni\u00e8re aurait \u00e0 faire porter ses efforts dans les ann\u00e9es qui viennent.<\/p>\n<p><iframe loading=\"lazy\" style=\"border: 1px solid #CCC; border-width: 1px; margin-bottom: 5px; max-width: 100%;\" src=\"\/\/www.slideshare.net\/slideshow\/embed_code\/44109728\" width=\"510\" height=\"420\" frameborder=\"0\" marginwidth=\"0\" marginheight=\"0\" scrolling=\"no\" allowfullscreen=\"allowfullscreen\"> <\/iframe><\/p>\n<div style=\"margin-bottom: 5px;\"><strong> <a title=\"Le num\u00e9rique \u00e0 l'\u00e9cole, pour quoi faire\" href=\"\/\/fr.slideshare.net\/mguillou\/le-numrique-lcole-pour-quoi-faire\" target=\"_blank\">Le num\u00e9rique \u00e0 l&rsquo;\u00e9cole, pour quoi faire\u00a0?<\/a>\u00a0<\/strong><\/div>\n<p>Ce furent aussi trois occasions pour \u00e9changer sur tous ces sujets avec tous celles et ceux qui m&rsquo;ont fait l&rsquo;amabilit\u00e9 de venir\u2026 Et de prendre, pour ma part, beaucoup de plaisir.<\/p>\n<p>Michel Guillou\u00a0<a href=\"https:\/\/twitter.com\/michelguillou\" target=\"_blank\">@michelguillou<\/a><\/p>\n<p><a href=\"http:\/\/creativecommons.org\/licenses\/by-nc-sa\/2.0\/fr\/\" target=\"_blank\"><img loading=\"lazy\" decoding=\"async\" src=\"http:\/\/i.creativecommons.org\/l\/by-nc-sa\/2.0\/fr\/80x15.png\" alt=\"image\" width=\"80\" height=\"15\" \/><\/a><\/p>\n","protected":false},"excerpt":{"rendered":"<p><strong><img loading=\"lazy\" decoding=\"async\" class=\"alignleft size-medium wp-image-2630\" src=\"http:\/\/www.culture-numerique.fr\/wp-content\/uploads\/2015\/02\/2015-02-01_122124-300x172.jpg\" alt=\"Former\" width=\"300\" height=\"172\" srcset=\"https:\/\/www.culture-numerique.fr\/wp-content\/uploads\/2015\/02\/2015-02-01_122124-300x172.jpg 300w, https:\/\/www.culture-numerique.fr\/wp-content\/uploads\/2015\/02\/2015-02-01_122124-100x57.jpg 100w, https:\/\/www.culture-numerique.fr\/wp-content\/uploads\/2015\/02\/2015-02-01_122124-150x86.jpg 150w, https:\/\/www.culture-numerique.fr\/wp-content\/uploads\/2015\/02\/2015-02-01_122124-200x114.jpg 200w, https:\/\/www.culture-numerique.fr\/wp-content\/uploads\/2015\/02\/2015-02-01_122124-450x257.jpg 450w, https:\/\/www.culture-numerique.fr\/wp-content\/uploads\/2015\/02\/2015-02-01_122124-600x343.jpg 600w, https:\/\/www.culture-numerique.fr\/wp-content\/uploads\/2015\/02\/2015-02-01_122124.jpg 771w\" sizes=\"auto, (max-width: 300px) 100vw, 300px\" \/>L&rsquo;occasion m&rsquo;a \u00e9t\u00e9 donn\u00e9e<\/strong>, en cette fin janvier 2015, d&rsquo;intervenir trois fois devant des publics tr\u00e8s diff\u00e9rents \u00e0 propos du num\u00e9rique et des enjeux pour l&rsquo;\u00e9cole. Vous trouverez\u00a0donc ci-dessous les trois diaporamas que j&rsquo;ai pr\u00e9sent\u00e9s et qui,<\/p>\n<p><span class=\"ellipsis\">&hellip;<\/span><\/p>\n<div class=\"read-more\"><a href=\"https:\/\/www.culture-numerique.fr\/?p=2622\">Lire la suite &#8250;<\/a><\/div>\n<p><!-- end of .read-more --><\/p>\n","protected":false},"author":1,"featured_media":2630,"comment_status":"open","ping_status":"open","sticky":false,"template":"","format":"standard","meta":{"jetpack_post_was_ever_published":false,"_jetpack_newsletter_access":"","_jetpack_dont_email_post_to_subs":false,"_jetpack_newsletter_tier_id":0,"_jetpack_memberships_contains_paywalled_content":false,"_jetpack_memberships_contains_paid_content":false,"footnotes":""},"categories":[36],"tags":[46,91,52,66,536,13,461,68,4],"class_list":["post-2622","post","type-post","status-publish","format-standard","has-post-thumbnail","hentry","category-ressources","tag-citoyennete","tag-citoyennete-numerique","tag-culture-numerique","tag-ecole-numerique","tag-event42","tag-liberte-dexpression","tag-litteratie-numerique","tag-missions-de-lecole","tag-numerique-educatif"],"jetpack_featured_media_url":"https:\/\/www.culture-numerique.fr\/wp-content\/uploads\/2015\/02\/2015-02-01_122124.jpg","jetpack_sharing_enabled":true,"_links":{"self":[{"href":"https:\/\/www.culture-numerique.fr\/index.php?rest_route=\/wp\/v2\/posts\/2622","targetHints":{"allow":["GET"]}}],"collection":[{"href":"https:\/\/www.culture-numerique.fr\/index.php?rest_route=\/wp\/v2\/posts"}],"about":[{"href":"https:\/\/www.culture-numerique.fr\/index.php?rest_route=\/wp\/v2\/types\/post"}],"author":[{"embeddable":true,"href":"https:\/\/www.culture-numerique.fr\/index.php?rest_route=\/wp\/v2\/users\/1"}],"replies":[{"embeddable":true,"href":"https:\/\/www.culture-numerique.fr\/index.php?rest_route=%2Fwp%2Fv2%2Fcomments&post=2622"}],"version-history":[{"count":18,"href":"https:\/\/www.culture-numerique.fr\/index.php?rest_route=\/wp\/v2\/posts\/2622\/revisions"}],"predecessor-version":[{"id":2671,"href":"https:\/\/www.culture-numerique.fr\/index.php?rest_route=\/wp\/v2\/posts\/2622\/revisions\/2671"}],"wp:featuredmedia":[{"embeddable":true,"href":"https:\/\/www.culture-numerique.fr\/index.php?rest_route=\/wp\/v2\/media\/2630"}],"wp:attachment":[{"href":"https:\/\/www.culture-numerique.fr\/index.php?rest_route=%2Fwp%2Fv2%2Fmedia&parent=2622"}],"wp:term":[{"taxonomy":"category","embeddable":true,"href":"https:\/\/www.culture-numerique.fr\/index.php?rest_route=%2Fwp%2Fv2%2Fcategories&post=2622"},{"taxonomy":"post_tag","embeddable":true,"href":"https:\/\/www.culture-numerique.fr\/index.php?rest_route=%2Fwp%2Fv2%2Ftags&post=2622"}],"curies":[{"name":"wp","href":"https:\/\/api.w.org\/{rel}","templated":true}]}}