{"id":261,"date":"2013-06-26T01:26:49","date_gmt":"2013-06-25T23:26:49","guid":{"rendered":"http:\/\/www.culture-numerique.fr\/?p=261"},"modified":"2015-09-18T02:01:54","modified_gmt":"2015-09-18T00:01:54","slug":"education-au-numerique-gare-aux-lobbys-obscurantistes","status":"publish","type":"post","link":"https:\/\/www.culture-numerique.fr\/?p=261","title":{"rendered":"\u00c9ducation au num\u00e9rique\u00a0: gare aux lobbys obscurantistes !"},"content":{"rendered":"<p style=\"text-align: center;\"><a href=\"http:\/\/www.culture-numerique.fr\/wp-content\/uploads\/2014\/04\/medium_4680320507.jpg\"><img loading=\"lazy\" decoding=\"async\" class=\"wp-image-262 aligncenter\" src=\"http:\/\/www.culture-numerique.fr\/wp-content\/uploads\/2014\/04\/medium_4680320507.jpg\" alt=\"Binaire\" width=\"832\" height=\"556\" srcset=\"https:\/\/www.culture-numerique.fr\/wp-content\/uploads\/2014\/04\/medium_4680320507.jpg 500w, https:\/\/www.culture-numerique.fr\/wp-content\/uploads\/2014\/04\/medium_4680320507-300x200.jpg 300w, https:\/\/www.culture-numerique.fr\/wp-content\/uploads\/2014\/04\/medium_4680320507-100x66.jpg 100w, https:\/\/www.culture-numerique.fr\/wp-content\/uploads\/2014\/04\/medium_4680320507-150x100.jpg 150w, https:\/\/www.culture-numerique.fr\/wp-content\/uploads\/2014\/04\/medium_4680320507-200x133.jpg 200w, https:\/\/www.culture-numerique.fr\/wp-content\/uploads\/2014\/04\/medium_4680320507-450x300.jpg 450w\" sizes=\"auto, (max-width: 832px) 100vw, 832px\" \/><\/a><\/p>\n<p><strong>Depuis qu\u2019au minist\u00e8re<\/strong>\u00a0de l\u2019\u00e9ducation nationale, on a eu l\u2019id\u00e9e lumineuse d\u2019envisager, peut-\u00eatre \u2014 attendez\u00a0! on va d\u2019abord voir dans les\u00a0<a href=\"http:\/\/gingko.neottia.net\/post\/53541426466\/numerique-educatif-ubu-fait-ecole\" target=\"_blank\">vingt coll\u00e8ges pilotes<\/a>\u00a0si \u00e7a marche\u00a0! \u2014 de se lancer dans l\u2019enseignement et la formation au num\u00e9rique et par le num\u00e9rique, les d\u00e9cideurs sont pris dans le feu nourri et crois\u00e9 des lobbys et des marchands (ce sont parfois les m\u00eames)\u00a0!<\/p>\n<p>Du coup, surgissent d\u2019un n\u00e9ant obscurantiste post-moderne les \u00e9tats d\u2019\u00e2me, avis et autres d\u00e9clarations dans les m\u00e9dias de lobbyistes auto-proclam\u00e9s experts sur le sujet et qui, sous couvert d\u2019une notori\u00e9t\u00e9 passag\u00e8re, ass\u00e8nent \u00e0 la suite contre-v\u00e9rit\u00e9s et amalgames convenus sur le sujet de ces nouveaux enseignements.<\/p>\n<p>L\u00e0, tout r\u00e9cemment, c\u2019est le Conseil national du num\u00e9rique qui s\u2019y est laiss\u00e9 prendre \u2014 le pr\u00e9c\u00e9dent, dirig\u00e9 par\u00a0<a href=\"http:\/\/fr.wikipedia.org\/wiki\/Gilles_Babinet\" target=\"_blank\">Gilles Babinet<\/a>\u00a0avait fait des propositions plus raisonnables et responsables en la mati\u00e8re \u2014 dans\u00a0<a href=\"http:\/\/www.cnnumerique.fr\/enseignementinformatique\/\" target=\"_blank\">son avis<\/a>\u00a0du 18 juin dernier o\u00f9 il relaie sans barguigner les propositions de ceux de ses membres d\u00e9j\u00e0 pr\u00e9sents \u00e0 l\u2019Acad\u00e9mie des sciences. Si c\u2019est pas du lobby, \u00e7a\u00a0!<\/p>\n<p><strong>Premier syllogisme<\/strong>, augment\u00e9 d\u2019une confusion savamment entretenue par la d\u00e9rive s\u00e9mantique\u00a0: le num\u00e9rique est partout donc il faut enseigner l\u2019informatique, de la maternelle \u00e0 la terminale, par des professeurs d\u2019informatique. J\u2019ai d\u00e9j\u00e0 d\u00e9nonc\u00e9 ce syllogisme en forme d\u2019attrape-nigaud et d\u2019entourloupe dans\u00a0<a href=\"http:\/\/gingko.neottia.net\/post\/41437701505\/informatique-et-numerique-lentourloupe\" target=\"_blank\">cet article<\/a>\u00a0o\u00f9 je rappelais ma position globale sur l\u2019enseignement du num\u00e9rique et au num\u00e9rique que j\u2019appelle de mes v\u0153ux\u00a0:<\/p>\n<blockquote><p>\u00ab\u00a0<strong>L\u2019\u00e9cole a pour mission de former de jeunes citoyens autonomes et responsables. Dans cette perspective, il convient de les former \u00e0 une responsabilit\u00e9 num\u00e9rique \u2014 plus d\u2019ailleurs que d\u2019enseigner une identit\u00e9 num\u00e9rique, j\u2019y reviendrai plus tard \u2014 afin de pouvoir appr\u00e9hender et comprendre tous les enjeux du num\u00e9rique, \u00e9conomiques, soci\u00e9taux, culturels, techniques, philosophiques, \u00e9thiques\u2026<\/strong>\u00a0\u00bb<\/p><\/blockquote>\n<p>Et pas seulement scientifiques, aurais-je pu ajouter, comme on s\u2019acharne \u00e0 nous le faire croire.<\/p>\n<p><strong>Mais il est d\u2019autres lobbyistes<\/strong>, qu\u2019on a connu plus raisonnables en d\u2019autres occasions, qui, emport\u00e9s par la fougue de leur jeunesse, contribuent \u00e0 distiller des id\u00e9es qui me paraissent pernicieuses au m\u00eame degr\u00e9 que celles des lobbys informaticiens.<\/p>\n<p>Ces lobbyistes-l\u00e0, il faut les chercher dans des milieux mouvants et interlopes que sont les associations qui militent pour la d\u00e9fense du logiciel libre et de la neutralit\u00e9 de l\u2019Internet, autant de grands projets qui valent la peine d\u2019\u00eatre soutenus, ce \u00e0 quoi je me suis toujours attach\u00e9.<\/p>\n<p>Ils se piquent, eux aussi, d\u2019avoir des id\u00e9es pour l\u2019\u00e9ducation de demain \u2014 qui n\u2019en a pas\u00a0? tout le monde est pass\u00e9 par l\u2019\u00e9cole de la R\u00e9publique\u2026 \u2014 et ont eu l\u2019id\u00e9e lumineuse, d\u00e9j\u00e0 \u00e9nonc\u00e9e par\u00a0<a href=\"http:\/\/fr.wikipedia.org\/wiki\/J%C3%A9r%C3%A9mie_Zimmermann\" target=\"_blank\">J\u00e9r\u00e9mie Zimmermann<\/a>, de la\u00a0<em><a href=\"http:\/\/www.laquadrature.net\/fr\" target=\"_blank\">Quadrature du Net<\/a><\/em>, lors d\u2019une des premi\u00e8res \u00e9missions de\u00a0<a href=\"http:\/\/fr.wikipedia.org\/wiki\/Vinvin\" target=\"_blank\">Vinvin<\/a>\u00a0<em><a title=\"Le Grand Webz\u00e9\" href=\"http:\/\/fr.wikipedia.org\/wiki\/Le_Grand_Webz%C3%A9\" target=\"_blank\">Le Grand Webz\u00e9<\/a><\/em>\u00a0et\u00a0<a href=\"http:\/\/lacantine.ubicast.eu\/videos\/21-06-2013-125516\/\" target=\"_blank\">r\u00e9affirm\u00e9e<\/a>\u00a0par\u00a0<a href=\"https:\/\/twitter.com\/numendil\" target=\"_blank\">@Numendil<\/a>\u00a0\u00e0 La Cantine \u00e0 l\u2019occasion de\u00a0<a href=\"http:\/\/www.passageenseine.org\/pses-2013\" target=\"_blank\">Pas Sage en Seine 2013<\/a>#pses2013 d\u2019\u00e9noncer qu\u2019il conviendrait qu\u2019\u00e0 l\u2019\u00e9cole on apprenne enfin aux \u00e9l\u00e8ves \u00e0 devenir anonymes et \u00e0 chiffrer leurs communications\u00a0!<\/p>\n<p>Ne riez pas\u00a0! C\u2019est du s\u00e9rieux. Je n\u2019ai pas, \u00e0 ma connaissance, entendu ou vu quiconque protester contre de telles inepties\u00a0!<\/p>\n<p>Tout dans le combat des grands p\u00e9dagogues du si\u00e8cle dernier pousse au contraire\u00a0: promouvoir l\u2019expression libre et responsable des \u00e9l\u00e8ves, qu\u2019ils pouvaient signer de leur main, sans rien craindre d\u2019autre que de se voir contredits.<\/p>\n<p>Vous me direz, \u00e0 juste titre, que ces p\u00e9dagogues-l\u00e0 ne connaissaient pas l\u2019Internet et ce qu\u2019en ont fait, en terme d\u2019appropriation et de marchandisation des donn\u00e9es personnelles, les entreprises qui s\u2019y complaisent. Certes. Mais on ne combat pas ce n\u00e9o-obscurantisme lib\u00e9ral num\u00e9rique par un autre obscurantisme qui consisterait \u00e0 se couvrir d\u2019une cagoule ou d\u2019un masque ridicule, et l\u2019autonomie, qui donne la possibilit\u00e9 du choix, et la responsabilit\u00e9, qui permet d\u2019assumer ce dernier, doivent continuer \u00e0 \u00eatre des valeurs fondamentales de l\u2019\u00e9ducation.<\/p>\n<p>S\u2019il est possible, parfois, dans certaines situations o\u00f9 les libert\u00e9s fondamentales sont menac\u00e9es, de faire le choix personnel d\u2019anonymiser ses \u00e9crits et de chiffrer ces derniers \u2014 il s\u2019agit tout de m\u00eame d\u2019en faire le choix et cela aussi peut s\u2019enseigner\u00a0\u2014,<strong>\u00a0la r\u00e8gle doit rester d\u2019apprendre \u00e0 l\u2019\u00e9cole \u00e0 signer, de mani\u00e8re responsable, authentique, fi\u00e8re et heureuse, ce qu\u2019on \u00e9crit, produit et publie, sous le patronyme que nous ont donn\u00e9 nos parents.<\/strong><\/p>\n<p>Pour ma part, c\u2019est ce \u00e0 quoi je me suis toujours attach\u00e9, comme ici-m\u00eame.<\/p>\n<p>Michel Guillou\u00a0<a href=\"https:\/\/twitter.com\/michelguillou\" target=\"_blank\">@michelguillou<\/a><\/p>\n<p><a href=\"http:\/\/creativecommons.org\/licenses\/by-nc-sa\/2.0\/fr\/\" target=\"_blank\"><img loading=\"lazy\" decoding=\"async\" src=\"http:\/\/i.creativecommons.org\/l\/by-nc-sa\/2.0\/fr\/80x15.png\" alt=\"image\" width=\"80\" height=\"15\" \/><\/a><\/p>\n<p>Cr\u00e9dit photo\u00a0:\u00a0<a href=\"http:\/\/www.flickr.com\/photos\/nottotouchtheearth\/4680320507\/\" target=\"_blank\">Ra Moyano<\/a>\u00a0via\u00a0<a href=\"http:\/\/photopin.com\/\" target=\"_blank\">photopin<\/a>\u00a0<a href=\"http:\/\/creativecommons.org\/licenses\/by-nc-sa\/2.0\/\" target=\"_blank\">cc<\/a><\/p>\n<p>&nbsp;<\/p>\n","protected":false},"excerpt":{"rendered":"<p style=\"text-align: center;\"><a href=\"http:\/\/www.culture-numerique.fr\/wp-content\/uploads\/2014\/04\/medium_4680320507.jpg\"><img loading=\"lazy\" decoding=\"async\" class=\"wp-image-262 aligncenter\" src=\"http:\/\/www.culture-numerique.fr\/wp-content\/uploads\/2014\/04\/medium_4680320507.jpg\" alt=\"Binaire\" width=\"832\" height=\"556\" srcset=\"https:\/\/www.culture-numerique.fr\/wp-content\/uploads\/2014\/04\/medium_4680320507.jpg 500w, https:\/\/www.culture-numerique.fr\/wp-content\/uploads\/2014\/04\/medium_4680320507-300x200.jpg 300w, https:\/\/www.culture-numerique.fr\/wp-content\/uploads\/2014\/04\/medium_4680320507-100x66.jpg 100w, https:\/\/www.culture-numerique.fr\/wp-content\/uploads\/2014\/04\/medium_4680320507-150x100.jpg 150w, https:\/\/www.culture-numerique.fr\/wp-content\/uploads\/2014\/04\/medium_4680320507-200x133.jpg 200w, https:\/\/www.culture-numerique.fr\/wp-content\/uploads\/2014\/04\/medium_4680320507-450x300.jpg 450w\" sizes=\"auto, (max-width: 832px) 100vw, 832px\" \/><\/a><\/p>\n<p><strong>Depuis qu\u2019au minist\u00e8re<\/strong>\u00a0de l\u2019\u00e9ducation nationale, on a eu l\u2019id\u00e9e lumineuse d\u2019envisager, peut-\u00eatre \u2014 attendez\u00a0! on va d\u2019abord voir dans les\u00a0<a href=\"http:\/\/gingko.neottia.net\/post\/53541426466\/numerique-educatif-ubu-fait-ecole\" target=\"_blank\">vingt coll\u00e8ges pilotes<\/a>\u00a0si \u00e7a marche\u00a0! \u2014 de se lancer dans l\u2019enseignement et la formation au num\u00e9rique et par le num\u00e9rique,<\/p>\n<p><span class=\"ellipsis\">&hellip;<\/span><\/p>\n<div class=\"read-more\"><a href=\"https:\/\/www.culture-numerique.fr\/?p=261\">Lire la suite &#8250;<\/a><\/div>\n<p><!-- end of .read-more --><\/p>\n","protected":false},"author":1,"featured_media":262,"comment_status":"open","ping_status":"open","sticky":false,"template":"","format":"standard","meta":{"jetpack_post_was_ever_published":false,"_jetpack_newsletter_access":"","_jetpack_dont_email_post_to_subs":false,"_jetpack_newsletter_tier_id":0,"_jetpack_memberships_contains_paywalled_content":false,"_jetpack_memberships_contains_paid_content":false,"footnotes":""},"categories":[9],"tags":[27,154,190,52,141,5,189,188,155],"class_list":["post-261","post","type-post","status-publish","format-standard","has-post-thumbnail","hentry","category-billets-dhumeur","tag-anonymat","tag-autonomie","tag-chiffrement","tag-culture-numerique","tag-donnees-personnelles","tag-informatique","tag-logiciel-libre","tag-obscurantisme","tag-responsabilite"],"jetpack_featured_media_url":"https:\/\/www.culture-numerique.fr\/wp-content\/uploads\/2014\/04\/medium_4680320507.jpg","jetpack_sharing_enabled":true,"_links":{"self":[{"href":"https:\/\/www.culture-numerique.fr\/index.php?rest_route=\/wp\/v2\/posts\/261","targetHints":{"allow":["GET"]}}],"collection":[{"href":"https:\/\/www.culture-numerique.fr\/index.php?rest_route=\/wp\/v2\/posts"}],"about":[{"href":"https:\/\/www.culture-numerique.fr\/index.php?rest_route=\/wp\/v2\/types\/post"}],"author":[{"embeddable":true,"href":"https:\/\/www.culture-numerique.fr\/index.php?rest_route=\/wp\/v2\/users\/1"}],"replies":[{"embeddable":true,"href":"https:\/\/www.culture-numerique.fr\/index.php?rest_route=%2Fwp%2Fv2%2Fcomments&post=261"}],"version-history":[{"count":6,"href":"https:\/\/www.culture-numerique.fr\/index.php?rest_route=\/wp\/v2\/posts\/261\/revisions"}],"predecessor-version":[{"id":3942,"href":"https:\/\/www.culture-numerique.fr\/index.php?rest_route=\/wp\/v2\/posts\/261\/revisions\/3942"}],"wp:featuredmedia":[{"embeddable":true,"href":"https:\/\/www.culture-numerique.fr\/index.php?rest_route=\/wp\/v2\/media\/262"}],"wp:attachment":[{"href":"https:\/\/www.culture-numerique.fr\/index.php?rest_route=%2Fwp%2Fv2%2Fmedia&parent=261"}],"wp:term":[{"taxonomy":"category","embeddable":true,"href":"https:\/\/www.culture-numerique.fr\/index.php?rest_route=%2Fwp%2Fv2%2Fcategories&post=261"},{"taxonomy":"post_tag","embeddable":true,"href":"https:\/\/www.culture-numerique.fr\/index.php?rest_route=%2Fwp%2Fv2%2Ftags&post=261"}],"curies":[{"name":"wp","href":"https:\/\/api.w.org\/{rel}","templated":true}]}}