{"id":26,"date":"2011-10-03T16:30:13","date_gmt":"2011-10-03T15:30:13","guid":{"rendered":"http:\/\/www.culture-numerique.fr\/?p=26"},"modified":"2020-03-22T10:59:44","modified_gmt":"2020-03-22T09:59:44","slug":"eloge-de-la-mediocrite","status":"publish","type":"post","link":"https:\/\/www.culture-numerique.fr\/?p=26","title":{"rendered":"\u00c9loge de la m\u00e9diocrit\u00e9\u2026"},"content":{"rendered":"<p><a style=\"line-height: 1.5em;\" href=\"http:\/\/www.culture-numerique.fr\/wp-content\/uploads\/2014\/04\/mediocrite.png\"><img loading=\"lazy\" decoding=\"async\" class=\"size-medium wp-image-27 alignleft\" src=\"http:\/\/www.culture-numerique.fr\/wp-content\/uploads\/2014\/04\/mediocrite-300x214.png\" alt=\"mediocrite\" width=\"300\" height=\"214\" srcset=\"https:\/\/www.culture-numerique.fr\/wp-content\/uploads\/2014\/04\/mediocrite-300x214.png 300w, https:\/\/www.culture-numerique.fr\/wp-content\/uploads\/2014\/04\/mediocrite-100x71.png 100w, https:\/\/www.culture-numerique.fr\/wp-content\/uploads\/2014\/04\/mediocrite-150x107.png 150w, https:\/\/www.culture-numerique.fr\/wp-content\/uploads\/2014\/04\/mediocrite-200x143.png 200w, https:\/\/www.culture-numerique.fr\/wp-content\/uploads\/2014\/04\/mediocrite.png 430w\" sizes=\"auto, (max-width: 300px) 100vw, 300px\" \/><\/a><\/p>\n<p><strong>La m\u00e9diocrit\u00e9 est consubstantielle de l\u2019humanit\u00e9<\/strong>, il faudra bien que nos brillants penseurs s\u2019y fassent, c\u2019est comme \u00e7a\u2026<\/p>\n<p>\u00c0 propos d\u2019Internet, il est de bon ton, dans les milieux autoris\u00e9s, de s\u2019en prendre \u00e0 lui, aux m\u00e9dias qui le traversent et, surtout, aux messages qui y sont v\u00e9hicul\u00e9s. Ce n\u2019est pas si vieux. Cela a commenc\u00e9 il y a 3 ou 4 ans\u2026<\/p>\n<p>Rappelez-vous, en juillet 2007, alors qu\u2019\u00e9mergeaient du web de nouveaux m\u00e9dias d\u2019information participatifs, \u00c9ric Fottorino, alors \u00e0 la t\u00eate du\u00a0<em>Monde<\/em>, nous gratifiait d\u2019un \u00e9dito vengeur o\u00f9 il d\u00e9non\u00e7ait les \u00ab\u00a0<strong>pseudo-m\u00e9dias aliment\u00e9s par de pseudo-journalistes, qui se soustraient aux r\u00e8gles \u00e9l\u00e9mentaires du m\u00e9tier\u2026<\/strong>\u00a0\u00bb. Que penser aujourd\u2019hui de ces pseudo-journalistes \u2014 les journalistes y sont tous venus \u2014 pr\u00e9sents sur Twitter, Facebook ou la blogosph\u00e8re et de la mani\u00e8re dont furent trait\u00e9s r\u00e9cemment, en partie gr\u00e2ce \u00e0 eux, nombre d\u2019\u00e9v\u00e9nements dans l\u2019actualit\u00e9 r\u00e9cente, \u00e0 Ha\u00efti, en Tunisie, en Lybie, en \u00c9gypte, en Syrie, au Pakistan, \u00e0 New-York\u00a0?<\/p>\n<p>Peu de temps apr\u00e8s, Jean-Pierre Elkabbach, avant son d\u00e9part, avait lanc\u00e9 son comit\u00e9 d\u2019\u00e9thique (sic) \u00e0\u00a0<em>Europe 1<\/em>\u00a0s\u2019\u00e9levant contre ces m\u00e9dias de \u00ab<strong>\u00a0l\u2019\u00e8re de l\u2019imm\u00e9diatet\u00e9, de l\u2019apparence, de la dictature de l\u2019\u00e9motion\u2026<\/strong>\u00a0\u00bb.<\/p>\n<p>Ce sont les m\u00eames, qui d\u00e9non\u00e7aient, avec les m\u00eames mots, hier encore,\u00a0<em>Wikileaks<\/em>\u2026 qui a, depuis, fait bien des petits\u2026 et re\u00e7u tant de soutiens.<\/p>\n<p>Rappelez-vous encore les petites phrases am\u00e8res, il y a 2 ans, d\u2019Alain Finkielkraut d\u00e9non\u00e7ant le \u00ab\u00a0<strong>d\u00e9sastre<\/strong>\u00a0\u00bb qui touche l\u2019\u00e9cole, confront\u00e9e \u00e0 la fois \u00e0 Internet et au langage texto\u2026 Rappelez-vous, peu de temps apr\u00e8s, Denis Olivennes, alors patron du\u00a0<em>Nouvel Obs\u2019<\/em>, confirmant son aversion de l\u2019Internet, \u00ab\u00a0<strong>tout-\u00e0-l\u2019\u00e9gout de la d\u00e9mocratie<\/strong>\u00a0\u00bb. Rappelez-vous, fin 2009, Pierre Arditi, sur le plateau de\u00a0<em>France 2<\/em>, ass\u00e9nant le splendide \u00ab\u00a0<strong>ensuite c\u2019est formidable que les gens s\u2019expriment\u2026 apr\u00e8s tout pourquoi pas\u2026<\/strong>\u00a0\u00bb. Sur ce m\u00eame plateau, Elisabeth L\u00e9vy abondait\u00a0: \u00ab<strong>\u00a0Les gens ne sortiraient pas toutes ces vid\u00e9os, si ils savaient qu\u2019elles ne seraient pas publi\u00e9es<\/strong>\u00a0\u00bb.<\/p>\n<p><em>Owni<\/em>\u00a0nous livre un\u00a0<a href=\"http:\/\/owni.fr\/2009\/12\/21\/arditi-et-la-tirade-danti-net\/\" target=\"_blank\" rel=\"noopener noreferrer\">compte rendu<\/a>\u00a0\u00e9difiant de cette \u00e9mission.<\/p>\n<p>Depuis, cela n\u2019a pas cess\u00e9. Il n\u2019est pas un seul d\u00e9bat sur le sujet, dans les m\u00e9dias traditionnels, pas une seule table ronde traitant des \u00e9volutions de l\u2019information o\u00f9 l\u2019un quelconque des participants n\u2019\u00e9mette une sentence d\u00e9finitive sur la m\u00e9diocrit\u00e9 end\u00e9mique d\u2019Internet.<\/p>\n<p>Ce sont alors d\u2019incessantes attaques de communicants m\u00e9diatiques mais d\u00e9branch\u00e9s, de philosophes \u00e9bahis et \u00a0ringards, de politiques r\u00e9actionnaires qui, plut\u00f4t que s\u2019abaisser \u00e0 apporter la contradiction \u00e0 ce qui se dit \u00e0 leur sujet, pr\u00e9f\u00e8rent attaquer le m\u00e9dia \u00e0 boulets rouges. C\u2019est pratique.<\/p>\n<p>C\u2019est la participation-m\u00eame au d\u00e9bat des lecteurs, dans les commentaires ou les interactions, qui serait ainsi, de mani\u00e8re globale et g\u00e9n\u00e9rique, le vecteur ordinaire de la m\u00e9diocrit\u00e9. Au-del\u00e0 de cette derni\u00e8re, ce sont les m\u00eames commentateurs de l\u2019info, jeunes de pr\u00e9f\u00e9rence, qu\u2019on a aussi d\u00e9sign\u00e9s, sans aucunement craindre la caricature, comme des pirates, des alcooliques, des insulteurs et harceleurs, irrespectueux de la vie priv\u00e9e et de l\u2019image des autres. Le tableau est ainsi complet.<\/p>\n<p>Ne nous y trompons pas,\u00a0<strong>c\u2019est la libert\u00e9 d\u2019expression qui est ainsi mise \u00e0 mal et menac\u00e9e<\/strong>\u00a0! Derri\u00e8re la volont\u00e9 de d\u00e9noncer la lie du commentaire et la fange de la participation, c\u2019est bien la capacit\u00e9 du citoyen \u00e0 critiquer le fait politique ou, peut-\u00eatre m\u00eame, l\u2019opinion consensuelle des intellectuels qui est mise \u00e0 mal.<\/p>\n<p>L\u2019Internaute est comme le quidam des \u00e8res pr\u00e9-Internet, il est tout \u00e0 la fois m\u00e9diocre et g\u00e9nial, magnifique et laid, humain et monstrueux, vertueux et d\u00e9prav\u00e9.<\/p>\n<p>Et ce papier\u00a0<strong>ne pr\u00e9tend lui-m\u00eame \u00e0 rien d\u2019autre qu\u2019\u00e0 la pleine et enti\u00e8re m\u00e9diocrit\u00e9<\/strong>, corollaire de mon droit inali\u00e9nable et fondamental \u00e0 m\u2019exprimer.<\/p>\n<p><a href=\"http:\/\/www.culture-numerique.fr\/wp-content\/uploads\/2014\/04\/mediocrite.png\">Michel Guillou\u00a0<\/a><a title=\"Twitter\" href=\"https:\/\/twitter.com\/#!\/michelguillou\" target=\"_blank\" rel=\"noopener noreferrer\">@michelguillou<\/a><\/p>\n<p><img loading=\"lazy\" decoding=\"async\" style=\"line-height: 1.5em;\" src=\"http:\/\/i.creativecommons.org\/l\/by-nc-sa\/2.0\/fr\/80x15.png\" alt=\"\" width=\"80\" height=\"15\" \/><\/p>\n<p>[cite]<\/p>\n","protected":false},"excerpt":{"rendered":"<p><a style=\"line-height: 1.5em;\" href=\"http:\/\/www.culture-numerique.fr\/wp-content\/uploads\/2014\/04\/mediocrite.png\"><img loading=\"lazy\" decoding=\"async\" class=\"size-medium wp-image-27 alignleft\" src=\"http:\/\/www.culture-numerique.fr\/wp-content\/uploads\/2014\/04\/mediocrite-300x214.png\" alt=\"mediocrite\" width=\"300\" height=\"214\" srcset=\"https:\/\/www.culture-numerique.fr\/wp-content\/uploads\/2014\/04\/mediocrite-300x214.png 300w, https:\/\/www.culture-numerique.fr\/wp-content\/uploads\/2014\/04\/mediocrite-100x71.png 100w, https:\/\/www.culture-numerique.fr\/wp-content\/uploads\/2014\/04\/mediocrite-150x107.png 150w, https:\/\/www.culture-numerique.fr\/wp-content\/uploads\/2014\/04\/mediocrite-200x143.png 200w, https:\/\/www.culture-numerique.fr\/wp-content\/uploads\/2014\/04\/mediocrite.png 430w\" sizes=\"auto, (max-width: 300px) 100vw, 300px\" \/><\/a><\/p>\n<p><strong>La m\u00e9diocrit\u00e9 est consubstantielle de l\u2019humanit\u00e9<\/strong>, il faudra bien que nos brillants penseurs s\u2019y fassent, c\u2019est comme \u00e7a\u2026<\/p>\n<p>\u00c0 propos d\u2019Internet, il est de bon ton, dans les milieux autoris\u00e9s,<\/p>\n<p><span class=\"ellipsis\">&hellip;<\/span><\/p>\n<div class=\"read-more\"><a href=\"https:\/\/www.culture-numerique.fr\/?p=26\">Lire la suite &#8250;<\/a><\/div>\n<p><!-- end of .read-more --><\/p>\n","protected":false},"author":1,"featured_media":27,"comment_status":"open","ping_status":"open","sticky":false,"template":"","format":"standard","meta":{"jetpack_post_was_ever_published":false,"_jetpack_newsletter_access":"","_jetpack_dont_email_post_to_subs":false,"_jetpack_newsletter_tier_id":0,"_jetpack_memberships_contains_paywalled_content":false,"_jetpack_memberships_contains_paid_content":false,"footnotes":""},"categories":[9],"tags":[13],"class_list":["post-26","post","type-post","status-publish","format-standard","has-post-thumbnail","hentry","category-billets-dhumeur","tag-liberte-dexpression"],"jetpack_featured_media_url":"https:\/\/www.culture-numerique.fr\/wp-content\/uploads\/2014\/04\/mediocrite.png","jetpack_sharing_enabled":true,"_links":{"self":[{"href":"https:\/\/www.culture-numerique.fr\/index.php?rest_route=\/wp\/v2\/posts\/26","targetHints":{"allow":["GET"]}}],"collection":[{"href":"https:\/\/www.culture-numerique.fr\/index.php?rest_route=\/wp\/v2\/posts"}],"about":[{"href":"https:\/\/www.culture-numerique.fr\/index.php?rest_route=\/wp\/v2\/types\/post"}],"author":[{"embeddable":true,"href":"https:\/\/www.culture-numerique.fr\/index.php?rest_route=\/wp\/v2\/users\/1"}],"replies":[{"embeddable":true,"href":"https:\/\/www.culture-numerique.fr\/index.php?rest_route=%2Fwp%2Fv2%2Fcomments&post=26"}],"version-history":[{"count":5,"href":"https:\/\/www.culture-numerique.fr\/index.php?rest_route=\/wp\/v2\/posts\/26\/revisions"}],"predecessor-version":[{"id":8119,"href":"https:\/\/www.culture-numerique.fr\/index.php?rest_route=\/wp\/v2\/posts\/26\/revisions\/8119"}],"wp:featuredmedia":[{"embeddable":true,"href":"https:\/\/www.culture-numerique.fr\/index.php?rest_route=\/wp\/v2\/media\/27"}],"wp:attachment":[{"href":"https:\/\/www.culture-numerique.fr\/index.php?rest_route=%2Fwp%2Fv2%2Fmedia&parent=26"}],"wp:term":[{"taxonomy":"category","embeddable":true,"href":"https:\/\/www.culture-numerique.fr\/index.php?rest_route=%2Fwp%2Fv2%2Fcategories&post=26"},{"taxonomy":"post_tag","embeddable":true,"href":"https:\/\/www.culture-numerique.fr\/index.php?rest_route=%2Fwp%2Fv2%2Ftags&post=26"}],"curies":[{"name":"wp","href":"https:\/\/api.w.org\/{rel}","templated":true}]}}