{"id":2562,"date":"2015-01-07T16:09:43","date_gmt":"2015-01-07T15:09:43","guid":{"rendered":"http:\/\/www.culture-numerique.fr\/?p=2562"},"modified":"2018-03-16T10:52:50","modified_gmt":"2018-03-16T09:52:50","slug":"la-liberte-dexpression-doit-imperativement-senseigner","status":"publish","type":"post","link":"https:\/\/www.culture-numerique.fr\/?p=2562","title":{"rendered":"La libert\u00e9 d&rsquo;expression doit imp\u00e9rativement s&rsquo;enseigner"},"content":{"rendered":"<p><strong>La libert\u00e9 d&rsquo;expression<\/strong> est d\u00e9cid\u00e9ment une chose trop pr\u00e9cieuse pour ne pas faire l&rsquo;objet d&rsquo;un enseignement. On l&rsquo;a encore vu aujourd&rsquo;hui\u00a0: oublier de la d\u00e9fendre, mettre un frein au rappel de ce qu&rsquo;elle porte d&rsquo;essentiel, de fondamental, c&rsquo;est pr\u00eater le flanc aux obscurantistes et aux l\u00e2ches, c&rsquo;est leur permettre d&rsquo;exister, de porter leurs messages d&rsquo;intol\u00e9rance et de mort.<\/p>\n<p><strong><img loading=\"lazy\" decoding=\"async\" class=\"alignright wp-image-2565 size-medium\" src=\"http:\/\/www.culture-numerique.fr\/wp-content\/uploads\/2015\/01\/Charlie-300x300.jpg\" alt=\"Charlie\" width=\"300\" height=\"300\" srcset=\"https:\/\/www.culture-numerique.fr\/wp-content\/uploads\/2015\/01\/Charlie-300x299.jpg 300w, https:\/\/www.culture-numerique.fr\/wp-content\/uploads\/2015\/01\/Charlie-150x150.jpg 150w, https:\/\/www.culture-numerique.fr\/wp-content\/uploads\/2015\/01\/Charlie-100x100.jpg 100w, https:\/\/www.culture-numerique.fr\/wp-content\/uploads\/2015\/01\/Charlie-200x200.jpg 200w, https:\/\/www.culture-numerique.fr\/wp-content\/uploads\/2015\/01\/Charlie-450x449.jpg 450w, https:\/\/www.culture-numerique.fr\/wp-content\/uploads\/2015\/01\/Charlie.jpg 599w\" sizes=\"auto, (max-width: 300px) 100vw, 300px\" \/>Il ne faut jamais renoncer \u00e0 l&rsquo;enseigner<\/strong>, dans toutes les disciplines, et \u00e0 tout mettre en \u0153uvre pour en garantir l&rsquo;exercice, en tous lieux, en toutes circonstances, \u00e0 l&rsquo;\u00e9cole comme ailleurs. Internet lui a ouvert les portes de l&rsquo;universalit\u00e9 et c&rsquo;est peut-\u00eatre\u00a0ce qui vaut aujourd&rsquo;hui que des cr\u00e9tins ignares veuillent les assassiner, Internet et la libert\u00e9 d&rsquo;expression, comme ils ont assassin\u00e9 ceux qui en usaient et \u00e0 qui je pense tr\u00e8s fort aujourd&rsquo;hui.<\/p>\n<p>La prochaine Semaine de la presse et des m\u00e9dias \u00e0 l&rsquo;\u00e9cole devra la c\u00e9l\u00e9brer, pour rendre l&rsquo;hommage qui convient aux journalistes qui la d\u00e9fendaient.<\/p>\n<p>Et il va nous falloir beaucoup de courage pour \u00e9teindre la haine qui sourd. Mais il va falloir. Il faudra.<\/p>\n<p>Charlie, je t&rsquo;aime.<\/p>\n<p>Michel Guillou\u00a0<a href=\"https:\/\/twitter.com\/michelguillou\" target=\"_blank\" rel=\"noopener\">@michelguillou<\/a><\/p>\n<p><a href=\"http:\/\/creativecommons.org\/licenses\/by-nc-sa\/2.0\/fr\/\" target=\"_blank\" rel=\"noopener\"><img loading=\"lazy\" decoding=\"async\" src=\"http:\/\/i.creativecommons.org\/l\/by-nc-sa\/2.0\/fr\/80x15.png\" alt=\"image\" width=\"80\" height=\"15\" \/><\/a><\/p>\n<p>[cite]<\/p>\n","protected":false},"excerpt":{"rendered":"<p><strong>La libert\u00e9 d&rsquo;expression<\/strong> est d\u00e9cid\u00e9ment une chose trop pr\u00e9cieuse pour ne pas faire l&rsquo;objet d&rsquo;un enseignement. On l&rsquo;a encore vu aujourd&rsquo;hui\u00a0: oublier de la d\u00e9fendre, mettre un frein au rappel de ce qu&rsquo;elle porte d&rsquo;essentiel, de fondamental,<\/p>\n<p><span class=\"ellipsis\">&hellip;<\/span><\/p>\n<div class=\"read-more\"><a href=\"https:\/\/www.culture-numerique.fr\/?p=2562\">Lire la suite &#8250;<\/a><\/div>\n<p><!-- end of .read-more --><\/p>\n","protected":false},"author":1,"featured_media":2565,"comment_status":"open","ping_status":"open","sticky":false,"template":"","format":"standard","meta":{"jetpack_post_was_ever_published":false,"_jetpack_newsletter_access":"","_jetpack_dont_email_post_to_subs":false,"_jetpack_newsletter_tier_id":0,"_jetpack_memberships_contains_paywalled_content":false,"_jetpack_memberships_contains_paid_content":false,"footnotes":""},"categories":[9,20],"tags":[531,13],"class_list":["post-2562","post","type-post","status-publish","format-standard","has-post-thumbnail","hentry","category-billets-dhumeur","category-breves","tag-charlie-hebdo","tag-liberte-dexpression"],"jetpack_featured_media_url":"https:\/\/www.culture-numerique.fr\/wp-content\/uploads\/2015\/01\/Charlie.jpg","jetpack_sharing_enabled":true,"_links":{"self":[{"href":"https:\/\/www.culture-numerique.fr\/index.php?rest_route=\/wp\/v2\/posts\/2562","targetHints":{"allow":["GET"]}}],"collection":[{"href":"https:\/\/www.culture-numerique.fr\/index.php?rest_route=\/wp\/v2\/posts"}],"about":[{"href":"https:\/\/www.culture-numerique.fr\/index.php?rest_route=\/wp\/v2\/types\/post"}],"author":[{"embeddable":true,"href":"https:\/\/www.culture-numerique.fr\/index.php?rest_route=\/wp\/v2\/users\/1"}],"replies":[{"embeddable":true,"href":"https:\/\/www.culture-numerique.fr\/index.php?rest_route=%2Fwp%2Fv2%2Fcomments&post=2562"}],"version-history":[{"count":8,"href":"https:\/\/www.culture-numerique.fr\/index.php?rest_route=\/wp\/v2\/posts\/2562\/revisions"}],"predecessor-version":[{"id":7480,"href":"https:\/\/www.culture-numerique.fr\/index.php?rest_route=\/wp\/v2\/posts\/2562\/revisions\/7480"}],"wp:featuredmedia":[{"embeddable":true,"href":"https:\/\/www.culture-numerique.fr\/index.php?rest_route=\/wp\/v2\/media\/2565"}],"wp:attachment":[{"href":"https:\/\/www.culture-numerique.fr\/index.php?rest_route=%2Fwp%2Fv2%2Fmedia&parent=2562"}],"wp:term":[{"taxonomy":"category","embeddable":true,"href":"https:\/\/www.culture-numerique.fr\/index.php?rest_route=%2Fwp%2Fv2%2Fcategories&post=2562"},{"taxonomy":"post_tag","embeddable":true,"href":"https:\/\/www.culture-numerique.fr\/index.php?rest_route=%2Fwp%2Fv2%2Ftags&post=2562"}],"curies":[{"name":"wp","href":"https:\/\/api.w.org\/{rel}","templated":true}]}}