{"id":2506,"date":"2015-01-04T12:17:08","date_gmt":"2015-01-04T11:17:08","guid":{"rendered":"http:\/\/www.culture-numerique.fr\/?p=2506"},"modified":"2016-09-04T19:24:32","modified_gmt":"2016-09-04T17:24:32","slug":"il-y-a-20-ans-ils-appelaient-ca-septembre-sans-fin","status":"publish","type":"post","link":"https:\/\/www.culture-numerique.fr\/?p=2506","title":{"rendered":"Il y a 20 ans, ils appelaient \u00e7a \u00ab\u00a0septembre sans fin\u00a0\u00bb\u2026"},"content":{"rendered":"<p><a href=\"http:\/\/www.culture-numerique.fr\/wp-content\/uploads\/2015\/01\/large_10058666085.jpg\"><img loading=\"lazy\" decoding=\"async\" class=\"aligncenter size-full wp-image-2508\" src=\"http:\/\/www.culture-numerique.fr\/wp-content\/uploads\/2015\/01\/large_10058666085.jpg\" alt=\"Automne\" width=\"1024\" height=\"581\" srcset=\"https:\/\/www.culture-numerique.fr\/wp-content\/uploads\/2015\/01\/large_10058666085.jpg 1024w, https:\/\/www.culture-numerique.fr\/wp-content\/uploads\/2015\/01\/large_10058666085-300x170.jpg 300w, https:\/\/www.culture-numerique.fr\/wp-content\/uploads\/2015\/01\/large_10058666085-100x57.jpg 100w, https:\/\/www.culture-numerique.fr\/wp-content\/uploads\/2015\/01\/large_10058666085-150x85.jpg 150w, https:\/\/www.culture-numerique.fr\/wp-content\/uploads\/2015\/01\/large_10058666085-200x113.jpg 200w, https:\/\/www.culture-numerique.fr\/wp-content\/uploads\/2015\/01\/large_10058666085-450x255.jpg 450w, https:\/\/www.culture-numerique.fr\/wp-content\/uploads\/2015\/01\/large_10058666085-600x340.jpg 600w, https:\/\/www.culture-numerique.fr\/wp-content\/uploads\/2015\/01\/large_10058666085-900x511.jpg 900w\" sizes=\"auto, (max-width: 1024px) 100vw, 1024px\" \/><\/a><\/p>\n<p><strong>Au d\u00e9but de l&rsquo;Internet ou un peu apr\u00e8s<\/strong>, quand il n&rsquo;y en avait qu&rsquo;un seul, avant Wanadoo\u00a0\u2014\u00a0si, je vous assure qu&rsquo;il y a eu une vie num\u00e9rique avant Wanadoo qui ne s&rsquo;appelait pas encore Orange\u00a0\u2014, au d\u00e9but des ann\u00e9es 90 du pr\u00e9c\u00e9dent si\u00e8cle, les rentr\u00e9es universitaires constituaient l&rsquo;\u00e9v\u00e9nement visible de l&rsquo;ann\u00e9e. En ces temps-l\u00e0, la fin de l&rsquo;\u00e9t\u00e9 et de le d\u00e9but de l&rsquo;automne voyaient d\u00e9ferler sur les r\u00e9seaux\u00a0\u2014\u00a0<strong>le web n&rsquo;existait pas encore<\/strong>, \u00e7a aussi \u00e7a vous para\u00eet incroyable\u00a0! n&rsquo;est-ce pas\u00a0?\u00a0\u2014 de jeunes \u00e9tudiants que les services informatiques avaient dot\u00e9s d&rsquo;une adresse universitaire, un \u00ab\u00a0<em>e-mail<\/em>\u00a0\u00bb comme on disait alors.<\/p>\n<p>Ces adresses donnaient \u00e0 leurs jeunes et fougueux propri\u00e9taires un certain nombre de droits dont celui d&rsquo;acc\u00e9der par modem, de chez eux, ou sur le r\u00e9seau du campus universitaire, \u00e0 un certain nombre de services dont, par exemple, car il \u00e9tait tr\u00e8s couru dans ces ann\u00e9es-l\u00e0, le <a href=\"https:\/\/fr.wikipedia.org\/wiki\/Usenet\" target=\"_blank\">r\u00e9seau Usenet<\/a>, mais aussi les messageries, les listes de diffusion\u2026<\/p>\n<p><a href=\"http:\/\/www.culture-numerique.fr\/wp-content\/uploads\/2015\/01\/n\u00e9tiquette.jpg\"><img loading=\"lazy\" decoding=\"async\" class=\"alignright size-medium wp-image-2509\" src=\"http:\/\/www.culture-numerique.fr\/wp-content\/uploads\/2015\/01\/n\u00e9tiquette-300x292.jpg\" alt=\"n\u00e9tiquette\" width=\"300\" height=\"292\" srcset=\"https:\/\/www.culture-numerique.fr\/wp-content\/uploads\/2015\/01\/n\u00e9tiquette-300x292.jpg 300w, https:\/\/www.culture-numerique.fr\/wp-content\/uploads\/2015\/01\/n\u00e9tiquette-100x97.jpg 100w, https:\/\/www.culture-numerique.fr\/wp-content\/uploads\/2015\/01\/n\u00e9tiquette-150x146.jpg 150w, https:\/\/www.culture-numerique.fr\/wp-content\/uploads\/2015\/01\/n\u00e9tiquette-200x195.jpg 200w, https:\/\/www.culture-numerique.fr\/wp-content\/uploads\/2015\/01\/n\u00e9tiquette-450x438.jpg 450w, https:\/\/www.culture-numerique.fr\/wp-content\/uploads\/2015\/01\/n\u00e9tiquette.jpg 591w\" sizes=\"auto, (max-width: 300px) 100vw, 300px\" \/><\/a><strong>O\u00f9 \u00e9tait le probl\u00e8me, me direz-vous\u00a0?<\/strong> Il r\u00e9sidait dans le fait que cette jeunesse universitaire \u00e9merveill\u00e9e se jetait alors goul\u00fbment dans ces espaces num\u00e9riques sans consid\u00e9ration d&rsquo;aucune sorte pour les us et coutumes des lieux. Les glorieux pionniers et anc\u00eatres avaient beau avoir r\u00e9dig\u00e9 une <a href=\"https:\/\/fr.wikipedia.org\/wiki\/N%C3%A9tiquette\" target=\"_blank\">N\u00e9tiquette<\/a>, une <strong>\u00e9tiquette de l&rsquo;Internet<\/strong>, dont ils avaient m\u00eame fait en 1995, pour mieux la normer, voir ci-contre, <a href=\"https:\/\/www.ietf.org\/rfc\/rfc1855.txt\" target=\"_blank\">un des ces fameux RFC<\/a>\u00a0qui sont des documents de r\u00e9f\u00e9rence, rien n&rsquo;y faisait\u00a0: les hordes d\u00e9vastatrices post-pub\u00e8res bousculaient habitudes et convenances, ne tenant aucun compte des documents d&rsquo;accompagnement ou d&rsquo;accueil r\u00e9dig\u00e9s par les services universitaires ou des b\u00e9n\u00e9voles sur les r\u00e9seaux, allant m\u00eame, outrage supr\u00eame\u00a0!, jusqu&rsquo;\u00e0 remettre en cause les organisations, le m\u00e9rite, les statuts, les fameuses normes qui ne leur convenaient pas.<\/p>\n<p>Ces p\u00e9riodes de rentr\u00e9e universitaire se renouvelant naturellement d&rsquo;ann\u00e9e en ann\u00e9e \u00e9taient alors v\u00e9cues bien souvent comme de forts traumatismes par les a\u00een\u00e9s et les notables qui les redoutaient et leur donnaient le nom d&rsquo;\u00ab\u00a0<em>endless september<\/em>\u00a0\u00bb ou <strong>septembre sans fin<\/strong>.<\/p>\n<h3><strong>Endless september,\u00a0plus tard<\/strong><\/h3>\n<p>Vingt ans apr\u00e8s, tout a chang\u00e9. <strong>Septembre sans fin s&rsquo;\u00e9tire maintenant tout au long de l&rsquo;ann\u00e9e<\/strong>, qui voit d\u00e9barquer chaque jour sur les internets des millions de nouveaux utilisateurs pr\u00eats \u00e0\u00a0consommer du service ou du produit sur le web comme au supermarch\u00e9 du coin.<\/p>\n<p>Pourquoi nous raconte-t-il tout cela\u00a0? me direz-vous \u00e0 juste titre. Pourtant la saison se pr\u00eate assez bien \u00e0 ces longues veill\u00e9es vesp\u00e9rales pr\u00e8s de l&rsquo;\u00e2tre pendant lesquelles un v\u00e9n\u00e9rable patriarche pouvait jadis ainsi conter une geste ou une histoire merveilleuse\u2026<\/p>\n<p>Chacun a pu faire le triste constat de ce que je raconte. Je ne veux m\u00eame pas parler de <strong>Usenet<\/strong> qui est devenu, \u00e0 l&rsquo;exception de quelques niches encore pr\u00e9serv\u00e9es, une bauge pestilentielle de laquelle n&rsquo;\u00e9chappent que des logorrh\u00e9es pros\u00e9lytes ou des insultes. Ces espaces th\u00e9matiques en forme de forums ont \u00e9t\u00e9 peu \u00e0 peu remplac\u00e9s par leurs insipides \u00e9quivalents sur le <strong>web centralis\u00e9<\/strong> o\u00f9 le pire et le m\u00e9diocre ne laissent que rarement \u00e9merger quelques bons moments. Et puis sont arriv\u00e9s les <strong>r\u00e9seaux sociaux<\/strong> en forme de cercles ou d&rsquo;espaces plus ou moins publics et\u00a0ouverts \u00e0 des formes d&rsquo;expression, certes triviales, mais qui ont le m\u00e9rite de fournir aux utilisateurs\u00a0\u2014\u00a0vous voyez, je finis par parler comme tout le monde\u00a0\u2014 un certain nombre de fonctionnalit\u00e9s\u00a0fort utiles\u00a0: <strong>partage<\/strong> de photographies, de vid\u00e9os, d&rsquo;\u0153uvres musicales, litt\u00e9raires\u2026, <strong>\u00e9changes<\/strong> de services, de trucs, de bidouilles, de points de vue sur \u00e0 peu pr\u00e8s tout, la cuisine, le macram\u00e9, le code informatique, que sais-je encore\u2026 Certains th\u00e8mes, plus que d&rsquo;autres, l&rsquo;actualit\u00e9 politique en particulier, ont malheureusement laiss\u00e9 la voie libre \u00e0 l&rsquo;expression d&rsquo;opinions naus\u00e9euses parfois attentatoires \u00e0 certains droits ou\u00a0diffamatoires, injurieuses, racistes\u2026<\/p>\n<p>Mais l\u00e0 n&rsquo;est pas la question. Je l&rsquo;ai d\u00e9j\u00e0 dit, comme le futile, le m\u00e9diocre est essentiel ne serait-ce que pour mieux discerner le sublime\u2026 Vous savez l&rsquo;importance, si vous me lisez, que j&rsquo;attache \u00e0 l&rsquo;exercice enfin entier, au sens de l&rsquo;universalit\u00e9, de <strong>la libert\u00e9 d&rsquo;expression<\/strong> (1, 2, 3). Je ne suis certes pas pr\u00eat \u00e0 sacrifier cette derni\u00e8re pour la remplacer par une sorte de bien-pensance conformiste, convenue, consensuelle, format\u00e9e et finalement insupportable. Je crois donc qu&rsquo;il est possible, partout, de mettre en place des formes de r\u00e9gulation, de pr\u00e9f\u00e9rence sous la responsabilit\u00e9 des utilisateurs ou en concertation avec eux. Et puis il y a la loi, dont le respect ne peut \u00eatre confi\u00e9 qu&rsquo;\u00e0 un juge ind\u00e9pendant et, en aucun cas, \u00e0 des fonctionnaires ou \u00e0 des marchands\u2026<\/p>\n<h3><strong>Le septembre sans fin de l&rsquo;\u00e9cole<\/strong><\/h3>\n<p>Il a commenc\u00e9, lui, beaucoup plus tard, il y a un peu plus de dix ans, avec la g\u00e9n\u00e9ralisation de l&rsquo;Internet domestique et l&rsquo;ouverture des Skyblogs dont <a href=\"http:\/\/apps.rue89.com\/2014-sky\/\" target=\"_blank\">un article de <em>Rue89<\/em><\/a>\u00a0racontait l&rsquo;\u00e9tonnante aventure il y a peu. Je vous en recommande la lecture\u00a0:<\/p>\n<blockquote><p>\u00ab\u00a0Au coll\u00e8ge, si tu n&rsquo;avais pas de blog, \u00e7a voulait dire que ta vie sociale \u00e9tait pourrie.\u00a0\u00bb<\/p>\n<p>\u00ab\u00a0C&rsquo;\u00e9tait un espace de libert\u00e9, une \u00e9chappatoire bienvenue.\u00a0\u00bb<\/p><\/blockquote>\n<p>Quand certains\u00a0r\u00e9digeaient une N\u00e9tiquette en 1995, que d&rsquo;autres r\u00e9digeaient des conventions d&rsquo;usage sur les forums pour accueillir les nouveaux et r\u00e9guler les dysfonctionnements, <strong>que faisait l&rsquo;\u00e9cole dix ans plus tard<\/strong> pour permettre aux \u00e9l\u00e8ves d&rsquo;exercer leur libert\u00e9 d&rsquo;expression, pour les former \u00e0 une nouvelle citoyennet\u00e9 num\u00e9rique, pour les encourager \u00e0 publier, \u00e0 produire en toute responsabilit\u00e9 et consid\u00e9ration des convenances\u00a0?<\/p>\n<p><strong>Elle faisait \u00e7a<\/strong> qu&rsquo;<a href=\"http:\/\/www.liberation.fr\/societe\/2005\/03\/18\/trois-eleves-qui-bloguaient_513348\" target=\"_blank\">on trouve toujours<\/a> ais\u00e9ment en ligne :<\/p>\n<p><a href=\"http:\/\/www.culture-numerique.fr\/wp-content\/uploads\/2015\/01\/2015-01-03_181826.jpg\"><img loading=\"lazy\" decoding=\"async\" class=\"aligncenter size-full wp-image-2518\" src=\"http:\/\/www.culture-numerique.fr\/wp-content\/uploads\/2015\/01\/2015-01-03_181826.jpg\" alt=\"Lib\u00e9\" width=\"759\" height=\"263\" srcset=\"https:\/\/www.culture-numerique.fr\/wp-content\/uploads\/2015\/01\/2015-01-03_181826.jpg 759w, https:\/\/www.culture-numerique.fr\/wp-content\/uploads\/2015\/01\/2015-01-03_181826-300x104.jpg 300w, https:\/\/www.culture-numerique.fr\/wp-content\/uploads\/2015\/01\/2015-01-03_181826-100x35.jpg 100w, https:\/\/www.culture-numerique.fr\/wp-content\/uploads\/2015\/01\/2015-01-03_181826-150x52.jpg 150w, https:\/\/www.culture-numerique.fr\/wp-content\/uploads\/2015\/01\/2015-01-03_181826-200x69.jpg 200w, https:\/\/www.culture-numerique.fr\/wp-content\/uploads\/2015\/01\/2015-01-03_181826-450x156.jpg 450w, https:\/\/www.culture-numerique.fr\/wp-content\/uploads\/2015\/01\/2015-01-03_181826-600x208.jpg 600w\" sizes=\"auto, (max-width: 759px) 100vw, 759px\" \/><\/a>Des exclusions nombreuses, successives, d&rsquo;\u00e9l\u00e8ves, le plus souvent des coll\u00e9giennes ou des coll\u00e9giens, \u00e0 qui <strong>personne\u00a0n&rsquo;avait jamais expliqu\u00e9<\/strong> ce qu&rsquo;\u00e9crire quelques mots sur un blogue signifiait, au regard des convenances, de la r\u00e9glementation et de la loi, \u00e0 qui <strong>personne n&rsquo;avait jamais dit<\/strong>, \u00e0 la maison non plus qu&rsquo;\u00e0 l&rsquo;\u00e9cole, qu&rsquo;il s&rsquo;agissait d&rsquo;user mais aussi d&rsquo;abuser d&rsquo;<strong>une libert\u00e9 fondamentale<\/strong>, que ce qui \u00e9tait \u00e9crit restait et \u00e9tait visible de tous. Personne. Des sanctions par ailleurs totalement disproportionn\u00e9es aux faits comme tentent de l&rsquo;argumenter les parents d&rsquo;une jeune fille exclue en \u00e9crivant au recteur de l&rsquo;Acad\u00e9mie\u00a0:<\/p>\n<p><a href=\"http:\/\/www.culture-numerique.fr\/wp-content\/uploads\/2015\/01\/DSC_0243.jpg\"><img loading=\"lazy\" decoding=\"async\" class=\"aligncenter size-full wp-image-2520\" src=\"http:\/\/www.culture-numerique.fr\/wp-content\/uploads\/2015\/01\/DSC_0243.jpg\" alt=\"Lettre des parents\" width=\"899\" height=\"768\" srcset=\"https:\/\/www.culture-numerique.fr\/wp-content\/uploads\/2015\/01\/DSC_0243.jpg 899w, https:\/\/www.culture-numerique.fr\/wp-content\/uploads\/2015\/01\/DSC_0243-300x256.jpg 300w, https:\/\/www.culture-numerique.fr\/wp-content\/uploads\/2015\/01\/DSC_0243-100x85.jpg 100w, https:\/\/www.culture-numerique.fr\/wp-content\/uploads\/2015\/01\/DSC_0243-150x128.jpg 150w, https:\/\/www.culture-numerique.fr\/wp-content\/uploads\/2015\/01\/DSC_0243-200x171.jpg 200w, https:\/\/www.culture-numerique.fr\/wp-content\/uploads\/2015\/01\/DSC_0243-450x384.jpg 450w, https:\/\/www.culture-numerique.fr\/wp-content\/uploads\/2015\/01\/DSC_0243-600x513.jpg 600w\" sizes=\"auto, (max-width: 899px) 100vw, 899px\" \/><\/a><\/p>\n<p>Que s&rsquo;est-il pass\u00e9 apr\u00e8s\u00a0? <strong>Rien<\/strong>. Oh, il y a bien eu quelques initiatives institutionnelles mais il s&rsquo;agissait plus de rassurer les parents, la presse, les enseignants que de v\u00e9ritablement prendre en consid\u00e9ration la demande forte d&rsquo;\u00e9ducation aux m\u00e9dias qui \u00e9mergeait suite \u00e0 tous ces probl\u00e8mes.<\/p>\n<p>Les plus fortes et \u00e9videntes de ces initiatives sont au nombre de deux, pas une de plus.<\/p>\n<p>Tout d&rsquo;abord, le <a href=\"https:\/\/fr.wikipedia.org\/wiki\/Brevet_informatique_et_internet\" target=\"_blank\">B2i<\/a> propose \u00e0 chaque coll\u00e9gien, par exemple, de r\u00e9fl\u00e9chir, via l&rsquo;item n\u00b0 2 de la comp\u00e9tence 4, dont le titre persiste \u00e0 avoir une coloration exclusivement utilitaire et technologique, \u00e0 \u00ab\u00a0<strong>Adopter une attitude responsable<\/strong>\u00a0\u00bb. Pour ce faire, il doit \u00ab\u00a0<em>conna\u00eet[re] la charte de son \u00e9tablissement et l\u2019a[voir] sign\u00e9e en connaissance de cause<\/em>\u00a0\u00bb, charte \u00e0 la r\u00e9daction de laquelle, sauf cas exceptionnels, <strong>il\u00a0n&rsquo;a jamais particip\u00e9<\/strong>. Enfin, le coll\u00e9gien en question\u00a0doit de lui-m\u00eame, car il est raisonnable bien s\u00fbr et capable d&rsquo;initiative, \u00ab\u00a0<em>s\u2019interroge[r] et s\u2019informe[r] progressivement sur les lois se rapportant \u00e0 ses usages num\u00e9riques<\/em>\u00a0\u00bb\u00a0! Et le reste \u00e0 l&rsquo;avenant. C&rsquo;est une certitude, le B2i, qui a d&rsquo;abord \u00e9t\u00e9 sabot\u00e9 par les corps d&rsquo;inspection\u00a0\u2014\u00a0je p\u00e8se mes mots\u00a0\u2014 puis n&rsquo;a \u00e9t\u00e9 soutenu par ces derniers, par les professeurs et les chefs d&rsquo;\u00e9tablissement, que du bout des l\u00e8vres, est, quatorze ans apr\u00e8s la premi\u00e8re mise en place, un \u00e9chec monumental.<\/p>\n<p><a href=\"http:\/\/www.culture-numerique.fr\/wp-content\/uploads\/2015\/01\/2015-01-03_225445.jpg\"><img loading=\"lazy\" decoding=\"async\" class=\"alignright size-medium wp-image-2528\" src=\"http:\/\/www.culture-numerique.fr\/wp-content\/uploads\/2015\/01\/2015-01-03_225445-300x173.jpg\" alt=\"Internet responsable\" width=\"300\" height=\"173\" srcset=\"https:\/\/www.culture-numerique.fr\/wp-content\/uploads\/2015\/01\/2015-01-03_225445-300x173.jpg 300w, https:\/\/www.culture-numerique.fr\/wp-content\/uploads\/2015\/01\/2015-01-03_225445-100x58.jpg 100w, https:\/\/www.culture-numerique.fr\/wp-content\/uploads\/2015\/01\/2015-01-03_225445-150x86.jpg 150w, https:\/\/www.culture-numerique.fr\/wp-content\/uploads\/2015\/01\/2015-01-03_225445-200x115.jpg 200w, https:\/\/www.culture-numerique.fr\/wp-content\/uploads\/2015\/01\/2015-01-03_225445-450x259.jpg 450w, https:\/\/www.culture-numerique.fr\/wp-content\/uploads\/2015\/01\/2015-01-03_225445-600x346.jpg 600w, https:\/\/www.culture-numerique.fr\/wp-content\/uploads\/2015\/01\/2015-01-03_225445-900x519.jpg 900w, https:\/\/www.culture-numerique.fr\/wp-content\/uploads\/2015\/01\/2015-01-03_225445.jpg 980w\" sizes=\"auto, (max-width: 300px) 100vw, 300px\" \/><\/a>Pour faire bonne mesure, le minist\u00e8re s&rsquo;est engag\u00e9, il y a quelques ann\u00e9es, dans la r\u00e9alisation du <strong>portail <a href=\"http:\/\/eduscol.education.fr\/internet-responsable\/\" target=\"_blank\">Internet responsable<\/a><\/strong>. Vous ne me ferez pas dire du mal de ce portail qui contient des ressources en grand nombre et d&rsquo;excellente qualit\u00e9, m\u00eame si les conseils donn\u00e9s aux jeunes distillent bien souvent une morale bien vieillotte et peu audible pour eux. D&rsquo;une mani\u00e8re plus g\u00e9n\u00e9rale, qui le sait\u00a0? Qui s&rsquo;en sert\u00a0? Les \u00e9l\u00e8ves sans doute pas\u2026 Leurs professeurs sans doute en tr\u00e8s faible nombre. Les chefs d&rsquo;\u00e9tablissement, un peu plus souvent. L\u00e0 o\u00f9 on pouvait attendre un dispositif efficace et pertinent d&rsquo;\u00e9ducation aux m\u00e9dias, on a un site institutionnel tr\u00e8s riche mais\u2026 tr\u00e8s institutionnel.<\/p>\n<p>Le cr\u00e9neau, par ailleurs, doit \u00eatre bien vide et aussi bien attrayant pour que chacun se pr\u00e9occupe (CNIL, Hadopi, France TV, Canop\u00e9\u2026) d&rsquo;\u00e9ducation aux m\u00e9dias\u00a0! Tout le monde, en effet, n&rsquo;a pas la chance d&rsquo;avoir pr\u00e8s de chez soi une association aussi pertinente et efficace que <a href=\"http:\/\/frequence-ecoles.org\/\" target=\"_blank\">Fr\u00e9quence-\u00c9coles<\/a>, qui m\u00e9riterait meilleures exposition et consid\u00e9ration de la part des pouvoirs publics.<\/p>\n<h3><strong>Septembre ne s&rsquo;arr\u00eate toujours pas<\/strong><\/h3>\n<p><a href=\"http:\/\/www.culture-numerique.fr\/wp-content\/uploads\/2015\/01\/Screenshot_2015-01-04-00-08-45.png\"><img loading=\"lazy\" decoding=\"async\" class=\"aligncenter wp-image-2531 size-full\" src=\"http:\/\/www.culture-numerique.fr\/wp-content\/uploads\/2015\/01\/Screenshot_2015-01-04-00-08-45.png\" alt=\"Yax1\" width=\"720\" height=\"1280\" srcset=\"https:\/\/www.culture-numerique.fr\/wp-content\/uploads\/2015\/01\/Screenshot_2015-01-04-00-08-45.png 720w, https:\/\/www.culture-numerique.fr\/wp-content\/uploads\/2015\/01\/Screenshot_2015-01-04-00-08-45-169x300.png 169w, https:\/\/www.culture-numerique.fr\/wp-content\/uploads\/2015\/01\/Screenshot_2015-01-04-00-08-45-576x1024.png 576w, https:\/\/www.culture-numerique.fr\/wp-content\/uploads\/2015\/01\/Screenshot_2015-01-04-00-08-45-100x178.png 100w, https:\/\/www.culture-numerique.fr\/wp-content\/uploads\/2015\/01\/Screenshot_2015-01-04-00-08-45-150x267.png 150w, https:\/\/www.culture-numerique.fr\/wp-content\/uploads\/2015\/01\/Screenshot_2015-01-04-00-08-45-200x356.png 200w, https:\/\/www.culture-numerique.fr\/wp-content\/uploads\/2015\/01\/Screenshot_2015-01-04-00-08-45-300x533.png 300w, https:\/\/www.culture-numerique.fr\/wp-content\/uploads\/2015\/01\/Screenshot_2015-01-04-00-08-45-450x800.png 450w, https:\/\/www.culture-numerique.fr\/wp-content\/uploads\/2015\/01\/Screenshot_2015-01-04-00-08-45-600x1067.png 600w\" sizes=\"auto, (max-width: 720px) 100vw, 720px\" \/><\/a>Aujourd&rsquo;hui, vingt ans apr\u00e8s la N\u00e9tiquette, 10 ans apr\u00e8s les Skyblogs, Facebook est pass\u00e9 par l\u00e0 depuis 2008 avec son lot d&rsquo;erreurs et d&rsquo;abus, avec ses images et commentaires peu reluisants, avec ses r\u00e9ussites aussi parfois, <strong>dans le cadre de l&rsquo;expression des jeunes<\/strong> et de la d\u00e9mocratie lyc\u00e9enne, par exemple.<\/p>\n<p>Mais qui se pr\u00e9occupe des r\u00e9ussites\u00a0?<\/p>\n<p>Comme, du c\u00f4t\u00e9 de l&rsquo;\u00e9cole,\u00a0<strong>rien n&rsquo;a chang\u00e9<\/strong>, sauf les deux rustines mentionn\u00e9es <em>supra<\/em>, l&rsquo;une jamais appliqu\u00e9e ou presque, l&rsquo;autre trop lointaine et institutionnelle, les probl\u00e8mes ont continu\u00e9 avec leurs cort\u00e8ges de r\u00e9actions outrag\u00e9es, de d\u00e9nis de la r\u00e9alit\u00e9, de t\u00eates dans le sable pour ne rien voir et, surtout, d&rsquo;exclusions temporaires ou d\u00e9finitives, <strong>seules r\u00e9ponses r\u00e9pressives<\/strong> de l&rsquo;\u00e9cole \u00e0 une pr\u00e9occupation hautement \u00e9ducative. Je vous fais gr\u00e2ce des d\u00e9tails qui sont parfois sordides.<\/p>\n<p>Et puis sont arriv\u00e9s <strong>d&rsquo;autres jeux plus marrants<\/strong>, plus risqu\u00e9s aussi, jouant toujours avec l&rsquo;anonymat et le droit \u00e0 l&rsquo;image, comme ChatRoulette, Snapchat, Ask.fm. L&rsquo;appropriation et la g\u00e9n\u00e9ralisation des pratiques furent in\u00e9gales selon les lieux, les groupes d&rsquo;\u00e2ges, les moments aussi. Elles \u00e9taient toujours accompagn\u00e9es de formes de socialisation tr\u00e8s enrichissantes mais aussi risqu\u00e9es, plus rarement, avec de nouvelles formes de harc\u00e8lement en ligne.<\/p>\n<p><a href=\"http:\/\/www.culture-numerique.fr\/wp-content\/uploads\/2015\/01\/Screenshot_2015-01-04-00-10-00.png\"><img loading=\"lazy\" decoding=\"async\" class=\"alignright wp-image-2532\" src=\"http:\/\/www.culture-numerique.fr\/wp-content\/uploads\/2015\/01\/Screenshot_2015-01-04-00-10-00-169x300.png\" alt=\"Yax2\" width=\"360\" height=\"640\" srcset=\"https:\/\/www.culture-numerique.fr\/wp-content\/uploads\/2015\/01\/Screenshot_2015-01-04-00-10-00-169x300.png 169w, https:\/\/www.culture-numerique.fr\/wp-content\/uploads\/2015\/01\/Screenshot_2015-01-04-00-10-00-576x1024.png 576w, https:\/\/www.culture-numerique.fr\/wp-content\/uploads\/2015\/01\/Screenshot_2015-01-04-00-10-00-100x178.png 100w, https:\/\/www.culture-numerique.fr\/wp-content\/uploads\/2015\/01\/Screenshot_2015-01-04-00-10-00-150x267.png 150w, https:\/\/www.culture-numerique.fr\/wp-content\/uploads\/2015\/01\/Screenshot_2015-01-04-00-10-00-200x356.png 200w, https:\/\/www.culture-numerique.fr\/wp-content\/uploads\/2015\/01\/Screenshot_2015-01-04-00-10-00-300x533.png 300w, https:\/\/www.culture-numerique.fr\/wp-content\/uploads\/2015\/01\/Screenshot_2015-01-04-00-10-00-450x800.png 450w, https:\/\/www.culture-numerique.fr\/wp-content\/uploads\/2015\/01\/Screenshot_2015-01-04-00-10-00-600x1067.png 600w, https:\/\/www.culture-numerique.fr\/wp-content\/uploads\/2015\/01\/Screenshot_2015-01-04-00-10-00.png 720w\" sizes=\"auto, (max-width: 360px) 100vw, 360px\" \/><\/a>Selon Rue89, le dernier machin \u00e0 la mode, sur smartphone \u00e9videmment, serait lanc\u00e9 encore par Skyrock et s&rsquo;appelle <a href=\"https:\/\/www.yax.it\/\" target=\"_blank\"><strong>Yax.it<\/strong><\/a> \u2014\u00a0<em>Yax, c&rsquo;est vraiment toi<\/em>. Toutes ces applications sont maintenant disponibles et utilis\u00e9es sur les seuls terminaux pr\u00e9sents en permanence dans la poche du jean des jeunes mais aussi bien s\u00fbr dans leurs mains, m\u00eame en classe. Le principe est simple : <strong>de mani\u00e8re compl\u00e8tement anonyme<\/strong>, sans cr\u00e9ation d&rsquo;un compte donc mais avec la possibilit\u00e9 de choisir un pseudo, les ados envoient une photo ou un court message, le plus souvent les deux, l&rsquo;un illustrant l&rsquo;autre, suscitant les r\u00e9actions et les commentaires, voir ci-contre, qui s&rsquo;expriment sous forme textuelle ou photographique, ou les deux, et ainsi de suite\u2026<\/p>\n<p><strong>Que fait l&rsquo;institution ?<\/strong> Elle va attendre, comme d&rsquo;habitude, que les premiers probl\u00e8mes surviennent et\u00a0que les premi\u00e8res sanctions tombent, pour commencer \u00e0 se pr\u00e9occuper de la chose, c&rsquo;est \u00e0 dire observer de nouvelles pratiques sociales chez les jeunes et construire une politique \u00e9ducative. En g\u00e9n\u00e9ral, elle attend tr\u00e8s longtemps et c&rsquo;est toujours trop tard. Il y a de fortes chances alors pour que les jeunes, les \u00e9l\u00e8ves, soient pass\u00e9s \u00e0 autre chose\u2026<\/p>\n<p><a href=\"http:\/\/www.culture-numerique.fr\/wp-content\/uploads\/2015\/01\/Screenshot_2015-01-04-00-10-40.png\"><img loading=\"lazy\" decoding=\"async\" class=\"alignleft wp-image-2533\" src=\"http:\/\/www.culture-numerique.fr\/wp-content\/uploads\/2015\/01\/Screenshot_2015-01-04-00-10-40-169x300.png\" alt=\"Yax3\" width=\"360\" height=\"640\" srcset=\"https:\/\/www.culture-numerique.fr\/wp-content\/uploads\/2015\/01\/Screenshot_2015-01-04-00-10-40-169x300.png 169w, https:\/\/www.culture-numerique.fr\/wp-content\/uploads\/2015\/01\/Screenshot_2015-01-04-00-10-40-576x1024.png 576w, https:\/\/www.culture-numerique.fr\/wp-content\/uploads\/2015\/01\/Screenshot_2015-01-04-00-10-40-100x178.png 100w, https:\/\/www.culture-numerique.fr\/wp-content\/uploads\/2015\/01\/Screenshot_2015-01-04-00-10-40-150x267.png 150w, https:\/\/www.culture-numerique.fr\/wp-content\/uploads\/2015\/01\/Screenshot_2015-01-04-00-10-40-200x356.png 200w, https:\/\/www.culture-numerique.fr\/wp-content\/uploads\/2015\/01\/Screenshot_2015-01-04-00-10-40-300x533.png 300w, https:\/\/www.culture-numerique.fr\/wp-content\/uploads\/2015\/01\/Screenshot_2015-01-04-00-10-40-450x800.png 450w, https:\/\/www.culture-numerique.fr\/wp-content\/uploads\/2015\/01\/Screenshot_2015-01-04-00-10-40-600x1067.png 600w, https:\/\/www.culture-numerique.fr\/wp-content\/uploads\/2015\/01\/Screenshot_2015-01-04-00-10-40.png 720w\" sizes=\"auto, (max-width: 360px) 100vw, 360px\" \/><\/a>Ah si, j&rsquo;oubliais\u00a0! Dans le cadre du projet d&rsquo;\u00e9cole num\u00e9rique, <a href=\"http:\/\/eduscol.education.fr\/cid72525\/education-aux-medias-information.html\" target=\"_blank\">un large et nouveau volet<\/a> a \u00e9t\u00e9 con\u00e7u appel\u00e9 \u00ab\u00a0\u00c9ducation aux m\u00e9dias et \u00e0 l&rsquo;information\u00a0\u00bb ou \u00c9MI.<\/p>\n<p>Attendez et ne r\u00eavez pas\u00a0! Il ne s&rsquo;agit pas d&rsquo;enseigner tout de suite une \u00e9ducation aux m\u00e9dias qui s&rsquo;\u00e9clairerait de ces nouvelles pratiques m\u00e9diatiques\u00a0!<\/p>\n<blockquote><p>\u00ab\u00a0L&rsquo;objectif de la relance d&rsquo;une \u00e9ducation aux m\u00e9dias et \u00e0 l&rsquo;information est de permettre aux \u00e9l\u00e8ves d&rsquo;exercer leur citoyennet\u00e9 dans une soci\u00e9t\u00e9 de l&rsquo;information et de la communication, former des \u00ab cybercitoyens \u00bb actifs, \u00e9clair\u00e9s et responsables de demain.\u00a0\u00bb<\/p><\/blockquote>\n<p><strong>Comment cela va-t-il se mettre en place\u00a0?<\/strong> Les r\u00e9ponses sont donn\u00e9es sur le site du minist\u00e8re\u00a0: il s&rsquo;agit d&rsquo;int\u00e9grer \u00ab\u00a0<em>cet enseignement de mani\u00e8re transversale dans les diff\u00e9rentes disciplines<\/em>\u00a0\u00bb et d&rsquo;inscrire \u00ab\u00a0<em>ces comp\u00e9tences dans le futur socle de comp\u00e9tences, de connaissances et de culture<\/em>\u00a0\u00bb. Autant dire que ce n&rsquo;est pas pour demain car l&rsquo;\u00e9criture des nouveaux programmes disciplinaires est loin, tr\u00e8s loin, d&rsquo;\u00eatre termin\u00e9e, m\u00eame si, nous dit-on, le Conseil sup\u00e9rieur des programmes sera clairement missionn\u00e9 pour ce faire et s&rsquo;il est question de r\u00e9fl\u00e9chir, d\u00e8s la prochaine rentr\u00e9e \u00e0 un cadre de r\u00e9f\u00e9rence et \u00e0 des objectifs\u2026 <strong>Pourquoi attendre\u00a0<\/strong>?<\/p>\n<p>Le reste, c&rsquo;est cosm\u00e9tique\u00a0\u2014\u00a0r\u00e9nover le<a href=\"http:\/\/www.clemi.org\/\" target=\"_blank\"> Clemi<\/a>, bigre\u00a0!\u00a0\u2014 ou de l&rsquo;information institutionnelle\u00a0\u2014\u00a0le portail Internet responsable.<\/p>\n<p>M\u00eame si j&rsquo;adh\u00e8re aux objectifs de ce nouveau dispositif d&rsquo;\u00e9ducation aux m\u00e9dias, m\u00eame si je sais que, dans les classes et les espaces documentaires, <strong>de nombreux professeurs<\/strong>, dont sans doute de nombreux documentalistes, ont d\u00e9j\u00e0 commenc\u00e9 \u00e0 travailler de mani\u00e8re fort efficace et adapt\u00e9e, il n&rsquo;y a dans ces premi\u00e8res mesures, force est de le constater, rien de bien neuf ni de r\u00e9volutionnaire, ni surtout de tr\u00e8s ad\u00e9quat aux besoins. Il s&rsquo;agit maintenant <em>a contrario<\/em> de <strong>prendre\u00a0des mesures d&rsquo;urgence<\/strong>, de mobiliser tous les personnels, cadres et enseignants, de b\u00e2tir un plan de formation et d&rsquo;acculturation num\u00e9rique et m\u00e9diatique, de confier enfin clairement \u00e0 l&rsquo;\u00e9cole la mission imp\u00e9rieuse de mettre fin une fois pour toutes \u00e0 sa politique r\u00e9pressive.<\/p>\n<p>Et pendant ce temps-l\u00e0, <strong>septembre ne prend toujours pas fin<\/strong> et s&rsquo;alanguit\u2026<\/p>\n<p>Michel Guillou\u00a0<a href=\"https:\/\/twitter.com\/michelguillou\" target=\"_blank\">@michelguillou<\/a><\/p>\n<p><a href=\"http:\/\/creativecommons.org\/licenses\/by-nc-sa\/2.0\/fr\/\" target=\"_blank\"><img loading=\"lazy\" decoding=\"async\" src=\"http:\/\/i.creativecommons.org\/l\/by-nc-sa\/2.0\/fr\/80x15.png\" alt=\"image\" width=\"80\" height=\"15\" \/><\/a><\/p>\n<p>Cr\u00e9dit photo\u00a0:<span style=\"line-height: 1.5;\">\u00a0<\/span><a style=\"line-height: 1.5;\" href=\"https:\/\/www.flickr.com\/photos\/14020964@N02\/10058666085\/\">lezumbalaberenjena<\/a><span style=\"line-height: 1.5;\"> via <\/span><a style=\"line-height: 1.5;\" href=\"http:\/\/photopin.com\">photopin<\/a> <a style=\"line-height: 1.5;\" href=\"http:\/\/creativecommons.org\/licenses\/by-nc-nd\/2.0\/\">cc<\/a><\/p>\n<ol>\n<li>\u00c9loge de la m\u00e9diocrit\u00e9\u2026\u00a0<a href=\"http:\/\/www.culture-numerique.fr\/?p=26\" target=\"_blank\">http:\/\/www.culture-numerique.fr\/?p=26<\/a><\/li>\n<li>Chacun doit pouvoir faire des fautes d\u2019orthographe sur Internet\u2026\u00a0<a href=\"http:\/\/www.culture-numerique.fr\/?p=235\" target=\"_blank\">http:\/\/www.culture-numerique.fr\/?p=235<\/a><\/li>\n<li>Exercer sa libert\u00e9 d\u2019expression, \u00e7a doit s\u2019apprendre aussi \u00e0 l\u2019\u00e9cole\u00a0<a href=\"http:\/\/www.culture-numerique.fr\/?p=1248\" target=\"_blank\">http:\/\/www.culture-numerique.fr\/?p=1248<\/a><\/li>\n<\/ol>\n<p>[cite]<\/p>\n","protected":false},"excerpt":{"rendered":"<p><a href=\"http:\/\/www.culture-numerique.fr\/wp-content\/uploads\/2015\/01\/large_10058666085.jpg\"><img loading=\"lazy\" decoding=\"async\" class=\"aligncenter size-full wp-image-2508\" src=\"http:\/\/www.culture-numerique.fr\/wp-content\/uploads\/2015\/01\/large_10058666085.jpg\" alt=\"Automne\" width=\"1024\" height=\"581\" srcset=\"https:\/\/www.culture-numerique.fr\/wp-content\/uploads\/2015\/01\/large_10058666085.jpg 1024w, https:\/\/www.culture-numerique.fr\/wp-content\/uploads\/2015\/01\/large_10058666085-300x170.jpg 300w, https:\/\/www.culture-numerique.fr\/wp-content\/uploads\/2015\/01\/large_10058666085-100x57.jpg 100w, https:\/\/www.culture-numerique.fr\/wp-content\/uploads\/2015\/01\/large_10058666085-150x85.jpg 150w, https:\/\/www.culture-numerique.fr\/wp-content\/uploads\/2015\/01\/large_10058666085-200x113.jpg 200w, https:\/\/www.culture-numerique.fr\/wp-content\/uploads\/2015\/01\/large_10058666085-450x255.jpg 450w, https:\/\/www.culture-numerique.fr\/wp-content\/uploads\/2015\/01\/large_10058666085-600x340.jpg 600w, https:\/\/www.culture-numerique.fr\/wp-content\/uploads\/2015\/01\/large_10058666085-900x511.jpg 900w\" sizes=\"auto, (max-width: 1024px) 100vw, 1024px\" \/><\/a><\/p>\n<p><strong>Au d\u00e9but de l&rsquo;Internet ou un peu apr\u00e8s<\/strong>, quand il n&rsquo;y en avait qu&rsquo;un seul, avant Wanadoo\u00a0\u2014\u00a0si, je vous assure qu&rsquo;il y a eu une vie num\u00e9rique avant Wanadoo qui ne s&rsquo;appelait pas encore Orange\u00a0\u2014,<\/p>\n<p><span class=\"ellipsis\">&hellip;<\/span><\/p>\n<div class=\"read-more\"><a href=\"https:\/\/www.culture-numerique.fr\/?p=2506\">Lire la suite &#8250;<\/a><\/div>\n<p><!-- end of .read-more --><\/p>\n","protected":false},"author":1,"featured_media":2508,"comment_status":"open","ping_status":"open","sticky":false,"template":"","format":"standard","meta":{"jetpack_post_was_ever_published":false,"_jetpack_newsletter_access":"","_jetpack_dont_email_post_to_subs":false,"_jetpack_newsletter_tier_id":0,"_jetpack_memberships_contains_paywalled_content":false,"_jetpack_memberships_contains_paid_content":false,"footnotes":""},"categories":[9],"tags":[528,525,66,111,530,527,30,439,13,88,87,524,526,243,523],"class_list":["post-2506","post","type-post","status-publish","format-standard","has-post-thumbnail","hentry","category-billets-dhumeur","tag-blogues","tag-convenances","tag-ecole-numerique","tag-education-aux-medias","tag-education-aux-medias-et-a-linformation","tag-endless-september","tag-internet","tag-internet-responsable","tag-liberte-dexpression","tag-liberte-dopinion","tag-netiquette","tag-rfc","tag-septembre-sans-fin","tag-skyblog","tag-usenet"],"jetpack_featured_media_url":"https:\/\/www.culture-numerique.fr\/wp-content\/uploads\/2015\/01\/large_10058666085.jpg","jetpack_sharing_enabled":true,"_links":{"self":[{"href":"https:\/\/www.culture-numerique.fr\/index.php?rest_route=\/wp\/v2\/posts\/2506","targetHints":{"allow":["GET"]}}],"collection":[{"href":"https:\/\/www.culture-numerique.fr\/index.php?rest_route=\/wp\/v2\/posts"}],"about":[{"href":"https:\/\/www.culture-numerique.fr\/index.php?rest_route=\/wp\/v2\/types\/post"}],"author":[{"embeddable":true,"href":"https:\/\/www.culture-numerique.fr\/index.php?rest_route=\/wp\/v2\/users\/1"}],"replies":[{"embeddable":true,"href":"https:\/\/www.culture-numerique.fr\/index.php?rest_route=%2Fwp%2Fv2%2Fcomments&post=2506"}],"version-history":[{"count":37,"href":"https:\/\/www.culture-numerique.fr\/index.php?rest_route=\/wp\/v2\/posts\/2506\/revisions"}],"predecessor-version":[{"id":5295,"href":"https:\/\/www.culture-numerique.fr\/index.php?rest_route=\/wp\/v2\/posts\/2506\/revisions\/5295"}],"wp:featuredmedia":[{"embeddable":true,"href":"https:\/\/www.culture-numerique.fr\/index.php?rest_route=\/wp\/v2\/media\/2508"}],"wp:attachment":[{"href":"https:\/\/www.culture-numerique.fr\/index.php?rest_route=%2Fwp%2Fv2%2Fmedia&parent=2506"}],"wp:term":[{"taxonomy":"category","embeddable":true,"href":"https:\/\/www.culture-numerique.fr\/index.php?rest_route=%2Fwp%2Fv2%2Fcategories&post=2506"},{"taxonomy":"post_tag","embeddable":true,"href":"https:\/\/www.culture-numerique.fr\/index.php?rest_route=%2Fwp%2Fv2%2Ftags&post=2506"}],"curies":[{"name":"wp","href":"https:\/\/api.w.org\/{rel}","templated":true}]}}