{"id":244,"date":"2013-08-27T23:38:21","date_gmt":"2013-08-27T21:38:21","guid":{"rendered":"http:\/\/www.culture-numerique.fr\/?p=244"},"modified":"2015-09-18T00:37:23","modified_gmt":"2015-09-17T22:37:23","slug":"chroniques-axeennes-premier-episode-ludovia2013","status":"publish","type":"post","link":"https:\/\/www.culture-numerique.fr\/?p=244","title":{"rendered":"Chroniques ax\u00e9ennes, premier \u00e9pisode #ludovia2013"},"content":{"rendered":"<p style=\"text-align: center;\"><a href=\"http:\/\/www.culture-numerique.fr\/wp-content\/uploads\/2014\/04\/ludovia.jpg\"><img loading=\"lazy\" decoding=\"async\" class=\"size-full wp-image-245 aligncenter\" src=\"http:\/\/www.culture-numerique.fr\/wp-content\/uploads\/2014\/04\/ludovia.jpg\" alt=\"ludovia\" width=\"568\" height=\"93\" srcset=\"https:\/\/www.culture-numerique.fr\/wp-content\/uploads\/2014\/04\/ludovia.jpg 568w, https:\/\/www.culture-numerique.fr\/wp-content\/uploads\/2014\/04\/ludovia-300x49.jpg 300w, https:\/\/www.culture-numerique.fr\/wp-content\/uploads\/2014\/04\/ludovia-100x16.jpg 100w, https:\/\/www.culture-numerique.fr\/wp-content\/uploads\/2014\/04\/ludovia-150x24.jpg 150w, https:\/\/www.culture-numerique.fr\/wp-content\/uploads\/2014\/04\/ludovia-200x32.jpg 200w, https:\/\/www.culture-numerique.fr\/wp-content\/uploads\/2014\/04\/ludovia-450x73.jpg 450w\" sizes=\"auto, (max-width: 568px) 100vw, 568px\" \/><\/a><\/p>\n<p><strong>Ax-les-Thermes, le 27 ao\u00fbt 2013<\/strong>,\u00a0D\u00e9j\u00e0 mon deuxi\u00e8me jour \u00e0 Ax. Il fait gris et frais, c\u2019est comme \u00e7a, la fin de l\u2019\u00e9t\u00e9. J\u2019ai d\u00e9j\u00e0 rencontr\u00e9 plein de monde, des t\u00eates d\u00e9j\u00e0 connues ou d\u2019autres encore que j\u2019ai pris plaisir \u00e0 rencontrer pour la premi\u00e8re fois. C\u2019est comme \u00e7a, le num\u00e9rique, \u00e7a rapproche les gens, \u00e7a cr\u00e9e du lien, \u00e7a nourrit l\u2019\u00e9change et le partage. Sans blague.<\/p>\n<p>Hier soir, c\u2019\u00e9tait la conf\u00e9rence inaugurale \u00ab\u00a0<strong>Imaginaires et promesses de 10 ans de num\u00e9rique en \u00e9ducation<\/strong>\u00a0\u00bb. Pascal Cotentin et Marcel Lebrun nous ont fait le show, \u00e0 la fois sur la forme et le fond de leur intervention.<\/p>\n<p>Je ne vais m\u2019attarder ce matin que sur le vocabulaire employ\u00e9 par ces deux orateurs ou celui que j\u2019ai entendu \u00e7\u00e0 ou l\u00e0, dans les couloirs de ce colloque. Ce vocabulaire, employ\u00e9 ou choisi par les uns ou les autres est \u00e9videmment tr\u00e8s signifiant. Il s\u2019inscrit \u00e0 la fois dans un moment et dans une constante \u00e9volution, int\u00e9ressante \u00e0 observer.<\/p>\n<p>De toute \u00e9vidence, de ce point de vue, les\u00a0<strong>Tice<\/strong>\u00a0ont du plomb dans l\u2019aile. Et c\u2019est tant mieux.<\/p>\n<p>Bien des mots sont employ\u00e9s pour remplacer ce laid acronyme, dont le T initial est souvent porteur d\u2019un imaginaire\u00a0\u2014 avec les promesses, c\u2019est le th\u00e8me de ce colloque \u2014 qui vaut repoussoir pour bien des professeurs. On parle maintenant d\u2019<strong>e-\u00e9ducation<\/strong>, sur un mod\u00e8le anglo-saxon tr\u00e8s laid aussi, quoique ce terme, pouss\u00e9 par ailleurs par les communicants du minist\u00e8re, semble ne pas s\u2019imposer. Non, hier, et ici d\u2019une mani\u00e8re g\u00e9n\u00e9rale, on a pr\u00e9f\u00e9r\u00e9 parler de<strong>num\u00e9rique<\/strong>\u00a0et, de mani\u00e8re plus pr\u00e9cise, de\u00a0<strong>num\u00e9rique \u00e9ducatif<\/strong>.<\/p>\n<p>Et c\u2019est tant mieux.<\/p>\n<p>C\u2019est tant mieux parce que ce mot, maintenant compris de tous, ne v\u00e9hicule que peu de technique et beaucoup de culture. Hier soir, Marcel Lebrun n\u2019a cess\u00e9 de rappeler l\u2019importance, pour demain et la r\u00e9ussite des \u00e9l\u00e8ves, de l\u2019<strong>acculturation num\u00e9rique<\/strong>\u00a0de tous les citoyens, \u00e0 commencer par ceux qui font profession d\u2019enseigner.<\/p>\n<p>Du coup, \u00e0 \u00e9voquer la\u00a0<strong>culture num\u00e9rique<\/strong>, qui impr\u00e8gne peu \u00e0 peu les pratiques p\u00e9dagogiques, on fait passer au second plan aussi les mots couramment utilis\u00e9s du tr\u00e9pied conventionnel\u00a0:\u00a0<strong>outils<\/strong>,\u00a0<strong>usages<\/strong>,\u00a0<strong>ressources<\/strong>.<\/p>\n<p>Et c\u2019est tant mieux aussi.<\/p>\n<p>Pourtant, les vid\u00e9os pr\u00e9sent\u00e9es hier ont beaucoup, trop \u00e0 mon go\u00fbt, insist\u00e9 sur ces trois points, le premier en particulier. Dommage\u00a0! Il y avait \u00e0 prendre du recul et de la hauteur \u2014 je vous l\u2019accorde, la posture n\u2019est pas ais\u00e9e \u2014 et ce fut loin d\u2019\u00eatre le cas. Les moments importants de ces vid\u00e9os ont \u00e9t\u00e9, \u00e0 mon avis, ceux qui montraient les r\u00e9actions des \u00e9l\u00e8ves et qui apportaient un peu d\u2019humain, du lien soci\u00e9tal, des\u00a0<strong>\u00e9motions<\/strong>, de la culture d\u00e9j\u00e0. Je pense en particulier \u00e0 cette toute jeune \u00e9l\u00e8ve confiant \u00e0 la cam\u00e9ra que le baladeur num\u00e9rique l\u2019aidait \u00e0 surmonter sa timidit\u00e9\u00a0!<\/p>\n<p>On a aussi hier soir parl\u00e9 de\u00a0<strong>formation des enseignants<\/strong>\u00a0et, \u00e0 ce sujet,\u00a0Marcel Lebrun a tent\u00e9 de casser l\u2019imaginaire conventionnel qui \u00e9nonce qu\u2019un ma\u00eetre ne peut se saisir du num\u00e9rique s\u2019il n\u2019a pas \u00e9t\u00e9 form\u00e9. Il a m\u00eame tent\u00e9, si je l\u2019ai bien compris, de nous expliquer, un peu par provocation, que les pratiques collaboratives et la g\u00e9n\u00e9ralisation du pair \u00e0 pair induites par le num\u00e9rique permettaient de faire de s\u00e9rieuses \u00e9conomies sur ce chantier de la formation, qu\u2019on pratique encore de mani\u00e8re tr\u00e8s traditionnelle sans beaucoup la faire \u00e9voluer ni m\u00eame en observer les heureux bienfaits.<\/p>\n<p>Il faudra que je revienne un de ces jours sur ce probl\u00e8me de la formation au num\u00e9rique, dont il faut, l\u00e0 aussi, sans doute observer l\u2019\u00e9chec.<\/p>\n<p>Comme il faudra que l\u2019on \u00e9voque \u00e0 nouveau les promesses du num\u00e9rique \u00e9ducatif, sujet \u00e0 peine effleur\u00e9 hier soir.<\/p>\n<p>De mani\u00e8re anecdotique enfin, il est encore un mot dont il faut saluer la disparition, par perte de sens, malgr\u00e9 ses heures de gloire encore assez r\u00e9centes\u00a0: le multim\u00e9dia.<\/p>\n<p>Merci \u00e0 Ludovia de m\u2019avoir invit\u00e9. \u00c0 demain pour une deuxi\u00e8me chronique, j\u2019esp\u00e8re\u2026<\/p>\n<p>Michel Guillou\u00a0<a href=\"https:\/\/twitter.com\/michelguillou\" target=\"_blank\">@michelguillou<\/a><\/p>\n<p><a href=\"http:\/\/creativecommons.org\/licenses\/by-nc-sa\/2.0\/fr\/\" target=\"_blank\"><img loading=\"lazy\" decoding=\"async\" src=\"http:\/\/i.creativecommons.org\/l\/by-nc-sa\/2.0\/fr\/80x15.png\" alt=\"image\" width=\"80\" height=\"15\" \/><\/a><\/p>\n","protected":false},"excerpt":{"rendered":"<p style=\"text-align: center;\"><a href=\"http:\/\/www.culture-numerique.fr\/wp-content\/uploads\/2014\/04\/ludovia.jpg\"><img loading=\"lazy\" decoding=\"async\" class=\"size-full wp-image-245 aligncenter\" src=\"http:\/\/www.culture-numerique.fr\/wp-content\/uploads\/2014\/04\/ludovia.jpg\" alt=\"ludovia\" width=\"568\" height=\"93\" srcset=\"https:\/\/www.culture-numerique.fr\/wp-content\/uploads\/2014\/04\/ludovia.jpg 568w, https:\/\/www.culture-numerique.fr\/wp-content\/uploads\/2014\/04\/ludovia-300x49.jpg 300w, https:\/\/www.culture-numerique.fr\/wp-content\/uploads\/2014\/04\/ludovia-100x16.jpg 100w, https:\/\/www.culture-numerique.fr\/wp-content\/uploads\/2014\/04\/ludovia-150x24.jpg 150w, https:\/\/www.culture-numerique.fr\/wp-content\/uploads\/2014\/04\/ludovia-200x32.jpg 200w, https:\/\/www.culture-numerique.fr\/wp-content\/uploads\/2014\/04\/ludovia-450x73.jpg 450w\" sizes=\"auto, (max-width: 568px) 100vw, 568px\" \/><\/a><\/p>\n<p><strong>Ax-les-Thermes, le 27 ao\u00fbt 2013<\/strong>,\u00a0D\u00e9j\u00e0 mon deuxi\u00e8me jour \u00e0 Ax. Il fait gris et frais, c\u2019est comme \u00e7a, la fin de l\u2019\u00e9t\u00e9. J\u2019ai d\u00e9j\u00e0 rencontr\u00e9 plein de monde, des t\u00eates d\u00e9j\u00e0 connues ou d\u2019autres encore que j\u2019ai pris plaisir \u00e0 rencontrer pour la premi\u00e8re fois.<\/p>\n<p><span class=\"ellipsis\">&hellip;<\/span><\/p>\n<div class=\"read-more\"><a href=\"https:\/\/www.culture-numerique.fr\/?p=244\">Lire la suite &#8250;<\/a><\/div>\n<p><!-- end of .read-more --><\/p>\n","protected":false},"author":1,"featured_media":245,"comment_status":"open","ping_status":"open","sticky":false,"template":"","format":"standard","meta":{"jetpack_post_was_ever_published":false,"_jetpack_newsletter_access":"","_jetpack_dont_email_post_to_subs":false,"_jetpack_newsletter_tier_id":0,"_jetpack_memberships_contains_paywalled_content":false,"_jetpack_memberships_contains_paid_content":false,"footnotes":""},"categories":[20],"tags":[52,97,174,173,2,4,64,81,178],"class_list":["post-244","post","type-post","status-publish","format-standard","has-post-thumbnail","hentry","category-breves","tag-culture-numerique","tag-formation-des-maitres","tag-ludovia","tag-ludovia2013","tag-numerique","tag-numerique-educatif","tag-outils","tag-pratiques-numeriques","tag-resources"],"jetpack_featured_media_url":"https:\/\/www.culture-numerique.fr\/wp-content\/uploads\/2014\/04\/ludovia.jpg","jetpack_sharing_enabled":true,"_links":{"self":[{"href":"https:\/\/www.culture-numerique.fr\/index.php?rest_route=\/wp\/v2\/posts\/244","targetHints":{"allow":["GET"]}}],"collection":[{"href":"https:\/\/www.culture-numerique.fr\/index.php?rest_route=\/wp\/v2\/posts"}],"about":[{"href":"https:\/\/www.culture-numerique.fr\/index.php?rest_route=\/wp\/v2\/types\/post"}],"author":[{"embeddable":true,"href":"https:\/\/www.culture-numerique.fr\/index.php?rest_route=\/wp\/v2\/users\/1"}],"replies":[{"embeddable":true,"href":"https:\/\/www.culture-numerique.fr\/index.php?rest_route=%2Fwp%2Fv2%2Fcomments&post=244"}],"version-history":[{"count":3,"href":"https:\/\/www.culture-numerique.fr\/index.php?rest_route=\/wp\/v2\/posts\/244\/revisions"}],"predecessor-version":[{"id":3877,"href":"https:\/\/www.culture-numerique.fr\/index.php?rest_route=\/wp\/v2\/posts\/244\/revisions\/3877"}],"wp:featuredmedia":[{"embeddable":true,"href":"https:\/\/www.culture-numerique.fr\/index.php?rest_route=\/wp\/v2\/media\/245"}],"wp:attachment":[{"href":"https:\/\/www.culture-numerique.fr\/index.php?rest_route=%2Fwp%2Fv2%2Fmedia&parent=244"}],"wp:term":[{"taxonomy":"category","embeddable":true,"href":"https:\/\/www.culture-numerique.fr\/index.php?rest_route=%2Fwp%2Fv2%2Fcategories&post=244"},{"taxonomy":"post_tag","embeddable":true,"href":"https:\/\/www.culture-numerique.fr\/index.php?rest_route=%2Fwp%2Fv2%2Ftags&post=244"}],"curies":[{"name":"wp","href":"https:\/\/api.w.org\/{rel}","templated":true}]}}