{"id":2417,"date":"2014-12-21T18:38:58","date_gmt":"2014-12-21T17:38:58","guid":{"rendered":"http:\/\/www.culture-numerique.fr\/?p=2417"},"modified":"2016-11-27T19:08:31","modified_gmt":"2016-11-27T18:08:31","slug":"education-et-numerique-les-premieres-secousses-telluriques","status":"publish","type":"post","link":"https:\/\/www.culture-numerique.fr\/?p=2417","title":{"rendered":"\u00c9ducation et num\u00e9rique\u00a0: les premi\u00e8res secousses telluriques\u00a0?"},"content":{"rendered":"<p><a href=\"http:\/\/www.culture-numerique.fr\/wp-content\/uploads\/2014\/12\/large_3052919459.jpg\"><img loading=\"lazy\" decoding=\"async\" class=\"size-full wp-image-2470 aligncenter\" src=\"http:\/\/www.culture-numerique.fr\/wp-content\/uploads\/2014\/12\/large_3052919459.jpg\" alt=\"Colonnes\" width=\"1024\" height=\"768\" srcset=\"https:\/\/www.culture-numerique.fr\/wp-content\/uploads\/2014\/12\/large_3052919459.jpg 1024w, https:\/\/www.culture-numerique.fr\/wp-content\/uploads\/2014\/12\/large_3052919459-300x225.jpg 300w, https:\/\/www.culture-numerique.fr\/wp-content\/uploads\/2014\/12\/large_3052919459-100x75.jpg 100w, https:\/\/www.culture-numerique.fr\/wp-content\/uploads\/2014\/12\/large_3052919459-150x113.jpg 150w, https:\/\/www.culture-numerique.fr\/wp-content\/uploads\/2014\/12\/large_3052919459-200x150.jpg 200w, https:\/\/www.culture-numerique.fr\/wp-content\/uploads\/2014\/12\/large_3052919459-450x338.jpg 450w, https:\/\/www.culture-numerique.fr\/wp-content\/uploads\/2014\/12\/large_3052919459-600x450.jpg 600w, https:\/\/www.culture-numerique.fr\/wp-content\/uploads\/2014\/12\/large_3052919459-900x675.jpg 900w\" sizes=\"auto, (max-width: 1024px) 100vw, 1024px\" \/><\/a><\/p>\n<p><strong>L&rsquo;actualit\u00e9 de l&rsquo;\u00e9ducation<\/strong>\u00a0et du syst\u00e8me \u00e9ducatif est tr\u00e8s r\u00e9guli\u00e8rement agit\u00e9e voire secou\u00e9e par des questions qui enflamment les passions. C&rsquo;est d&rsquo;ailleurs une caract\u00e9ristique de ce domaine que tout le monde se sente concern\u00e9 et donne son avis \u2014 chacun\u00a0a fr\u00e9quent\u00e9 les bancs de l&rsquo;\u00e9cole ou a des enfants qui y sont encore\u00a0\u2014, \u00e0 commencer par ceux qui disent n&rsquo;avoir rien \u00e0 dire, desquels il convient de se m\u00e9fier en priorit\u00e9. Cela dit, on se passerait bien volontiers parfois de certains avis navrants exprim\u00e9s dans des m\u00e9dias complaisants qui ouvrent leurs colonnes \u00e0 des trolls qu&rsquo;on croyait disparus.<\/p>\n<p>Tout r\u00e9cemment encore, ces derni\u00e8res se sont fait l&rsquo;\u00e9cho tour \u00e0 tour de questions \u00e9ducatives fort diff\u00e9rentes mais qui ont pourtant bien des points en commun, nous allons le voir.<\/p>\n<h3><strong>Le plagiat et Wikip\u00e9dia<\/strong><\/h3>\n<p>L&rsquo;id\u00e9e de ce billet m&rsquo;est venue suite \u00e0 la lecture d&rsquo;un\u00a0<a href=\"http:\/\/www.nextinpact.com\/news\/91478-le-ministere-l-enseignement-superieur-veut-favoriser-logiciels-anti-plagiat.htm\" target=\"_blank\">article<\/a> de <em><a href=\"http:\/\/www.nextinpact.com\/\" target=\"_blank\">Nextinpact<\/a><\/em>, qui nous annonce tout gaiement que la ministre de l\u2019\u00c9ducation nationale et de l\u2019enseignement sup\u00e9rieur ne trouvait rien \u00e0 redire au d\u00e9ploiement des logiciels anti-plagiat dont le co\u00fbt faramineux gr\u00e8ve lourdement le budget des universit\u00e9s. En r\u00e9ponse \u00e0 un d\u00e9put\u00e9 socialiste qui s&rsquo;inqui\u00e9tait \u00ab\u00a0<em>\u00c0 l&rsquo;heure du num\u00e9rique, de plus en plus de travaux universitaires sont compos\u00e9s de copier-coller qu&rsquo;il est important de d\u00e9tecter pour le respect de la propri\u00e9t\u00e9 intellectuelle<\/em>\u00a0\u00bb (sic), notre vaillante ministre, consciente des enjeux, lui apporte son soutien total en rappelant l&rsquo;engagement de ses services pour lutter contre ce fl\u00e9au et\u00a0rappeler que la France dispose d\u2019un arsenal l\u00e9gislatif permettant de sanctionner les fraudeurs et le plagiat\u00a0!<\/p>\n<p>On admire la virtuosit\u00e9 politique qui consiste \u00e0 r\u00e9pondre \u00e0 <strong>un probl\u00e8me hautement \u00e9ducatif<\/strong> par une r\u00e9ponse double, technique et r\u00e9pressive.<\/p>\n<p><a href=\"http:\/\/www.culture-numerique.fr\/wp-content\/uploads\/2014\/03\/medium_2121436934.jpg\"><img loading=\"lazy\" decoding=\"async\" class=\"alignright size-medium wp-image-1498\" src=\"http:\/\/www.culture-numerique.fr\/wp-content\/uploads\/2014\/03\/medium_2121436934-300x200.jpg\" alt=\"Copier-coller\" width=\"300\" height=\"200\" srcset=\"https:\/\/www.culture-numerique.fr\/wp-content\/uploads\/2014\/03\/medium_2121436934-300x200.jpg 300w, https:\/\/www.culture-numerique.fr\/wp-content\/uploads\/2014\/03\/medium_2121436934-100x66.jpg 100w, https:\/\/www.culture-numerique.fr\/wp-content\/uploads\/2014\/03\/medium_2121436934-150x100.jpg 150w, https:\/\/www.culture-numerique.fr\/wp-content\/uploads\/2014\/03\/medium_2121436934-200x133.jpg 200w, https:\/\/www.culture-numerique.fr\/wp-content\/uploads\/2014\/03\/medium_2121436934-450x300.jpg 450w, https:\/\/www.culture-numerique.fr\/wp-content\/uploads\/2014\/03\/medium_2121436934.jpg 500w\" sizes=\"auto, (max-width: 300px) 100vw, 300px\" \/><\/a>Passe encore que, tous les jours, dans les salles de classe des coll\u00e8ges et lyc\u00e9es, dans les espaces documentaires, les professeurs soient pris au d\u00e9pourvu, les programmes n&rsquo;ayant pas chang\u00e9 non plus que les mani\u00e8res d&rsquo;\u00e9valuer, par les pratiques num\u00e9riques massives de leurs \u00e9l\u00e8ves qui recopient sans se poser de questions des articles entiers de Wikip\u00e9dia\u2026 Passe encore que les universitaires comprennent encore difficilement les pratiques de leurs \u00e9tudiants qui copicollent joyeusement les travaux des autres, \u00e0 commencer par ceux qu&rsquo;on trouve fort heureusement en ligne.<\/p>\n<p>J&rsquo;ai d\u00e9j\u00e0 abord\u00e9 toutes ces questions (1). Franchement, je serais \u00e0 la place des dits professeurs, je serais aussi pr\u00e9occup\u00e9 qu&rsquo;eux. Comment faire\u00a0? J&rsquo;ai bien quelques r\u00e9ponses possibles, dont l&rsquo;une et sans doute la plus raisonnable peut tenir en une simple proposition, <strong>l&rsquo;appropriation plut\u00f4t que la restitution<\/strong>, mais j&rsquo;aimerais r\u00e9p\u00e9ter ici ce que j&rsquo;ai d\u00e9j\u00e0 dit\u00a0:<\/p>\n<blockquote><p>\u00ab\u00a0Innover, ce n\u2019est pas mettre des cataplasmes sur son enseignement quand les modalit\u00e9s de ce dernier sont profond\u00e9ment chang\u00e9es par le num\u00e9rique omnipr\u00e9sent \u2014 je pense en particulier \u00e0 la copie num\u00e9rique des \u0153uvres, \u00e0 leur utilisation et reproduction collective, au plagiat, au copier-coller, au travail collectif et collaboratif\u2026\u00a0\u00bb<\/p><\/blockquote>\n<p>En tout \u00e9tat de cause, parce que ce sujet concerne l&rsquo;\u00e9ducation, <strong>la r\u00e9ponse politique et institutionnelle<\/strong> <span style=\"color: #ff0000;\"><strong>ne peut pas<\/strong><\/span>\u00a0\u00eatre une r\u00e9ponse technique, avec les fameux, si on\u00e9reux et inutiles logiciels anti-plagiat, ou r\u00e9pressive, l&rsquo;arsenal habituel des r\u00e9primandes, sanctions et exclusions.<\/p>\n<p>Autre secousse, celle qui fait trembler les d\u00e9fenseurs\u00a0d&rsquo;une posture magistrale immuable transcend\u00e9e qui imaginent, \u00e0 raison, que les \u00e9l\u00e8ves vont v\u00e9rifier, sur Wikip\u00e9dia ou ailleurs, ce que leur disent leurs professeurs (2)\u00a0! C&rsquo;est vrai que \u00e7a fait peur\u2026<\/p>\n<h3><strong>L&rsquo;\u00e9criture cursive<\/strong><\/h3>\n<p>La publication r\u00e9cente d&rsquo;une enqu\u00eate \u00e0 propos de ce que fait maintenant la Finlande quant \u00e0\u00a0l&rsquo;apprentissage de l&rsquo;\u00e9criture fut l&rsquo;occasion d&rsquo;<strong>un d\u00e9cha\u00eenement de passions et d&rsquo;amertumes<\/strong>. Je ne veux pas revenir l\u00e0-dessus mais faire pourtant deux observations. D&rsquo;abord convient-il de s&rsquo;\u00e9tonner que les pratiques finlandaises nous surprennent autant, car, ailleurs, aux \u00c9tats-Unis par exemple, on a d\u00e9j\u00e0 renonc\u00e9 depuis belle lurette \u00e0 l&rsquo;\u00e9criture cursive. Bon, ce sont les Am\u00e9ricains, me direz-vous\u2026 Deuxi\u00e8mement, on a, je crois, mal interpr\u00e9t\u00e9 l&rsquo;aventure finlandaise dont les enseignants, contrairement \u00e0 ce que d&rsquo;aucuns ont rapport\u00e9, n&rsquo;ont pas, parall\u00e8lement \u00e0 leur engagement num\u00e9rique, renonc\u00e9 \u00e0 l&rsquo;\u00e9criture manuelle, en privil\u00e9giant n\u00e9anmoins sa forme scripte.<\/p>\n<p>\u00c0 ce propos, sans trop m&rsquo;engager, j&rsquo;ai tent\u00e9 de lancer <strong>quelques pistes prospectives\u00a0<\/strong>mais hasardeuses (3). L&rsquo;affaire est complexe en effet car l&rsquo;avenir des interfaces et des outillages num\u00e9riques est incertain, dans leurs formes comme dans leurs fonctionnalit\u00e9s. Qui sait en effet sur quel clavier r\u00e9el ou virtuel ou selon quelles modalit\u00e9s on saisira du texte dans quelques mois, quelques ann\u00e9es\u00a0?<\/p>\n<p>La question, en tout cas, m\u00e9rite d&rsquo;\u00eatre pos\u00e9e et ne l&rsquo;est pas ou presque en France. Qui s&rsquo;en pr\u00e9occupe s\u00e9rieusement\u00a0? En la mati\u00e8re, la procrastination est la r\u00e8gle. Les cognitivistes et les psychologues s&rsquo;affrontent \u00e0 coups de rapports d\u00e9finitifs, qui ne tiennent compte, ni les uns ni les autres, des r\u00e9alit\u00e9s, le constat par exemple qu&rsquo;<strong>on n&rsquo;\u00e9crit quasiment plus \u00e0 la main<\/strong> apr\u00e8s le baccalaur\u00e9at, \u00e0 l&rsquo;universit\u00e9 ou dans l&rsquo;entreprise (4).<\/p>\n<p>Une certitude, les r\u00e9actionnaires et frileux de toutes engeances devront s&rsquo;en convaincre, c&rsquo;est une question de mois ou d&rsquo;ann\u00e9es, <strong>on n&rsquo;\u00e9crira plus, on ne saisira plus de texte, que sur des machines<\/strong> et l&rsquo;\u00e9criture manuelle, scripte \u00e9videmment, ne sera plus qu&rsquo;un succ\u00e9dan\u00e9 occasionnel.<\/p>\n<h3><strong>L&rsquo;enseignement du code<\/strong><\/h3>\n<p>Voil\u00e0 encore un sujet pol\u00e9mique qui m&rsquo;a occasionn\u00e9 quelques agacements, pour la raison principale que la question de son apprentissage avait tendance \u00e0 confisquer le d\u00e9bat en cours sur <strong>la culture et la litt\u00e9ratie num\u00e9riques<\/strong> (5). Et puis, c&rsquo;\u00e9tait regarder l&rsquo;avenir par le petit bout de la lorgnette\u2026<\/p>\n<p>Il n&rsquo;est pas question ici de d\u00e9battre \u00e0 nouveau de l&rsquo;opportunit\u00e9 de son apprentissage, non plus que celui de la programmation et de l&rsquo;algorithmique. Sans urgence et toujours en relation directe avec le\u00a0projet p\u00e9dagogique, ces apprentissages\u00a0peuvent l\u00e9gitimement trouver place dans des activit\u00e9s d&rsquo;\u00e9veil, dans les espaces scolaires ou p\u00e9riscolaires, en attendant d&rsquo;\u00eatre pris en charge par les disciplines, dans le cadre d&rsquo;une <strong>litt\u00e9ratie num\u00e9rique globale<\/strong>, partie prenante d&rsquo;un socle commun r\u00e9nov\u00e9.<\/p>\n<p>Mais quel choc\u00a0! Qui aurait pu imaginer qu&rsquo;on se pr\u00e9occupe de tout cela, il y a quelques ann\u00e9es encore\u2026<\/p>\n<h3><strong>La culture num\u00e9rique<\/strong><\/h3>\n<p>Puisqu&rsquo;on en parle\u2026 la construction du nouveau socle est soumise \u00e0 de fortes tensions, cela s&rsquo;entend, entre fermeture et ouverture, proaction et r\u00e9action,\u00a0innovation et archa\u00efsme\u2026 Les diff\u00e9rentes versions qu&rsquo;on nous a propos\u00e9es montrent assez bien, \u00e0 propos de <strong>la culture num\u00e9rique<\/strong>, qu&rsquo;on a en haut lieu, au Conseil sup\u00e9rieur des programmes, un mal fou \u00e0 lui faire une place \u00e0 c\u00f4t\u00e9 des cultures litt\u00e9raire, humaniste, scientifique et technique. Dans la version qu&rsquo;on nous propose aujourd&rsquo;hui, le num\u00e9rique n&rsquo;est tristement et quasiment compris que pour adjectiver les outils et les supports.<\/p>\n<p>Pourtant, l&rsquo;engagement de son premier pr\u00e9sident semblait r\u00e9solu\u2026 (6) Patientons\u2026<\/p>\n<h3><strong>L&rsquo;\u00e9valuation et la notation<\/strong><\/h3>\n<p>Voil\u00e0 encore un sujet qui a fait les choux gras des journalistes \u00e0 la recherche des pol\u00e9miques sur l&rsquo;\u00e9cole. C&rsquo;est vrai qu&rsquo;il faut vendre\u2026 et du papier, d&rsquo;abord.<\/p>\n<p>Mais qui a dit, parmi tous ces commentateurs avis\u00e9s, les m\u00e9diateurs ou les experts autoris\u00e9s, que ce sujet apparaissait \u00e0 nouveau aujourd&rsquo;hui en partie <strong>\u00e0 cause du choc des pang\u00e9es, le num\u00e9rique et l&rsquo;\u00e9ducation\u00a0<\/strong>? Pour quelles raisons l&rsquo;acc\u00e8s aux informations et leur d\u00e9chiffrement, l&rsquo;appropriation des connaissances, la construction des savoirs sont-elles en tension aujourd&rsquo;hui, jusqu&rsquo;\u00e0 remettre en cause la mani\u00e8re dont on note et \u00e9value\u00a0?<\/p>\n<p>L&rsquo;\u00e9mergence de modes de construction collectifs ou collaboratifs des savoirs, la mobilisation des intelligences dans les groupes au profit de productions \u00e0 plusieurs, la perception nouvelle de l&rsquo;erreur sont de nature \u00e0 remettre en cause de mani\u00e8re profonde les modes de notation et m\u00eame d&rsquo;\u00e9valuation de l&rsquo;acquisition des connaissances et des comp\u00e9tences\u00a0\u2014\u00a0voir le socle nouveau qui prend peu en compte ces probl\u00e8mes.<\/p>\n<p>Dans ce dernier, le collectif n&rsquo;est envisag\u00e9 que dans le cadre de l&rsquo;insertion sociale, jamais dans la construction de savoirs. Quant \u00e0 <strong>collaborer<\/strong>, le socle n&rsquo;en parle que pour faire des sites \u00e0 plusieurs. Ses auteurs savent-ils bien de quoi ils parlent\u00a0? Les enjeux ne sont pas l\u00e0\u2026 pas seulement.<\/p>\n<h3><strong><a href=\"http:\/\/www.culture-numerique.fr\/wp-content\/uploads\/2014\/12\/Candidates_in_an_aptitude_exam_in_Tunisia_june_2011.jpg\"><img loading=\"lazy\" decoding=\"async\" class=\"alignright size-medium wp-image-2461\" src=\"http:\/\/www.culture-numerique.fr\/wp-content\/uploads\/2014\/12\/Candidates_in_an_aptitude_exam_in_Tunisia_june_2011-300x225.jpg\" alt=\"Candidats\" width=\"300\" height=\"225\" srcset=\"https:\/\/www.culture-numerique.fr\/wp-content\/uploads\/2014\/12\/Candidates_in_an_aptitude_exam_in_Tunisia_june_2011-300x225.jpg 300w, https:\/\/www.culture-numerique.fr\/wp-content\/uploads\/2014\/12\/Candidates_in_an_aptitude_exam_in_Tunisia_june_2011-100x75.jpg 100w, https:\/\/www.culture-numerique.fr\/wp-content\/uploads\/2014\/12\/Candidates_in_an_aptitude_exam_in_Tunisia_june_2011-150x113.jpg 150w, https:\/\/www.culture-numerique.fr\/wp-content\/uploads\/2014\/12\/Candidates_in_an_aptitude_exam_in_Tunisia_june_2011-200x150.jpg 200w, https:\/\/www.culture-numerique.fr\/wp-content\/uploads\/2014\/12\/Candidates_in_an_aptitude_exam_in_Tunisia_june_2011-450x338.jpg 450w, https:\/\/www.culture-numerique.fr\/wp-content\/uploads\/2014\/12\/Candidates_in_an_aptitude_exam_in_Tunisia_june_2011.jpg 600w\" sizes=\"auto, (max-width: 300px) 100vw, 300px\" \/><\/a>Les programmes et les examens<\/strong><\/h3>\n<p>Il y a de quoi \u00eatre inquiet. La collision risque l\u00e0 d&rsquo;aboutir \u00e0 des syst\u00e8mes de failles complexes en perp\u00e9tuel mouvement.<\/p>\n<p>Plus que les programmes, dont l&rsquo;adaptation et la lecture peuvent \u00eatre diff\u00e9rentes malgr\u00e9 une construction encore bien ancr\u00e9e dans des habitudes du dernier mill\u00e9naire \u2014\u00a0on s&rsquo;attend tout de m\u00eame \u00e0 ce qu&rsquo;ils soient s\u00e9rieusement r\u00e9nov\u00e9s et qu&rsquo;ils s&rsquo;\u00e9clairent du num\u00e9rique\u00a0\u2014, ce sont les examens qui mettent en forte tension l&rsquo;ensemble du syst\u00e8me, coinc\u00e9s entre <strong>les pratiques num\u00e9riques m\u00e9diatiques des \u00e9l\u00e8ves<\/strong> et les modes de restitution compl\u00e8tement archa\u00efques des examens, notamment dans le second degr\u00e9, brevet et baccalaur\u00e9at.<\/p>\n<p>L&rsquo;urgence est l\u00e0, plus qu&rsquo;ailleurs. Juin prochain sera-t-il \u00e0 nouveau un mois comme tous les autres, depuis un si\u00e8cle au bas mot, o\u00f9 des \u00e9l\u00e8ves restituent patiemment, pendant des heures, des connaissances acquises, au stylographe sur des tables rectangulaires s\u00e9par\u00e9es les unes des autres ? Ne parlera-t-on encore et toujours, \u00e0 propos des examens, que de la \u00ab\u00a0triche\u00a0\u00bb due aux smartphones ou autres dispositifs num\u00e9riques ou des improbables, inutiles et inop\u00e9rants syst\u00e8mes techniques de d\u00e9tection pour emp\u00eacher tout cela\u00a0?<\/p>\n<p>Combien de temps<span style=\"color: #ff0000;\"><strong> ce cirque et ce m\u00e9pris affich\u00e9<\/strong><\/span> \u00e0 l&rsquo;encontre de la jeunesse vont-ils encore pouvoir continuer\u00a0?<\/p>\n<p>On avait \u00e9voqu\u00e9 la possibilit\u00e9, pour aller encore plus loin dans la stupidit\u00e9 institutionnelle, d&rsquo;installer autour des centres d&rsquo;examens des cages de Faraday emp\u00eachant les communications avec l&rsquo;ext\u00e9rieur. C&rsquo;est un projet qui a \u00e9t\u00e9 abandonn\u00e9, semble-t-il. Mais, de fait, en proposant toujours des modes d&rsquo;organisation primitifs et anachroniques, ce sont bien des cages de Faraday virtuelles qui sont install\u00e9es autour de chaque candidat, aujourd&rsquo;hui.<\/p>\n<h3><strong>La culture<\/strong><\/h3>\n<p>Le domaine de la culture et sa valorisation au sein de l&rsquo;\u00e9cole, comme dans la soci\u00e9t\u00e9, sont consid\u00e9rablement boulevers\u00e9s par le num\u00e9rique.<\/p>\n<p>Les \u00e9changes et le\u00a0partage sont hier mais encore plus aujourd&rsquo;hui au fondement m\u00eame de la cr\u00e9ation culturelle. J&rsquo;aimerais citer le point de vue lucide \u00e0 ce sujet de la Quadrature du Net dont j&rsquo;ai rappel\u00e9, en appelant \u00e0 son soutien r\u00e9cemment (7), combien cette association portait de valeurs proches de\u00a0celles\u00a0d&rsquo;une \u00e9ducation raisonn\u00e9e\u00a0:<\/p>\n<blockquote><p>\u00ab\u00a0Internet et les technologies num\u00e9riques permettent \u00e0 chacun de partager librement l&rsquo;information num\u00e9rique. La r\u00e9appropriation et modification des \u0153uvres (remix) devient en outre une pratique d&rsquo;expression pour toute une g\u00e9n\u00e9ration. Aussi, les droits intellectuels sur l&rsquo;information, quelle qu&rsquo;elle soit, doivent s&rsquo;adapter \u00e0 cette nouvelle donne afin d&rsquo;encourager l&rsquo;acc\u00e8s \u00e0 la culture et \u00e0 la connaissance. Cela suppose de mettre un terme \u00e0 la guerre contre le partage d&rsquo;\u0153uvres culturelles, et d&rsquo;adopter des politiques permettant la r\u00e9appropriation de la culture et de la connaissance par le public.\u00a0\u00bb<\/p><\/blockquote>\n<p>Et tout \u00e7a vient en parfaite contradiction avec le sempiternel mais peu cr\u00e9dible rappel \u00e0 la loi que les recommandations officielles prodiguent. Et tout \u00e7a, vous l&rsquo;avez compris, est en accord avec les pratiques num\u00e9riques personnelles des \u00e9l\u00e8ves\u2026<\/p>\n<h3><strong><img loading=\"lazy\" decoding=\"async\" class=\"alignleft size-full wp-image-2418\" src=\"http:\/\/www.culture-numerique.fr\/wp-content\/uploads\/2014\/12\/small_446160457.jpg\" alt=\"Sismogramme\" width=\"240\" height=\"190\" srcset=\"https:\/\/www.culture-numerique.fr\/wp-content\/uploads\/2014\/12\/small_446160457.jpg 240w, https:\/\/www.culture-numerique.fr\/wp-content\/uploads\/2014\/12\/small_446160457-100x79.jpg 100w, https:\/\/www.culture-numerique.fr\/wp-content\/uploads\/2014\/12\/small_446160457-150x119.jpg 150w, https:\/\/www.culture-numerique.fr\/wp-content\/uploads\/2014\/12\/small_446160457-200x158.jpg 200w\" sizes=\"auto, (max-width: 240px) 100vw, 240px\" \/>Les rebonds et secousses secondaires<\/strong><\/h3>\n<p>Nous l&rsquo;avons vu, des valeurs imm\u00e9moriales, des chantiers en cours sont les premiers touch\u00e9s par ces premi\u00e8res secousses. Au-del\u00e0 du copier-coller, du plagiat, de la critique de la posture magistrale comme source unique des savoirs, de l&rsquo;apprentissage de l&rsquo;\u00e9criture, de celui du code et de la programmation, de l&rsquo;\u00e9mergence parmi d&rsquo;autres d&rsquo;une culture num\u00e9rique, de l&rsquo;\u00e9valuation et de la notation, des examens et des programmes, de la culture qui subissent des secousses telluriques importantes, il y a bien <strong>d&rsquo;autres piliers de l&rsquo;\u00e9cole<\/strong> qui risquent d&rsquo;\u00eatre bient\u00f4t fortement \u00e9branl\u00e9s.<\/p>\n<p>Vous l&rsquo;avez compris, cela concerne les temps scolaires, les espaces d&rsquo;enseignement r\u00e9els ou virtuels, les services des enseignants, les missions des personnels, cadres et professeurs, les cloisonnements disciplinaires et donc la transversalit\u00e9 des pratiques, la vie scolaire, la responsabilit\u00e9 et la citoyennet\u00e9 des \u00e9l\u00e8ves, leur engagement personnel et collectif, les missions m\u00eames qu&rsquo;on assigne \u00e0 l&rsquo;\u00e9cole\u2026<\/p>\n<p>Je ne lui souhaite pas le pire. Je crois qu&rsquo;elle survivra \u00e0 tous ces chocs et qu&rsquo;on pourra la pr\u00e9server de tous ceux qui veulent sa peau. Mais, pour cela, <strong>il faut exercer sa raison<\/strong>, se mettre au travail tout de suite et proposer des r\u00e9ponses \u00e9ducatives. Avant le cycle des prochaines secousses\u2026<\/p>\n<p>Michel Guillou\u00a0<a href=\"https:\/\/twitter.com\/michelguillou\" target=\"_blank\">@michelguillou<\/a><\/p>\n<p><a href=\"http:\/\/creativecommons.org\/licenses\/by-nc-sa\/4.0\/\"><img loading=\"lazy\" decoding=\"async\" class=\"alignleft wp-image-1448 size-full\" src=\"http:\/\/www.culture-numerique.fr\/wp-content\/uploads\/2014\/09\/80x15.png\" alt=\"80x15\" width=\"80\" height=\"15\" \/><\/a><\/p>\n<p>&nbsp;<\/p>\n<p>Cr\u00e9dit photo\u00a0: <a href=\"https:\/\/www.flickr.com\/photos\/eric-p\/3052919459\/\">Eric-P<\/a>,\u00a0<a href=\"https:\/\/www.flickr.com\/photos\/incanus\/446160457\/\">incanus<\/a>\u00a0et\u00a0<a href=\"http:\/\/www.flickr.com\/photos\/christing\/2121436934\/\" target=\"_blank\">christing-O-<\/a>\u00a0via <a href=\"http:\/\/photopin.com\">photopin<\/a> <a href=\"http:\/\/creativecommons.org\/licenses\/by-nc\/2.0\/\">cc<\/a>, <a href=\"https:\/\/commons.wikimedia.org\/wiki\/Accueil\" target=\"_blank\">Wikim\u00e9dia<\/a><\/p>\n<ol>\n<li>Imaginer et innover\u2026 ou subir le plagiat et le copier-coller\u00a0<a href=\"http:\/\/www.culture-numerique.fr\/?p=120\" target=\"_blank\">http:\/\/www.culture-numerique.fr\/?p=120<\/a><\/li>\n<li>Oui, bien s\u00fbr, les \u00e9l\u00e8ves vont v\u00e9rifier ce que disent leurs professeurs\u00a0!\u00a0<a href=\"http:\/\/www.culture-numerique.fr\/?p=2250\" target=\"_blank\">http:\/\/www.culture-numerique.fr\/?p=2250<\/a><\/li>\n<li>Qui se plaindra de la fin de l\u2019\u00e9criture cursive\u00a0? Pas moi\u2026 <a href=\"http:\/\/www.culture-numerique.fr\/?p=2284\" target=\"_blank\">http:\/\/www.culture-numerique.fr\/?p=2284<\/a><\/li>\n<li>Bacheliers, c\u2019\u00e9tait la derni\u00e8re fois que vous avez \u00e9crit \u00e0 la main\u00a0!\u00a0<a href=\"http:\/\/www.culture-numerique.fr\/?p=1153\" target=\"_blank\">http:\/\/www.culture-numerique.fr\/?p=1153<\/a><\/li>\n<li>Bien entendu, on peut sauter sur sa chaise comme un cabri en disant le code\u00a0! le code\u00a0! le code\u00a0!\u2026\u00a0<a href=\"http:\/\/www.culture-numerique.fr\/?p=634\" target=\"_blank\">http:\/\/www.culture-numerique.fr\/?p=634<\/a><\/li>\n<li>Alain Boissinot\u00a0: \u00ab\u00a0Il devient \u00e0 la fois possible et n\u00e9cessaire, gr\u00e2ce au num\u00e9rique, d\u2019enseigner autrement\u00a0\u00bb\u00a0<a href=\"http:\/\/www.culture-numerique.fr\/?p=190\" target=\"_blank\">http:\/\/www.culture-numerique.fr\/?p=190<\/a><\/li>\n<li>Pourquoi l\u2019\u00e9ducation doit soutenir la Quadrature du Net\u00a0<a href=\"http:\/\/www.culture-numerique.fr\/?p=2424\" target=\"_blank\">http:\/\/www.culture-numerique.fr\/?p=2424<\/a><\/li>\n<\/ol>\n<p>[cite]<\/p>\n","protected":false},"excerpt":{"rendered":"<p><a href=\"http:\/\/www.culture-numerique.fr\/wp-content\/uploads\/2014\/12\/large_3052919459.jpg\"><img loading=\"lazy\" decoding=\"async\" class=\"size-full wp-image-2470 aligncenter\" src=\"http:\/\/www.culture-numerique.fr\/wp-content\/uploads\/2014\/12\/large_3052919459.jpg\" alt=\"Colonnes\" width=\"1024\" height=\"768\" srcset=\"https:\/\/www.culture-numerique.fr\/wp-content\/uploads\/2014\/12\/large_3052919459.jpg 1024w, https:\/\/www.culture-numerique.fr\/wp-content\/uploads\/2014\/12\/large_3052919459-300x225.jpg 300w, https:\/\/www.culture-numerique.fr\/wp-content\/uploads\/2014\/12\/large_3052919459-100x75.jpg 100w, https:\/\/www.culture-numerique.fr\/wp-content\/uploads\/2014\/12\/large_3052919459-150x113.jpg 150w, https:\/\/www.culture-numerique.fr\/wp-content\/uploads\/2014\/12\/large_3052919459-200x150.jpg 200w, https:\/\/www.culture-numerique.fr\/wp-content\/uploads\/2014\/12\/large_3052919459-450x338.jpg 450w, https:\/\/www.culture-numerique.fr\/wp-content\/uploads\/2014\/12\/large_3052919459-600x450.jpg 600w, https:\/\/www.culture-numerique.fr\/wp-content\/uploads\/2014\/12\/large_3052919459-900x675.jpg 900w\" sizes=\"auto, (max-width: 1024px) 100vw, 1024px\" \/><\/a><\/p>\n<p><strong>L&rsquo;actualit\u00e9 de l&rsquo;\u00e9ducation<\/strong>\u00a0et du syst\u00e8me \u00e9ducatif est tr\u00e8s r\u00e9guli\u00e8rement agit\u00e9e voire secou\u00e9e par des questions qui enflamment les passions. C&rsquo;est d&rsquo;ailleurs une caract\u00e9ristique de ce domaine que tout le monde se sente concern\u00e9 et donne son avis \u2014 chacun\u00a0a fr\u00e9quent\u00e9 les bancs de l&rsquo;\u00e9cole ou a des enfants qui y sont encore\u00a0\u2014,<\/p>\n<p><span class=\"ellipsis\">&hellip;<\/span><\/p>\n<div class=\"read-more\"><a href=\"https:\/\/www.culture-numerique.fr\/?p=2417\">Lire la suite &#8250;<\/a><\/div>\n<p><!-- end of .read-more --><\/p>\n","protected":false},"author":1,"featured_media":2470,"comment_status":"open","ping_status":"open","sticky":false,"template":"","format":"standard","meta":{"jetpack_post_was_ever_published":false,"_jetpack_newsletter_access":"","_jetpack_dont_email_post_to_subs":true,"_jetpack_newsletter_tier_id":0,"_jetpack_memberships_contains_paywalled_content":false,"_jetpack_memberships_contains_paid_content":false,"footnotes":""},"categories":[9],"tags":[515,137,514,50,126,52,121,414,180,147,51,194,461,68,494,493,516,49,89,11,512,513,146,229,159,268],"class_list":["post-2417","post","type-post","status-publish","format-standard","has-post-thumbnail","hentry","category-billets-dhumeur","tag-actualite","tag-code","tag-collision","tag-copier-coller","tag-culture","tag-culture-numerique","tag-disciplines","tag-ecriture-manuscrite","tag-ecriture-numerique","tag-espaces","tag-evaluation","tag-examens","tag-litteratie-numerique","tag-missions-de-lecole","tag-missions-de-linspection","tag-missions-des-professeurs","tag-notation","tag-plagiat","tag-programmes","tag-raison","tag-secousses","tag-seismes","tag-temps-scolaires","tag-transdisciplinarite","tag-vie-scolaire","tag-wikipedia"],"jetpack_featured_media_url":"https:\/\/www.culture-numerique.fr\/wp-content\/uploads\/2014\/12\/large_3052919459.jpg","jetpack_sharing_enabled":true,"_links":{"self":[{"href":"https:\/\/www.culture-numerique.fr\/index.php?rest_route=\/wp\/v2\/posts\/2417","targetHints":{"allow":["GET"]}}],"collection":[{"href":"https:\/\/www.culture-numerique.fr\/index.php?rest_route=\/wp\/v2\/posts"}],"about":[{"href":"https:\/\/www.culture-numerique.fr\/index.php?rest_route=\/wp\/v2\/types\/post"}],"author":[{"embeddable":true,"href":"https:\/\/www.culture-numerique.fr\/index.php?rest_route=\/wp\/v2\/users\/1"}],"replies":[{"embeddable":true,"href":"https:\/\/www.culture-numerique.fr\/index.php?rest_route=%2Fwp%2Fv2%2Fcomments&post=2417"}],"version-history":[{"count":30,"href":"https:\/\/www.culture-numerique.fr\/index.php?rest_route=\/wp\/v2\/posts\/2417\/revisions"}],"predecessor-version":[{"id":5646,"href":"https:\/\/www.culture-numerique.fr\/index.php?rest_route=\/wp\/v2\/posts\/2417\/revisions\/5646"}],"wp:featuredmedia":[{"embeddable":true,"href":"https:\/\/www.culture-numerique.fr\/index.php?rest_route=\/wp\/v2\/media\/2470"}],"wp:attachment":[{"href":"https:\/\/www.culture-numerique.fr\/index.php?rest_route=%2Fwp%2Fv2%2Fmedia&parent=2417"}],"wp:term":[{"taxonomy":"category","embeddable":true,"href":"https:\/\/www.culture-numerique.fr\/index.php?rest_route=%2Fwp%2Fv2%2Fcategories&post=2417"},{"taxonomy":"post_tag","embeddable":true,"href":"https:\/\/www.culture-numerique.fr\/index.php?rest_route=%2Fwp%2Fv2%2Ftags&post=2417"}],"curies":[{"name":"wp","href":"https:\/\/api.w.org\/{rel}","templated":true}]}}