{"id":2333,"date":"2014-12-08T17:43:13","date_gmt":"2014-12-08T16:43:13","guid":{"rendered":"http:\/\/www.culture-numerique.fr\/?p=2333"},"modified":"2015-09-18T02:25:32","modified_gmt":"2015-09-18T00:25:32","slug":"leparpillement-facon-puzzle-des-temps-scolaires","status":"publish","type":"post","link":"https:\/\/www.culture-numerique.fr\/?p=2333","title":{"rendered":"L&rsquo;\u00e9parpillement fa\u00e7on puzzle des temps scolaires"},"content":{"rendered":"<p><a href=\"http:\/\/www.culture-numerique.fr\/wp-content\/uploads\/2014\/12\/large_5427005964.jpg\"><img loading=\"lazy\" decoding=\"async\" class=\"size-full wp-image-2339 aligncenter\" src=\"http:\/\/www.culture-numerique.fr\/wp-content\/uploads\/2014\/12\/large_5427005964.jpg\" alt=\"Puzzlz\" width=\"1024\" height=\"533\" srcset=\"https:\/\/www.culture-numerique.fr\/wp-content\/uploads\/2014\/12\/large_5427005964.jpg 1024w, https:\/\/www.culture-numerique.fr\/wp-content\/uploads\/2014\/12\/large_5427005964-300x156.jpg 300w, https:\/\/www.culture-numerique.fr\/wp-content\/uploads\/2014\/12\/large_5427005964-100x52.jpg 100w, https:\/\/www.culture-numerique.fr\/wp-content\/uploads\/2014\/12\/large_5427005964-150x78.jpg 150w, https:\/\/www.culture-numerique.fr\/wp-content\/uploads\/2014\/12\/large_5427005964-200x104.jpg 200w, https:\/\/www.culture-numerique.fr\/wp-content\/uploads\/2014\/12\/large_5427005964-450x234.jpg 450w, https:\/\/www.culture-numerique.fr\/wp-content\/uploads\/2014\/12\/large_5427005964-600x312.jpg 600w, https:\/\/www.culture-numerique.fr\/wp-content\/uploads\/2014\/12\/large_5427005964-900x468.jpg 900w\" sizes=\"auto, (max-width: 1024px) 100vw, 1024px\" \/><\/a><\/p>\n<p><strong>Cette question g\u00e9n\u00e9rale des temps scolaires<\/strong> \u2014\u00a0et non des rythmes qui ont fait les titres de l&rsquo;actualit\u00e9 depuis de longs mois et qui risquent d&rsquo;\u00eatre bien vite d\u00e9pass\u00e9s\u00a0\u2014 est au c\u0153ur du questionnement concernant la mise en \u0153uvre de l&rsquo;\u00e9cole num\u00e9rique. \u00c0 coup s\u00fbr, les modifications profondes qu&rsquo;ils vont subir seront \u00e0 la hauteur des bouleversements attendus concernant les espaces d&rsquo;enseignement et les missions des professeurs. Ces questions sont indissociables les unes des autres et aucune n&rsquo;est sans doute pr\u00e9alable aux autres.<\/p>\n<p><a href=\"http:\/\/www.culture-numerique.fr\/wp-content\/uploads\/2014\/12\/boussoles.jpg\"><img loading=\"lazy\" decoding=\"async\" class=\"alignright size-full wp-image-2341\" src=\"http:\/\/www.culture-numerique.fr\/wp-content\/uploads\/2014\/12\/boussoles.jpg\" alt=\"Boussoles\" width=\"250\" height=\"353\" srcset=\"https:\/\/www.culture-numerique.fr\/wp-content\/uploads\/2014\/12\/boussoles.jpg 250w, https:\/\/www.culture-numerique.fr\/wp-content\/uploads\/2014\/12\/boussoles-212x300.jpg 212w, https:\/\/www.culture-numerique.fr\/wp-content\/uploads\/2014\/12\/boussoles-100x141.jpg 100w, https:\/\/www.culture-numerique.fr\/wp-content\/uploads\/2014\/12\/boussoles-150x211.jpg 150w, https:\/\/www.culture-numerique.fr\/wp-content\/uploads\/2014\/12\/boussoles-200x282.jpg 200w\" sizes=\"auto, (max-width: 250px) 100vw, 250px\" \/><\/a>La question de l&rsquo;\u00e9volution des temps scolaires est pos\u00e9e de mani\u00e8re sp\u00e9cifique mais parmi d&rsquo;autres aux participants d&rsquo;une table ronde \u00e0 laquelle j&rsquo;ai le plaisir d&rsquo;avoir \u00e9t\u00e9 convi\u00e9\u00a0: \u00ab\u00a0<strong><em>Comment la plong\u00e9e dans un monde de flux num\u00e9rique peut-elle modifier les m\u00e9tiers et les espaces d\u2019apprentissage\u00a0?<\/em>\u00a0<\/strong>\u00bb. Cette table ronde cl\u00f4turera la premi\u00e8re journ\u00e9e de la nouvelle \u00e9dition des <a href=\"http:\/\/www.acteurs-ecoles.fr\/les-boussoles-du-numerique\/programme-les-navigations-10-et-11-d%C3%A9cembre-2014\/\" target=\"_blank\"><strong>Boussoles du num\u00e9rique<\/strong><\/a> organis\u00e9e par l&rsquo;An@e mercredi 10 et jeudi 11 d\u00e9cembre \u00e0 Cenon, pr\u00e8s de Bordeaux.<\/p>\n<p>La question des <strong>flux<\/strong> m\u00e9riterait un d\u00e9bat \u00e0 soi toute seule, en ce qu&rsquo;ils contribuent n\u00e9cessairement, en mobilisant l&rsquo;intelligence collective n\u00e9e des \u00e9changes et des collaborations en ligne, \u00e0 l&rsquo;enrichissement permanent des contenus d&rsquo;enseignement. De m\u00eame, les questions de <strong>la red\u00e9finition des services et des missions des enseignants<\/strong> et de<strong> la modification de l&rsquo;architecture et des espaces d&rsquo;enseignement<\/strong>, pour n&rsquo;\u00e9voquer que ceux d&rsquo;entre eux qui sont internes \u00e0 l&rsquo;\u00e9cole, sont au c\u0153ur de la r\u00e9volution num\u00e9rique. Toutes ces questions \u00e9taient abord\u00e9es, bien s\u00fbr, dans un de mes derniers billets, l\u00e0 o\u00f9 je proposais moi aussi un plan pour construire l&rsquo;\u00e9cole num\u00e9rique (1).<\/p>\n<p>Mais attardons-nous un instant sur les temps scolaires\u2026<\/p>\n<h4><strong>L&#8217;emploi du temps des \u00e9l\u00e8ves dans les murs<\/strong><\/h4>\n<p><a href=\"http:\/\/www.culture-numerique.fr\/wp-content\/uploads\/2014\/12\/2014-12-08_173757.jpg\"><img loading=\"lazy\" decoding=\"async\" class=\"aligncenter size-full wp-image-2355\" src=\"http:\/\/www.culture-numerique.fr\/wp-content\/uploads\/2014\/12\/2014-12-08_173757.jpg\" alt=\"Emploi du temps\" width=\"989\" height=\"646\" srcset=\"https:\/\/www.culture-numerique.fr\/wp-content\/uploads\/2014\/12\/2014-12-08_173757.jpg 989w, https:\/\/www.culture-numerique.fr\/wp-content\/uploads\/2014\/12\/2014-12-08_173757-300x195.jpg 300w, https:\/\/www.culture-numerique.fr\/wp-content\/uploads\/2014\/12\/2014-12-08_173757-100x65.jpg 100w, https:\/\/www.culture-numerique.fr\/wp-content\/uploads\/2014\/12\/2014-12-08_173757-150x97.jpg 150w, https:\/\/www.culture-numerique.fr\/wp-content\/uploads\/2014\/12\/2014-12-08_173757-200x130.jpg 200w, https:\/\/www.culture-numerique.fr\/wp-content\/uploads\/2014\/12\/2014-12-08_173757-450x293.jpg 450w, https:\/\/www.culture-numerique.fr\/wp-content\/uploads\/2014\/12\/2014-12-08_173757-600x391.jpg 600w, https:\/\/www.culture-numerique.fr\/wp-content\/uploads\/2014\/12\/2014-12-08_173757-900x587.jpg 900w\" sizes=\"auto, (max-width: 989px) 100vw, 989px\" \/><\/a><\/p>\n<p>Soyez-en certains\u00a0: dans quelques ann\u00e9es, <strong>vous ne verrez plus cela<\/strong>, une suite lancinante de cours format\u00e9s de 55 minutes\u2026 pour un groupe uniforme d&rsquo;\u00e9l\u00e8ves, pour toute l&rsquo;ann\u00e9e. Ces cours sont aujourd&rsquo;hui naturellement entrecoup\u00e9s de quelques courtes pauses dont le repas de midi, voire de \u00ab\u00a0trous\u00a0\u00bb comme on dit, et suivis des traditionnels devoirs \u00e0 la maison. C&rsquo;est vrai, le sch\u00e9ma standard ci-dessus concerne plus les coll\u00e9giens ou les lyc\u00e9ens mais, m\u00eame si les s\u00e9quences de cours au premier degr\u00e9 sont souvent plus courtes, les emplois du temps sont tout aussi rigides et format\u00e9s. Quant aux devoirs \u00e0 la maison, m\u00eame s&rsquo;ils sont en principe interdits, on sait bien qu&rsquo;ils sont la r\u00e8gle \u00e0 ce niveau-l\u00e0.<\/p>\n<p>Tout cela va\u00a0dispara\u00eetre. Naturellement. Sous l&rsquo;effet conjugu\u00e9 des croisements interdisciplinaires ou transdisciplinaires, de la g\u00e9n\u00e9ralisation <strong>des formes diverses d&rsquo;accompagnement personnalis\u00e9<\/strong> pour des groupes changeants, de la renaissance probable des dispositifs mettant en \u0153uvre des d\u00e9marches de projets collectifs pouvant ressembler aux <a href=\"http:\/\/www.education.gouv.fr\/botexte\/bo020829\/MENE0201759C.htm\" target=\"_blank\">itin\u00e9raires de d\u00e9couverte<\/a>, aux <a href=\"http:\/\/eduscol.education.fr\/cid47789\/tpe.html\" target=\"_blank\">travaux personnels encadr\u00e9s<\/a>, aux <a href=\"http:\/\/www.education.gouv.fr\/cid52692\/les-enseignements-nouvelle-seconde.html\" target=\"_blank\">enseignements d&rsquo;exploration<\/a> ou aux <a href=\"http:\/\/eduscol.education.fr\/pid23187\/projet-pluridisciplinaire-a-caractere-professionnel.html\" target=\"_blank\">projets pluridisciplinaires \u00e0 caract\u00e8re professionnel<\/a> des lyc\u00e9es professionnels\u2026<\/p>\n<p>Au premier degr\u00e9, le professeur des \u00e9cole sera encore sans doute pour un bon moment seul en charge de ces nouvelles formes d&rsquo;enseigner. Sans doute lui faudra-t-il davantage \u00e9changer avec ses coll\u00e8gues en charge d&rsquo;autres \u00e9l\u00e8ves pour des regroupements diff\u00e9rents plus ad\u00e9quats \u00e0 <strong>la rem\u00e9diation des difficult\u00e9s scolaires<\/strong>\u2026 M\u00eame si, en cons\u00e9quence, les jeunes \u00e9l\u00e8ves auront de fait plusieurs ma\u00eetres, il restera <strong>un\u00a0ma\u00eetre r\u00e9f\u00e9rent<\/strong>, dont la stature pr\u00e9sentielle\u00a0permanente est importante pour ces jeunes \u00e9l\u00e8ves.<\/p>\n<p>Au second degr\u00e9, sans doute, s&rsquo;ils ne changent pas, les professeurs\u00a0\u2014\u00a0je me refuse \u00e0 les savoir agr\u00e9g\u00e9s ou certifi\u00e9s, tant la persistance de cet archa\u00efsme dual n&rsquo;a plus le moindre sens commun\u00a0\u2014 devront-ils \u00eatre second\u00e9s par des enseignants en capacit\u00e9 d&rsquo;<strong>encadrer ces nouveaux enseignements<\/strong> dont la forme, la fr\u00e9quence et le nombre sera d\u00e9cid\u00e9 en \u00e9quipe.<\/p>\n<p>Sans doute enfin, pour ne parler que de l&#8217;emploi du temps des \u00e9l\u00e8ves, faudra-t-il pr\u00e9voir des interventions de professeurs documentalistes et de personnels d&rsquo;\u00e9ducation et d&rsquo;orientation.<\/p>\n<h4><strong>L&rsquo;enseignement au-del\u00e0 des murs de l&rsquo;\u00e9cole<\/strong><\/h4>\n<p>Les moments d&rsquo;enseignement ou d&rsquo;apprentissage hors les murs de l&rsquo;\u00e9cole vont se multiplier.<\/p>\n<p>Avec les espaces de travail collaboratif en ligne, qui\u00a0seront n\u00e9cessairement plus ouverts et plus productifs qu&rsquo;ils ne le sont aujourd&rsquo;hui \u2014\u00a0ressembleront-ils peu ou prou aux MOOC actuels\u00a0?\u00a0\u2014, les moments d&rsquo;acc\u00e8s aux consignes donn\u00e9es ou aux documents d\u00e9pos\u00e9s pour faire son travail vont se multiplier, sur les smartphones dans les transports ou \u00e0 la maison, sur les terminaux personnels familiaux.<\/p>\n<p>La multiplication et la mise \u00e0 disposition, via les espaces pr\u00e9cit\u00e9s, de <strong>plateformes de formation ou d\u2019\u00e9ducation en ligne<\/strong>, contenant d&rsquo;une part des ressources multiples, modifiables, granulaires et int\u00e9grables sur des espaces de production et de publication, d&rsquo;autre part des parcours personnalis\u00e9s et didactis\u00e9s, vont contraindre \u00e0 l&rsquo;accompagnement tutor\u00e9 des \u00e9l\u00e8ves qui devront s&rsquo;en emparer.<\/p>\n<p>Parmi les ressources pr\u00e9sentes en ligne, chaque \u00e9l\u00e8ve, \u00e0 chaque niveau, devra pouvoir acc\u00e9der \u00e0 diff\u00e9rents m\u00e9dias\u00a0pour relire tel ou tel point d&rsquo;une information ou d&rsquo;un cours, tel son, telle image fixe ou anim\u00e9e\u2026<\/p>\n<p>Un \u00e9l\u00e8ve devra pouvoir trouver, au moment o\u00f9 il le souhaite, o\u00f9 qu&rsquo;il se trouve, une ou des r\u00e9ponses \u00e0 ses questions, celles de ses camarades disponibles comme celle d<strong>&lsquo;un enseignant sp\u00e9cialiste volontaire et form\u00e9 pour ce faire<\/strong>. De m\u00eame, il pourra acc\u00e9der, selon des conventions \u00e0 n\u00e9gocier, \u00e0 des groupes de travail collaboratif, encadr\u00e9s ou pas, pour <strong>produire et publier<\/strong>.<\/p>\n<p>En aucun cas, ces dispositifs\u00a0d&rsquo;apprentissage en ligne ne pourront \u00eatre des facteurs d&rsquo;aggravation des in\u00e9galit\u00e9s. Au contraire, tout sera mis en \u0153uvre pour les r\u00e9duire.<\/p>\n<h4><strong>L&rsquo;\u00e9parpillement et la refondation<\/strong><\/h4>\n<p>On le per\u00e7oit bien, l&rsquo;avenir de l&rsquo;\u00e9cole, celle d&rsquo;une \u00e9cole ouverte en accord avec les pratiques soci\u00e9tales et professionnelles, passe par sa prise de conscience de ses possibilit\u00e9s d&rsquo;\u00e9volution et de ses capacit\u00e9s collectives \u00e0 les r\u00e9aliser. Il va de soi que, pour ma part, je soutiendrai toujours une \u00e9cole publique et responsable, capable, par la qualit\u00e9 de son offre de formation, de s&rsquo;opposer \u00e0 la marchandisation qui s&rsquo;annonce.<\/p>\n<p>Mais, vous l&rsquo;avez compris, pour ce faire, l&rsquo;\u00e9cole doit prendre en compte l&rsquo;<strong>\u00e9parpillement des temps d&rsquo;enseignement et d&rsquo;apprentissage<\/strong>, dans et hors l&rsquo;\u00e9cole, dans et hors les emplois du temps pr\u00e9vus. Pour cela, elle devra faire preuve d&rsquo;une tr\u00e8s grande souplesse dans la d\u00e9finition des temps dans les murs, compte tenu de la n\u00e9cessit\u00e9 de l&rsquo;accueil, notamment pour les \u00e9l\u00e8ves les plus jeunes. De m\u00eame, il lui faudra tenir compte des circonstances des difficult\u00e9s qui se r\u00e9v\u00e8lent, au fur et \u00e0 mesure des apprentissages, pour proposer un accompagnement pr\u00e9sentiel riche et adapt\u00e9.<\/p>\n<p>De m\u00eame, c&rsquo;est l\u00e0 un d\u00e9fi formidable, les missions et services des professeurs devront \u00e9voluer de mani\u00e8re radicale, parall\u00e8lement \u00e0 l&rsquo;\u00e9volution des examens ou des concours pour les recruter. La diversification et la d\u00e9finition de ces missions fera sans doute l&rsquo;objet d&rsquo;un prochain billet tant le sujet est riche de promesses et de valorisation de l&rsquo;\u00e9cole r\u00e9publicaine. \u00c0 condition de jouer le jeu\u2026<\/p>\n<p>Le puzzle reste donc \u00e0 construire.<\/p>\n<p>Enfin, ceux qui imaginent qu&rsquo;une telle \u00e9cole num\u00e9rique permettrait de faire baisser les effectifs des personnels enseignants et, ainsi, de faire des \u00e9conomies, se mettent le doigt dans l&rsquo;\u0153il \u2014\u00a0une d\u00e9marche digitale, en quelque sorte. <strong>Il convient de le dire et de le redire<\/strong>.<\/p>\n<p>Une discussion toute r\u00e9cente sur un r\u00e9seau social\u00a0\u2014\u00a0coucou Aur\u00e9lie\u00a0\u2014 m&rsquo;alerte \u00e0 juste titre sur le d\u00e9sappointement g\u00e9n\u00e9ral de beaucoup de professeurs confront\u00e9s \u00e0 des groupes classes tr\u00e8s h\u00e9t\u00e9rog\u00e8nes et surcharg\u00e9s. Dans ces conditions, je cite\u00a0:<\/p>\n<blockquote><p>\u00ab\u00a0De nombreux profs enthousiastes et formidables [&#8230;]\u00a0ont de moins en moins le temps de s&rsquo;interroger sur leur pratique, au vu des conditions \u201cbassement\u201d mat\u00e9rielles. Alors que la plupart a envie de varier ses pratiques, ses supports, ses modalit\u00e9s de cours.\u00a0\u00bb<\/p><\/blockquote>\n<p>De tout cela, il sera question \u00e0 Cenon. <strong>D\u00e9battons-en<\/strong>.<\/p>\n<p>Michel Guillou\u00a0<a href=\"https:\/\/twitter.com\/michelguillou\" target=\"_blank\">@michelguillou<\/a><\/p>\n<p><a href=\"http:\/\/creativecommons.org\/licenses\/by-nc-sa\/4.0\/\"><img loading=\"lazy\" decoding=\"async\" class=\"alignleft wp-image-1448 size-full\" src=\"http:\/\/www.culture-numerique.fr\/wp-content\/uploads\/2014\/09\/80x15.png\" alt=\"80x15\" width=\"80\" height=\"15\" \/><\/a><\/p>\n<p>&nbsp;<\/p>\n<p>Cr\u00e9dit photo\u00a0: <a href=\"https:\/\/www.flickr.com\/photos\/ejpphoto\/5427005964\/\">EJP Photo<\/a> via <a href=\"http:\/\/photopin.com\">photopin<\/a> <a href=\"http:\/\/creativecommons.org\/licenses\/by-nc-sa\/2.0\/\">cc<\/a><\/p>\n<p>1.\u00a0Mon plan pour l\u2019\u00e9cole num\u00e9rique connect\u00e9e, saison 1 en 11 \u00e9pisodes\u00a0<a href=\"http:\/\/www.culture-numerique.fr\/?p=2205\" target=\"_blank\">http:\/\/www.culture-numerique.fr\/?p=2205<\/a><\/p>\n<p>&nbsp;<\/p>\n","protected":false},"excerpt":{"rendered":"<p><a href=\"http:\/\/www.culture-numerique.fr\/wp-content\/uploads\/2014\/12\/large_5427005964.jpg\"><img loading=\"lazy\" decoding=\"async\" class=\"size-full wp-image-2339 aligncenter\" src=\"http:\/\/www.culture-numerique.fr\/wp-content\/uploads\/2014\/12\/large_5427005964.jpg\" alt=\"Puzzlz\" width=\"1024\" height=\"533\" srcset=\"https:\/\/www.culture-numerique.fr\/wp-content\/uploads\/2014\/12\/large_5427005964.jpg 1024w, https:\/\/www.culture-numerique.fr\/wp-content\/uploads\/2014\/12\/large_5427005964-300x156.jpg 300w, https:\/\/www.culture-numerique.fr\/wp-content\/uploads\/2014\/12\/large_5427005964-100x52.jpg 100w, https:\/\/www.culture-numerique.fr\/wp-content\/uploads\/2014\/12\/large_5427005964-150x78.jpg 150w, https:\/\/www.culture-numerique.fr\/wp-content\/uploads\/2014\/12\/large_5427005964-200x104.jpg 200w, https:\/\/www.culture-numerique.fr\/wp-content\/uploads\/2014\/12\/large_5427005964-450x234.jpg 450w, https:\/\/www.culture-numerique.fr\/wp-content\/uploads\/2014\/12\/large_5427005964-600x312.jpg 600w, https:\/\/www.culture-numerique.fr\/wp-content\/uploads\/2014\/12\/large_5427005964-900x468.jpg 900w\" sizes=\"auto, (max-width: 1024px) 100vw, 1024px\" \/><\/a><\/p>\n<p><strong>Cette question g\u00e9n\u00e9rale des temps scolaires<\/strong> \u2014\u00a0et non des rythmes qui ont fait les titres de l&rsquo;actualit\u00e9 depuis de longs mois et qui risquent d&rsquo;\u00eatre bien vite d\u00e9pass\u00e9s\u00a0\u2014 est au c\u0153ur du questionnement concernant la mise en \u0153uvre de l&rsquo;\u00e9cole num\u00e9rique.<\/p>\n<p><span class=\"ellipsis\">&hellip;<\/span><\/p>\n<div class=\"read-more\"><a href=\"https:\/\/www.culture-numerique.fr\/?p=2333\">Lire la suite &#8250;<\/a><\/div>\n<p><!-- end of .read-more --><\/p>\n","protected":false},"author":1,"featured_media":2339,"comment_status":"open","ping_status":"open","sticky":false,"template":"","format":"standard","meta":{"jetpack_post_was_ever_published":false,"_jetpack_newsletter_access":"","_jetpack_dont_email_post_to_subs":false,"_jetpack_newsletter_tier_id":0,"_jetpack_memberships_contains_paywalled_content":false,"_jetpack_memberships_contains_paid_content":false,"footnotes":""},"categories":[9],"tags":[110,109,66,501,147,234,219,485,493,63,206,146],"class_list":["post-2333","post","type-post","status-publish","format-standard","has-post-thumbnail","hentry","category-billets-dhumeur","tag-ane","tag-boussoles","tag-ecole-numerique","tag-education-en-ligne","tag-espaces","tag-espaces-collaboratifs","tag-flux","tag-formation-en-ligne","tag-missions-des-professeurs","tag-mooc","tag-services-des-enseignants","tag-temps-scolaires"],"jetpack_featured_media_url":"https:\/\/www.culture-numerique.fr\/wp-content\/uploads\/2014\/12\/large_5427005964.jpg","jetpack_sharing_enabled":true,"_links":{"self":[{"href":"https:\/\/www.culture-numerique.fr\/index.php?rest_route=\/wp\/v2\/posts\/2333","targetHints":{"allow":["GET"]}}],"collection":[{"href":"https:\/\/www.culture-numerique.fr\/index.php?rest_route=\/wp\/v2\/posts"}],"about":[{"href":"https:\/\/www.culture-numerique.fr\/index.php?rest_route=\/wp\/v2\/types\/post"}],"author":[{"embeddable":true,"href":"https:\/\/www.culture-numerique.fr\/index.php?rest_route=\/wp\/v2\/users\/1"}],"replies":[{"embeddable":true,"href":"https:\/\/www.culture-numerique.fr\/index.php?rest_route=%2Fwp%2Fv2%2Fcomments&post=2333"}],"version-history":[{"count":21,"href":"https:\/\/www.culture-numerique.fr\/index.php?rest_route=\/wp\/v2\/posts\/2333\/revisions"}],"predecessor-version":[{"id":3963,"href":"https:\/\/www.culture-numerique.fr\/index.php?rest_route=\/wp\/v2\/posts\/2333\/revisions\/3963"}],"wp:featuredmedia":[{"embeddable":true,"href":"https:\/\/www.culture-numerique.fr\/index.php?rest_route=\/wp\/v2\/media\/2339"}],"wp:attachment":[{"href":"https:\/\/www.culture-numerique.fr\/index.php?rest_route=%2Fwp%2Fv2%2Fmedia&parent=2333"}],"wp:term":[{"taxonomy":"category","embeddable":true,"href":"https:\/\/www.culture-numerique.fr\/index.php?rest_route=%2Fwp%2Fv2%2Fcategories&post=2333"},{"taxonomy":"post_tag","embeddable":true,"href":"https:\/\/www.culture-numerique.fr\/index.php?rest_route=%2Fwp%2Fv2%2Ftags&post=2333"}],"curies":[{"name":"wp","href":"https:\/\/api.w.org\/{rel}","templated":true}]}}