{"id":228,"date":"2013-09-24T18:03:29","date_gmt":"2013-09-24T16:03:29","guid":{"rendered":"http:\/\/www.culture-numerique.fr\/?p=228"},"modified":"2014-09-11T11:49:16","modified_gmt":"2014-09-11T09:49:16","slug":"le-droit-a-loubli-un-non-sens-educatif","status":"publish","type":"post","link":"https:\/\/www.culture-numerique.fr\/?p=228","title":{"rendered":"Le droit \u00e0 l\u2019oubli, un non-sens \u00e9ducatif !"},"content":{"rendered":"<p style=\"text-align: center;\"><a href=\"http:\/\/www.culture-numerique.fr\/wp-content\/uploads\/2014\/04\/medium_3512807503.jpg\"><img loading=\"lazy\" decoding=\"async\" class=\"wp-image-229 size-medium alignleft\" src=\"http:\/\/www.culture-numerique.fr\/wp-content\/uploads\/2014\/04\/medium_3512807503-300x199.jpg\" alt=\"Crayons\" width=\"300\" height=\"199\" srcset=\"https:\/\/www.culture-numerique.fr\/wp-content\/uploads\/2014\/04\/medium_3512807503-300x199.jpg 300w, https:\/\/www.culture-numerique.fr\/wp-content\/uploads\/2014\/04\/medium_3512807503-100x66.jpg 100w, https:\/\/www.culture-numerique.fr\/wp-content\/uploads\/2014\/04\/medium_3512807503-150x99.jpg 150w, https:\/\/www.culture-numerique.fr\/wp-content\/uploads\/2014\/04\/medium_3512807503-200x133.jpg 200w, https:\/\/www.culture-numerique.fr\/wp-content\/uploads\/2014\/04\/medium_3512807503-450x299.jpg 450w, https:\/\/www.culture-numerique.fr\/wp-content\/uploads\/2014\/04\/medium_3512807503.jpg 500w\" sizes=\"auto, (max-width: 300px) 100vw, 300px\" \/><\/a><\/p>\n<p><strong>Depuis un bon moment d\u00e9j\u00e0<\/strong>, notre vieille et in\u00e9branlable institution qu\u2019est la\u00a0<a href=\"http:\/\/www.cnil.fr\/\" target=\"_blank\">CNIL<\/a>, Commission nationale de l\u2019informatique et des libert\u00e9s, sous la pression de ses cons\u0153urs europ\u00e9ennes, nous pr\u00e9pare une d\u00e9clinaison locale d\u2019un\u00a0<strong>droit \u00e0 l\u2019oubli<\/strong>, par ailleurs pris en compte dans un projet de r\u00e9vision d\u2019une directive europ\u00e9enne sur la protection des donn\u00e9es personnelles.<\/p>\n<p>De quoi s\u2019agit-il\u00a0?<\/p>\n<p><strong>C\u2019est le\u00a0<a href=\"http:\/\/www.cnil.fr\/linstitution\/actualite\/article\/article\/construire-ensemble-un-droit-a-loubli-numerique\/\" target=\"_blank\">chantier majeur<\/a>\u00a0de la CNIL.\u00a0<\/strong><\/p>\n<blockquote><p>\u00ab\u00a0<em>Le projet de r\u00e8glement europ\u00e9en devrait consacrer le principe d\u2019un \u201cdroit \u00e0 l\u2019oubli\u201d num\u00e9rique nous permettant de mieux ma\u00eetriser notre vie en ligne.<\/em>\u00a0\u00bb<\/p><\/blockquote>\n<p>Cela dit et r\u00e9affirm\u00e9, la CNIL sent bien qu\u2019un tel dispositif pourrait \u00eatre attentatoire \u00e0 d\u2019autres droits, autrement fondamentaux\u2026<\/p>\n<blockquote><p>\u00ab\u00a0<em>Ce nouveau droit devra s\u2019exercer dans le respect de la libert\u00e9 d\u2019expression, du droit de la presse et du devoir de m\u00e9moire.<\/em>\u00a0\u00bb<\/p><\/blockquote>\n<p>Proposer \u00e0 un citoyen de disposer d\u2019un nouveau droit, c\u2019est en g\u00e9n\u00e9ral la certitude de recueillir son adh\u00e9sion \u00e0 ce projet. Et c\u2019est le cas concernant ce droit \u00e0 l\u2019oubli num\u00e9rique qui semble faire autour de lui un assez large consensus. Pourtant, un certain nombre de voix se sont \u00e9lev\u00e9es, il y a peu, pour en relever les travers et cons\u00e9quences dommageables \u00e9ventuelles, s\u2019il \u00e9tait mis en \u0153uvre.<\/p>\n<p><em><a href=\"http:\/\/www.numerama.com\/\" target=\"_blank\">Numerama<\/a><\/em>, tout r\u00e9cemment,\u00a0<a href=\"http:\/\/www.numerama.com\/magazine\/27036-droit-a-l-oubli-ou-censure-la-cnil-pourrait-verrouiller-la-presse-en-ligne.html\" target=\"_blank\">rapporte des inqui\u00e9tudes<\/a>\u00a0grandissantes quant \u00e0 des atteintes possibles au droit de la presse, anticipant des censures\u00a0:<\/p>\n<blockquote><p>\u00ab\u00a0<em>Il s\u2019agit l\u00e0 de propositions dangereuses qui, si elles \u00e9taient concr\u00e9tis\u00e9es, satisferont sans doute beaucoup de personnalit\u00e9s trop heureuses de pouvoir faire table rase de leur pass\u00e9 \u2014 et qui saurait le leur reprocher\u00a0? \u2014, mais qui porteront aussi atteinte au \u201cdroit de m\u00e9moire\u201d, aussi important que le \u201cdroit \u00e0 l\u2019oubli\u201d.<\/em>\u00a0\u00bb<\/p><\/blockquote>\n<p><em><a href=\"http:\/\/www.pcinpact.com\/\" target=\"_blank\">PCInpact<\/a>\u00a0<\/em><a href=\"http:\/\/www.pcinpact.com\/news\/82416-marier-droit-a-oubli-et-liberte-presse-explications-cnil.htm\" target=\"_blank\">alerte<\/a>\u00a0sur d\u2019autres atteintes au droit d\u2019expression et \u00e0 la libert\u00e9 d\u2019opinion, prenant un exemple simple \u00a0:<\/p>\n<blockquote><p>\u00ab<em>\u00a0Un individu qui tenterait vainement de faire supprimer un article jug\u00e9 diffamatoire \u00e0 son encontre \u2014 alors qu\u2019il ne l\u2019est pas \u2014 pourrait se rattraper \u00e0 la branche du droit \u00e0 l\u2019oubli pour exiger l\u2019effacement de ses traces.<\/em>\u00a0\u00bb<\/p><\/blockquote>\n<p><em><a href=\"http:\/\/www.rue89.com\/\" target=\"_blank\">Rue89<\/a><\/em>, pour sa part,\u00a0<a href=\"http:\/\/www.rue89.com\/rue89-culture\/2013\/04\/11\/droit-a-loubli-internet-peur-archivistes-genealogistes-241208\" target=\"_blank\">se fait l\u2019\u00e9cho<\/a>\u00a0des inqui\u00e9tudes l\u00e9gitimes des g\u00e9n\u00e9alogistes qui se nourrissent des archives.<\/p>\n<p>D\u2019autres alertes viennent des sociologues, des psychologues et des psychanalistes qui y voient des dangers plus graves encore. Ainsi,\u00a0<a href=\"http:\/\/fr.wikipedia.org\/wiki\/Serge_Tisseron\" target=\"_blank\">Serge Tisseron<\/a>\u00a0<a href=\"http:\/\/www.liberation.fr\/societe\/2012\/12\/04\/le-droit-a-l-oubli-sur-internet-une-idee-dangereuse_865105\" target=\"_blank\">pr\u00e9vient<\/a>\u00a0dans\u00a0<a href=\"http:\/\/www.liberation.fr\/\" target=\"_blank\"><em>Lib\u00e9ration<\/em><\/a>\u00a0de la dangerosit\u00e9 de l\u2019id\u00e9e m\u00eame du droit \u00e0 l\u2019oubli\u00a0:<\/p>\n<blockquote><p>\u00ab\u00a0<em>Le droit \u00e0 l\u2019oubli pourrait alors rapidement encourager l\u2019oubli du droit, et notamment du droit \u00e0 l\u2019image\u00a0: tout pourrait \u00eatre tent\u00e9 parce que tout pourrait \u00eatre effac\u00e9.<\/em>\u00a0\u00bb<\/p><\/blockquote>\n<blockquote><p>\u00ab\u00a0<em>L\u2019id\u00e9e de contr\u00f4ler en toutes circonstances sa propre image est incompatible avec la culture des \u00e9crans. Et la possibilit\u00e9 d\u2019effacer ce qu\u2019on juge ind\u00e9sirable pourrait vite s\u2019av\u00e9rer cr\u00e9er plus de probl\u00e8mes que ceux qu\u2019on pr\u00e9tend r\u00e9soudre<\/em>.\u00a0\u00bb<\/p><\/blockquote>\n<blockquote><p>\u00a0\u00ab\u00a0<strong>Je fais, j\u2019efface, quelle illusion\u00a0!\u00a0<\/strong>\u00bb<\/p><\/blockquote>\n<p><a href=\"https:\/\/twitter.com\/yannleroux\" target=\"_blank\">Yann Leroux<\/a>, sur\u00a0<a href=\"http:\/\/psychologik.blogspot.fr\/2012\/12\/le-droit-loubli-une-fbi.html\" target=\"_blank\">son blogue<\/a>\u00a0et dans\u00a0<a href=\"http:\/\/antoine-dupin.com\/leblog\/2009\/10\/21\/e-reputation-interview-de-yann-leroux-psychanalyste\/\" target=\"_blank\">une interview<\/a>\u00a0qu\u2019il donne, utilise d\u2019autres arguments, plaidant pour la fausse bonne id\u00e9e\u00a0:<\/p>\n<blockquote><p>\u00ab\u00a0<em>Effacer les traces laiss\u00e9es en ligne, c\u2019est faire comme si l\u2019effacement et l\u2019oubli \u00e9taient deux choses identiques. Or, il s\u2019agit l\u00e0 de deux op\u00e9rations tr\u00e8s diff\u00e9rentes.<\/em>\u00a0\u00bb<\/p><\/blockquote>\n<blockquote><p>\u00ab\u00a0<em>D\u00e9chirer une photographie ne supprime pas le souvenir qui lui est li\u00e9.<\/em>\u00a0\u00bb<\/p><\/blockquote>\n<blockquote><p>\u00ab\u00a0<em>Ce droit \u00e0 l\u2019oubli concerne l\u2019autre\u00a0: l\u2019autre n\u2019a pas \u00e0 avoir \u00e0 l\u2019esprit l\u2019historique de tout ce que nous avons fait et dit sur le net.<\/em>\u00a0\u00bb<\/p><\/blockquote>\n<p>Pour en revenir \u00e0 la CNIL, cette derni\u00e8re a annonc\u00e9, devant le ministre de l\u2019\u00c9ducation nationale, au printemps dernier, vouloir faire\u00a0de l\u2019\u00e9ducation au num\u00e9rique une \u00ab\u00a0<strong>Grande cause nationale<\/strong>\u00a0\u00bb en 2014. Sur ce projet, elle a f\u00e9d\u00e9r\u00e9, l\u2019\u00e9t\u00e9 dernier, le travail de vingt-huit organismes ou associations proches du syst\u00e8me \u00e9ducatif et auxquels il tient \u00e0 c\u0153ur de faire avancer l\u2019\u00e9cole num\u00e9rique, projet qui n\u2019a que trop tendance, je ne cesse de le d\u00e9noncer ici, \u00e0 prendre du retard.<\/p>\n<p>Le rapprochement de ces deux grands chantiers, le droit \u00e0 l\u2019oubli et l\u2019\u00e9ducation au num\u00e9rique est \u00e9vident. Il s\u2019agit, pour la CNIL, qui se m\u00eale d\u2019\u00e9ducation alors que le l\u00e9gislateur ne lui a rien demand\u00e9, de faire entrer l\u2019enseignement du droit \u00e0 l\u2019oubli dans l\u2019\u00e9ducation au num\u00e9rique.<\/p>\n<p>Pour ma part, compte tenu des objectifs de l\u2019\u00e9cole, je crois qu\u2019il s\u2019agit l\u00e0 d\u2019un projet \u00e0 combattre car profond\u00e9ment contraire aux valeurs de l\u2019\u00e9ducation.<\/p>\n<p>En effet, n\u2019en d\u00e9plaise \u00e0 certains grincheux, l\u2019\u00e9cole n\u2019a pas pour seule mission l\u2019acquisition de connaissances. Parmi bien d\u2019autres missions, elle a aussi \u00e0\u00a0<strong>faire de chaque \u00e9l\u00e8ve un jeune citoyen, autonome et responsable.\u00a0<\/strong><\/p>\n<p>Ainsi, quand j\u2019entends le mot \u00ab\u00a0responsabilit\u00e9\u00a0\u00bb, j\u2019ai tendance \u00e0 ne pas mettre de limites \u00e0 son exercice.<\/p>\n<blockquote class=\"twitter-tweet\" data-width=\"550\" data-dnt=\"true\">\n<p lang=\"fr\" dir=\"ltr\">Un jour, il faudra m&#39;expliquer pourquoi la responsabilit\u00e9 sur Internet, c&#39;est diff\u00e9rent de la responsabilit\u00e9 ailleurs&#8230;<\/p>\n<p>&mdash; Michel Guillou \ud83c\udf31 (@michelguillou) <a href=\"https:\/\/twitter.com\/michelguillou\/status\/381362691937697793?ref_src=twsrc%5Etfw\">September 21, 2013<\/a><\/p><\/blockquote>\n<p><script async src=\"https:\/\/platform.twitter.com\/widgets.js\" charset=\"utf-8\"><\/script><\/p>\n<p>Si l\u2019acquisition de l\u2019autonomie se v\u00e9rifie via la comp\u00e9tence 7 du socle commun de connaissances et de comp\u00e9tences, \u00e0 l\u2019\u00e9cole et au coll\u00e8ge, c\u2019est curieusement une autre comp\u00e9tence, la 6, qui v\u00e9rifie que le jeune \u00e9l\u00e8ve citoyen a appris \u00e0 avoir un comportement responsable en toutes circonstances. Il sait prendre conscience de ses droits et obligations, notamment, disent les textes, parmi d\u2019autres choses, lorsqu\u2019il \u00ab\u00a0<em>sait distinguer la sph\u00e8re publique et la sph\u00e8re priv\u00e9e<\/em>\u00a0[\u2026 et qu\u2019il fait une]\u00a0<em>utilisation responsable\u00a0<\/em><em>de blogs ou de r\u00e9seaux sociaux.<\/em>\u00a0\u00bb<\/p>\n<p>Au lyc\u00e9e, c\u2019est le domaine 2 du B2i \u2014 dont tout le monde ou \u00e0 peu pr\u00e8s se fiche, voir \u00e0 ce sujet\u00a0<a href=\"http:\/\/gingko.neottia.net\/post\/58583163592\/avoir-parfois-le-courage-de-renoncer\" target=\"_blank\">un billet r\u00e9cent<\/a>\u00a0\u2014 qui porte l\u2019acquisition de cette responsabilit\u00e9 num\u00e9rique. Il n\u2019y est pas fait mention encore du droit \u00e0 l\u2019oubli \u2014 la CNIL aimerait bien \u2014 mais on y conseille \u00e0 l\u2019\u00e9l\u00e8ve d\u2019\u00eatre responsable de ses publications (si, si), y compris lorsqu\u2019il utilise un pseudonyme (sic\u00a0! Freinet se retourne dans sa tombe\u00a0!).<\/p>\n<p>Mais, d\u2019une mani\u00e8re plus g\u00e9n\u00e9rale au lyc\u00e9e, c\u2019est la vie lyc\u00e9enne qui promeut, en partie d\u2019ailleurs encadr\u00e9e par les d\u00e9l\u00e9gu\u00e9s lyc\u00e9ens eux-m\u00eames, l\u2019engagement, l\u2019autonomie et la responsabilit\u00e9 des lyc\u00e9ens. Voir \u00e0 ce sujet\u00a0<a href=\"http:\/\/www.education.gouv.fr\/cid52840\/mene1020118c.html\" target=\"_blank\">la\u00a0<\/a><a href=\"http:\/\/www.education.gouv.fr\/cid52840\/mene1020118c.html\" target=\"_blank\">circulaire n\u00b0 2010-129<\/a>\u00a0du 24-8-2010 intitul\u00e9e \u00ab\u00a0Responsabilit\u00e9 et engagement des lyc\u00e9ens\u00a0\u00bb.<\/p>\n<p>Revenons donc \u00e0 notre droit \u00e0 l\u2019oubli. L\u2019\u00e9cole de France, qui ne se pr\u00e9occupe par ailleurs pas ou que tr\u00e8s peu d\u2019<a href=\"http:\/\/gingko.neottia.net\/post\/58813458649\/saisir-dicter-publier-traduire-de-nouveaux-reperes\" target=\"_blank\">accompagner les publications<\/a>\u00a0des jeunes et des \u00e9l\u00e8ves, ne peut promouvoir la responsabilit\u00e9 des \u00e9l\u00e8ves sous l\u2019indulgente protection d\u2019un droit \u00e0 l\u2019oubli.<\/p>\n<p><strong>Publier en imaginant pouvoir effacer, plus tard, est irresponsable.<\/strong><\/p>\n<p>Yann Leroux, qui conna\u00eet bien les adolescents,\u00a0<a href=\"http:\/\/psychologik.blogspot.fr\/2012\/12\/le-droit-loubli-une-fbi.html\" target=\"_blank\">est aussi de cet avis<\/a>\u00a0:<\/p>\n<blockquote><p>\u00ab\u00a0<em>Effacer les traces laiss\u00e9es en ligne, c\u2019est leur donner une importance qu\u2019elles n\u2019ont en g\u00e9n\u00e9ral pas. C\u2019est faire peser sur des actes d\u2019enfants des valeurs d\u2019adulte. C\u2019est nier que cette exp\u00e9rimentation a eu en son temps de la valeur. C\u2019est empi\u00e9ter sur ce temps d\u2019exploration de soi dont les adolescents ont besoin. C\u2019est sacrifier les fragiles exp\u00e9rimentations de soi sur l\u2019autel de l\u2019appropriation des valeurs familiales et sociales.<\/em>\u00a0\u00bb<\/p><\/blockquote>\n<p>Et de conclure fort justement\u00a0:<\/p>\n<blockquote><p>\u00ab\u00a0<em>Le droit \u00e0 l\u2019oubli transforme\u00a0<\/em><em>les mises en sc\u00e8ne\u00a0de soi en\u00a0r\u00e9alit\u00e9s<\/em><em>\u00a0condamnables ou honteuses.<\/em>\u00a0\u00bb<\/p><\/blockquote>\n<p>Serge Tisseron, sur le m\u00eame sujet de l\u2019\u00e9ducation,\u00a0<a href=\"http:\/\/www.liberation.fr\/societe\/2012\/12\/04\/le-droit-a-l-oubli-sur-internet-une-idee-dangereuse_865105\" target=\"_blank\">\u00e9nonce<\/a>\u00a0:<\/p>\n<blockquote><p>\u00ab\u00a0<em>Il serait dangereux de laisser grandir nos enfants avec l\u2019id\u00e9e d\u2019un effacement facile de traces qu\u2019ils ont d\u00e9lib\u00e9r\u00e9ment pris la d\u00e9cision, \u00e0 un moment donn\u00e9, de rendre visibles.<\/em>\u00a0\u00bb<\/p><\/blockquote>\n<p>Il existe une autre solution, dit-il, en parlant des jeunes\u00a0:<\/p>\n<blockquote><p>\u00ab\u00a0<em>Leur apprendre, \u00e2ge par \u00e2ge, \u00e0 s\u2019autor\u00e9guler. Car l\u2019\u00e9ducation, la vraie, ne consiste pas \u00e0 guider et \u00e0 prot\u00e9ger l\u2019enfant, mais \u00e0 lui apprendre \u00e0 s\u2019autodiriger et \u00e0 s\u2019autoprot\u00e9ger.<\/em>\u00a0\u00bb<\/p><\/blockquote>\n<p>Comme quoi, et contrairement \u00e0 ce que propose le socle commun de connaissances et de comp\u00e9tences, l\u2019apprentissage de l\u2019autonomie est indissociable de celui de la responsabilit\u00e9. On n\u2019acquiert vraiment bien la deuxi\u00e8me que si on se frotte aux difficult\u00e9s de la premi\u00e8re. Et, dans le monde num\u00e9rique, diff\u00e9rent certes de la vraie vie sur bien des points mais pas pour ce qui concerne la responsabilit\u00e9 o\u00f9 les r\u00e9flexes de respect, de consid\u00e9ration des biens, des personnes et des valeurs communes sont les m\u00eames, il est important d\u2019apprendre \u00e0 se tromper, \u00e0 faire des erreurs.<\/p>\n<p><strong>Et oublier donc effacer ses erreurs est une catastrophe p\u00e9dagogique.<\/strong><\/p>\n<p>Je ne sais pas si le droit \u00e0 l\u2019oubli est une bonne chose pour la protection des citoyens. Disons que, sauf \u00e0 mettre de nombreux garde-fous, j\u2019ai un tr\u00e8s fort doute. En revanche, pour ce qui concerne l\u2019\u00e9ducation, c\u2019est un non-sens.<\/p>\n<p><strong>PS de derni\u00e8re minute<\/strong>. Dans le cadre de l\u2019\u00e9mission\u00a0<strong>14h42<\/strong>\u00a0dont\u00a0<em><a href=\"http:\/\/www.arretsurimages.net\/\" target=\"_blank\">Arr\u00eat sur Images<\/a><\/em>\u00a0et\u00a0<em><a href=\"http:\/\/www.pcinpact.com\/\" target=\"_blank\">PCInpact<\/a>\u00a0<\/em>sont les promoteurs, on a trait\u00e9 aujourd\u2019hui du droit \u00e0 l\u2019oubli\u00a0: \u00ab\u00a0<a href=\"http:\/\/www.pcinpact.com\/news\/82536-14h42-droit-a-oubli-entre-protection-citoyens-et-devoir-memoire.htm\" target=\"_blank\">Le droit \u00e0 l\u2019oubli, entre protection des citoyens et devoir de m\u00e9moire.<\/a>\u00a0\u00bb Une nouvelle pi\u00e8ce \u00e0 apporter \u00e0 la r\u00e9flexion\u00a0?<\/p>\n<p>Michel Guillou\u00a0<a href=\"https:\/\/twitter.com\/michelguillou\" target=\"_blank\">@michelguillou<\/a><\/p>\n<p><a href=\"http:\/\/creativecommons.org\/licenses\/by-nc-sa\/2.0\/fr\/\" target=\"_blank\"><img loading=\"lazy\" decoding=\"async\" src=\"http:\/\/i.creativecommons.org\/l\/by-nc-sa\/2.0\/fr\/80x15.png\" alt=\"image\" width=\"80\" height=\"15\" \/><\/a><\/p>\n<p>Cr\u00e9dit photo\u00a0:\u00a0<a href=\"http:\/\/www.flickr.com\/photos\/maxlemans\/3512807503\/\" target=\"_blank\">MaxLeMans<\/a>\u00a0via\u00a0<a href=\"http:\/\/photopin.com\/\" target=\"_blank\">photopin<\/a>\u00a0<a href=\"http:\/\/creativecommons.org\/licenses\/by\/2.0\/\" target=\"_blank\">cc<\/a><\/p>\n<p>&nbsp;<\/p>\n","protected":false},"excerpt":{"rendered":"<p style=\"text-align: center;\"><a href=\"http:\/\/www.culture-numerique.fr\/wp-content\/uploads\/2014\/04\/medium_3512807503.jpg\"><img loading=\"lazy\" decoding=\"async\" class=\"wp-image-229 size-medium alignleft\" src=\"http:\/\/www.culture-numerique.fr\/wp-content\/uploads\/2014\/04\/medium_3512807503-300x199.jpg\" alt=\"Crayons\" width=\"300\" height=\"199\" srcset=\"https:\/\/www.culture-numerique.fr\/wp-content\/uploads\/2014\/04\/medium_3512807503-300x199.jpg 300w, https:\/\/www.culture-numerique.fr\/wp-content\/uploads\/2014\/04\/medium_3512807503-100x66.jpg 100w, https:\/\/www.culture-numerique.fr\/wp-content\/uploads\/2014\/04\/medium_3512807503-150x99.jpg 150w, https:\/\/www.culture-numerique.fr\/wp-content\/uploads\/2014\/04\/medium_3512807503-200x133.jpg 200w, https:\/\/www.culture-numerique.fr\/wp-content\/uploads\/2014\/04\/medium_3512807503-450x299.jpg 450w, https:\/\/www.culture-numerique.fr\/wp-content\/uploads\/2014\/04\/medium_3512807503.jpg 500w\" sizes=\"auto, (max-width: 300px) 100vw, 300px\" \/><\/a><\/p>\n<p><strong>Depuis un bon moment d\u00e9j\u00e0<\/strong>, notre vieille et in\u00e9branlable institution qu\u2019est la\u00a0<a href=\"http:\/\/www.cnil.fr\/\" target=\"_blank\">CNIL<\/a>, Commission nationale de l\u2019informatique et des libert\u00e9s, sous la pression de ses cons\u0153urs europ\u00e9ennes, nous pr\u00e9pare une d\u00e9clinaison locale d\u2019un\u00a0<strong>droit \u00e0 l\u2019oubli<\/strong>,<\/p>\n<p><span class=\"ellipsis\">&hellip;<\/span><\/p>\n<div class=\"read-more\"><a href=\"https:\/\/www.culture-numerique.fr\/?p=228\">Lire la suite &#8250;<\/a><\/div>\n<p><!-- end of .read-more --><\/p>\n","protected":false},"author":1,"featured_media":229,"comment_status":"open","ping_status":"open","sticky":false,"template":"","format":"standard","meta":{"jetpack_post_was_ever_published":false,"_jetpack_newsletter_access":"","_jetpack_dont_email_post_to_subs":false,"_jetpack_newsletter_tier_id":0,"_jetpack_memberships_contains_paywalled_content":false,"_jetpack_memberships_contains_paid_content":false,"footnotes":""},"categories":[9],"tags":[154,161,129,160,70,114,155,53],"class_list":["post-228","post","type-post","status-publish","format-standard","has-post-thumbnail","hentry","category-billets-dhumeur","tag-autonomie","tag-b2i","tag-cnil","tag-droit-a-loubli","tag-education","tag-education-numerique","tag-responsabilite","tag-socle-commun"],"jetpack_featured_media_url":"https:\/\/www.culture-numerique.fr\/wp-content\/uploads\/2014\/04\/medium_3512807503.jpg","jetpack_sharing_enabled":true,"_links":{"self":[{"href":"https:\/\/www.culture-numerique.fr\/index.php?rest_route=\/wp\/v2\/posts\/228","targetHints":{"allow":["GET"]}}],"collection":[{"href":"https:\/\/www.culture-numerique.fr\/index.php?rest_route=\/wp\/v2\/posts"}],"about":[{"href":"https:\/\/www.culture-numerique.fr\/index.php?rest_route=\/wp\/v2\/types\/post"}],"author":[{"embeddable":true,"href":"https:\/\/www.culture-numerique.fr\/index.php?rest_route=\/wp\/v2\/users\/1"}],"replies":[{"embeddable":true,"href":"https:\/\/www.culture-numerique.fr\/index.php?rest_route=%2Fwp%2Fv2%2Fcomments&post=228"}],"version-history":[{"count":2,"href":"https:\/\/www.culture-numerique.fr\/index.php?rest_route=\/wp\/v2\/posts\/228\/revisions"}],"predecessor-version":[{"id":1571,"href":"https:\/\/www.culture-numerique.fr\/index.php?rest_route=\/wp\/v2\/posts\/228\/revisions\/1571"}],"wp:featuredmedia":[{"embeddable":true,"href":"https:\/\/www.culture-numerique.fr\/index.php?rest_route=\/wp\/v2\/media\/229"}],"wp:attachment":[{"href":"https:\/\/www.culture-numerique.fr\/index.php?rest_route=%2Fwp%2Fv2%2Fmedia&parent=228"}],"wp:term":[{"taxonomy":"category","embeddable":true,"href":"https:\/\/www.culture-numerique.fr\/index.php?rest_route=%2Fwp%2Fv2%2Fcategories&post=228"},{"taxonomy":"post_tag","embeddable":true,"href":"https:\/\/www.culture-numerique.fr\/index.php?rest_route=%2Fwp%2Fv2%2Ftags&post=228"}],"curies":[{"name":"wp","href":"https:\/\/api.w.org\/{rel}","templated":true}]}}