{"id":2188,"date":"2014-11-16T16:30:55","date_gmt":"2014-11-16T14:30:55","guid":{"rendered":"http:\/\/www.culture-numerique.fr\/?p=2188"},"modified":"2019-01-04T11:27:35","modified_gmt":"2019-01-04T10:27:35","slug":"le-numerique-au-service-de-la-pedagogie-une-affirmation-tres-maladroite","status":"publish","type":"post","link":"https:\/\/www.culture-numerique.fr\/?p=2188","title":{"rendered":"Le num\u00e9rique au service de la p\u00e9dagogie, une affirmation tr\u00e8s maladroite"},"content":{"rendered":"<p><a href=\"http:\/\/www.culture-numerique.fr\/wp-content\/uploads\/2014\/11\/origin_2298690318.jpg\"><img loading=\"lazy\" decoding=\"async\" class=\"size-full wp-image-2191 aligncenter\" src=\"http:\/\/www.culture-numerique.fr\/wp-content\/uploads\/2014\/11\/origin_2298690318.jpg\" alt=\"Tsunami\" width=\"1024\" height=\"683\" srcset=\"https:\/\/www.culture-numerique.fr\/wp-content\/uploads\/2014\/11\/origin_2298690318.jpg 1024w, https:\/\/www.culture-numerique.fr\/wp-content\/uploads\/2014\/11\/origin_2298690318-300x200.jpg 300w, https:\/\/www.culture-numerique.fr\/wp-content\/uploads\/2014\/11\/origin_2298690318-100x66.jpg 100w, https:\/\/www.culture-numerique.fr\/wp-content\/uploads\/2014\/11\/origin_2298690318-150x100.jpg 150w, https:\/\/www.culture-numerique.fr\/wp-content\/uploads\/2014\/11\/origin_2298690318-200x133.jpg 200w, https:\/\/www.culture-numerique.fr\/wp-content\/uploads\/2014\/11\/origin_2298690318-450x300.jpg 450w, https:\/\/www.culture-numerique.fr\/wp-content\/uploads\/2014\/11\/origin_2298690318-600x400.jpg 600w, https:\/\/www.culture-numerique.fr\/wp-content\/uploads\/2014\/11\/origin_2298690318-900x600.jpg 900w\" sizes=\"auto, (max-width: 1024px) 100vw, 1024px\" \/><\/a><\/p>\n<p><strong>Quand <a href=\"https:\/\/twitter.com\/davidenkoff\" target=\"_blank\" rel=\"noopener\">Emmanuel Davidenkoff<\/a> parle de tsunami<\/strong>, \u00e0 propos du num\u00e9rique et de l&rsquo;\u00e9cole, qui croyez-vous que cela qualifie\u00a0? Pensez-vous que la vague qui d\u00e9ferle, c&rsquo;est l&rsquo;\u00e9cole\u00a0? Qui, croyez-vous, va y laisser des plumes\u00a0? Qui va \u00eatre submerg\u00e9, englouti\u00a0? Qui va devoir reconstruire sit\u00f4t la vague pass\u00e9e\u00a0?<\/p>\n<blockquote class=\"twitter-tweet\" data-width=\"550\" data-dnt=\"true\">\n<p lang=\"fr\" dir=\"ltr\">Le <a href=\"https:\/\/twitter.com\/hashtag\/num%C3%A9rique?src=hash&amp;ref_src=twsrc%5Etfw\">#num\u00e9rique<\/a> au service de la <a href=\"https:\/\/twitter.com\/hashtag\/p%C3%A9dagogie?src=hash&amp;ref_src=twsrc%5Etfw\">#p\u00e9dagogie<\/a> c&#39;est au Rdv des lettres du 17 au 19 nov! Th\u00e8me : <a href=\"https:\/\/twitter.com\/hashtag\/parole?src=hash&amp;ref_src=twsrc%5Etfw\">#parole<\/a> <a href=\"https:\/\/twitter.com\/hashtag\/ecolenumerique?src=hash&amp;ref_src=twsrc%5Etfw\">#ecolenumerique<\/a><a href=\"http:\/\/t.co\/LulddhOBzk\">http:\/\/t.co\/LulddhOBzk<\/a><\/p>\n<p>&mdash; \u00c9ducation Num\u00e9rique (@Edu_Num) <a href=\"https:\/\/twitter.com\/Edu_Num\/status\/533559621253087232?ref_src=twsrc%5Etfw\">November 15, 2014<\/a><\/p><\/blockquote>\n<p><script async src=\"https:\/\/platform.twitter.com\/widgets.js\" charset=\"utf-8\"><\/script><\/p>\n<p>C&rsquo;est par ce tweet que le compte officiel de la Direction du Num\u00e9rique pour l&rsquo;\u00c9ducation nous invite, ce \u00e0 quoi je r\u00e9pondrai favorablement car c&rsquo;est un moment exceptionnel, m\u00eame si la deuxi\u00e8me\u00a0\u00e9dition en 2011 fut tr\u00e8s d\u00e9cevante (1), \u00e0 assister \u00e0 la BNF au\u00a0<a href=\"http:\/\/eduscol.education.fr\/pnf-lettres\/\" target=\"_blank\" rel=\"noopener\">cinqui\u00e8me rendez-vous des lettres<\/a>, trois journ\u00e9es au Plan national de formation.<\/p>\n<h3><strong>Ainsi donc, pour le minist\u00e8re, le num\u00e9rique serait au service de la p\u00e9dagogie\u00a0!<\/strong><\/h3>\n<p>C&rsquo;est, \u00e0 mon avis, une formule particuli\u00e8rement maladroite. C&rsquo;est le genre de formule toute faite, qui sonne bien, qui ne fait de mal \u00e0 personne, capable de cr\u00e9er autour d&rsquo;elle un consensus de bon aloi, chez les aventuriers comme chez les r\u00e9ticents du num\u00e9rique, qu&rsquo;on risque d&rsquo;entendre et d&rsquo;entendre encore, pendant de longs mois, \u00e7a et l\u00e0, dans la bouche de nombreux cadres incultes\u00a0\u2014\u00a0ils ne sont pas tous, loin de l\u00e0, mais il y en a de s\u00e9v\u00e8res&#8230;<\/p>\n<p>Je le sais, je l&rsquo;ai v\u00e9cu. Ces gens-l\u00e0 sont capables de vous parler du num\u00e9rique la bouche en c\u0153ur mais l&rsquo;injonction dans la poche, sans y conna\u00eetre goutte. Ils sont alors capables d&rsquo;accumuler dans le m\u00eame discours ces b\u00eates phrases dont le sens m\u00eame leur \u00e9chappe. Ainsi, par exemple\u00a0:<\/p>\n<blockquote><p>\u00ab\u00a0Le num\u00e9rique doit rester au service de la p\u00e9dagogie\u00a0\u00bb<\/p>\n<p>\u00ab\u00a0Il nous faut maintenant d\u00e9velopper les usages du num\u00e9rique\u00a0\u00bb<\/p>\n<p>\u00ab\u00a0Il faut mettre le num\u00e9rique au c\u0153ur des apprentissages\u00a0\u00bb<\/p><\/blockquote>\n<p><em>Ad libitum<\/em>.<\/p>\n<p>Si Davidenkoff a raison, ce que croient de nombreux observateurs et prospectivistes des mutations de la soci\u00e9t\u00e9, si donc la rencontre du num\u00e9rique et de l&rsquo;\u00e9cole \u2014\u00a0car <strong>il s&rsquo;agit bien d&rsquo;une rencontre, d&rsquo;un rendez-vous<\/strong>\u00a0\u2014 s&rsquo;av\u00e8re \u00eatre un tantinet cataclysmique, il est totalement impossible de dire que la vague est au service de ce qu&rsquo;elle\u00a0engloutit. Pour Davidenkoff, la p\u00e9dagogie sera bien s\u00fbr compl\u00e8tement boulevers\u00e9e, les apprentissages seront mis en \u0153uvre selon des approches et des mod\u00e8les, pour ne pas dire des dimensions paradigmatiques compl\u00e8tement diff\u00e9rentes. Dans ce cas, la place du ma\u00eetre, sa posture, les rep\u00e8res habituels de l&rsquo;enseignement, temps, espaces, l&rsquo;appropriation des connaissances et la construction des savoirs seront d\u00e9finitivement mis \u00e0 mal et devront \u00eatre reb\u00e2tis.<\/p>\n<p>Si Davidenkoff exag\u00e8re, ce qui me semble plus vraisemblable car je crois qu&rsquo;il a choisi cette formule pour \u00e9veiller les consciences et attirer l&rsquo;\u0153il du chaland, la rencontre du num\u00e9rique et de la p\u00e9dagogie, sans \u00eatre cataclysmique, ressemblera plut\u00f4t, apr\u00e8s quelques secousses telluriques, \u00e0 <strong>la surrection d&rsquo;une autre \u00e9cole<\/strong>, d&rsquo;un syst\u00e8me \u00e9ducatif qui proposera d&rsquo;autres modalit\u00e9s pour apprendre, dans les deux sens du mot. Et m\u00eame si ce sera sans doute plus rapide que la construction de la cha\u00eene alpine ou de l&rsquo;Himalaya, c&rsquo;est sans doute sur un temps tr\u00e8s long que les n\u00e9cessaires transformations rappel\u00e9es ci-dessus s&rsquo;op\u00e9reront.<\/p>\n<h3><strong>M\u00eame dans ce dernier cas, le num\u00e9rique ne sera pas plus au service de la p\u00e9dagogie que cette derni\u00e8re au service du premier<\/strong><\/h3>\n<p>Le num\u00e9rique a tellement diffus\u00e9 dans la soci\u00e9t\u00e9, inond\u00e9 et int\u00e9gr\u00e9 cette derni\u00e8re, il a tellement modifi\u00e9 les comportements intimes\u00a0et soci\u00e9taux de notre jeunesse qu&rsquo;il ne peut \u00eatre en aucun cas consid\u00e9r\u00e9 seulement comme un petit grain de sable qui viendrait gripper la machine. La p\u00e9dagogie, que rien ni personne\u00a0\u2014\u00a0sauf peut-\u00eatre quelques r\u00e9actionnaires rigolos\u00a0\u2014 ne condamne \u00e0 l&rsquo;immuabilit\u00e9, devra <strong>se transformer et se refonder<\/strong> au contact du num\u00e9rique tout autant qu&rsquo;elle le modifiera sans doute.<\/p>\n<p><strong>\u00c0 nous de mettre du positif et de l&rsquo;heureux \u00e0 cette rencontre.<\/strong><\/p>\n<p>Et vous, quel est votre avis\u00a0?<\/p>\n<p>Michel Guillou\u00a0<a href=\"https:\/\/twitter.com\/michelguillou\" target=\"_blank\" rel=\"noopener\">@michelguillou<\/a><\/p>\n<p><a href=\"http:\/\/creativecommons.org\/licenses\/by-nc-sa\/4.0\/\"><img loading=\"lazy\" decoding=\"async\" class=\"alignleft wp-image-1448 size-full\" src=\"http:\/\/www.culture-numerique.fr\/wp-content\/uploads\/2014\/09\/80x15.png\" alt=\"80x15\" width=\"80\" height=\"15\" \/><\/a><\/p>\n<p>&nbsp;<\/p>\n<p>Cr\u00e9dit photo\u00a0: <a href=\"https:\/\/www.flickr.com\/photos\/inseminator\/2298690318\/\">MyNameHere<\/a> via <a href=\"http:\/\/photopin.com\">photopin<\/a> <a href=\"http:\/\/creativecommons.org\/licenses\/by-nc-nd\/2.0\/\">cc<\/a><\/p>\n<ol>\n<li>La conjonction de deux incultures\u2026 #pnflettres\u00a0<a href=\"http:\/\/www.culture-numerique.fr\/?p=59\" target=\"_blank\" rel=\"noopener\">http:\/\/www.culture-numerique.fr\/?p=59<\/a><\/li>\n<\/ol>\n<p>[cite]<\/p>\n","protected":false},"excerpt":{"rendered":"<p><a href=\"http:\/\/www.culture-numerique.fr\/wp-content\/uploads\/2014\/11\/origin_2298690318.jpg\"><img loading=\"lazy\" decoding=\"async\" class=\"size-full wp-image-2191 aligncenter\" src=\"http:\/\/www.culture-numerique.fr\/wp-content\/uploads\/2014\/11\/origin_2298690318.jpg\" alt=\"Tsunami\" width=\"1024\" height=\"683\" srcset=\"https:\/\/www.culture-numerique.fr\/wp-content\/uploads\/2014\/11\/origin_2298690318.jpg 1024w, https:\/\/www.culture-numerique.fr\/wp-content\/uploads\/2014\/11\/origin_2298690318-300x200.jpg 300w, https:\/\/www.culture-numerique.fr\/wp-content\/uploads\/2014\/11\/origin_2298690318-100x66.jpg 100w, https:\/\/www.culture-numerique.fr\/wp-content\/uploads\/2014\/11\/origin_2298690318-150x100.jpg 150w, https:\/\/www.culture-numerique.fr\/wp-content\/uploads\/2014\/11\/origin_2298690318-200x133.jpg 200w, https:\/\/www.culture-numerique.fr\/wp-content\/uploads\/2014\/11\/origin_2298690318-450x300.jpg 450w, https:\/\/www.culture-numerique.fr\/wp-content\/uploads\/2014\/11\/origin_2298690318-600x400.jpg 600w, https:\/\/www.culture-numerique.fr\/wp-content\/uploads\/2014\/11\/origin_2298690318-900x600.jpg 900w\" sizes=\"auto, (max-width: 1024px) 100vw, 1024px\" \/><\/a><\/p>\n<p><strong>Quand <a href=\"https:\/\/twitter.com\/davidenkoff\" target=\"_blank\" rel=\"noopener\">Emmanuel Davidenkoff<\/a> parle de tsunami<\/strong>, \u00e0 propos du num\u00e9rique et de l&rsquo;\u00e9cole, qui croyez-vous que cela qualifie\u00a0? Pensez-vous que la vague qui d\u00e9ferle, c&rsquo;est l&rsquo;\u00e9cole\u00a0? Qui, croyez-vous,<\/p>\n<p><span class=\"ellipsis\">&hellip;<\/span><\/p>\n<div class=\"read-more\"><a href=\"https:\/\/www.culture-numerique.fr\/?p=2188\">Lire la suite &#8250;<\/a><\/div>\n<p><!-- end of .read-more --><\/p>\n","protected":false},"author":1,"featured_media":2191,"comment_status":"open","ping_status":"open","sticky":false,"template":"","format":"standard","meta":{"jetpack_post_was_ever_published":false,"_jetpack_newsletter_access":"","_jetpack_dont_email_post_to_subs":true,"_jetpack_newsletter_tier_id":0,"_jetpack_memberships_contains_paywalled_content":false,"_jetpack_memberships_contains_paid_content":false,"footnotes":""},"categories":[9,20],"tags":[484,52,66,471,2,4,482,65,231,483],"class_list":["post-2188","post","type-post","status-publish","format-standard","has-post-thumbnail","hentry","category-billets-dhumeur","category-breves","tag-cataclysme","tag-culture-numerique","tag-ecole-numerique","tag-inculture","tag-numerique","tag-numerique-educatif","tag-paradigme","tag-refondation","tag-surrection","tag-tsunami"],"jetpack_featured_media_url":"https:\/\/www.culture-numerique.fr\/wp-content\/uploads\/2014\/11\/origin_2298690318.jpg","jetpack_sharing_enabled":true,"_links":{"self":[{"href":"https:\/\/www.culture-numerique.fr\/index.php?rest_route=\/wp\/v2\/posts\/2188","targetHints":{"allow":["GET"]}}],"collection":[{"href":"https:\/\/www.culture-numerique.fr\/index.php?rest_route=\/wp\/v2\/posts"}],"about":[{"href":"https:\/\/www.culture-numerique.fr\/index.php?rest_route=\/wp\/v2\/types\/post"}],"author":[{"embeddable":true,"href":"https:\/\/www.culture-numerique.fr\/index.php?rest_route=\/wp\/v2\/users\/1"}],"replies":[{"embeddable":true,"href":"https:\/\/www.culture-numerique.fr\/index.php?rest_route=%2Fwp%2Fv2%2Fcomments&post=2188"}],"version-history":[{"count":15,"href":"https:\/\/www.culture-numerique.fr\/index.php?rest_route=\/wp\/v2\/posts\/2188\/revisions"}],"predecessor-version":[{"id":7830,"href":"https:\/\/www.culture-numerique.fr\/index.php?rest_route=\/wp\/v2\/posts\/2188\/revisions\/7830"}],"wp:featuredmedia":[{"embeddable":true,"href":"https:\/\/www.culture-numerique.fr\/index.php?rest_route=\/wp\/v2\/media\/2191"}],"wp:attachment":[{"href":"https:\/\/www.culture-numerique.fr\/index.php?rest_route=%2Fwp%2Fv2%2Fmedia&parent=2188"}],"wp:term":[{"taxonomy":"category","embeddable":true,"href":"https:\/\/www.culture-numerique.fr\/index.php?rest_route=%2Fwp%2Fv2%2Fcategories&post=2188"},{"taxonomy":"post_tag","embeddable":true,"href":"https:\/\/www.culture-numerique.fr\/index.php?rest_route=%2Fwp%2Fv2%2Ftags&post=2188"}],"curies":[{"name":"wp","href":"https:\/\/api.w.org\/{rel}","templated":true}]}}