{"id":213,"date":"2013-10-20T17:30:06","date_gmt":"2013-10-20T15:30:06","guid":{"rendered":"http:\/\/www.culture-numerique.fr\/?p=213"},"modified":"2016-08-17T23:02:57","modified_gmt":"2016-08-17T21:02:57","slug":"lecon-de-morale-n-1-je-ne-divulguerai-jamais-aucune-information-personnelle","status":"publish","type":"post","link":"https:\/\/www.culture-numerique.fr\/?p=213","title":{"rendered":"Le\u00e7on de morale n\u00b0 1 : je ne divulguerai jamais aucune information personnelle\u2026"},"content":{"rendered":"<p style=\"text-align: center;\"><a href=\"http:\/\/www.culture-numerique.fr\/wp-content\/uploads\/2014\/04\/medium_171556686.jpg\"><img loading=\"lazy\" decoding=\"async\" class=\" wp-image-214 aligncenter\" src=\"http:\/\/www.culture-numerique.fr\/wp-content\/uploads\/2014\/04\/medium_171556686.jpg\" alt=\"Cage\" width=\"823\" height=\"617\" srcset=\"https:\/\/www.culture-numerique.fr\/wp-content\/uploads\/2014\/04\/medium_171556686.jpg 500w, https:\/\/www.culture-numerique.fr\/wp-content\/uploads\/2014\/04\/medium_171556686-300x225.jpg 300w, https:\/\/www.culture-numerique.fr\/wp-content\/uploads\/2014\/04\/medium_171556686-100x75.jpg 100w, https:\/\/www.culture-numerique.fr\/wp-content\/uploads\/2014\/04\/medium_171556686-150x112.jpg 150w, https:\/\/www.culture-numerique.fr\/wp-content\/uploads\/2014\/04\/medium_171556686-200x150.jpg 200w, https:\/\/www.culture-numerique.fr\/wp-content\/uploads\/2014\/04\/medium_171556686-450x337.jpg 450w\" sizes=\"auto, (max-width: 823px) 100vw, 823px\" \/><\/a><\/p>\n<p><strong>Qui n\u2019a pas sa petite \u00e9ducation aux m\u00e9dias\u00a0?\u00a0<\/strong>Toutes les institutions s\u2019y mettent.\u00a0C\u2019est le sujet du moment.<\/p>\n<p>Le minist\u00e8re de l\u2019\u00e9ducation soi-m\u00eame,\u00a0<em>a priori<\/em>\u00a0la plus concern\u00e9e d\u2019entre elles sur le sujet, se d\u00e9cide enfin \u00e0 annoncer \u2014 on n\u2019en est pas encore aux actes, il ne faut pas r\u00eaver\u00a0! \u2014 ses intentions \u00e0 ce sujet. Ces annonces viennent enfin\u00a0apr\u00e8s des ann\u00e9es de disette pendant lesquelles le\u00a0<a href=\"http:\/\/www.clemi.org\/\" target=\"_blank\">Clemi<\/a>, pourtant officiellement missionn\u00e9 depuis trente ans sur ce chantier, a pr\u00each\u00e9 dans le d\u00e9sert, faute de moyens et de visibilit\u00e9. Je vous ai d\u00e9j\u00e0 parl\u00e9, dans\u00a0<a href=\"http:\/\/gingko.neottia.net\/post\/50458052144\/leducation-aux-medias-a-la-sauce-lescure\" target=\"_blank\">ce billet<\/a>\u00a0o\u00f9 j\u2019\u00e9voquais son go\u00fbt amer \u00e0 la sauce Lescure, des curieuses\u00a0<strong> connotations moralisatrices\u00a0<\/strong> que prenait l\u2019\u00e9ducation aux m\u00e9dias fa\u00e7on num\u00e9rique dans les plans de Vincent Peillon.<\/p>\n<p>Comme annonc\u00e9 et souhait\u00e9 par le\u00a0<a href=\"http:\/\/www.culturecommunication.gouv.fr\/var\/culture\/storage\/culture_mag\/rapport_lescure\/index.htm#\/\" target=\"_blank\">rapport Lescure<\/a>, la\u00a0<a href=\"http:\/\/www.cnil.fr\/\" target=\"_blank\">CNIL<\/a>, qui n\u2019est pas, je le rappelle, formellement\u00a0<a href=\"http:\/\/www.cnil.fr\/linstitution\/missions\/\" target=\"_blank\">missionn\u00e9e<\/a>\u00a0pour ce faire par le l\u00e9gislateur, s\u2019empare elle aussi du sujet pour y distiller une \u00e9tonnante morale \u00e0 base de courbettes et d\u2019all\u00e9geance au droit imm\u00e9morial et intangible des auteurs et de curieuses consid\u00e9rations sur un droit \u00e0 l\u2019oubli dont\u00a0<a href=\"http:\/\/gingko.neottia.net\/post\/62157726138\/le-droit-a-loubli-un-non-sens-educatif\" target=\"_blank\">pas grand mond<\/a>e ne veut,\u00a0\u00e0 commencer par les m\u00e9dias et les psychologues. Tout cela, cette nouvelle\u00a0<strong>morale num\u00e9rique<\/strong>\u00a0dont la CNIL veut se faire le champion, transparaissait d\u00e9j\u00e0 dans\u00a0<a href=\"http:\/\/jeunes.cnil.fr\/\" target=\"_blank\">les fiches anxiog\u00e8nes<\/a>\u00a0pour les jeunes qu\u2019elle avait r\u00e9dig\u00e9es.<\/p>\n<p>Chacun avait pu aussi\u00a0<a href=\"http:\/\/gingko.neottia.net\/post\/42653049758\/paris-et-ses-ados-les-traits-grossiers-de-la\" target=\"_blank\">prendre connaissance<\/a>\u00a0de la coloration tr\u00e8s m\u00e9prisante choisie par la Mairie de Paris qui s\u2019adresse aux jeunes.\u00a0<strong>La caricature et l\u2019anxi\u00e9t\u00e9<\/strong>\u00a0constituent le fonds de commerce de ceux qui se piquent de faire de l\u2019\u00e9ducation aux m\u00e9dias sans avoir aucune comp\u00e9tence sur le sujet.<\/p>\n<p>L\u2019in\u00e9narrable\u00a0<a href=\"http:\/\/www.hadopi.fr\/\" target=\"_blank\">Hadopi<\/a>, qui va enfin dispara\u00eetre bient\u00f4t, avait souhait\u00e9,\u00a0elle aussi, porter\u00a0<strong>la bonne parole<\/strong>\u00a0d\u2019une \u00e9ducation num\u00e9rique respectueuse du droit des auteurs aupr\u00e8s des coll\u00e9giens. Gageons que le\u00a0<a href=\"http:\/\/www.csa.fr\/\" target=\"_blank\">CSA<\/a>, qui va reprendre ses missions \u2014 on ne rit pas\u00a0! \u2014 va lui aussi se saisir de ce dossier\u00a0! La r\u00e9daction de ce billet me donne l\u2019occasion d\u2019aller sur le site du CSA et d\u2019y lire l\u2019annonce de la naissance d\u2019un\u00a0<a href=\"http:\/\/www.csa.fr\/Espace-Presse\/Communiques-de-presse\/7-novembre-2013-conference-de-presse-Education-et-medias\" target=\"_blank\">site<\/a>\u00a0\u00ab\u00a0Education et m\u00e9dias \u00bb\u2026 Si si\u00a0! Le CSA n\u2019a m\u00eame pas attendu la mort d\u2019Hadopi pour s\u2019y coller\u00a0!<\/p>\n<p>Et l\u2019on parle encore pour bient\u00f4t d\u2019une plateforme identique chez\u00a0<a href=\"http:\/\/www.francetv.fr\/\" target=\"_blank\">France T<\/a>V\u00a0ou encore au\u00a0<a href=\"http:\/\/www.cndp.fr\/\" target=\"_blank\">CNDP<\/a>\u2026<\/p>\n<h3><strong>Qui n\u2019a pas sa petite \u00e9ducation morale\u00a0?<\/strong><\/h3>\n<p>Vous l\u2019avez compris, derri\u00e8re cet engouement subit pour ce que tous ces gens appellent \u00ab\u00a0\u00e9ducation aux m\u00e9dias\u00a0\u00bb, il y a une motivation commune et partag\u00e9e, celle de proposer une nouvelle\u00a0<strong>morale num\u00e9rique normalis\u00e9e<\/strong>\u00a0aux jeunes, aux adolescents, \u00e0 ces hordes boutonneuses sans foi ni loi. Car non contents de pi\u00e9tiner le droit inali\u00e9nable des auteurs et de spolier les distributeurs de films et de musique, \u00e0 force de t\u00e9l\u00e9chargements et de partages pirates, ils s\u2019exposent, vous le savez bien, tout le monde en parle, en f\u00eatards d\u00e9shabill\u00e9s, prenant des risques inou\u00efs avec leur future carri\u00e8re professionnelle, au risque de rencontrer des terroristes, des francs-ma\u00e7ons ou des p\u00e9dophiles\u2026<\/p>\n<p>Je caricature\u00a0? Non,bien s\u00fbr.<\/p>\n<blockquote><p>\u00ab\u00a0<em>J\u2019utiliserai les ressources du web en respectant le\u00a0droit\u00a0d\u2019auteur et la propri\u00e9t\u00e9 intellectuelle.<\/em>\u00a0\u00bb<br \/>\n\u00ab\u00a0<em>Je serai responsable de toutes mes publications y compris\u00a0lors\u00a0de l\u2019utilisation d\u2019un pseudonyme<\/em>.\u00a0\u00bb<br \/>\n\u00ab\u00a0<em>Je r\u00e9fl\u00e9chirai avant de cliquer.<\/em>\u00a0\u00bb<br \/>\n\u00ab\u00a0<em>Je ne communiquerai ni mes opinions politiques, ni ma religion,\u00a0ni mon num\u00e9ro de t\u00e9l\u00e9phone.<\/em>\u00a0\u00bb<br \/>\n\u00ab\u00a0<em>J\u2019utiliserai\u00a0un pseudonyme et seuls mes amis et ma famille\u00a0sauront qu\u2019il s\u2019agit de moi.<\/em>\u00a0\u00bb<\/p><\/blockquote>\n<p>Ci-dessus, un floril\u00e8ge des conseils donn\u00e9s \u00e7\u00e0 et l\u00e0 \u2014 dans le domaine \u00e9ducatif, on parle de comp\u00e9tences attendues.<\/p>\n<h3><strong>Informations personnelles et vie priv\u00e9e<\/strong><\/h3>\n<p>La marchandisation des informations personnelles que nous mettons en ligne est infiniment regrettable. Il y a un fort consensus \u00e0 ce sujet et il convient, quand on\u00a0<strong>accompagne<\/strong>\u00a0les jeunes dans leurs promenades virtuelles, de les mettre en garde contre tous ceux qui font commerce de nos identit\u00e9s, de nos choix, de nos pr\u00e9f\u00e9rences, de notre g\u00e9olocalisation, de notre vie.<\/p>\n<p>Je le r\u00e9p\u00e8te, refuser cette marchandisation est consensuel. Le combat de ceux qui se consacrent \u00e0 cette t\u00e2che est tr\u00e8s respectable, m\u00eame si certains semblent avoir une attitude plus molle \u00e0 ce sujet.<\/p>\n<p>Il n\u2019emp\u00eache, il est bien difficile de prot\u00e9ger les individus contre eux-m\u00eames. L\u2019argument avanc\u00e9 de mani\u00e8re g\u00e9n\u00e9rale, par la\u00a0<a href=\"http:\/\/www.cnil.fr\/\" target=\"_blank\">CNIL<\/a>\u00a0comme par la\u00a0<a href=\"https:\/\/www.laquadrature.net\/fr\" target=\"_blank\">Quadrature du net<\/a>, comme par beaucoup d\u2019autres avec eux, est celui de la d\u00e9fense et de la pr\u00e9servation de la vie priv\u00e9e. La vie priv\u00e9e\u00a0!<\/p>\n<p>Je vais \u00eatre tr\u00e8s clair\u00a0:\u00a0<strong>parler de vie priv\u00e9e \u00e0 des adolescents n\u2019a pas le moindre sens\u00a0!<\/strong><\/p>\n<p>Si je voulais faire un bon mot, je dirais que, pour eux, la vie priv\u00e9e est une vie priv\u00e9e\u2026 de tout.<\/p>\n<p>Faut-il rappeler qu\u2019\u00eatre adolescent, c\u2019est faire des exp\u00e9riences, c\u2019est oser, c\u2019est\u00a0<strong>prendre des risques<\/strong>\u00a0? Faut-il rappeler qu\u2019\u00eatre adolescent, c\u2019est d\u2019abord prendre un soin et un temps consid\u00e9rables \u00e0 donner de soi\u00a0<strong>une image valorisante<\/strong>, une image physique bien s\u00fbr, mais aussi une image de son identit\u00e9, de ce que l\u2019on est et de ce qu\u2019on repr\u00e9sente, de ce que l\u2019on fait et que tout cela ne peut pas se faire en ligne et sur les r\u00e9seaux sociaux sans ouvrir en grand son intimit\u00e9\u00a0? Faut-il rappeler qu\u2019\u00eatre adolescent, c\u2019est appartenir \u00e0 un ou des groupes dans lesquels, et c\u2019est le corollaire de la proposition pr\u00e9c\u00e9dente, il est d\u2019abord n\u00e9cessaire d\u2019<strong>\u00eatre populaire<\/strong>, et qu\u2019on ne peut \u00eatre populaire si on ne dit pas ce qu\u2019on pense sur tous les sujets, y compris la politique et la religion\u00a0? Faut-il rappeler qu\u2019on n\u2019est pas populaire non plus si on ne donne pas son num\u00e9ro de t\u00e9l\u00e9phone pour \u00e9changer des centaines de textos par jour ou encore qu\u2019on ne partage pas les photos qu\u2019on a faites ou les vid\u00e9os et la musique qu\u2019on a aim\u00e9es\u00a0?<\/p>\n<p>Faut-il rappeler qu\u2019\u00eatre adolescent, c\u2019est justement, soigneusement et m\u00e9thodiquement d\u00e9voiler, donc\u00a0<strong>publier<\/strong>, des \u00e9l\u00e9ments de cette sph\u00e8re intime dont nous, adultes, avons appris qu\u2019on pouvait \u00e0 la fois lui donner des limites et lui donner le nom de \u00ab\u00a0vie priv\u00e9e\u00a0\u00bb\u00a0?<\/p>\n<p>Faut-il rappeler aussi que la plupart des \u00e9tudes, \u00e0 commencer par celles de\u00a0<a href=\"http:\/\/www.frequence-ecoles.org\/accueil\/\" target=\"_blank\">Fr\u00e9quence-\u00c9coles<\/a>, ont montr\u00e9 que, quoi que les adolescents confient aux autres dans ces mondes virtuels, ils le font le plus souvent en toute\u00a0<strong>responsabilit\u00e9<\/strong>\u00a0et en pleine connaissance de cause\u00a0?<\/p>\n<p>Alors bien s\u00fbr, oui, il y a parfois des erreurs, des exc\u00e8s, des outrances qui peuvent faire dommage aux autres, leurs pairs, les parents, leurs professeurs\u2026 Mais cela ne concerne, pour l\u2019essentiel, que les plus jeunes qui n\u2019ont jamais \u00e9t\u00e9 accompagn\u00e9s par quiconque, \u00e0 la maison ou \u00e0 l\u2019\u00e9cole.<\/p>\n<p><strong>Accompagner\u00a0?<\/strong>\u00a0Quel joli mot\u00a0! L\u2019enjeu, c\u2019est bien de tenir la main des jeunes internautes dans leur appropriation des mondes num\u00e9riques, de b\u00e2tir avec eux les r\u00e8gles du jeu sous la forme d\u2019une\u00a0<a href=\"http:\/\/fr.wikipedia.org\/wiki\/N%C3%A9tiquette\" target=\"_blank\">n\u00e9tiquette<\/a>\u00a0renouvel\u00e9e. L\u2019enjeu, c\u2019est aussi de comprendre avec eux les cons\u00e9quences de la lib\u00e9ration de donn\u00e9es ou d\u2019informations personnelles plut\u00f4t que de ressasser les vieilles antiennes d\u2019une morale absconse ou d\u2019utiliser des mod\u00e8les, comme celui de la vie priv\u00e9e, vides de tout sens pour eux.<\/p>\n<p>Car la p\u00e9dagogie, \u00e7a consiste d\u2019abord \u00e0 s\u2019adresser aux autres, aux jeunes en particulier, avec des mots qu\u2019ils comprennent.<\/p>\n<p>Michel Guillou\u00a0<a href=\"https:\/\/twitter.com\/michelguillou\" target=\"_blank\">@michelguillou<\/a><\/p>\n<p><a href=\"http:\/\/creativecommons.org\/licenses\/by-nc-sa\/2.0\/fr\/\" target=\"_blank\"><img loading=\"lazy\" decoding=\"async\" src=\"http:\/\/i.creativecommons.org\/l\/by-nc-sa\/2.0\/fr\/80x15.png\" alt=\"image\" width=\"80\" height=\"15\" \/><\/a><\/p>\n<p>Cr\u00e9dit photo\u00a0:\u00a0<a href=\"http:\/\/www.flickr.com\/photos\/saltatempo\/171556686\/\" target=\"_blank\">Saltatempo<\/a>\u00a0via\u00a0<a href=\"http:\/\/photopin.com\/\" target=\"_blank\">photopin<\/a>\u00a0<a href=\"http:\/\/creativecommons.org\/licenses\/by-nc\/2.0\/\" target=\"_blank\">cc<\/a><\/p>\n<p>[cite]<\/p>\n","protected":false},"excerpt":{"rendered":"<p style=\"text-align: center;\"><a href=\"http:\/\/www.culture-numerique.fr\/wp-content\/uploads\/2014\/04\/medium_171556686.jpg\"><img loading=\"lazy\" decoding=\"async\" class=\" wp-image-214 aligncenter\" src=\"http:\/\/www.culture-numerique.fr\/wp-content\/uploads\/2014\/04\/medium_171556686.jpg\" alt=\"Cage\" width=\"823\" height=\"617\" srcset=\"https:\/\/www.culture-numerique.fr\/wp-content\/uploads\/2014\/04\/medium_171556686.jpg 500w, https:\/\/www.culture-numerique.fr\/wp-content\/uploads\/2014\/04\/medium_171556686-300x225.jpg 300w, https:\/\/www.culture-numerique.fr\/wp-content\/uploads\/2014\/04\/medium_171556686-100x75.jpg 100w, https:\/\/www.culture-numerique.fr\/wp-content\/uploads\/2014\/04\/medium_171556686-150x112.jpg 150w, https:\/\/www.culture-numerique.fr\/wp-content\/uploads\/2014\/04\/medium_171556686-200x150.jpg 200w, https:\/\/www.culture-numerique.fr\/wp-content\/uploads\/2014\/04\/medium_171556686-450x337.jpg 450w\" sizes=\"auto, (max-width: 823px) 100vw, 823px\" \/><\/a><\/p>\n<p><strong>Qui n\u2019a pas sa petite \u00e9ducation aux m\u00e9dias\u00a0?\u00a0<\/strong>Toutes les institutions s\u2019y mettent.\u00a0C\u2019est le sujet du moment.<\/p>\n<p>Le minist\u00e8re de l\u2019\u00e9ducation soi-m\u00eame,\u00a0<em>a priori<\/em>\u00a0la plus concern\u00e9e d\u2019entre elles sur le sujet,<\/p>\n<p><span class=\"ellipsis\">&hellip;<\/span><\/p>\n<div class=\"read-more\"><a href=\"https:\/\/www.culture-numerique.fr\/?p=213\">Lire la suite &#8250;<\/a><\/div>\n<p><!-- end of .read-more --><\/p>\n","protected":false},"author":1,"featured_media":214,"comment_status":"open","ping_status":"open","sticky":false,"template":"","format":"standard","meta":{"jetpack_post_was_ever_published":false,"_jetpack_newsletter_access":"","_jetpack_dont_email_post_to_subs":false,"_jetpack_newsletter_tier_id":0,"_jetpack_memberships_contains_paywalled_content":false,"_jetpack_memberships_contains_paid_content":false,"footnotes":""},"categories":[9],"tags":[129,128,141,111,114,127,142,143,140,45],"class_list":["post-213","post","type-post","status-publish","format-standard","has-post-thumbnail","hentry","category-billets-dhumeur","tag-cnil","tag-csa","tag-donnees-personnelles","tag-education-aux-medias","tag-education-numerique","tag-hadopi","tag-informations-personnelles","tag-morale","tag-pierre-lescure","tag-vie-privee"],"jetpack_featured_media_url":"https:\/\/www.culture-numerique.fr\/wp-content\/uploads\/2014\/04\/medium_171556686.jpg","jetpack_sharing_enabled":true,"_links":{"self":[{"href":"https:\/\/www.culture-numerique.fr\/index.php?rest_route=\/wp\/v2\/posts\/213","targetHints":{"allow":["GET"]}}],"collection":[{"href":"https:\/\/www.culture-numerique.fr\/index.php?rest_route=\/wp\/v2\/posts"}],"about":[{"href":"https:\/\/www.culture-numerique.fr\/index.php?rest_route=\/wp\/v2\/types\/post"}],"author":[{"embeddable":true,"href":"https:\/\/www.culture-numerique.fr\/index.php?rest_route=\/wp\/v2\/users\/1"}],"replies":[{"embeddable":true,"href":"https:\/\/www.culture-numerique.fr\/index.php?rest_route=%2Fwp%2Fv2%2Fcomments&post=213"}],"version-history":[{"count":6,"href":"https:\/\/www.culture-numerique.fr\/index.php?rest_route=\/wp\/v2\/posts\/213\/revisions"}],"predecessor-version":[{"id":5232,"href":"https:\/\/www.culture-numerique.fr\/index.php?rest_route=\/wp\/v2\/posts\/213\/revisions\/5232"}],"wp:featuredmedia":[{"embeddable":true,"href":"https:\/\/www.culture-numerique.fr\/index.php?rest_route=\/wp\/v2\/media\/214"}],"wp:attachment":[{"href":"https:\/\/www.culture-numerique.fr\/index.php?rest_route=%2Fwp%2Fv2%2Fmedia&parent=213"}],"wp:term":[{"taxonomy":"category","embeddable":true,"href":"https:\/\/www.culture-numerique.fr\/index.php?rest_route=%2Fwp%2Fv2%2Fcategories&post=213"},{"taxonomy":"post_tag","embeddable":true,"href":"https:\/\/www.culture-numerique.fr\/index.php?rest_route=%2Fwp%2Fv2%2Ftags&post=213"}],"curies":[{"name":"wp","href":"https:\/\/api.w.org\/{rel}","templated":true}]}}