{"id":2077,"date":"2014-11-06T12:49:12","date_gmt":"2014-11-06T10:49:12","guid":{"rendered":"http:\/\/www.culture-numerique.fr\/?p=2077"},"modified":"2016-10-21T17:39:23","modified_gmt":"2016-10-21T15:39:23","slug":"lanimation-sociale-academique-reste-toujours-bien-pauvre-centrale-et-verticale","status":"publish","type":"post","link":"https:\/\/www.culture-numerique.fr\/?p=2077","title":{"rendered":"L&rsquo;animation sociale acad\u00e9mique reste toujours bien pauvre, centrale et verticale"},"content":{"rendered":"<p><a href=\"http:\/\/www.culture-numerique.fr\/wp-content\/uploads\/2014\/10\/large_6983321694.jpg\"><img loading=\"lazy\" decoding=\"async\" class=\"size-full wp-image-1959 aligncenter\" src=\"http:\/\/www.culture-numerique.fr\/wp-content\/uploads\/2014\/10\/large_6983321694.jpg\" alt=\"Escalier\" width=\"1024\" height=\"683\" srcset=\"https:\/\/www.culture-numerique.fr\/wp-content\/uploads\/2014\/10\/large_6983321694.jpg 1024w, https:\/\/www.culture-numerique.fr\/wp-content\/uploads\/2014\/10\/large_6983321694-300x200.jpg 300w, https:\/\/www.culture-numerique.fr\/wp-content\/uploads\/2014\/10\/large_6983321694-100x66.jpg 100w, https:\/\/www.culture-numerique.fr\/wp-content\/uploads\/2014\/10\/large_6983321694-150x100.jpg 150w, https:\/\/www.culture-numerique.fr\/wp-content\/uploads\/2014\/10\/large_6983321694-200x133.jpg 200w, https:\/\/www.culture-numerique.fr\/wp-content\/uploads\/2014\/10\/large_6983321694-450x300.jpg 450w, https:\/\/www.culture-numerique.fr\/wp-content\/uploads\/2014\/10\/large_6983321694-600x400.jpg 600w, https:\/\/www.culture-numerique.fr\/wp-content\/uploads\/2014\/10\/large_6983321694-900x600.jpg 900w\" sizes=\"auto, (max-width: 1024px) 100vw, 1024px\" \/><\/a><\/p>\n<p><strong>Voil\u00e0 plus de deux ans<\/strong>, je m&rsquo;interrogeais sur les strat\u00e9gies institutionnelles en mati\u00e8re d&rsquo;utilisation des r\u00e9seaux sociaux, Twitter en particulier (1). Une mani\u00e8re sans doute pour moi d&rsquo;observer ces strat\u00e9gies de communication et de mesurer les progr\u00e8s et les adaptations li\u00e9s au num\u00e9rique. Les gazouillis acad\u00e9miques autant que minist\u00e9riels ne commen\u00e7aient alors qu&rsquo;\u00e0 peine \u00e0 se faire entendre dans une twittosph\u00e8re qui bruissait d\u00e9j\u00e0 de l&rsquo;activit\u00e9 g\u00e9n\u00e9reuse et de la veille de nombreux professeurs et autres acteurs de l&rsquo;\u00e9cole, \u00e0 travers les <a href=\"http:\/\/twittclasses.fr\/\" target=\"_blank\">Twittclasses<\/a>, par exemple.<\/p>\n<p>D\u00e9j\u00e0, \u00e0 cette \u00e9poque, j&rsquo;avais not\u00e9 la petite avance prise par le minist\u00e8re, ses services de communication bien s\u00fbr. \u00c0\u00a0l&rsquo;\u00e9poque,\u00a0<a href=\"https:\/\/twitter.com\/educationfrance\" target=\"_blank\">@educationfrance<\/a> \u00e9tait lu par <strong>un peu plus de 88\u00a0000 abonn\u00e9s<\/strong> mais ne s&rsquo;\u00e9tait abonn\u00e9 lui-m\u00eame qu&rsquo;\u00e0 <strong>85 comptes<\/strong>, tous comptes des grands corps de l&rsquo;\u00c9tat\u2026<\/p>\n<blockquote><p>\u00ab\u00a0Le minist\u00e8re ne s\u2019est abonn\u00e9 \u00e0 aucun compte individuel ou collectif hors institution. Aucun personnel de la maison, technicien, professeur ou m\u00eame recteur, aucun \u00e9l\u00e8ve, aucun syndicat, aucune association travaillant dans le champ de l\u2019\u00e9ducation \u00a0n\u2019a donc droit de faire partie du gotha. Ni le ministre ni m\u00eame l\u2019obscur communicant qui \u0153uvre \u00e0 nourrir ce fil d\u2019information officiel n\u2019acc\u00e8dent, \u00e0 aucun moment, aux nombreuses et riches contributions de la base, aux projets de classe, aux questions ou interpellations directes, aux bonnes id\u00e9es du terrain, aux simples commentaires.\u00a0\u00bb<\/p><\/blockquote>\n<h3><strong>Aujourd&rsquo;hui, qu&rsquo;en est-il\u00a0?<\/strong><\/h3>\n<p><a href=\"http:\/\/www.culture-numerique.fr\/wp-content\/uploads\/2014\/04\/medium_2247085531.jpg\"><img loading=\"lazy\" decoding=\"async\" class=\"size-medium wp-image-482 alignright\" src=\"http:\/\/www.culture-numerique.fr\/wp-content\/uploads\/2014\/04\/medium_2247085531-300x186.jpg\" alt=\"M\u00e9sange\" width=\"300\" height=\"186\" srcset=\"https:\/\/www.culture-numerique.fr\/wp-content\/uploads\/2014\/04\/medium_2247085531-300x186.jpg 300w, https:\/\/www.culture-numerique.fr\/wp-content\/uploads\/2014\/04\/medium_2247085531-100x62.jpg 100w, https:\/\/www.culture-numerique.fr\/wp-content\/uploads\/2014\/04\/medium_2247085531-150x93.jpg 150w, https:\/\/www.culture-numerique.fr\/wp-content\/uploads\/2014\/04\/medium_2247085531-200x124.jpg 200w, https:\/\/www.culture-numerique.fr\/wp-content\/uploads\/2014\/04\/medium_2247085531-450x279.jpg 450w, https:\/\/www.culture-numerique.fr\/wp-content\/uploads\/2014\/04\/medium_2247085531-600x373.jpg 600w, https:\/\/www.culture-numerique.fr\/wp-content\/uploads\/2014\/04\/medium_2247085531.jpg 640w\" sizes=\"auto, (max-width: 300px) 100vw, 300px\" \/><\/a>Le nombre d&rsquo;abonn\u00e9s \u00e0 cru de mani\u00e8re tr\u00e8s importante, <strong>atteignant plus de 237\u00a0000<\/strong>. En revanche, la communication minist\u00e9rielle n&rsquo;a daign\u00e9 s&rsquo;abonner elle-m\u00eame qu&rsquo;\u00e0 <strong>200 comptes<\/strong>, tr\u00e8s exactement, liste dans laquelle, au-del\u00e0\u00a0des grands corps internes ou externes d\u00e9j\u00e0 not\u00e9s, on observe la pr\u00e9sence de quelques associations partenaires ou m\u00eame de quelques personnalit\u00e9s, la ministre bien s\u00fbr mais aussi la directrice g\u00e9n\u00e9rale de l&rsquo;enseignement scolaire et le directeur des syst\u00e8mes d&rsquo;information\u00a0du minist\u00e8re. Mais toujours aucun recteur\u00a0! La directrice du num\u00e9rique pour l&rsquo;\u00c9ducation elle-m\u00eame n&rsquo;en fait pas partie. Nouveaut\u00e9\u00a0! sont pr\u00e9sentes dans cet ar\u00e9opage deux comptes de classes du premier degr\u00e9\u00a0:\u00a0<a href=\"https:\/\/twitter.com\/CE1_CE2_gaujacq\" target=\"_blank\">@CE1_CE2_gaujacq<\/a> et\u00a0<a href=\"https:\/\/twitter.com\/classe_N1000\" target=\"_blank\">@classe_N1000<\/a>. Pourquoi seulement celles-l\u00e0\u00a0? Allez savoir\u00a0!<\/p>\n<p><strong>C&rsquo;est dommage et assez symptomatique d&rsquo;une certaine mani\u00e8re de concevoir la communication, \u00e0 la mani\u00e8re du si\u00e8cle dernier. Cette derni\u00e8re est pens\u00e9e d&rsquo;en haut et d\u00e9livr\u00e9e au peuple qui doit s&rsquo;en nourrir<\/strong>. Et \u00e9ventuellement participer \u00e0 sa diffusion.<\/p>\n<p>Une communication d&rsquo;un autre \u00e2ge qui ferait comme si le num\u00e9rique n&rsquo;\u00e9tait pass\u00e9 par l\u00e0\u2026 Passe encore que le web et ses prolongements archa\u00efques que constituent les lettres d&rsquo;information ou \u00ab\u00a0newsletters\u00a0\u00bb s&rsquo;accommodent de ce style de communication centralis\u00e9e mais il conviendrait d&rsquo;expliquer \u00e0 ceux qui s&rsquo;en chargent que les r\u00e9seaux sociaux mettent justement en \u0153uvre <strong>la fameuse horizontalit\u00e9 r\u00e9ticulaire<\/strong> si ch\u00e8re \u00e0 certains Cristoliens amis et si propice aux \u00e9changes de ce mill\u00e9naire\u00a0! Les m\u00e9dias ont commenc\u00e9 \u00e0 le comprendre, c&rsquo;est \u00e9conomiquement vital pour eux, il conviendrait maintenant que l&rsquo;\u00e9cole et ses institutions s&rsquo;y mettent aussi.<\/p>\n<p>Il y a pourtant tellement de bonnes et <strong>belles id\u00e9es qui \u00e9manent du troupeau des cadres, des enseignants ou qui sont \u00e9mises par les \u00e9l\u00e8ves eux-m\u00eames<\/strong>, dans ou hors le cadre de la classe et qui m\u00e9riteraient d&rsquo;\u00eatre questionn\u00e9es, retweet\u00e9es et ainsi valoris\u00e9es\u00a0! Par ailleurs, en s&rsquo;abonnant massivement \u00e0 tous ceux des abonn\u00e9s qui affichent leur identit\u00e9 de professeur ou de parent ou d&rsquo;\u00e9l\u00e8ve\u2026, le minist\u00e8re pourrait utilement constituer des listes (de professeurs de math\u00e9matiques, de musique&#8230;, de CM2&#8230;, d&rsquo;inspecteurs d&rsquo;anglais\u2026, que sais-je encore\u00a0?) qui pourraient \u00e0 la fois contribuer \u00e0 stimuler les \u00e9changes et servir\u00a0\u00e0 tout le monde pour faire un peu de tri dans les \u00ab\u00a0timelines\u00a0\u00bb, par exemple.<\/p>\n<p>\u00c0 noter la cr\u00e9ation r\u00e9cente, en juillet dernier, du profil <a href=\"https:\/\/twitter.com\/edu_num\" target=\"_blank\">@edu_num<\/a>, compte officiel de la DNE, direction du num\u00e9rique \u00e9ducatif, qui compte d\u00e9j\u00e0 2\u00a0288 abonn\u00e9s.<\/p>\n<h3><strong>Quid du c\u00f4t\u00e9 des acad\u00e9mies\u00a0?<\/strong><\/h3>\n<p>En 2012, un certain nombre d&rsquo;acad\u00e9mies,\u00a0Aix-Marseille, Amiens, Cr\u00e9teil, la Guadeloupe, Limoges, Lyon, Mayotte, Nancy-Metz, Orl\u00e9ans-Tours et Reims n&rsquo;avaient pas encore leur compte Twitter. Deux ans plus tard, Cr\u00e9teil, Nancy-Metz et Reims se sont lanc\u00e9es dans l&rsquo;aventure comme on dit, et plut\u00f4t de belle mani\u00e8re. Limoges a publi\u00e9 deux (2\u00a0!) tweets mais s&rsquo;est cr\u00e9\u00e9 un compte prot\u00e9g\u00e9\u00a0! Un comble\u00a0! Sans autre commentaire.<\/p>\n<p>Mais le plus incroyable, c&rsquo;est que d&rsquo;aussi grandes acad\u00e9mies qu&rsquo;Aix-Marseille, Lyon et Orl\u00e9ans-Tours, et, dans une moindre mesure, Amiens, la Guadeloupe et Mayotte, ne se sont toujours pas engag\u00e9es dans l&rsquo;animation de leur acad\u00e9mie sur les r\u00e9seaux sociaux\u00a0! Attendent-elles 2020\u00a0?<\/p>\n<h3><strong>Quelle information produire\u00a0?<\/strong><\/h3>\n<p>Il ne faut pas s&rsquo;attendre \u00e0 des miracles. De mani\u00e8re tr\u00e8s scrupuleuse, les charg\u00e9s de communication \u00e0 qui on a confi\u00e9 la mission d&rsquo;utiliser Twitter pour\u00a0faire vivre les comptes ainsi cr\u00e9\u00e9s dans les 25 acad\u00e9mies reproduisent tr\u00e8s exactement les mod\u00e8les minist\u00e9riels. Des consignes ont-elles \u00e9t\u00e9 donn\u00e9es\u00a0?\u00a0Un stage organis\u00e9\u00a0?\u00a0Ainsi, par exemple, tout r\u00e9cemment, Besan\u00e7on\u00a0:<\/p>\n<blockquote class=\"twitter-tweet\" data-width=\"550\" data-dnt=\"true\">\n<p lang=\"fr\" dir=\"ltr\">Retrouvez toutes les dates d&#39;inscriptions aux examens <a href=\"http:\/\/t.co\/NQk9gBb76d\">http:\/\/t.co\/NQk9gBb76d<\/a><\/p>\n<p>&mdash; Acad\u00e9mie de Besan\u00e7on (@acbesancon) <a href=\"https:\/\/twitter.com\/acbesancon\/status\/519127866987257856?ref_src=twsrc%5Etfw\">October 6, 2014<\/a><\/p><\/blockquote>\n<p><script async src=\"https:\/\/platform.twitter.com\/widgets.js\" charset=\"utf-8\"><\/script><\/p>\n<p>Ces tweets strictement informatifs et utilitaires constituent l&rsquo;essentiel des productions acad\u00e9miques. On informe sur<strong> les dates, les \u00e9v\u00e9nements, les vacances, la rentr\u00e9e, les gr\u00e8ves, les \u00e9v\u00e9nements climatiques<\/strong>\u2026 De m\u00eame, <strong>l&rsquo;agenda du recteur<\/strong> est strictement reproduit, m\u00eame quand son activit\u00e9 n&rsquo;a que peu de rapport avec la mission qui lui a \u00e9t\u00e9 confi\u00e9e. Ainsi, \u00e0 Dijon, tout r\u00e9cemment\u00a0:<\/p>\n<blockquote class=\"twitter-tweet\" data-width=\"550\" data-dnt=\"true\">\n<p lang=\"fr\" dir=\"ltr\">Le recteur s&#39;est rendu ce matin \u00e0 l&#39;inauguration de la foire gastronomique ! <a href=\"http:\/\/t.co\/nck3WP0FkL\">pic.twitter.com\/nck3WP0FkL<\/a><\/p>\n<p>&mdash; Acad\u00e9mie de Dijon (@AcademieDijon) <a href=\"https:\/\/twitter.com\/AcademieDijon\/status\/528177760158883840?ref_src=twsrc%5Etfw\">October 31, 2014<\/a><\/p><\/blockquote>\n<p><script async src=\"https:\/\/platform.twitter.com\/widgets.js\" charset=\"utf-8\"><\/script><\/p>\n<p>Plus rarement, beaucoup plus rarement, sont mises en valeurs, quelquefois avec des photographies jointes, <strong>les activit\u00e9s des classes<\/strong> \u00e0 l&rsquo;occasion de sorties, comme ci-dessous en Guyane, ou lors des rencontres sportives ou des remises de r\u00e9compenses\u00a0:<\/p>\n<blockquote class=\"twitter-tweet\" data-width=\"550\" data-dnt=\"true\">\n<p lang=\"fr\" dir=\"ltr\"><a href=\"https:\/\/twitter.com\/hashtag\/SuivezLesEtabs?src=hash&amp;ref_src=twsrc%5Etfw\">#SuivezLesEtabs<\/a> &gt; Premi\u00e8re session Kayak 2014 [Coll\u00e8ge Lise Ophion] <a href=\"http:\/\/t.co\/9hWaZweEsT\">pic.twitter.com\/9hWaZweEsT<\/a><\/p>\n<p>&mdash; Acad\u00e9mie de Guyane (@acguyane) <a href=\"https:\/\/twitter.com\/acguyane\/status\/527120794418429952?ref_src=twsrc%5Etfw\">October 28, 2014<\/a><\/p><\/blockquote>\n<p><script async src=\"https:\/\/platform.twitter.com\/widgets.js\" charset=\"utf-8\"><\/script><\/p>\n<p>\u00c0 noter l&rsquo;utilisation par le r\u00e9dacteur du tweet ci-dessus du mot-balise ou \u00ab\u00a0hashtag\u00a0\u00bb <strong>#SuivezLesEtabs<\/strong> qui semble assez bien t\u00e9moigner de la volont\u00e9 guyanaise de mettre en valeur <strong>le travail des classes<\/strong>. C&rsquo;est la coutume l\u00e0-bas et c&rsquo;est tr\u00e8s bien ainsi\u2026 Mais cette volont\u00e9 est tr\u00e8s loin d&rsquo;\u00eatre partag\u00e9e en m\u00e9tropole.<\/p>\n<p>Pour ce qui concerne les republications ou retweets, il ne faut pas l\u00e0 non plus, s&rsquo;attendre \u00e0 des miracles. On se contente de retweeter les productions des Canop\u00e9 locaux, de l&rsquo;ESP\u00c9 du coin, du minist\u00e8re bien s\u00fbr, de la collectivit\u00e9 territoriale parfois et c&rsquo;est tout\u00a0! Je n&rsquo;ai pas lu bien s\u00fbr l&rsquo;ensemble des 17\u00a0000 tweets produits par les acad\u00e9mies mais il ne m&rsquo;a pas sembl\u00e9 <strong>qu&rsquo;on ait jamais reproduit un tweet \u00e9crit par un professeur<\/strong>, un chef d&rsquo;\u00e9tablissement, un inspecteur&#8230;<\/p>\n<p>J&rsquo;avais not\u00e9, en 2012, qu&rsquo;\u00e0 Paris, contrairement aux pratiques g\u00e9n\u00e9ralement observ\u00e9es, celle ou celui qui animait le fil Twitter parisien prenait la peine, non seulement de lier le\u00a0compte acad\u00e9mique en retour des nouveaux abonnements, mais encore de <strong>r\u00e9pondre aux questions pos\u00e9es<\/strong>. Manifestement, c&rsquo;est tr\u00e8s loin d&rsquo;\u00eatre une attitude partag\u00e9e. On ne condescend pas, dans ces milieux-l\u00e0, figurez-vous, \u00e0 r\u00e9pondre aux questions des abonn\u00e9s\u00a0ni m\u00eame \u00e0 interagir avec eux. Sauf peut-\u00eatre, de mani\u00e8re tr\u00e8s exceptionnelle, \u00e0 la R\u00e9union\u00a0:<\/p>\n<blockquote class=\"twitter-tweet\" data-width=\"550\" data-dnt=\"true\">\n<p lang=\"fr\" dir=\"ltr\">@DelphineFalmet Bonjour, votre demande est transmise \u00e0 la d\u00e9l\u00e9gation acad\u00e9mique au num\u00e9rique \u00e9ducatif et \u00e0 Canop\u00e9 R\u00e9union.<\/p>\n<p>&mdash; Acad\u00e9mie de La R\u00e9union (@AcLaReunion) <a href=\"https:\/\/twitter.com\/AcLaReunion\/status\/524894112412344320?ref_src=twsrc%5Etfw\">October 22, 2014<\/a><\/p><\/blockquote>\n<p><script async src=\"https:\/\/platform.twitter.com\/widgets.js\" charset=\"utf-8\"><\/script><\/p>\n<h3><strong>Un bilan quantitatif\u2026 mais pas seulement\u2026<\/strong><\/h3>\n<p>Indiscutablement, certaines acad\u00e9mies sont actives et mettent du c\u0153ur \u00e0 l&rsquo;ouvrage. Elles produisent beaucoup d&rsquo;informations de qualit\u00e9 et ont de tr\u00e8s nombreux abonn\u00e9s ou \u00ab\u00a0followers\u00a0\u00bb, <strong>les deux faits \u00e9tant \u00e9videmment li\u00e9s<\/strong>. C&rsquo;\u00e9tait d\u00e9j\u00e0 le cas en 2012 avec\u00a0Nantes, Guyane, Besan\u00e7on, Paris, Poitiers, Versailles et Rouen. Il convient aujourd&rsquo;hui d&rsquo;ajouter \u00e0 cette liste Nice, Cr\u00e9teil et Reims qui ont toutes produit plus de 1\u00a0000 tweets et d&rsquo;en retirer Besan\u00e7on dont l&rsquo;activit\u00e9 s&rsquo;est un peu essouffl\u00e9e, malgr\u00e9 ses plus de 3\u00a0000 abonn\u00e9s.<\/p>\n<p>L&rsquo;acad\u00e9mie de Paris, qui ne\u00a0\u00a0p\u00e8se que moins de 3\u00a0% de la population scolaire totale, <strong>recueille d\u00e9j\u00e0 pr\u00e8s de 10\u00a0000 abonn\u00e9s<\/strong>, chiffre assez consid\u00e9rable. Cette acad\u00e9mie, je le r\u00e9p\u00e8te, au-del\u00e0 son\u00a0activit\u00e9 qualitative qui peut l\u00e9gitimement \u00eatre qualifi\u00e9e d&rsquo;animation de la communaut\u00e9 \u00e9ducative, s&rsquo;est elle-m\u00eame abonn\u00e9e \u00e0 plus de 5\u00a0000 comptes, et ce depuis seulement moins de 3 ans.<\/p>\n<p><img loading=\"lazy\" decoding=\"async\" class=\"aligncenter size-full wp-image-2099\" src=\"http:\/\/www.culture-numerique.fr\/wp-content\/uploads\/2014\/11\/2014-11-05_001539.jpg\" alt=\"Abonn\u00e9s-Abonnements\" width=\"708\" height=\"440\" srcset=\"https:\/\/www.culture-numerique.fr\/wp-content\/uploads\/2014\/11\/2014-11-05_001539.jpg 708w, https:\/\/www.culture-numerique.fr\/wp-content\/uploads\/2014\/11\/2014-11-05_001539-300x186.jpg 300w, https:\/\/www.culture-numerique.fr\/wp-content\/uploads\/2014\/11\/2014-11-05_001539-100x62.jpg 100w, https:\/\/www.culture-numerique.fr\/wp-content\/uploads\/2014\/11\/2014-11-05_001539-150x93.jpg 150w, https:\/\/www.culture-numerique.fr\/wp-content\/uploads\/2014\/11\/2014-11-05_001539-200x124.jpg 200w, https:\/\/www.culture-numerique.fr\/wp-content\/uploads\/2014\/11\/2014-11-05_001539-450x279.jpg 450w, https:\/\/www.culture-numerique.fr\/wp-content\/uploads\/2014\/11\/2014-11-05_001539-600x372.jpg 600w\" sizes=\"auto, (max-width: 708px) 100vw, 708px\" \/><\/p>\n<p>Pour ce qui concerne le nombre de tweets, voir ci-dessous, c&rsquo;est Versailles qui tient le haut du pav\u00e9 avec largement plus de 6\u00a0000 tweets en plus de 5 ans. Apr\u00e8s tout, rien que de plus normal, Versailles est la plus grosse acad\u00e9mie de France, soit plus de 9 % de la population scolaire totale.<\/p>\n<p>En revanche, l&rsquo;acad\u00e9mie de Clermont-Ferrand r\u00e9ussit l&rsquo;exploit d&rsquo;avoir 667 abonn\u00e9s alors qu&rsquo;<strong>on attend encore son premier tweet<\/strong>\u00a0! De mani\u00e8re plus g\u00e9n\u00e9rale, il convient d&rsquo;observer que moins de 200 tweets sont sortis des machines de Strasbourg, Montpellier, Rennes, Corse, Grenoble, Lille, la R\u00e9union, la Martinique et bien s\u00fbr Clermont-Ferrand, alors que les comptes ont \u00e9t\u00e9 cr\u00e9\u00e9s depuis belle lurette, la plupart d&rsquo;entre eux en 2009. <strong>C&rsquo;est vraiment tr\u00e8s peu<\/strong>, eu \u00e9gard au\u00a0nombre parfois important d&rsquo;abonn\u00e9s qui attendent et esp\u00e8rent des informations.<\/p>\n<p>Ainsi, \u00e0 Montpellier et Strasbourg, plus de 3\u00a0400 abonn\u00e9s ont vu passer en 5 ans environ 150 tweets, soit moins d&rsquo;une information par semaine. C&rsquo;est franchement mis\u00e9rable\u00a0!<\/p>\n<p><a href=\"http:\/\/www.culture-numerique.fr\/wp-content\/uploads\/2014\/11\/2014-11-05_001456.jpg\"><img loading=\"lazy\" decoding=\"async\" class=\"aligncenter size-full wp-image-2100\" src=\"http:\/\/www.culture-numerique.fr\/wp-content\/uploads\/2014\/11\/2014-11-05_001456.jpg\" alt=\"Tweets\" width=\"715\" height=\"275\" srcset=\"https:\/\/www.culture-numerique.fr\/wp-content\/uploads\/2014\/11\/2014-11-05_001456.jpg 715w, https:\/\/www.culture-numerique.fr\/wp-content\/uploads\/2014\/11\/2014-11-05_001456-300x115.jpg 300w, https:\/\/www.culture-numerique.fr\/wp-content\/uploads\/2014\/11\/2014-11-05_001456-100x38.jpg 100w, https:\/\/www.culture-numerique.fr\/wp-content\/uploads\/2014\/11\/2014-11-05_001456-150x57.jpg 150w, https:\/\/www.culture-numerique.fr\/wp-content\/uploads\/2014\/11\/2014-11-05_001456-200x76.jpg 200w, https:\/\/www.culture-numerique.fr\/wp-content\/uploads\/2014\/11\/2014-11-05_001456-450x173.jpg 450w, https:\/\/www.culture-numerique.fr\/wp-content\/uploads\/2014\/11\/2014-11-05_001456-600x230.jpg 600w\" sizes=\"auto, (max-width: 715px) 100vw, 715px\" \/><\/a><\/p>\n<p>&nbsp;<\/p>\n<blockquote><p>\u00ab\u00a0C\u2019est le pair \u00e0 pair qui va devenir la norme de l\u2019\u00e9change. Si les comptes institutionnels veulent continuer \u00e0 \u00eatre utiles et fonctionnels, <strong>leur culture et leur posture doivent changer<\/strong> pour se mettre au niveau o\u00f9 sont tous les internautes. Il leur est donc indispensable de s\u2019abonner, en retour \u00e0 un abonnement ou pr\u00e9alablement \u00e0 ce dernier, aux comptes des internautes \u00ab\u00a0honn\u00eates\u00a0\u00bb et, sans n\u00e9gliger l\u2019information \u00e9mise par l\u2019institution, de relayer les contenus de qualit\u00e9 qu\u2019ils proposent.\u00a0\u00bb<\/p><\/blockquote>\n<p>C&rsquo;est avec ces mots que je concluais mon billet \u00e0 ce sujet, il y a 2 ans. Je n&rsquo;en retire pas un mot car <strong>rien n&rsquo;a vraiment chang\u00e9<\/strong>. Les acad\u00e9mies, leurs recteurs et leurs services de communication n&rsquo;ont pas pris la juste mesure des profondes modifications et mutations posturales engendr\u00e9es par l&rsquo;immersion de la soci\u00e9t\u00e9 dans le num\u00e9rique. J&rsquo;engageais, il y a peu (2), les cadres p\u00e9dagogiques \u00e0 se lancer\u00a0de mani\u00e8re r\u00e9solue dans l&rsquo;animation des communaut\u00e9s d&rsquo;enseignants dont ils ont la charge. Il va de soi que le mod\u00e8le est le m\u00eame pour les chefs d&rsquo;\u00e9tablissements, les cadres administratifs des services d\u00e9partementaux et acad\u00e9miques, le recteur au premier chef. Le num\u00e9rique va contraindre tous ces gens-l\u00e0 \u00e0 se muer en animateurs\u00a0\u2014\u00a0oh\u00a0! c&rsquo;est une mission qu&rsquo;ils vont peut-\u00eatre d\u00e9l\u00e9guer, dans un premier temps, avec de solides consignes\u00a0\u2014 des communaut\u00e9s \u00e9ducatives, dans toutes leur diversit\u00e9, professeurs bien s\u00fbr, parents, \u00e9l\u00e8ves mais encore techniciens, cadres administratifs et p\u00e9dagogiques, agents de service\u2026<\/p>\n<p>C&rsquo;est le parti pris par certains recteurs aujourd&rsquo;hui sur Twitter, <a href=\"https:\/\/twitter.com\/DuwoyePy\" target=\"_blank\">Pierre-Yves Duwoye<\/a> pour l&rsquo;acad\u00e9mie de Versailles ou <a href=\"https:\/\/twitter.com\/FrancoisWeil\" target=\"_blank\">Fran\u00e7ois Weil<\/a> pour l&rsquo;acad\u00e9mie de Paris, de mani\u00e8re encore bien timide puisqu&rsquo;ils se contentent g\u00e9n\u00e9ralement de retweets. C\u00f4t\u00e9 num\u00e9rique, certains d\u00e9l\u00e9gu\u00e9s acad\u00e9miques ont cr\u00e9\u00e9 un compte pour eux-m\u00eames ou pour leur service\u00a0: c&rsquo;est le cas \u00e0 Nice avec\u00a0<a href=\"https:\/\/twitter.com\/dane_acnice\" target=\"_blank\">@dane_acnice<\/a>, \u00e0 Cr\u00e9teil avec <a href=\"https:\/\/twitter.com\/danecreteil\" target=\"_blank\">@danecreteil<\/a>, \u00e0 Orl\u00e9ans-Tours o\u00f9 la DAN soi-m\u00eame a <a href=\"https:\/\/twitter.com\/@pmontrol\" target=\"_blank\">un compte<\/a>.<\/p>\n<p><a href=\"http:\/\/www.culture-numerique.fr\/wp-content\/uploads\/2014\/11\/2014-11-06_012249.jpg\"><img loading=\"lazy\" decoding=\"async\" class=\"alignright size-medium wp-image-2114\" src=\"http:\/\/www.culture-numerique.fr\/wp-content\/uploads\/2014\/11\/2014-11-06_012249-300x199.jpg\" alt=\"Facebook\" width=\"300\" height=\"199\" srcset=\"https:\/\/www.culture-numerique.fr\/wp-content\/uploads\/2014\/11\/2014-11-06_012249-300x199.jpg 300w, https:\/\/www.culture-numerique.fr\/wp-content\/uploads\/2014\/11\/2014-11-06_012249-100x66.jpg 100w, https:\/\/www.culture-numerique.fr\/wp-content\/uploads\/2014\/11\/2014-11-06_012249-150x99.jpg 150w, https:\/\/www.culture-numerique.fr\/wp-content\/uploads\/2014\/11\/2014-11-06_012249-200x132.jpg 200w, https:\/\/www.culture-numerique.fr\/wp-content\/uploads\/2014\/11\/2014-11-06_012249-450x298.jpg 450w, https:\/\/www.culture-numerique.fr\/wp-content\/uploads\/2014\/11\/2014-11-06_012249-600x398.jpg 600w, https:\/\/www.culture-numerique.fr\/wp-content\/uploads\/2014\/11\/2014-11-06_012249.jpg 853w\" sizes=\"auto, (max-width: 300px) 100vw, 300px\" \/><\/a><strong>Mais toutes ces attitudes, si nobles soient-elles, restent \u00e0 la fois encore bien timides et surtout trop peu nombreuses<\/strong>. Il en va de m\u00eame de cet autre r\u00e9seau social, un peu plus compliqu\u00e9 \u00e0 manipuler certes, qu&rsquo;est Facebook, largement utilis\u00e9 par certains m\u00e9dias pour f\u00e9d\u00e9rer sur les pages <em>ad hoc<\/em> la participation des communaut\u00e9s. \u00c0 ma connaissance, on ne compte que quelques rares comptes Facebook acad\u00e9miques dont 4 pages, \u00e0 <a href=\"https:\/\/www.facebook.com\/paris.academie\" target=\"_blank\">Paris<\/a>, <a href=\"https:\/\/www.facebook.com\/acnantes\" target=\"_blank\">Nantes<\/a>, <a href=\"https:\/\/www.facebook.com\/AcademieRouen\" target=\"_blank\">Rouen<\/a> et <a href=\"https:\/\/www.facebook.com\/creteil.academie\" target=\"_blank\">Cr\u00e9teil<\/a>. Dommage\u00a0! car les jeunes, les \u00e9l\u00e8ves y sont bien plus nombreux encore.<\/p>\n<p>Rendez-vous dans deux ans.<\/p>\n<p>Michel Guillou\u00a0<a href=\"https:\/\/twitter.com\/michelguillou\" target=\"_blank\">@michelguillou<\/a><\/p>\n<p><a href=\"http:\/\/creativecommons.org\/licenses\/by-nc-sa\/4.0\/\"><img loading=\"lazy\" decoding=\"async\" class=\"alignleft wp-image-1448 size-full\" src=\"http:\/\/www.culture-numerique.fr\/wp-content\/uploads\/2014\/09\/80x15.png\" alt=\"80x15\" width=\"80\" height=\"15\" \/><\/a><\/p>\n<p>&nbsp;<\/p>\n<p>Cr\u00e9dit photo :\u00a0\u00a0<a href=\"https:\/\/www.flickr.com\/photos\/jrmllvr\/6983321694\/\">jrmllvr<\/a>\u00a0et <a href=\"http:\/\/www.flickr.com\/photos\/ericbegin\/2247085531\/\" target=\"_blank\">Eric B\u00e9gin<\/a>via <a href=\"http:\/\/photopin.com\">photopin<\/a> <a href=\"http:\/\/creativecommons.org\/licenses\/by\/2.0\/\">cc<\/a><\/p>\n<ol>\n<li>Acad\u00e9miques gazouillis <a href=\"http:\/\/www.culture-numerique.fr\/?p=481\" target=\"_blank\">http:\/\/www.culture-numerique.fr\/?p=481<\/a><\/li>\n<li>Inspection p\u00e9dagogique : vers l\u2019animation de communaut\u00e9s en ligne ?\u00a0<a href=\"http:\/\/www.culture-numerique.fr\/?p=1749\" target=\"_blank\">http:\/\/www.culture-numerique.fr\/?p=1749<\/a><\/li>\n<\/ol>\n<p>[cite]<\/p>\n","protected":false},"excerpt":{"rendered":"<p><a href=\"http:\/\/www.culture-numerique.fr\/wp-content\/uploads\/2014\/10\/large_6983321694.jpg\"><img loading=\"lazy\" decoding=\"async\" class=\"size-full wp-image-1959 aligncenter\" src=\"http:\/\/www.culture-numerique.fr\/wp-content\/uploads\/2014\/10\/large_6983321694.jpg\" alt=\"Escalier\" width=\"1024\" height=\"683\" srcset=\"https:\/\/www.culture-numerique.fr\/wp-content\/uploads\/2014\/10\/large_6983321694.jpg 1024w, https:\/\/www.culture-numerique.fr\/wp-content\/uploads\/2014\/10\/large_6983321694-300x200.jpg 300w, https:\/\/www.culture-numerique.fr\/wp-content\/uploads\/2014\/10\/large_6983321694-100x66.jpg 100w, https:\/\/www.culture-numerique.fr\/wp-content\/uploads\/2014\/10\/large_6983321694-150x100.jpg 150w, https:\/\/www.culture-numerique.fr\/wp-content\/uploads\/2014\/10\/large_6983321694-200x133.jpg 200w, https:\/\/www.culture-numerique.fr\/wp-content\/uploads\/2014\/10\/large_6983321694-450x300.jpg 450w, https:\/\/www.culture-numerique.fr\/wp-content\/uploads\/2014\/10\/large_6983321694-600x400.jpg 600w, https:\/\/www.culture-numerique.fr\/wp-content\/uploads\/2014\/10\/large_6983321694-900x600.jpg 900w\" sizes=\"auto, (max-width: 1024px) 100vw, 1024px\" \/><\/a><\/p>\n<p><strong>Voil\u00e0 plus de deux ans<\/strong>, je m&rsquo;interrogeais sur les strat\u00e9gies institutionnelles en mati\u00e8re d&rsquo;utilisation des r\u00e9seaux sociaux, Twitter en particulier (1). Une mani\u00e8re sans doute pour moi d&rsquo;observer ces strat\u00e9gies de communication et de mesurer les progr\u00e8s et les adaptations li\u00e9s au num\u00e9rique.<\/p>\n<p><span class=\"ellipsis\">&hellip;<\/span><\/p>\n<div class=\"read-more\"><a href=\"https:\/\/www.culture-numerique.fr\/?p=2077\">Lire la suite &#8250;<\/a><\/div>\n<p><!-- end of .read-more --><\/p>\n","protected":false},"author":1,"featured_media":1959,"comment_status":"open","ping_status":"open","sticky":false,"template":"","format":"standard","meta":{"jetpack_post_was_ever_published":false,"_jetpack_newsletter_access":"","_jetpack_dont_email_post_to_subs":true,"_jetpack_newsletter_tier_id":0,"_jetpack_memberships_contains_paywalled_content":false,"_jetpack_memberships_contains_paid_content":false,"footnotes":""},"categories":[9,36],"tags":[321,446,479,24,209,85,244],"class_list":["post-2077","post","type-post","status-publish","format-standard","has-post-thumbnail","hentry","category-billets-dhumeur","category-ressources","tag-academies","tag-animation-de-communautes","tag-communication","tag-facebook","tag-information","tag-reseaux-sociaux","tag-twitter"],"jetpack_featured_media_url":"https:\/\/www.culture-numerique.fr\/wp-content\/uploads\/2014\/10\/large_6983321694.jpg","jetpack_sharing_enabled":true,"_links":{"self":[{"href":"https:\/\/www.culture-numerique.fr\/index.php?rest_route=\/wp\/v2\/posts\/2077","targetHints":{"allow":["GET"]}}],"collection":[{"href":"https:\/\/www.culture-numerique.fr\/index.php?rest_route=\/wp\/v2\/posts"}],"about":[{"href":"https:\/\/www.culture-numerique.fr\/index.php?rest_route=\/wp\/v2\/types\/post"}],"author":[{"embeddable":true,"href":"https:\/\/www.culture-numerique.fr\/index.php?rest_route=\/wp\/v2\/users\/1"}],"replies":[{"embeddable":true,"href":"https:\/\/www.culture-numerique.fr\/index.php?rest_route=%2Fwp%2Fv2%2Fcomments&post=2077"}],"version-history":[{"count":41,"href":"https:\/\/www.culture-numerique.fr\/index.php?rest_route=\/wp\/v2\/posts\/2077\/revisions"}],"predecessor-version":[{"id":5478,"href":"https:\/\/www.culture-numerique.fr\/index.php?rest_route=\/wp\/v2\/posts\/2077\/revisions\/5478"}],"wp:featuredmedia":[{"embeddable":true,"href":"https:\/\/www.culture-numerique.fr\/index.php?rest_route=\/wp\/v2\/media\/1959"}],"wp:attachment":[{"href":"https:\/\/www.culture-numerique.fr\/index.php?rest_route=%2Fwp%2Fv2%2Fmedia&parent=2077"}],"wp:term":[{"taxonomy":"category","embeddable":true,"href":"https:\/\/www.culture-numerique.fr\/index.php?rest_route=%2Fwp%2Fv2%2Fcategories&post=2077"},{"taxonomy":"post_tag","embeddable":true,"href":"https:\/\/www.culture-numerique.fr\/index.php?rest_route=%2Fwp%2Fv2%2Ftags&post=2077"}],"curies":[{"name":"wp","href":"https:\/\/api.w.org\/{rel}","templated":true}]}}