{"id":2074,"date":"2014-11-14T11:03:45","date_gmt":"2014-11-14T09:03:45","guid":{"rendered":"http:\/\/www.culture-numerique.fr\/?p=2074"},"modified":"2016-10-30T19:05:07","modified_gmt":"2016-10-30T18:05:07","slug":"un-enieme-plan-numerique-pour-lecole-tardif-opaque-illisible-et-presque-surrealiste","status":"publish","type":"post","link":"https:\/\/www.culture-numerique.fr\/?p=2074","title":{"rendered":"Un \u00e9ni\u00e8me plan num\u00e9rique pour l&rsquo;\u00e9cole\u00a0tardif, opaque, illisible et presque surr\u00e9aliste"},"content":{"rendered":"<p><a href=\"http:\/\/www.culture-numerique.fr\/wp-content\/uploads\/2014\/11\/large_6812481635.jpg\"><img loading=\"lazy\" decoding=\"async\" class=\"aligncenter wp-image-2152\" src=\"http:\/\/www.culture-numerique.fr\/wp-content\/uploads\/2014\/11\/large_6812481635.jpg\" alt=\"large_6812481635\" width=\"813\" height=\"610\" srcset=\"https:\/\/www.culture-numerique.fr\/wp-content\/uploads\/2014\/11\/large_6812481635.jpg 1024w, https:\/\/www.culture-numerique.fr\/wp-content\/uploads\/2014\/11\/large_6812481635-300x225.jpg 300w, https:\/\/www.culture-numerique.fr\/wp-content\/uploads\/2014\/11\/large_6812481635-100x75.jpg 100w, https:\/\/www.culture-numerique.fr\/wp-content\/uploads\/2014\/11\/large_6812481635-150x112.jpg 150w, https:\/\/www.culture-numerique.fr\/wp-content\/uploads\/2014\/11\/large_6812481635-200x150.jpg 200w, https:\/\/www.culture-numerique.fr\/wp-content\/uploads\/2014\/11\/large_6812481635-450x337.jpg 450w, https:\/\/www.culture-numerique.fr\/wp-content\/uploads\/2014\/11\/large_6812481635-600x450.jpg 600w, https:\/\/www.culture-numerique.fr\/wp-content\/uploads\/2014\/11\/large_6812481635-900x675.jpg 900w\" sizes=\"auto, (max-width: 813px) 100vw, 813px\" \/><\/a><\/p>\n<p><strong>Rappelons-le, le nouveau plan pour le num\u00e9rique \u00e0 l&rsquo;\u00e9cole<\/strong>\u00a0qu&rsquo;<a href=\"http:\/\/www.gouvernement.fr\/action\/l-ecole-numerique\" target=\"_blank\">on nous annonce<\/a> s&rsquo;articule autour de plusieurs\u00a0axes dont les plus importants et les plus connus sont : <strong>un \u00e9quipement massif en tablettes pour tous les \u00e9l\u00e8ves de cinqui\u00e8me, la formation des enseignants, la connectivit\u00e9 des \u00e9coles et \u00e9tablissements et le d\u00e9veloppement des ressources num\u00e9riques.<\/strong><\/p>\n<p><a href=\"https:\/\/twitter.com\/laurentfillion\" target=\"_blank\">Laurent Fillion<\/a>, <a href=\"http:\/\/laurentfillion.wordpress.com\/2014\/11\/09\/uchronie\/\" target=\"_blank\">sur son blogue<\/a>, rappelait r\u00e9cemment et fort \u00e0 propos comment\u00a0le pr\u00e9sident Jules Gr\u00e9vy, en 1880, aurait pu d\u00e9cider de fournir \u00e0 tous les \u00e9l\u00e8ves de France des manuels de classe. L&rsquo;auteur fait \u00e9tat des r\u00e9actions drolatiques des instituteurs et de leurs syndicats \u00e0 propos de ce nouvel outil cens\u00e9 les priver suppos\u00e9ment de leur mission instructrice\u00a0:<\/p>\n<blockquote><p>\u00ab\u00a0\u00c0 quoi servira d\u00e9sormais l\u2019instituteur si le savoir sort d\u2019un manuel et non plus de sa bouche\u00a0?<i>\u00a0<\/i>\u00bb.<\/p><\/blockquote>\n<p>Pour ma part, j&rsquo;y vois une autre le\u00e7on\u00a0: plus de cent trente ans apr\u00e8s et malgr\u00e9 la r\u00e9volution num\u00e9rique qui bouleverse la mani\u00e8re dont s&rsquo;expriment, se construisent et se d\u00e9battent les id\u00e9es et les projets, l&rsquo;\u00c9tat central continue \u00e0 prendre des d\u00e9cisions bien verticales qui auront \u00e0 s&rsquo;appliquer partout en France de la m\u00eame mani\u00e8re. Ce qui pouvait se concevoir en 1880 ne peut plus s&rsquo;entendre \u00e0 l&rsquo;identique en 2014. Mais j&rsquo;y reviens\u2026<\/p>\n<p>Les commentaires \u00e0 ce sujet\u00a0sont d\u00e9j\u00e0 fort\u00a0nombreux, sans qu&rsquo;on sache d\u2019ailleurs trop bien comment tout \u00e7a va se d\u00e9rouler. Ils\u00a0s&rsquo;av\u00e8rent g\u00e9n\u00e9ralement fort pertinents et int\u00e9ressants d\u00e8s lors qu&rsquo;ils sont \u00e9mis par des observateurs plus ou moins neutres\u00a0\u2014\u00a0j&rsquo;exclus bien s\u00fbr toutes les obscures et souterraines entreprises des lobbys.<\/p>\n<p>Ainsi\u00a0<em><a href=\"http:\/\/www.lemonde.fr\/ecole-primaire-et-secondaire\/article\/2014\/11\/06\/francois-hollande-annonce-un-grand-plan-numerique-pour-l-ecole_4519897_1473688.html\" target=\"_blank\">Le Monde<\/a><\/em>, \u00e9chaud\u00e9, partage avec <em><a href=\"http:\/\/www.lefigaro.fr\/actualite-france\/2014\/11\/07\/01016-20141107ARTFIG00188-le-numerique-serpent-de-mer-de-l-education-nationale.php\" target=\"_blank\">Le Figaro<\/a><\/em> d&rsquo;y voir un \u00ab\u00a0<em>serpent de mer<\/em>\u00a0\u00bb et remarque\u00a0que <strong>le projet ne fait pas l&rsquo;unanimit\u00e9<\/strong>, loin de l\u00e0. <a href=\"http:\/\/labsic.univ-paris13.fr\/index.php\/chaptal-alain\" target=\"_blank\">Alain Chaptal<\/a>, chercheur \u00e0 Paris 13,\u00a0<a href=\"http:\/\/www.cafepedagogique.net\/lexpresso\/Pages\/2014\/11\/10112014Article635512029085307177.aspx\" target=\"_blank\">note<\/a> l&rsquo;incapacit\u00e9 de ses promoteurs \u00e0 <strong>tirer les le\u00e7ons du pass\u00e9<\/strong>, notamment \u00e0 propos des \u00e9checs successifs, en France comme \u00e0 l&rsquo;\u00e9tranger, de l&rsquo;enseignement du code informatique. <em><a href=\"http:\/\/www.mediapart.fr\/article\/offert\/4063d561142d3012628d1eb9731f0e05\" target=\"_blank\">Mediapart<\/a><\/em> remarque, pour sa part, le <strong>curieux m\u00e9lange des genres<\/strong>\u00a0et des int\u00e9r\u00eats qui voit des industriels d&rsquo;un c\u00f4t\u00e9 pr\u00e9parer pour l&rsquo;\u00c9tat le nouveau plan num\u00e9rique et, de l&rsquo;autre,\u00a0r\u00e9pondre \u00e0 des appels \u00e0 projets qui satisferaient aux recommandations qu\u2019ils ont eux-m\u00eames d\u00e9finies\u00a0! <em><a href=\"http:\/\/www.lesinrocks.com\/2014\/11\/13\/actualite\/ordinateurs-tablettes-lecole-les-plans-numeriques-essuient-les-echecs-11535262\/\" target=\"_blank\">Les Inrocks<\/a><\/em> reprennent fort joliment les propos de <a href=\"https:\/\/www.linkedin.com\/pub\/ghislain-domin%C3%A9\/95\/826\/951\" target=\"_blank\">Ghislain Domin\u00e9<\/a> \u2014\u00a0je vous ai parl\u00e9 de lui r\u00e9cemment (1)\u00a0\u2014 qui d\u00e9nonce\u00a0fort justement <strong>l&rsquo;illusion technologique<\/strong> permanente. En r\u00e9ponse aux questions de l&rsquo;<em><a href=\"http:\/\/www.aef.info\/\" target=\"_blank\">AEF<\/a><\/em>,\u00a0<a href=\"https:\/\/www.linkedin.com\/pub\/pascal-plantard\/13\/379\/785\" target=\"_blank\">Pascal Plantard<\/a>, chercheur \u00e0 Rennes II, \u00e9voque de son c\u00f4t\u00e9 \u00e0 propos de ce plan et de son volet d&rsquo;\u00e9quipement, \u00ab\u00a0<em>une forme de d\u00e9responsabilisation g\u00e9n\u00e9ralis\u00e9e<\/em>\u00a0\u00bb et dit de lui qu&rsquo;il s&rsquo;agit d&rsquo;\u00ab\u00a0<strong><em>un non-sens \u00e9ducatif, \u00e9conomique et politique<\/em><\/strong>\u00a0\u00bb.<\/p>\n<p><a href=\"https:\/\/twitter.com\/Lau_Bee\" target=\"_blank\">Laurence Bee<\/a>, sur son blogue <em><a href=\"http:\/\/parents3point0.com\/le-colloque-des-parents-3-0\/\" target=\"_blank\">Parents3points0<\/a><\/em>, s&rsquo;\u00e9tonne\u00a0et se lasse qu&rsquo;on se pose autant de questions \u00e0 propos de ce plan et du num\u00e9rique \u00e0 l&rsquo;\u00e9cole. Elle remarque fort justement\u00a0:<\/p>\n<blockquote><p>\u00ab\u00a0Je vois, surtout, passer \u00e9norm\u00e9ment de questionnements autour de la technique pure, propre aux outils num\u00e9riques, et proportionnellement, beaucoup moins autour de <strong>ce que l\u2019on pourrait faire<\/strong>. Un peu comme si il y a 100 ans, on s\u2019\u00e9tait demand\u00e9 s\u2019il fallait \u00e9crire \u00e0 l\u2019encre, parce que l\u2019encre, on risque de la renverser et \u00e7a tache\u00a0\u00bb.<\/p><\/blockquote>\n<p>Essayons d&rsquo;y voir plus clair.<\/p>\n<h3><strong>La volont\u00e9\u00a0politique\u00a0de connecter les \u00e9coles et \u00e9tablissements est bien tardive et trop peu ambitieuse<\/strong><\/h3>\n<p><a href=\"http:\/\/www.culture-numerique.fr\/wp-content\/uploads\/2014\/11\/small__6147270119.jpg\"><img loading=\"lazy\" decoding=\"async\" class=\"alignright size-medium wp-image-2174\" src=\"http:\/\/www.culture-numerique.fr\/wp-content\/uploads\/2014\/11\/small__6147270119-300x228.jpg\" alt=\"Connexion\" width=\"300\" height=\"228\" srcset=\"https:\/\/www.culture-numerique.fr\/wp-content\/uploads\/2014\/11\/small__6147270119-300x228.jpg 300w, https:\/\/www.culture-numerique.fr\/wp-content\/uploads\/2014\/11\/small__6147270119-100x76.jpg 100w, https:\/\/www.culture-numerique.fr\/wp-content\/uploads\/2014\/11\/small__6147270119-150x114.jpg 150w, https:\/\/www.culture-numerique.fr\/wp-content\/uploads\/2014\/11\/small__6147270119-200x152.jpg 200w, https:\/\/www.culture-numerique.fr\/wp-content\/uploads\/2014\/11\/small__6147270119.jpg 320w\" sizes=\"auto, (max-width: 300px) 100vw, 300px\" \/><\/a>C&rsquo;est une constante depuis vingt ans, l&rsquo;\u00c9tat s&rsquo;est av\u00e9r\u00e9 incapable de coordonner, avec les collectivit\u00e9s territoriales et les op\u00e9rateurs de t\u00e9l\u00e9communications, dont l&rsquo;op\u00e9rateur historique, un plan coh\u00e9rent de raccordement des entreprises, des \u00e9coles, des citoyens \u00e0 l&rsquo;Internet \u00e0 tr\u00e8s haut d\u00e9bit. <strong>La France, soyons clair, a, en Europe, le <a href=\"http:\/\/www.macg.co\/2012\/08\/la-france-bonnet-d%C3%A2ne-du-haut-d%C3%A9bit-7891\" target=\"_blank\">bonnet d&rsquo;\u00e2ne<\/a> du haut d\u00e9bit<\/strong> ce qui ne l&#8217;emp\u00eache nullement de rester championne d&rsquo;Europe de <a href=\"http:\/\/reflets.info\/tres-haut-debit-la-france-toujours-championne-deurope-de-lautosatisfaction\/\" target=\"_blank\">l&rsquo;auto-satisfaction<\/a>\u00a0sur ce sujet. Il n&rsquo;y a gu\u00e8re que quelques rares pays en Europe \u00e0 faire moins bien que nous, dont la Roumanie et, peut-\u00eatre, l&rsquo;Italie et la Turquie.<\/p>\n<p>De tr\u00e8s loin d&rsquo;ailleurs, ce sont les entreprises et le secteur scolaire qui sont le plus mal connect\u00e9s. Les raisons sont nombreuses et ce n&rsquo;est pas l&rsquo;objet de ce billet que de les lister. Compte tenu du pass\u00e9 et de l&rsquo;efficacit\u00e9 quasi nulle des plans pr\u00e9c\u00e9dents, ce ne sont pas les annonces de <a href=\"http:\/\/www.gouvernement.fr\/action\/le-plan-france-tres-haut-debit\" target=\"_blank\">plan tr\u00e8s haut d\u00e9bit<\/a> par \u00e9tapes qui vont changer quoi que ce soit. Elles ne permettront qu&rsquo;\u00e0 long terme\u00a0\u2014\u00a0on nous annonce l&rsquo;\u00e9ch\u00e9ance 2022\u00a0\u2014 de rattraper le retard d&rsquo;aujourd&rsquo;hui, sans aucune anticipation sur l&rsquo;\u00e9volution des technologies et des pratiques personnelles des citoyens ou des besoins des entreprises.<\/p>\n<p>Il n&rsquo;est pas rare de voir aujourd&rsquo;hui des \u00e9coles sans aucune autre connexion qu&rsquo;un simple fil t\u00e9l\u00e9phonique, des coll\u00e8ges connect\u00e9s via une simple connexion domestique essouffl\u00e9e, des lyc\u00e9es de plus de 1\u00a0000 \u00e9l\u00e8ves partageant une connexion unique du m\u00eame type. De mani\u00e8re globale, <strong>la connectivit\u00e9 des \u00e9coles et des \u00e9tablissements est faible et tr\u00e8s in\u00e9gale<\/strong>, selon l&rsquo;impulsion donn\u00e9e \u00e7\u00e0 et l\u00e0 par les collectivit\u00e9s locales. L&rsquo;\u00c9tat s&rsquo;est av\u00e9r\u00e9 incapable de r\u00e9duire \u00e0 ce sujet les in\u00e9galit\u00e9s observ\u00e9es comme d&rsquo;impulser une politique ambitieuse et dynamique.<\/p>\n<p>Le comble est largement atteint par cette invraisemblable histoire des vingt-trois coll\u00e8ges connect\u00e9s exp\u00e9rimentaux ! Vingt-trois, pas un de plus, pour toute la France, preuve suppl\u00e9mentaire, s&rsquo;il en fallait, que les autres ne le sont pas ou mal. J&rsquo;avais \u00e9voqu\u00e9 (2), il y a un moment d\u00e9j\u00e0, cette <strong>erreur historique<\/strong> qui consistait \u00e0 vouloir exp\u00e9rimenter, encore et encore, comme si on n&rsquo;\u00e9tait pas tout \u00e0 fait s\u00fbr d&rsquo;y aller\u00a0! C&rsquo;est un tr\u00e8s mauvais signal envoy\u00e9 \u00e0 toute l&rsquo;institution, je n&rsquo;en suis pas encore revenu\u2026<\/p>\n<p>Connecter \u00e0 tr\u00e8s haut d\u00e9bit les \u00e9coles et \u00e9tablissements doit \u00eatre <strong>un chantier prioritaire<\/strong>, duss\u00e9-je le r\u00e9p\u00e9ter (3). Quand je pense que certaines r\u00e9gions ont connect\u00e9 des campus universitaires \u00e0 tr\u00e8s tr\u00e8s haut d\u00e9bit et ne se sont pas pr\u00e9occup\u00e9es des lyc\u00e9es qui \u00e9taient \u00e0 moins de cent m\u00e8tres de ces derniers\u00a0! Ce n&rsquo;est pas le m\u00eame budget, comprenez-vous\u00a0!<\/p>\n<h3><strong>La formation des enseignants vient sans que les programmes et les examens aient \u00e9t\u00e9 chang\u00e9s<\/strong><\/h3>\n<p>Pour qui s&rsquo;int\u00e9resse un tant soit peu aux mutations que l&rsquo;heureuse rencontre entre p\u00e9dagogie et num\u00e9rique engendre, la question de la formation des professeurs mais aussi des cadres revient toujours au premier plan, comme celle du mat\u00e9riel ou de son absence suppos\u00e9e, d&rsquo;ailleurs.<\/p>\n<p>Il y a consensus \u00e0 ce sujet. Du c\u00f4t\u00e9 de l&rsquo;institution qui, persuad\u00e9e de l&rsquo;importance des enjeux\u00a0mais consciente du manque de formateurs, tente d&rsquo;accompagner la traditionnelle formation en pr\u00e9sentiel de dispositifs de formation en ligne dont, il faut l&rsquo;esp\u00e9rer, la qualit\u00e9 et les fonctionnalit\u00e9s ne cesseront d&rsquo;augmenter. Mais la plupart des enseignants eux-m\u00eames sont d&rsquo;accord \u00e0 ce sujet et r\u00e9clament des formations pour \u00ab\u00a0s&rsquo;y mettre\u00a0\u00bb, tr\u00e8s souvent d\u2019ailleurs <strong>comme une condition <em>sine qua non<\/em> de leur engagement<\/strong>.<\/p>\n<p>Il y a de fortes chances que ces h\u00e9sitations et difficult\u00e9s persistent longtemps encore tant qu&rsquo;on n&rsquo;aura pas mis les choses au point et surtout <strong>dans l&rsquo;ordre<\/strong>. Comment et pourquoi les professeurs et les cadres p\u00e9dagogiques devraient-ils se former alors que les programmes et les examens aujourd&rsquo;hui sont d\u00e9finitivement inadapt\u00e9s au num\u00e9rique\u00a0? <strong>C&rsquo;est ce chantier de la mise \u00e0 jour des programmes et, surtout, des examens et de l&rsquo;\u00e9valuation<\/strong>\u00a0qu&rsquo;il faut mener au plus vite, un chantier qui serait capable de tenir\u00a0compte des modifications posturales profondes des ma\u00eetres et en cons\u00e9quence des n\u00e9cessaires changements dans les mani\u00e8res d&rsquo;enseigner.<\/p>\n<p>Du c\u00f4t\u00e9 des programmes et de la mission confi\u00e9e au Conseil sup\u00e9rieur des programmes d&rsquo;y travailler, il convient de remarquer\u00a0que <strong>les choses n&rsquo;avancent pas bien vite<\/strong>. C&rsquo;est m\u00eame un euph\u00e9misme. Quant aux premi\u00e8res productions du CSP sur le socle et les programmes de maternelle (4), elles ne montrent pas clairement la volont\u00e9 de l&rsquo;institution d&rsquo;innover et de mettre l&rsquo;\u00e9ducation au diapason des \u00e9volutions de la soci\u00e9t\u00e9. C&rsquo;est un deuxi\u00e8me euph\u00e9misme.<\/p>\n<p>Quant aux examens,\u00a0dont le si symbolique baccalaur\u00e9at, juin 2015 verra sans doute une nouvelle fois de jeunes lyc\u00e9ens travailler seuls, le stylo \u00e0 la main, sur des tables carr\u00e9es, restituer des connaissances en <strong>totale et anachronique contradiction<\/strong> avec leurs propres pratiques num\u00e9riques quotidiennes. J&rsquo;ai la triste impression que je devrai \u00e0 nouveau me fendre d&rsquo;un article \u00e9nerv\u00e9. J&rsquo;en ai l&rsquo;habitude, maintenant (5).<\/p>\n<h3><strong>Les ressources num\u00e9riques souffrent de maux trop importants<\/strong><\/h3>\n<p>L&rsquo;\u00e9dition scolaire publique ou priv\u00e9e, tr\u00e8s largement soutenue par la manne publique, n&rsquo;a pas, sur le sujet du num\u00e9rique, avanc\u00e9 depuis des ann\u00e9es. Ou si peu\u00a0! Il y a beaucoup de raisons qui peuvent expliquer ce retard mais les deux plus importantes sont\u00a0<strong>\u00a0l&rsquo;incapacit\u00e9 des \u00e9diteurs \u00e0 prendre en compte les enjeux techniques, culturels et \u00e9conomiques<\/strong> de ces mutations et, surtout, le fait qu&rsquo;ils s&rsquo;auto-persuadent \u00eatre les seuls producteurs des merveilles didactiques que, justement, les professeurs leur r\u00e9clament \u00e0 cors et \u00e0 cris.<\/p>\n<p><a href=\"http:\/\/www.culture-numerique.fr\/wp-content\/uploads\/2014\/11\/2014-11-14_091032.jpg\"><img loading=\"lazy\" decoding=\"async\" class=\"aligncenter size-full wp-image-2175\" src=\"http:\/\/www.culture-numerique.fr\/wp-content\/uploads\/2014\/11\/2014-11-14_091032.jpg\" alt=\"Manuels YH\" width=\"614\" height=\"257\" srcset=\"https:\/\/www.culture-numerique.fr\/wp-content\/uploads\/2014\/11\/2014-11-14_091032.jpg 614w, https:\/\/www.culture-numerique.fr\/wp-content\/uploads\/2014\/11\/2014-11-14_091032-300x125.jpg 300w, https:\/\/www.culture-numerique.fr\/wp-content\/uploads\/2014\/11\/2014-11-14_091032-100x41.jpg 100w, https:\/\/www.culture-numerique.fr\/wp-content\/uploads\/2014\/11\/2014-11-14_091032-150x62.jpg 150w, https:\/\/www.culture-numerique.fr\/wp-content\/uploads\/2014\/11\/2014-11-14_091032-200x83.jpg 200w, https:\/\/www.culture-numerique.fr\/wp-content\/uploads\/2014\/11\/2014-11-14_091032-450x188.jpg 450w, https:\/\/www.culture-numerique.fr\/wp-content\/uploads\/2014\/11\/2014-11-14_091032-600x251.jpg 600w\" sizes=\"auto, (max-width: 614px) 100vw, 614px\" \/><\/a><\/p>\n<p>Quelle illusion\u00a0! Il y a bien longtemps que la plupart des enseignants, changeant leur posture de consommateur \u00e0 celle d&rsquo;acteur producteur,\u00a0ont appris, d&rsquo;une part \u00e0 se passer des manuels, sous quelque forme qu&rsquo;ils soient, d&rsquo;autre part \u00e0 <strong>construire, co-construire et partager librement les ressources<\/strong> dont ils ont besoin \u2014\u00a0voir l&rsquo;exemple remarquable ci-dessus, d&rsquo;une actualit\u00e9 r\u00e9cente, de ces <a href=\"http:\/\/www.ralentirtravaux.com\/manuels.php\" target=\"_blank\">manuels num\u00e9riques libres de fran\u00e7ais<\/a> que <a href=\"https:\/\/twitter.com\/yannhoury\" target=\"_blank\">Yann Houry<\/a> offre \u00e0 ses coll\u00e8gues. Dans l&rsquo;incapacit\u00e9 \u00e0 percevoir ces changements et pour continuer \u00e0 vouloir soutenir\u00a0du mieux qu&rsquo;il peut la fili\u00e8re industrielle de ce secteur, le minist\u00e8re ne s&rsquo;est aventur\u00e9 que tr\u00e8s tardivement \u00e0 prendre en compte ce changement de mod\u00e8le et les \u00e9volutions de l&rsquo;offre.<\/p>\n<p>Tous, institution et politiques, sont aveugles sur ce point et restent accroch\u00e9s \u00e0 des modes de pens\u00e9e du\u00a0dernier mill\u00e9naire. Ils n&rsquo;ont toujours pas compris qu&rsquo;il \u00e9tait bien pr\u00e9f\u00e9rable pour les professeurs de disposer, <strong>dans le flux du r\u00e9seau et de ses m\u00e9andres<\/strong>, de ressources num\u00e9riques libres, modifiables, adaptables, riches et granulaires plut\u00f4t que d&rsquo;un stock bien pauvre et centralis\u00e9 de ressources non interop\u00e9rables (\u00e0 propos, avez-vous sign\u00e9 <a href=\"http:\/\/formatsouverts.education\/\" target=\"_blank\">la p\u00e9tition<\/a>\u00a0?), con\u00e7ues de telle mani\u00e8re que leurs concepteurs h\u00e9sitent encore \u00e0 faire le choix du tout num\u00e9rique et continuent \u00e0 produire\u00a0du papier. Rassurez-vous, ces derni\u00e8res ressources sont bel et bien, elles, valid\u00e9es par le soutien et l&rsquo;exposition que\u00a0l&rsquo;institution leur offre.<\/p>\n<p>Bien entendu, il existe dans l&rsquo;offre centrale, celle qui tr\u00f4ne sur <a href=\"http:\/\/www.edutheque.fr\/accueil.html\" target=\"_blank\">\u00c9duth\u00e8que<\/a> et se retrouvera sur les tablettes, d&rsquo;excellentes choses, bien ficel\u00e9es, modernes. Mais, trop souvent, ces ressources souffrent <strong>des maux ataviques et bien connus de toute l&rsquo;industrie culturelle<\/strong> \u2014\u00a0exception p\u00e9dagogique tr\u00e8s incompl\u00e8te voire inexistante, gestion des droits d&rsquo;auteur, dispositifs de bridage ou de blocage, politiques de licences d\u00e9lirantes et inadapt\u00e9es, lourdeurs techniques\u2026<\/p>\n<p>Mais j&rsquo;ai d\u00e9j\u00e0 parl\u00e9 de tout cela (6, 7, 8).<\/p>\n<h3><strong>Pr\u00e9voir un \u00e9quipement massif, uniforme et d\u00e9j\u00e0 obsol\u00e8te n&rsquo;est pas la bonne r\u00e9ponse<\/strong><\/h3>\n<p><a href=\"http:\/\/www.culture-numerique.fr\/wp-content\/uploads\/2014\/11\/large_10053155455.jpg\"><img loading=\"lazy\" decoding=\"async\" class=\"alignright size-medium wp-image-2146\" src=\"http:\/\/www.culture-numerique.fr\/wp-content\/uploads\/2014\/11\/large_10053155455-300x200.jpg\" alt=\"Tablettes\" width=\"300\" height=\"200\" srcset=\"https:\/\/www.culture-numerique.fr\/wp-content\/uploads\/2014\/11\/large_10053155455-300x200.jpg 300w, https:\/\/www.culture-numerique.fr\/wp-content\/uploads\/2014\/11\/large_10053155455-100x66.jpg 100w, https:\/\/www.culture-numerique.fr\/wp-content\/uploads\/2014\/11\/large_10053155455-150x100.jpg 150w, https:\/\/www.culture-numerique.fr\/wp-content\/uploads\/2014\/11\/large_10053155455-200x133.jpg 200w, https:\/\/www.culture-numerique.fr\/wp-content\/uploads\/2014\/11\/large_10053155455-450x300.jpg 450w, https:\/\/www.culture-numerique.fr\/wp-content\/uploads\/2014\/11\/large_10053155455-600x400.jpg 600w, https:\/\/www.culture-numerique.fr\/wp-content\/uploads\/2014\/11\/large_10053155455-900x600.jpg 900w, https:\/\/www.culture-numerique.fr\/wp-content\/uploads\/2014\/11\/large_10053155455.jpg 1024w\" sizes=\"auto, (max-width: 300px) 100vw, 300px\" \/><\/a>On me dit qu&rsquo;on discute ferme, dans les ar\u00e9opages et les cabinets minist\u00e9riels, des m\u00e9rites compar\u00e9s de ces fameuses tablettes num\u00e9riques dont on\u00a0nous annonce l&rsquo;arriv\u00e9e, comme le <em>nec plus ultra<\/em> de la technologie. Pour l&rsquo;instant, c&rsquo;est le grand trouble, m\u00eame si, de ci, de l\u00e0, sur les r\u00e9seaux sociaux, certains marchands envoient des signaux bizarres, comme s&rsquo;ils savaient d\u00e9j\u00e0 qui va pouvoir croquer dans la galette. Peut-\u00eatre aura-t-on des nouvelles bient\u00f4t \u00e0 Educatice\u00a0?<\/p>\n<p>Pour tout vous dire, <strong>cette histoire de tablettes me navre<\/strong> et il faut vraiment que je me force pour \u00e9crire ces quelques lignes. Mais entendons-nous bien\u00a0: si demain arrivaient dans les classes\u00a0\u2014\u00a0peu importe le niveau\u00a0!\u00a0\u2014 des tablettes num\u00e9riques, je conseille \u00e0 tous les professeurs concern\u00e9s de s&rsquo;en emparer rapidement et de s&rsquo;en servir en classe ou hors la classe pour les pratiques p\u00e9dagogiques nomades qu&rsquo;elles peuvent mettre en \u0153uvre. \u00c9videmment.<\/p>\n<p>Je rappelle qu&rsquo;il n&rsquo;est pr\u00e9vu de fournir des tablettes num\u00e9riques, dans un premier temps, que <strong>pour la rentr\u00e9e 2016 pour les seuls \u00e9l\u00e8ves des classes de cinqui\u00e8me<\/strong>. Et h\u00e9las, en effet, \u00a0il persiste trop de questions sans r\u00e9ponses qui donnent \u00e0 cette\u00a0op\u00e9ration un visage plut\u00f4t surr\u00e9aliste\u00a0:<\/p>\n<ul style=\"list-style-type: disc;\">\n<li>\u00c0 quoi ressembleront les tablettes num\u00e9riques en 2016\u00a0? Sans doute pas du tout, dans l&rsquo;ensemble de leurs caract\u00e9ristiques, au march\u00e9 qui aura \u00e9t\u00e9 n\u00e9goci\u00e9 deux ans plus t\u00f4t, m\u00eame si ce dernier a pr\u00e9vu ces \u00e9volutions technologiques. Il y a m\u00eame de fortes chances que ce qui sera fourni aux \u00e9l\u00e8ves sera d&rsquo;<strong>une qualit\u00e9 tr\u00e8s inf\u00e9rieure<\/strong> \u00e0 la tablette ou aux tablettes qui seront d\u00e9j\u00e0 utilis\u00e9es dans le cercle familial.<\/li>\n<li>De nombreuses recherches\u00a0\u2014\u00a0\u00e9tait-il vraiment utile de chercher \u00e0 ce sujet\u00a0?\u00a0\u2014 ont montr\u00e9 que les tablettes num\u00e9riques sont <strong>plus passives que cr\u00e9atives<\/strong>, plus con\u00e7ues pour consulter, consommer que pour construire, \u00e9laborer. M\u00eame si, de ce point de vue, le mat\u00e9riel ne peut devenir bient\u00f4t que plus performant et accessible, cette observation largement confirm\u00e9e par l&rsquo;exp\u00e9rience ne laisse pas d&rsquo;inqui\u00e9ter.<\/li>\n<li>Je suppose qu&rsquo;il est pr\u00e9vu que ces tablettes soient confi\u00e9es aux \u00e9l\u00e8ves, sous la responsabilit\u00e9 du coll\u00e8ge, jusqu&rsquo;\u00e0 la fin de la scolarit\u00e9 obligatoire. Qui peut s\u00e9rieusement imaginer qu&rsquo;un \u00e9l\u00e8ve de 3e <strong>pr\u00e9parera son brevet en 2019<\/strong> avec les tablettes d&rsquo;aujourd&rsquo;hui\u00a0?<\/li>\n<li>Il semblerait qu&rsquo;il y ait sur ce march\u00e9 en concurrence des tablettes scolaris\u00e9es, voire tr\u00e8s scolaris\u00e9es, c&rsquo;est \u00e0 dire pourvues d&rsquo;un environnement adapt\u00e9 donnant acc\u00e8s \u00e0 des applications soigneusement tri\u00e9es et s\u00e9lectionn\u00e9es et ne permettant \u00e9ventuellement acc\u00e8s \u00e0 l&rsquo;Internet que par des listes blanches. Les autres seraient scolarisables. Dans tous les cas, cette question complexe de la scolarisation des mat\u00e9riels, je l&rsquo;accorde, <strong>n&rsquo;a que des inconv\u00e9nients et si peu d&rsquo;avantages<\/strong>. Les exp\u00e9riences pass\u00e9es l&rsquo;ont d\u00e9j\u00e0 montr\u00e9.<\/li>\n<li>En 2016, la tr\u00e8s grande majorit\u00e9 des \u00e9l\u00e8ves de cet \u00e2ge auront dans la poche <strong>un appareil personnel plus ouvert<\/strong>, sans bridage ni filtrage d&rsquo;aucune sorte, dont ils pr\u00e9f\u00e9reront sans doute se servir, m\u00eame si c&rsquo;est interdit, plut\u00f4t qu&rsquo;un outil ferm\u00e9 et s\u00e9curis\u00e9. Et si on s&rsquo;en servait\u00a0?<\/li>\n<li>Je ne connais pas les d\u00e9tails du march\u00e9 mais les pratiques d\u00e9j\u00e0 observ\u00e9es pointent comme un point de friction <strong>la question cruciale de la maintenance et de l&rsquo;administration<\/strong>. Comment ces difficult\u00e9s seraient-elles prises en compte par les collectivit\u00e9s locales, \u00e9cart\u00e9es du projet initial mais tout de m\u00eame en charge justement de la maintenance des mat\u00e9riels\u00a0?<\/li>\n<li>Qu&rsquo;est-il pr\u00e9vu pour les autres niveaux du coll\u00e8ge mais surtout pour le premier degr\u00e9 d\u00e9j\u00e0 fort peu pourvu en mat\u00e9riel utilisable\u00a0? Qu&rsquo;est-il pr\u00e9vu pour les lyc\u00e9ens\u00a0? <strong>Quelle vision, quelle coh\u00e9rence<\/strong> pour ces \u00e9quipements massifs\u00a0? Quel lien avec les \u00e9quipements pr\u00e9vus par les collectivit\u00e9s\u00a0?<\/li>\n<li>Enfin, et l\u00e0 non plus, tout ne semble pas tr\u00e8s clair et j&rsquo;entends bien des voix s&rsquo;\u00e9lever, <strong>notamment chez les parents<\/strong>, et poser cette question l\u00e9gitime\u00a0: \u00ab\u00a0\u00c0 qui nos enfants seront-ils vendus\u00a0? \u00c0 Apple, Google ou Microsoft\u00a0?\u00a0\u00bb.<\/li>\n<\/ul>\n<h3><strong>Laisser la place \u00e0 l&rsquo;initiative, \u00e0 l&rsquo;innovation et au projet<\/strong><\/h3>\n<p>J&rsquo;aimerais, pour y revenir, citer une fois de plus <a href=\"http:\/\/fr.wikipedia.org\/wiki\/Alain_Boissinot\" target=\"_blank\">Alain Boissinot<\/a>, pr\u00e9sident d\u00e9missionnaire du CSP, que j&rsquo;interviewais (9) le 27 novembre dernier, alors qu&rsquo;il \u00e9tait encore en fonction\u00a0:<\/p>\n<blockquote><p>\u00ab\u00a0Je crois que, de m\u00eame que nous sommes sortis d\u2019un certain nombre de pratiques traditionnelles, nous sommes aussi sortis d\u2019une logique o\u00f9 l\u2019institution pouvait pr\u00e9tendre fixer depuis la rue de Grenelle, en ayant consult\u00e9 quelques experts, si comp\u00e9tents soient-ils, l\u2019ensemble des pratiques p\u00e9dagogiques que devaient mettre en \u0153uvre tous les enseignants de France. Je crois qu\u2019il faut apprendre \u00e0 \u00eatre, certes clairs sur les grands objectifs parce que tout le monde en a besoin, mais en m\u00eame temps un peu plus modestes sur le d\u00e9tail de leur mise en \u0153uvre, et il faut apprendre, et \u00e7a aussi les nouveaux outils y insistent, \u00e0 <strong>faire confiance \u00e0 un travail plus horizontal comme on dit quelquefois, plus en r\u00e9seau, \u00e0 laisser un espace de cr\u00e9ativit\u00e9 aux enseignants<\/strong>, un espace d\u2019adaptation par rapport aux objectifs qu\u2019on leur propose et, au fond, permettre au syst\u00e8me de s\u2019adapter, de se r\u00e9guler lui-m\u00eame davantage au niveau des pratiques professionnelles des \u00e9quipes p\u00e9dagogiques.\u00a0\u00bb<\/p><\/blockquote>\n<p>Alain Boissinot montrait l\u00e0, une fois de plus, sa vision personnelle et sa compr\u00e9hension des enjeux, \u00e0 l&rsquo;heure du num\u00e9rique, \u00e0 l&rsquo;heure des mutations qu&rsquo;il engendre, des d\u00e9sordres culturels et soci\u00e9taux qu&rsquo;il provoque et qui doivent s&rsquo;av\u00e9rer positifs, si on y veille.<\/p>\n<p>Comment est-il possible de d\u00e9cider encore d&rsquo;un tel plan, con\u00e7u de l\u00e0-haut, dans les alc\u00f4ves et les cabinets, sans autre regard que celui des lobbys ? Il y a bien longtemps que la d\u00e9centralisation est pass\u00e9e et il est naturel aujourd&rsquo;hui d&rsquo;<strong>amplifier davantage les responsabilit\u00e9s des collectivit\u00e9s locales<\/strong> de telle mani\u00e8re qu&rsquo;elles puissent r\u00e9pondre rapidement et pr\u00e9cis\u00e9ment aux projets, aux initiatives, \u00e0 la soif d&rsquo;innovation locale.<\/p>\n<p>Bien s\u00fbr, le r\u00f4le de l&rsquo;\u00c9tat central est fondamental, pour impulser les politiques de raccordement \u00e0 l&rsquo;Internet, pour d\u00e9finir les programmes disciplinaires, proposer des modes d&rsquo;\u00e9valuation et des examens nationaux, pour garantir l&rsquo;\u00e9galit\u00e9 r\u00e9publicaine, pour recruter et former les enseignants, pour coordonner enfin, dans chaque acad\u00e9mie, dans chaque territoire les politiques num\u00e9riques, en \u00e9troite collaboration et concertation avec les institutions locales. Mais <strong>c&rsquo;est toute\u00a0la gouvernance qui doit \u00eatre revue, reb\u00e2tie<\/strong>.<\/p>\n<p>Il faut de l&rsquo;air et encore de l&rsquo;air. Aucun plan de refondation p\u00e9dagogique de l&rsquo;\u00e9cole \u2014\u00a0il s&rsquo;agit bien de cela quand on parle du num\u00e9rique\u00a0\u2014 ne peut se mettre en \u0153uvre sans la volont\u00e9, l&rsquo;engagement, les initiatives et surtout <strong>les projets des \u00e9quipes d&rsquo;enseignants<\/strong>, sur le terrain, dans les \u00e9coles, coll\u00e8ges et lyc\u00e9es. Il s&rsquo;agit dans mon esprit, bien s\u00fbr, de projets p\u00e9dagogiques qui incluent un \u00e9quipement mat\u00e9riel et, pourquoi pas\u00a0?, des tablettes num\u00e9riques.<\/p>\n<p>C&rsquo;est aussi l&rsquo;avis de Pascal Plantard :<\/p>\n<blockquote><p>\u00ab\u00a0Il vaut mieux penser l\u2019autonomie p\u00e9dagogique dans l\u2019interaction entre le coll\u00e8ge et son territoire par exemple. L\u2019\u00e9cosyst\u00e8me p\u00e9dagogique fonctionne bien quand le chef d\u2019\u00e9tablissement a suffisamment de comp\u00e9tences pour manager mais peut aussi se tourner vers l\u2019ext\u00e9rieur. Il faut les aider, car les \u00e9tablissements subissent une trop grosse pression hi\u00e9rarchique de la part du minist\u00e8re et des rectorats. <strong>Mieux vaut d\u00e9velopper du \u201c<em>bottom up<\/em>\u201d<\/strong>, partir du terrain avec des collectifs d\u2019enseignants\u2026\u00a0\u00bb<\/p><\/blockquote>\n<p>Je sais, c&rsquo;est plus compliqu\u00e9. Mais autrement plus enrichissant et porteur de promesses.<\/p>\n<p>Michel Guillou\u00a0<a href=\"https:\/\/twitter.com\/michelguillou\" target=\"_blank\">@michelguillou<\/a><\/p>\n<p><a href=\"http:\/\/creativecommons.org\/licenses\/by-nc-sa\/4.0\/\"><img loading=\"lazy\" decoding=\"async\" class=\"alignleft wp-image-1448 size-full\" src=\"http:\/\/www.culture-numerique.fr\/wp-content\/uploads\/2014\/09\/80x15.png\" alt=\"80x15\" width=\"80\" height=\"15\" \/><\/a><\/p>\n<p>&nbsp;<\/p>\n<p>Cr\u00e9dit photo\u00a0: <a href=\"https:\/\/www.flickr.com\/photos\/42931449@N07\/6812481635\/\">photosteve101<\/a>,\u00a0<a href=\"https:\/\/www.flickr.com\/photos\/testrunbomber842\/10053155455\/\">Martin Voltri<\/a>\u00a0et\u00a0<a href=\"https:\/\/www.flickr.com\/photos\/teegardin\/6147270119\/\">kenteegardin<\/a> via <a href=\"http:\/\/photopin.com\">photopin<\/a> <a href=\"http:\/\/creativecommons.org\/licenses\/by-sa\/2.0\/\">cc<\/a><\/p>\n<ol>\n<li>#lannoy29 Le billet que j\u2019aurais aim\u00e9 \u00e9crire\u2026 si cela avait \u00e9t\u00e9 vrai\u00a0<a href=\"http:\/\/www.culture-numerique.fr\/?p=2049\" target=\"_blank\">http:\/\/www.culture-numerique.fr\/?p=2049<\/a><\/li>\n<li>Num\u00e9rique \u00e9ducatif\u00a0: Ubu fait \u00e9cole\u2026\u00a0<a href=\"http:\/\/www.culture-numerique.fr\/?p=264\" target=\"_blank\">http:\/\/www.culture-numerique.fr\/?p=264<\/a><\/li>\n<li>Le tr\u00e8s haut d\u00e9bit, la gouvernance, les examens et les programmes d\u2019abord\u00a0<a href=\"http:\/\/www.culture-numerique.fr\/?p=2010\" target=\"_blank\">http:\/\/www.culture-numerique.fr\/?p=2010<\/a><\/li>\n<li>Programmes de maternelle : o\u00f9 est pass\u00e9e la culture num\u00e9rique\u00a0?\u00a0<a href=\"http:\/\/www.culture-numerique.fr\/?p=1167\" target=\"_blank\">http:\/\/www.culture-numerique.fr\/?p=1167<\/a><\/li>\n<li>Baccalaur\u00e9at : le schisme culturel et l\u2019abandon des jeunes\u00a0<a href=\"http:\/\/www.culture-numerique.fr\/?p=1041\" target=\"_blank\">http:\/\/www.culture-numerique.fr\/?p=1041<\/a><\/li>\n<li>Le mod\u00e8le surann\u00e9 de la corne d\u2019abondance\u2026\u00a0<a href=\"http:\/\/www.culture-numerique.fr\/?p=412\" target=\"_blank\">http:\/\/www.culture-numerique.fr\/?p=412<\/a><\/li>\n<li>Stocker, c\u2019est confisquer\u00a0<a href=\"http:\/\/www.culture-numerique.fr\/?p=492\" target=\"_blank\">http:\/\/www.culture-numerique.fr\/?p=492<\/a><\/li>\n<li>Sans ressources, qu\u2019est-ce qu\u2019il reste du num\u00e9rique ?\u00a0<a href=\"http:\/\/www.culture-numerique.fr\/?p=63\" target=\"_blank\">http:\/\/www.culture-numerique.fr\/?p=63<\/a><\/li>\n<li>Alain Boissinot : \u00ab Il devient \u00e0 la fois possible et n\u00e9cessaire, gr\u00e2ce au num\u00e9rique, d\u2019enseigner autrement \u00bb\u00a0<a href=\"http:\/\/www.culture-numerique.fr\/?p=190\" target=\"_blank\">http:\/\/www.culture-numerique.fr\/?p=190<\/a><\/li>\n<\/ol>\n<p>[cite]<\/p>\n","protected":false},"excerpt":{"rendered":"<p><a href=\"http:\/\/www.culture-numerique.fr\/wp-content\/uploads\/2014\/11\/large_6812481635.jpg\"><img loading=\"lazy\" decoding=\"async\" class=\"aligncenter wp-image-2152\" src=\"http:\/\/www.culture-numerique.fr\/wp-content\/uploads\/2014\/11\/large_6812481635.jpg\" alt=\"large_6812481635\" width=\"813\" height=\"610\" srcset=\"https:\/\/www.culture-numerique.fr\/wp-content\/uploads\/2014\/11\/large_6812481635.jpg 1024w, https:\/\/www.culture-numerique.fr\/wp-content\/uploads\/2014\/11\/large_6812481635-300x225.jpg 300w, https:\/\/www.culture-numerique.fr\/wp-content\/uploads\/2014\/11\/large_6812481635-100x75.jpg 100w, https:\/\/www.culture-numerique.fr\/wp-content\/uploads\/2014\/11\/large_6812481635-150x112.jpg 150w, https:\/\/www.culture-numerique.fr\/wp-content\/uploads\/2014\/11\/large_6812481635-200x150.jpg 200w, https:\/\/www.culture-numerique.fr\/wp-content\/uploads\/2014\/11\/large_6812481635-450x337.jpg 450w, https:\/\/www.culture-numerique.fr\/wp-content\/uploads\/2014\/11\/large_6812481635-600x450.jpg 600w, https:\/\/www.culture-numerique.fr\/wp-content\/uploads\/2014\/11\/large_6812481635-900x675.jpg 900w\" sizes=\"auto, (max-width: 813px) 100vw, 813px\" \/><\/a><\/p>\n<p><strong>Rappelons-le, le nouveau plan pour le num\u00e9rique \u00e0 l&rsquo;\u00e9cole<\/strong>\u00a0qu&rsquo;<a href=\"http:\/\/www.gouvernement.fr\/action\/l-ecole-numerique\" target=\"_blank\">on nous annonce<\/a> s&rsquo;articule autour de plusieurs\u00a0axes dont les plus importants et les plus connus sont : <strong>un \u00e9quipement massif en tablettes pour tous les \u00e9l\u00e8ves de cinqui\u00e8me,<\/strong><\/p>\n<p><span class=\"ellipsis\">&hellip;<\/span><\/p>\n<div class=\"read-more\"><a href=\"https:\/\/www.culture-numerique.fr\/?p=2074\">Lire la suite &#8250;<\/a><\/div>\n<p><!-- end of .read-more --><\/p>\n","protected":false},"author":1,"featured_media":2152,"comment_status":"open","ping_status":"open","sticky":false,"template":"","format":"standard","meta":{"jetpack_post_was_ever_published":false,"_jetpack_newsletter_access":"","_jetpack_dont_email_post_to_subs":true,"_jetpack_newsletter_tier_id":0,"_jetpack_memberships_contains_paywalled_content":false,"_jetpack_memberships_contains_paid_content":false,"footnotes":""},"categories":[9],"tags":[162,383,78,284,194,97,468,100,384,59,320,89,469,83,115,196],"class_list":["post-2074","post","type-post","status-publish","format-standard","has-post-thumbnail","hentry","category-billets-dhumeur","tag-collectivites-territoriales","tag-connectivite","tag-conseil-superieur-des-programmes","tag-equipements","tag-examens","tag-formation-des-maitres","tag-gouvernance","tag-haut-debit","tag-initiative","tag-innovation","tag-plan-numerique","tag-programmes","tag-projets-numeriques","tag-ressources-numeriques","tag-tablettes-numeriques","tag-tres-haut-debit"],"jetpack_featured_media_url":"https:\/\/www.culture-numerique.fr\/wp-content\/uploads\/2014\/11\/large_6812481635.jpg","jetpack_sharing_enabled":true,"_links":{"self":[{"href":"https:\/\/www.culture-numerique.fr\/index.php?rest_route=\/wp\/v2\/posts\/2074","targetHints":{"allow":["GET"]}}],"collection":[{"href":"https:\/\/www.culture-numerique.fr\/index.php?rest_route=\/wp\/v2\/posts"}],"about":[{"href":"https:\/\/www.culture-numerique.fr\/index.php?rest_route=\/wp\/v2\/types\/post"}],"author":[{"embeddable":true,"href":"https:\/\/www.culture-numerique.fr\/index.php?rest_route=\/wp\/v2\/users\/1"}],"replies":[{"embeddable":true,"href":"https:\/\/www.culture-numerique.fr\/index.php?rest_route=%2Fwp%2Fv2%2Fcomments&post=2074"}],"version-history":[{"count":38,"href":"https:\/\/www.culture-numerique.fr\/index.php?rest_route=\/wp\/v2\/posts\/2074\/revisions"}],"predecessor-version":[{"id":5508,"href":"https:\/\/www.culture-numerique.fr\/index.php?rest_route=\/wp\/v2\/posts\/2074\/revisions\/5508"}],"wp:featuredmedia":[{"embeddable":true,"href":"https:\/\/www.culture-numerique.fr\/index.php?rest_route=\/wp\/v2\/media\/2152"}],"wp:attachment":[{"href":"https:\/\/www.culture-numerique.fr\/index.php?rest_route=%2Fwp%2Fv2%2Fmedia&parent=2074"}],"wp:term":[{"taxonomy":"category","embeddable":true,"href":"https:\/\/www.culture-numerique.fr\/index.php?rest_route=%2Fwp%2Fv2%2Fcategories&post=2074"},{"taxonomy":"post_tag","embeddable":true,"href":"https:\/\/www.culture-numerique.fr\/index.php?rest_route=%2Fwp%2Fv2%2Ftags&post=2074"}],"curies":[{"name":"wp","href":"https:\/\/api.w.org\/{rel}","templated":true}]}}