{"id":184,"date":"2013-12-15T00:21:57","date_gmt":"2013-12-14T22:21:57","guid":{"rendered":"http:\/\/www.culture-numerique.fr\/?p=184"},"modified":"2016-10-02T12:13:32","modified_gmt":"2016-10-02T10:13:32","slug":"jai-honte-pour-mon-ecole","status":"publish","type":"post","link":"https:\/\/www.culture-numerique.fr\/?p=184","title":{"rendered":"J\u2019ai honte pour mon \u00e9cole !"},"content":{"rendered":"<p style=\"text-align: left;\"><a href=\"http:\/\/www.culture-numerique.fr\/wp-content\/uploads\/2014\/04\/medium_4500203695.jpg\"><img loading=\"lazy\" decoding=\"async\" class=\"wp-image-185 aligncenter\" src=\"http:\/\/www.culture-numerique.fr\/wp-content\/uploads\/2014\/04\/medium_4500203695.jpg\" alt=\"Panique\" width=\"839\" height=\"559\" srcset=\"https:\/\/www.culture-numerique.fr\/wp-content\/uploads\/2014\/04\/medium_4500203695.jpg 500w, https:\/\/www.culture-numerique.fr\/wp-content\/uploads\/2014\/04\/medium_4500203695-300x199.jpg 300w, https:\/\/www.culture-numerique.fr\/wp-content\/uploads\/2014\/04\/medium_4500203695-100x66.jpg 100w, https:\/\/www.culture-numerique.fr\/wp-content\/uploads\/2014\/04\/medium_4500203695-150x99.jpg 150w, https:\/\/www.culture-numerique.fr\/wp-content\/uploads\/2014\/04\/medium_4500203695-200x133.jpg 200w, https:\/\/www.culture-numerique.fr\/wp-content\/uploads\/2014\/04\/medium_4500203695-450x299.jpg 450w\" sizes=\"auto, (max-width: 839px) 100vw, 839px\" \/><\/a><\/p>\n<p style=\"text-align: left;\"><strong>J\u2019ai honte pour mon \u00e9cole.\u00a0<\/strong>BFMTV\u00a0<a href=\"http:\/\/www.bfmtv.com\/societe\/internet-un-permis-sensibiliser-ecoliers-aux-dangers-web-665528.html\" target=\"_blank\">nous apprend<\/a>\u00a0qu\u2019une \u00e9cole de Mennecy, dans l\u2019Essonne, tout r\u00e9cemment, a fait appel \u00e0 la gendarmerie pour \u00ab\u00a0une formation pour prot\u00e9ger les enfants aux risques du net\u00a0\u00bb. Sic. Et resic.<\/p>\n<p><strong>J\u2019ai honte.<\/strong><\/p>\n<p><strong>J\u2019ai honte<\/strong>\u00a0pour le professeur des \u00e9coles qui a d\u00e9cid\u00e9 d\u2019infliger \u00e0 ses jeunes \u00e9l\u00e8ves de CM2 le discours l\u00e9nifiant et anxiog\u00e8ne d\u2019un gendarme, aussi averti soit-il sur le sujet.<\/p>\n<p><strong>J\u2019ai honte<\/strong>\u00a0pour le directeur de l\u2019\u00e9cole,\u00a0l\u2019inspecteur de circonscription et le directeur des services d\u00e9partementaux qui, en donnant leur accord \u00e0 cette mascarade, se\u00a0sont faits complices d\u2019un tel g\u00e2chis.<\/p>\n<p><strong>J\u2019ai honte<\/strong>\u00a0pour le maire de cette ville qui a jou\u00e9 avec la sensibilit\u00e9 des jeunes enfants de ses administr\u00e9s pour une vulgaire op\u00e9ration politico-commerciale parrain\u00e9e par une\u00a0<a href=\"https:\/\/twitter.com\/AXAFrance\/status\/411518533374185472\" target=\"_blank\">compagnie d\u2019assurance<\/a>\u00a0qui ne recule vraiment devant rien pour porter jusque dans les classes sa vitrine publicitaire, au m\u00e9pris de la neutralit\u00e9 de l\u2019\u00e9cole.<\/p>\n<p><strong>J\u2019ai honte<\/strong>\u00a0pour notre gendarmerie qui ose traiter des \u00ab\u00a0dangers d\u2019Internet\u00a0\u00bb comme elle parle des dangers de la route.<\/p>\n<p><strong>J\u2019ai honte<\/strong>\u00a0pour les m\u00e9decins et infirmi\u00e8res scolaires qui osent parler aux \u00e9l\u00e8ves d\u2019Internet comme on parle de l\u2019alcoolisme ou des MST.<\/p>\n<p><strong>J\u2019ai honte<\/strong>\u00a0pour tous les professeurs des \u00e9coles, coll\u00e8ges ou lyc\u00e9es de France, incapables de r\u00e9pondre eux-m\u00eames aux pr\u00e9occupations ou aux attentes de leurs \u00e9l\u00e8ves, incapables aussi d\u2019int\u00e9grer dans leur enseignement et de valider les comp\u00e9tences du Brevet Informatique et Internet ou B2i, aussi imparfait soit-il, qui pr\u00e9f\u00e8rent se d\u00e9charger et faire appel \u00e0 d\u2019obscures officines qui ponctionnent les subventions publiques et amassent de l\u2019argent en attisant la peur \u00e0 propos d\u2019Internet.<\/p>\n<p><strong>J\u2019ai honte<\/strong>\u00a0pour tous les chefs d\u2019\u00e9tablissement ou inspecteurs p\u00e9dagogiques qui valident sans sourciller de telles d\u00e9marches anti-\u00e9ducatives.<\/p>\n<p><strong>J\u2019ai honte<\/strong>\u00a0pour tous ceux, au minist\u00e8re, qui se sont rendus complices d\u2019un tel d\u00e9ni d\u2019\u00e9ducation en labellisant ces lamentables et nocives boutiques, dont tous ceux qui travaillent sur l\u2019\u00e9ducation aux m\u00e9dias ont d\u00e9j\u00e0 racont\u00e9 les m\u00e9faits.<\/p>\n<p><strong>J\u2019ai honte<\/strong>\u00a0pour les m\u00eames, au minist\u00e8re, dans les cabinets et services, qui ont permis qu\u2019une compagnie d\u2019assurance priv\u00e9e s\u2019associe \u00e0 la gendarmerie pour prendre en charge l\u2019\u00e9ducation \u00e0 l\u2019Internet, de la mani\u00e8re la plus n\u00e9gative qui soit, \u00e0 la place des professionnels de l\u2019\u00e9ducation.<\/p>\n<p><strong>J\u2019ai honte pour mon \u00e9cole.<\/strong><\/p>\n<p>Pour le reste et y voir plus clair,\u00a0je vous recommande la lecture de l\u2019excellent article \u00ab\u00a0<a href=\"http:\/\/ecolededemain.wordpress.com\/2013\/12\/13\/le-permis-internet-en-cm2-derives-dans-leducation-nationale\/\" target=\"_blank\">Le permis Internet en CM2, d\u00e9rives dans l\u2019\u00c9ducation nationale<\/a>\u00a0\u00bb co-\u00e9crit par\u00a0<a href=\"https:\/\/twitter.com\/2vanssay\" target=\"_blank\">St\u00e9phanie de Vanssay<\/a>\u00a0et\u00a0<a href=\"https:\/\/twitter.com\/alozach\" target=\"_blank\">Anthony Lozac\u2019h<\/a>\u00a0sur le blogue\u00a0<em>L\u2019\u00e9cole de demain.<\/em><\/p>\n<p>Michel Guillou\u00a0<a href=\"https:\/\/twitter.com\/michelguillou\" target=\"_blank\">@michelguillou<\/a><\/p>\n<p><a href=\"http:\/\/creativecommons.org\/licenses\/by-nc-sa\/2.0\/fr\/\" target=\"_blank\"><img loading=\"lazy\" decoding=\"async\" src=\"http:\/\/i.creativecommons.org\/l\/by-nc-sa\/2.0\/fr\/80x15.png\" alt=\"image\" width=\"80\" height=\"15\" \/><\/a><\/p>\n<p>Cr\u00e9dit photo :\u00a0<a href=\"http:\/\/www.flickr.com\/photos\/lisiaolong\/4500203695\/\" target=\"_blank\">LisiaolongFuko<\/a>\u00a0via\u00a0<a href=\"http:\/\/photopin.com\/\" target=\"_blank\">photopin<\/a>\u00a0<a href=\"http:\/\/creativecommons.org\/licenses\/by-nc-sa\/2.0\/\" target=\"_blank\">cc<\/a><\/p>\n<p>[cite]<\/p>\n","protected":false},"excerpt":{"rendered":"<p style=\"text-align: left;\"><a href=\"http:\/\/www.culture-numerique.fr\/wp-content\/uploads\/2014\/04\/medium_4500203695.jpg\"><img loading=\"lazy\" decoding=\"async\" class=\"wp-image-185 aligncenter\" src=\"http:\/\/www.culture-numerique.fr\/wp-content\/uploads\/2014\/04\/medium_4500203695.jpg\" alt=\"Panique\" width=\"839\" height=\"559\" srcset=\"https:\/\/www.culture-numerique.fr\/wp-content\/uploads\/2014\/04\/medium_4500203695.jpg 500w, https:\/\/www.culture-numerique.fr\/wp-content\/uploads\/2014\/04\/medium_4500203695-300x199.jpg 300w, https:\/\/www.culture-numerique.fr\/wp-content\/uploads\/2014\/04\/medium_4500203695-100x66.jpg 100w, https:\/\/www.culture-numerique.fr\/wp-content\/uploads\/2014\/04\/medium_4500203695-150x99.jpg 150w, https:\/\/www.culture-numerique.fr\/wp-content\/uploads\/2014\/04\/medium_4500203695-200x133.jpg 200w, https:\/\/www.culture-numerique.fr\/wp-content\/uploads\/2014\/04\/medium_4500203695-450x299.jpg 450w\" sizes=\"auto, (max-width: 839px) 100vw, 839px\" \/><\/a><\/p>\n<p style=\"text-align: left;\"><strong>J\u2019ai honte pour mon \u00e9cole.\u00a0<\/strong>BFMTV\u00a0<a href=\"http:\/\/www.bfmtv.com\/societe\/internet-un-permis-sensibiliser-ecoliers-aux-dangers-web-665528.html\" target=\"_blank\">nous apprend<\/a>\u00a0qu\u2019une \u00e9cole de Mennecy, dans l\u2019Essonne, tout r\u00e9cemment, a fait appel \u00e0 la gendarmerie pour \u00ab\u00a0une formation pour prot\u00e9ger les enfants aux risques du net\u00a0\u00bb.<\/p>\n<p><span class=\"ellipsis\">&hellip;<\/span><\/p>\n<div class=\"read-more\"><a href=\"https:\/\/www.culture-numerique.fr\/?p=184\">Lire la suite &#8250;<\/a><\/div>\n<p><!-- end of .read-more --><\/p>\n","protected":false},"author":1,"featured_media":185,"comment_status":"open","ping_status":"open","sticky":false,"template":"","format":"standard","meta":{"jetpack_post_was_ever_published":false,"_jetpack_newsletter_access":"","_jetpack_dont_email_post_to_subs":true,"_jetpack_newsletter_tier_id":0,"_jetpack_memberships_contains_paywalled_content":false,"_jetpack_memberships_contains_paid_content":false,"footnotes":""},"categories":[9],"tags":[113,111,114,112,30,68],"class_list":["post-184","post","type-post","status-publish","format-standard","has-post-thumbnail","hentry","category-billets-dhumeur","tag-assurance","tag-education-aux-medias","tag-education-numerique","tag-gendarmerie","tag-internet","tag-missions-de-lecole"],"jetpack_featured_media_url":"https:\/\/www.culture-numerique.fr\/wp-content\/uploads\/2014\/04\/medium_4500203695.jpg","jetpack_sharing_enabled":true,"_links":{"self":[{"href":"https:\/\/www.culture-numerique.fr\/index.php?rest_route=\/wp\/v2\/posts\/184","targetHints":{"allow":["GET"]}}],"collection":[{"href":"https:\/\/www.culture-numerique.fr\/index.php?rest_route=\/wp\/v2\/posts"}],"about":[{"href":"https:\/\/www.culture-numerique.fr\/index.php?rest_route=\/wp\/v2\/types\/post"}],"author":[{"embeddable":true,"href":"https:\/\/www.culture-numerique.fr\/index.php?rest_route=\/wp\/v2\/users\/1"}],"replies":[{"embeddable":true,"href":"https:\/\/www.culture-numerique.fr\/index.php?rest_route=%2Fwp%2Fv2%2Fcomments&post=184"}],"version-history":[{"count":8,"href":"https:\/\/www.culture-numerique.fr\/index.php?rest_route=\/wp\/v2\/posts\/184\/revisions"}],"predecessor-version":[{"id":5402,"href":"https:\/\/www.culture-numerique.fr\/index.php?rest_route=\/wp\/v2\/posts\/184\/revisions\/5402"}],"wp:featuredmedia":[{"embeddable":true,"href":"https:\/\/www.culture-numerique.fr\/index.php?rest_route=\/wp\/v2\/media\/185"}],"wp:attachment":[{"href":"https:\/\/www.culture-numerique.fr\/index.php?rest_route=%2Fwp%2Fv2%2Fmedia&parent=184"}],"wp:term":[{"taxonomy":"category","embeddable":true,"href":"https:\/\/www.culture-numerique.fr\/index.php?rest_route=%2Fwp%2Fv2%2Fcategories&post=184"},{"taxonomy":"post_tag","embeddable":true,"href":"https:\/\/www.culture-numerique.fr\/index.php?rest_route=%2Fwp%2Fv2%2Ftags&post=184"}],"curies":[{"name":"wp","href":"https:\/\/api.w.org\/{rel}","templated":true}]}}