{"id":18,"date":"2014-04-01T12:47:34","date_gmt":"2014-04-01T11:47:34","guid":{"rendered":"http:\/\/www.culture-numerique.fr\/?p=18"},"modified":"2016-01-24T13:09:21","modified_gmt":"2016-01-24T12:09:21","slug":"anastasie-lexpression-de-la-peur-puis-la-tentation-du-pouvoir","status":"publish","type":"post","link":"https:\/\/www.culture-numerique.fr\/?p=18","title":{"rendered":"Anastasie, l&rsquo;expression de la peur puis la tentation du pouvoir"},"content":{"rendered":"<p><a href=\"http:\/\/www.culture-numerique.fr\/wp-content\/uploads\/2014\/04\/medium_6235019157.jpg\"><img loading=\"lazy\" decoding=\"async\" class=\"wp-image-19 aligncenter\" src=\"http:\/\/www.culture-numerique.fr\/wp-content\/uploads\/2014\/04\/medium_6235019157.jpg\" alt=\"\" width=\"831\" height=\"555\" srcset=\"https:\/\/www.culture-numerique.fr\/wp-content\/uploads\/2014\/04\/medium_6235019157.jpg 500w, https:\/\/www.culture-numerique.fr\/wp-content\/uploads\/2014\/04\/medium_6235019157-300x200.jpg 300w, https:\/\/www.culture-numerique.fr\/wp-content\/uploads\/2014\/04\/medium_6235019157-100x66.jpg 100w, https:\/\/www.culture-numerique.fr\/wp-content\/uploads\/2014\/04\/medium_6235019157-150x100.jpg 150w, https:\/\/www.culture-numerique.fr\/wp-content\/uploads\/2014\/04\/medium_6235019157-200x133.jpg 200w, https:\/\/www.culture-numerique.fr\/wp-content\/uploads\/2014\/04\/medium_6235019157-450x300.jpg 450w\" sizes=\"auto, (max-width: 831px) 100vw, 831px\" \/><\/a><\/p>\n<p style=\"text-align: left;\"><strong>La peur est mauvaise conseill\u00e8re, dit-on<\/strong>. \u00c0 l\u2019\u00e9vidence, elle est pourtant le compagnon fid\u00e8le et d\u00e9vou\u00e9 de bien des \u00e9lites et des intellectuels de ce si\u00e8cle.<\/p>\n<p>Du c\u00f4t\u00e9 de la presse et des m\u00e9dias traditionnels, on ne compte plus les prises de parole maladroites de journalistes apeur\u00e9s, voire affol\u00e9s, mandarins ou plus humbles, accumulant les gloses immod\u00e9r\u00e9es et am\u00e8res, pestant contre cet Internet qui les d\u00e9stabilise, les remet en question, les faire descendre de leur pi\u00e9destal\u2026<\/p>\n<p>Allez, quelques noms dont j\u2019ai le souvenir\u00a0:\u00a0<a href=\"http:\/\/gingko.neottia.net\/post\/10987498813\/eloge-de-la-mediocrite\" target=\"_blank\">\u00c9ric Fottorino<\/a>,\u00a0<a href=\"http:\/\/www.europe1.fr\/MediaCenter\/Emissions\/L-edito-de-Catherine-Nay\/Sons\/WikiLeaks-ou-le-seisme-diplomatique-324197\/\" target=\"_blank\">Catherine Nay<\/a>,\u00a0<a href=\"http:\/\/www.liberation.fr\/politiques\/2009\/09\/17\/totale-transparence_582088\" target=\"_blank\">Alain Duhamel<\/a>,\u00a0<a href=\"http:\/\/www.acrimed.org\/article3021.html\" target=\"_blank\">Philippe Val<\/a>,\u00a0<a href=\"http:\/\/owni.fr\/2009\/12\/21\/arditi-et-la-tirade-danti-net\/\" target=\"_blank\">\u00c9lizabeth L\u00e9vy<\/a>,\u00a0<a href=\"http:\/\/gingko.neottia.net\/post\/10987498813\/eloge-de-la-mediocrite\" target=\"_blank\">Denis Olivennes<\/a>,\u00a0<a href=\"http:\/\/www.huffingtonpost.fr\/2012\/10\/03\/patrick-montel-quitte-twitter_n_1934999.html\" target=\"_blank\">Patrick Montel<\/a>\u2026<\/p>\n<p>En point d\u2019orgue, le toujours lucide et fascinant\u00a0<a href=\"http:\/\/www.arretsurimages.net\/vite.php?id=7694\" target=\"_blank\">Laurent Joffrin<\/a>\u00a0:\u00a0\u00ab\u00a0<em>Il faut rappeler que si le Net est un magnifique outil de diffusion, il ne produit rien.\u00a0<\/em>\u00bb.<\/p>\n<p>Du c\u00f4t\u00e9 des artistes, des \u00e9crivains, des com\u00e9diens, nombreux sont ceux qui n\u2019ont pas r\u00e9sist\u00e9 \u00e0 la tentation de dire les pires horreurs \u00e0 propos du num\u00e9rique et d\u2019Internet. Vous comprenez\u00a0: on les critique, on les bouscule, les droits imm\u00e9moriaux des auteurs sont bafou\u00e9s. Et surtout, c\u00f4toyer la m\u00e9diocrit\u00e9 insupporte au plus haut point ces intellectuels de haute vol\u00e9e.<\/p>\n<p>Dans ce ch\u0153ur des aigris, on reconna\u00eet\u00a0<a href=\"http:\/\/owni.fr\/2009\/12\/21\/arditi-et-la-tirade-danti-net\/\" target=\"_blank\">Guy Sorman<\/a>,\u00a0<a href=\"http:\/\/owni.fr\/2009\/12\/21\/arditi-et-la-tirade-danti-net\/\" target=\"_blank\">Pierre Arditi<\/a>,\u00a0<a href=\"http:\/\/www.dailymotion.com\/video\/x957zk_pour-finkielkraut-internet-est-une_news#from=embed\" target=\"_blank\">Alain Finkielkraut<\/a>,\u00a0<a href=\"http:\/\/www.dailymotion.com\/video\/xfut27_patrick-sebastien-internet-est-une-poubelle-sans-nom_news\" target=\"_blank\">Patrick S\u00e9bastien<\/a>\u00a0(la juxtaposition de ces deux derniers noms ne laisse pas de m\u2019amuser),\u00a0<a href=\"http:\/\/www.aufeminin.com\/dossiers\/billet-humeur-elizabeth-tchoungui-phenomene-twitter-d20822.html\" target=\"_blank\">Elizabeth Tchoungui<\/a>,\u00a0<a href=\"http:\/\/www.sudouest.fr\/2012\/08\/24\/frederic-beigbeder-internet-c-est-l-empire-de-la-mechancete-de-la-betise-802943-4018.php\" target=\"_blank\">Fr\u00e9d\u00e9ric Beigbeder<\/a>,\u00a0<a href=\"http:\/\/www.slate.fr\/story\/61313\/internet-ennemis-reponse\" target=\"_blank\">Amanda Lear<\/a>,\u00a0<a href=\"http:\/\/www.dailymotion.com\/video\/xauye3_seguela-attaque-le-web_news#from=embed\" target=\"_blank\">Jacques S\u00e9guela<\/a>,\u00a0<a href=\"http:\/\/www.ozap.com\/actu\/mathilde-seigner-internet-est-une-machine-un-drame-de-l-humanite\/440183\" target=\"_blank\">Mathilde Seigner<\/a>,\u00a0<a href=\"http:\/\/www.lemonde.fr\/societe\/article\/2011\/07\/03\/alain-delon-affirme-que-son-fils-n-est-pas-responsable-du-tir-qui-a-blesse-une-adolescente-a-geneve_1544181_3224.html\" target=\"_blank\">Alain Delon<\/a>\u2026<\/p>\n<p>Dans le monde politique, on n\u2019est pas en reste et tout le monde a entendu parler des saillies drolatiques de\u00a0<a href=\"http:\/\/www.20minutes.fr\/high-tech\/230957-High-Tech-Nadine-Morano-veut-bloquer-definitivement-les-sites-pedophiles.php\" target=\"_blank\">Nadine Morano<\/a>,\u00a0<a href=\"http:\/\/www.lefigaro.fr\/politique\/2011\/09\/05\/01002-20110905ARTFIG00568-alliot-marie-je-ferai-tout-pour-la-reelection-de-sarkozy.php\" target=\"_blank\">Michelle Alliot-Marie<\/a>,\u00a0<a href=\"http:\/\/www.lepoint.fr\/politique\/election-presidentielle-2012\/primaire-PS\/les-candidats-a-la-primaire-ps-apprivoisent-internet-07-07-2011-1350524_325.php\" target=\"_blank\">Martine Aubry<\/a>,\u00a0<a href=\"http:\/\/www.pcinpact.com\/news\/54596-jacques-myard-internet-pourri-nationnaliser.htm\" target=\"_blank\">Jacques Myard<\/a>,\u00a0<a href=\"http:\/\/tempsreel.nouvelobs.com\/politique\/20090312.OBS8440\/albanel-internet-n-est-pas-un-droit-fondamental.html\" target=\"_blank\">Christine Albanel<\/a>,\u00a0<a href=\"http:\/\/tvmag.lefigaro.fr\/programme-tv\/article\/people\/64106\/luc-ferry-se-paye-zemmour-et-naulleau.html\" target=\"_blank\">Luc Ferry<\/a>,\u00a0<a href=\"http:\/\/www.dailymotion.com\/video\/xak5ef_segolene-royal-vs-le-lobby-internet_news#from=embed\" target=\"_blank\">S\u00e9gol\u00e8ne Royal<\/a>,\u00a0<a href=\"http:\/\/www.publicsenat.fr\/lcp\/politique\/libye-ollier-regrette-rien-77987\" target=\"_blank\">Patrick Ollier<\/a>,\u00a0<a href=\"http:\/\/www.pcinpact.com\/archive\/47913-frederic-lefebvre-internet-mafia-drogue.htm\" target=\"_blank\">Fr\u00e9d\u00e9ric Lefebvre<\/a>,\u00a0<a href=\"http:\/\/www.polkamagazine.com\/19\/le-mur\/polka-image\/890\" target=\"_blank\">Aur\u00e9lie Filippetti<\/a>\u00a0\u2014 oui, oui, la ministre de la culture.<\/p>\n<p>En point d\u2019orgue, tout r\u00e9cemment,\u00a0<a href=\"http:\/\/www.pcinpact.com\/news\/86310-francois-hollande-evoque-nouvelles-menaces-d-internet.htm\" target=\"_blank\">Fran\u00e7ois Hollande<\/a>\u00a0lui-m\u00eame :\u00a0\u00ab\u00a0<em>C\u2019est cela le risque d\u2019internet. C\u2019est la multiplication, c\u2019est le d\u00e9versement, c\u2019est la diffusion \u00e0 un niveau jusque l\u00e0 jamais atteint de mensonges et d\u2019insultes.<\/em>\u00a0\u00bb<\/p>\n<h3><strong>Mis pourquoi nous raconte-t-il tout \u00e7a, direz-vous\u00a0?<\/strong><\/h3>\n<p>Eh bien figurez-vous qu\u2019il en va des \u00e9lites de ce pays comme des \u00e9lites de la grande maison \u00ab\u00a0\u00c9ducation nationale\u00a0\u00bb\u00a0: tout le monde a peur.<\/p>\n<p><strong>Mais vraiment tr\u00e8s peur.\u00a0<\/strong><\/p>\n<p>La r\u00e9ponse traditionnelle observ\u00e9e des dirigeants est celle de la surveillance g\u00e9n\u00e9ralis\u00e9e des citoyens, de l\u2019espionnage des internautes et de la censure de fait de leur libert\u00e9 d\u2019expression, organisant la r\u00e9gulation de cette derni\u00e8re en confiant \u00e0 des entreprises priv\u00e9es la responsabilit\u00e9 de dire le droit, de distinguer ce qui est l\u00e9gal de ce qui ne l\u2019est pas, de mettre en place le filtrage des flux sans d\u00e9cision de justice, en promouvant l\u2019irresponsabilit\u00e9 personnelle \u2014 cf. les affaires r\u00e9centes concernant des tweets antis\u00e9mites, par ex.<\/p>\n<p>Toutes les d\u00e9cisions politiques vont dans le m\u00eame sens en ne d\u00e9fendant pas la neutralit\u00e9 des r\u00e9seaux, en d\u00e9pouillant le citoyen de ses droits \u00e9l\u00e9mentaires, en le privant m\u00e9thodiquement de ses libert\u00e9s fondamentales. Les lois qu\u2019on nous promet pour demain vont toutes dans le m\u00eame sens. Sous pr\u00e9texte de fixer le cadre des libert\u00e9s num\u00e9riques, elles en organisent la mise \u00e0 mal. Sous pr\u00e9texte de faciliter l\u2019acc\u00e8s \u00e0 la culture, elles r\u00e9glementent les acc\u00e8s \u00e0 cette derni\u00e8re, en confiant notamment \u00e0 des autorit\u00e9s ind\u00e9pendantes, dont celle en charge de l\u2019audiovisuel, la responsabilit\u00e9 de la r\u00e9gulation des contenus num\u00e9riques en ligne.<\/p>\n<p>Si on a du mal \u00e0 comprendre que toutes ces d\u00e9cisions soient dict\u00e9es par la peur plut\u00f4t que par la raison, on ne peut d\u00e9cemment pas reprocher \u00e0 des hommes politiques d\u2019exercer leur pouvoir, m\u00eame si on n\u2019agr\u00e9e pas leurs motivations.<\/p>\n<p><strong>Dans le syst\u00e8me \u00e9ducatif, la peur est partout,\u00a0<\/strong>vous disais-je,<strong>\u00a0la raison nulle part, ce qui est pour le moins dommage, et le pouvoir s\u2019exerce de mani\u00e8re immod\u00e9r\u00e9e\u00a0<\/strong>avec ouverture de parapluie\u00a0\u00e0 tous les \u00e9tages d\u2019une hi\u00e9rarchie scl\u00e9ros\u00e9e et strictement verticale.<\/p>\n<p>Ainsi, depuis le d\u00e9but de ce mill\u00e9naire, sous le fallacieux pr\u00e9texte de la n\u00e9cessaire protection des mineurs, on a organis\u00e9 dans le syst\u00e8me scolaire\u00a0<strong>le filtrage en grand de l\u2019Internet<\/strong>,\u00a0renfor\u00e7ant l\u2019irresponsabilit\u00e9 des professeurs et privant les plus engag\u00e9s d\u2019entre eux de leur libert\u00e9 d\u2019acc\u00e8s aux ressources dont ils ont besoin, part de leur libert\u00e9 p\u00e9dagogique \u2014 on ne compte plus les r\u00e9seaux d\u2019\u00e9tablissement ou les centres de documentation o\u00f9 on n\u2019acc\u00e8de pas \u00e0 des services entiers de l\u2019Internet, YouTube, Dailymotion, Facebook, Twitter, Wikipedia (si, si, je vous assure), etc.<\/p>\n<p>Les d\u00e9cisions de filtrage sont le plus souvent prises de mani\u00e8re autoritaire, sans possibilit\u00e9 de n\u00e9gociation ou d\u2019accommodement, aux diff\u00e9rents niveaux de la hi\u00e9rarchie, les services rectoraux, les chefs d\u2019\u00e9tablissement, les r\u00e9f\u00e9rents num\u00e9riques, les professeurs documentalistes eux-m\u00eames, les entreprises de maintenance, par la magie de l\u2019exercice de leurs micro-pouvoirs respectifs.<\/p>\n<p>C\u2019est tellement jouissif et facile de tourner le bouton d\u2019Anastasie\u00a0!<\/p>\n<p>Ainsi, depuis le d\u00e9but de ce mill\u00e9naire, sous le fallacieux pr\u00e9texte de la restauration d\u2019une autorit\u00e9 professorale suppos\u00e9ment entam\u00e9e, on a organis\u00e9 dans le syst\u00e8me \u00e9ducatif, par la loi ou l\u2019enrichissement des r\u00e8glements int\u00e9rieurs,\u00a0<strong>la privation syst\u00e9matique et irraisonn\u00e9e de la libert\u00e9 des \u00e9l\u00e8ves d\u2019utiliser\u00a0<\/strong>si besoin<strong>\u00a0leur terminal personnel<\/strong>\u00a0d\u2019acc\u00e8s \u00e0 la connaissance, lequel contribue g\u00e9n\u00e9ralement \u00e0 prolonger et renforcer leur identit\u00e9 et leur vie sociale, voir \u00e0 ce sujet\u00a0<a href=\"http:\/\/psychologik.blogspot.fr\/2014\/03\/les-adolescents-les-smartphones-et.html\" target=\"_blank\">l\u2019excellent et r\u00e9cent billet<\/a>\u00a0de Yann Leroux.<\/p>\n<p>Ainsi, depuis le d\u00e9but de ce mill\u00e9naire, on a organis\u00e9 la censure de fait de la libert\u00e9 d\u2019expression des \u00e9l\u00e8ves\u00a0<strong>en r\u00e9primant tr\u00e8s s\u00e9v\u00e8rement les abus de cette derni\u00e8re sur les blogues ou les r\u00e9seaux sociaux<\/strong>\u00a0plut\u00f4t que de mettre en place les mesures \u00e9ducatives n\u00e9cessaires. Ainsi, depuis le d\u00e9but de ce mill\u00e9naire, on a censur\u00e9, les chefs d\u2019\u00e9tablissements les premiers, au m\u00e9pris de la l\u00e9gislation le plus souvent, les journaux scolaires ou lyc\u00e9ens, sur papier ou en ligne. Ainsi, depuis le d\u00e9but de ce mill\u00e9naire, on a organis\u00e9 dans les lyc\u00e9es la censure des modes d\u2019expression ou de construction de leur citoyennet\u00e9 choisis par les \u00e9l\u00e8ves eux-m\u00eames\u00a0<strong>dans le cadre de la vie lyc\u00e9enne<\/strong>.<\/p>\n<p>Il est possible de multiplier \u00e0 loisir les exemples qui montrent que l\u2019exercice compulsif de ces micro-pouvoirs est une r\u00e9ponse irraisonn\u00e9e \u00e0 la peur panique de l\u2019Internet ou des espaces num\u00e9riques.<\/p>\n<p>Plus r\u00e9cemment, toujours mue par la peur et \u00e0 ce qu\u2019on peut gagner \u00e0 l\u2019entretenir autour de soi,\u00a0<a href=\"http:\/\/gingko.neottia.net\/post\/78108711495\/numerique-la-france-a-peur\" target=\"_blank\">l\u2019AFUL propose<\/a>\u00a0aux enfants de dessiner les menaces informatiques\u00a0! De son c\u00f4t\u00e9 \u2014 on voit bien ce qu\u2019elle a \u00e0 y gagner\u00a0\u2014, une compagnie d\u2019assurance s\u2019associe aux gendarmes pour aller\u00a0<a href=\"http:\/\/gingko.neottia.net\/post\/70124763155\/jai-honte-pour-mon-ecole\" target=\"_blank\">d\u00e9livrer un permis Internet<\/a>\u00a0en CM2, au m\u00e9pris de toute d\u00e9marche \u00e9ducative.<\/p>\n<p>Le minist\u00e8re soi-m\u00eame, pour rassurer les parents et les foules enseignantes et administratives apeur\u00e9s, promeut un site appel\u00e9 \u00ab\u00a0<a href=\"http:\/\/eduscol.education.fr\/internet-responsable\/\" target=\"_blank\">Internet responsable<\/a>\u00a0\u00bb dont j\u2019ai montr\u00e9, dans\u00a0<a href=\"http:\/\/gingko.neottia.net\/post\/64589298788\/lecon-de-morale-n-1-je-ne-divulguerai-jamais-aucune\" target=\"_blank\">ce billet<\/a>, qu\u2019il n\u2019\u00e9tait, sous pr\u00e9texte d\u2019\u00e9ducation aux m\u00e9dias, qu\u2019une tentative de plus d\u2019imposer une morale num\u00e9rique normalis\u00e9e et, de fait, anti\u00e9ducative et privatrice de droits et de libert\u00e9s.<\/p>\n<p>Enfin, au moment ou il appara\u00eet comme urgent et prioritaire de\u00a0<strong>donner \u00e0 \u00ab\u00a0<a href=\"http:\/\/gingko.neottia.net\/post\/64019013503\/publier-et-collaborer-plutot-que-dutiliser-et\" target=\"_blank\">publier<\/a>\u00a0\u00bb le statut de comp\u00e9tence d\u2019apprentissage fondamentale<\/strong>\u00a0\u2014 et non pas \u00ab\u00a0coder\u00a0\u00bb qui n\u2019est qu\u2019un des aspects de la publication\u00a0\u2014, l\u2019\u00e9cole devra n\u00e9cessairement se donner pour mission de restaurer les libert\u00e9s fondamentales qui permettront \u00e0 la fois la mise en \u0153uvre des apprentissages aff\u00e9rents et la restauration d\u2019une citoyennet\u00e9 num\u00e9rique pour ses \u00e9l\u00e8ves.<\/p>\n<p>Encore convient-il d\u2019avoir confiance et de laisser place \u00e0 la raison.<\/p>\n<p>C\u2019est l\u00e0 l\u2019essentiel du propos que je tiendrai samedi 5 avril \u00e0 Arsac, sur la table ronde intitul\u00e9e \u00ab\u00a0Libert\u00e9\u00a0\u00bb sur laquelle l\u2019<a href=\"http:\/\/www.acteurs-ecoles.fr\/forum-educavox-2-arsac\/\" target=\"_blank\">ANA\u00c9\/\u00c9ducavox<\/a>\u00a0a la courtoisie de m\u2019inviter.<\/p>\n<p>Michel Guillou\u00a0<a href=\"https:\/\/twitter.com\/michelguillou\" target=\"_blank\">@michelguillou<\/a><\/p>\n<p><a href=\"http:\/\/creativecommons.org\/licenses\/by-nc-sa\/2.0\/fr\/\" target=\"_blank\"><img loading=\"lazy\" decoding=\"async\" src=\"http:\/\/i.creativecommons.org\/l\/by-nc-sa\/2.0\/fr\/80x15.png\" alt=\"image\" width=\"80\" height=\"15\" \/><\/a><\/p>\n<p>Cr\u00e9dit photo\u00a0:\u00a0<a href=\"http:\/\/www.flickr.com\/photos\/clauddina\/6235019157\/\" target=\"_blank\">Claude\u2026<\/a>\u00a0via\u00a0<a href=\"http:\/\/photopin.com\/\" target=\"_blank\">photopin<\/a>\u00a0<a href=\"http:\/\/creativecommons.org\/licenses\/by-nc-nd\/2.0\/\" target=\"_blank\">cc<\/a>\u00a0; merci \u00e0\u00a0<a href=\"http:\/\/www.slate.fr\/\" target=\"_blank\">Slate<\/a>\u00a0et\u00a0<a href=\"http:\/\/owni.fr\/\" target=\"_blank\">Owni<\/a>\u00a0pour les citations.<\/p>\n","protected":false},"excerpt":{"rendered":"<p><a href=\"http:\/\/www.culture-numerique.fr\/wp-content\/uploads\/2014\/04\/medium_6235019157.jpg\"><img loading=\"lazy\" decoding=\"async\" class=\"wp-image-19 aligncenter\" src=\"http:\/\/www.culture-numerique.fr\/wp-content\/uploads\/2014\/04\/medium_6235019157.jpg\" alt=\"\" width=\"831\" height=\"555\" srcset=\"https:\/\/www.culture-numerique.fr\/wp-content\/uploads\/2014\/04\/medium_6235019157.jpg 500w, https:\/\/www.culture-numerique.fr\/wp-content\/uploads\/2014\/04\/medium_6235019157-300x200.jpg 300w, https:\/\/www.culture-numerique.fr\/wp-content\/uploads\/2014\/04\/medium_6235019157-100x66.jpg 100w, https:\/\/www.culture-numerique.fr\/wp-content\/uploads\/2014\/04\/medium_6235019157-150x100.jpg 150w, https:\/\/www.culture-numerique.fr\/wp-content\/uploads\/2014\/04\/medium_6235019157-200x133.jpg 200w, https:\/\/www.culture-numerique.fr\/wp-content\/uploads\/2014\/04\/medium_6235019157-450x300.jpg 450w\" sizes=\"auto, (max-width: 831px) 100vw, 831px\" \/><\/a><\/p>\n<p style=\"text-align: left;\"><strong>La peur est mauvaise conseill\u00e8re, dit-on<\/strong>. \u00c0 l\u2019\u00e9vidence, elle est pourtant le compagnon fid\u00e8le et d\u00e9vou\u00e9 de bien des \u00e9lites et des intellectuels de ce si\u00e8cle.<\/p>\n<p>Du c\u00f4t\u00e9 de la presse et des m\u00e9dias traditionnels,<\/p>\n<p><span class=\"ellipsis\">&hellip;<\/span><\/p>\n<div class=\"read-more\"><a href=\"https:\/\/www.culture-numerique.fr\/?p=18\">Lire la suite &#8250;<\/a><\/div>\n<p><!-- end of .read-more --><\/p>\n","protected":false},"author":1,"featured_media":19,"comment_status":"open","ping_status":"open","sticky":false,"template":"","format":"standard","meta":{"jetpack_post_was_ever_published":false,"_jetpack_newsletter_access":"","_jetpack_dont_email_post_to_subs":false,"_jetpack_newsletter_tier_id":0,"_jetpack_memberships_contains_paywalled_content":false,"_jetpack_memberships_contains_paid_content":false,"footnotes":""},"categories":[9],"tags":[15,19,14,16,13,10,12,18,17,11],"class_list":["post-18","post","type-post","status-publish","format-standard","has-post-thumbnail","hentry","category-billets-dhumeur","tag-anastasie","tag-apprentissages","tag-censure","tag-droits-fondamentaux","tag-liberte-dexpression","tag-peur","tag-pouvoir","tag-publication","tag-publier","tag-raison"],"jetpack_featured_media_url":"https:\/\/www.culture-numerique.fr\/wp-content\/uploads\/2014\/04\/medium_6235019157.jpg","jetpack_sharing_enabled":true,"_links":{"self":[{"href":"https:\/\/www.culture-numerique.fr\/index.php?rest_route=\/wp\/v2\/posts\/18","targetHints":{"allow":["GET"]}}],"collection":[{"href":"https:\/\/www.culture-numerique.fr\/index.php?rest_route=\/wp\/v2\/posts"}],"about":[{"href":"https:\/\/www.culture-numerique.fr\/index.php?rest_route=\/wp\/v2\/types\/post"}],"author":[{"embeddable":true,"href":"https:\/\/www.culture-numerique.fr\/index.php?rest_route=\/wp\/v2\/users\/1"}],"replies":[{"embeddable":true,"href":"https:\/\/www.culture-numerique.fr\/index.php?rest_route=%2Fwp%2Fv2%2Fcomments&post=18"}],"version-history":[{"count":11,"href":"https:\/\/www.culture-numerique.fr\/index.php?rest_route=\/wp\/v2\/posts\/18\/revisions"}],"predecessor-version":[{"id":4579,"href":"https:\/\/www.culture-numerique.fr\/index.php?rest_route=\/wp\/v2\/posts\/18\/revisions\/4579"}],"wp:featuredmedia":[{"embeddable":true,"href":"https:\/\/www.culture-numerique.fr\/index.php?rest_route=\/wp\/v2\/media\/19"}],"wp:attachment":[{"href":"https:\/\/www.culture-numerique.fr\/index.php?rest_route=%2Fwp%2Fv2%2Fmedia&parent=18"}],"wp:term":[{"taxonomy":"category","embeddable":true,"href":"https:\/\/www.culture-numerique.fr\/index.php?rest_route=%2Fwp%2Fv2%2Fcategories&post=18"},{"taxonomy":"post_tag","embeddable":true,"href":"https:\/\/www.culture-numerique.fr\/index.php?rest_route=%2Fwp%2Fv2%2Ftags&post=18"}],"curies":[{"name":"wp","href":"https:\/\/api.w.org\/{rel}","templated":true}]}}