{"id":1780,"date":"2014-09-22T01:42:42","date_gmt":"2014-09-21T23:42:42","guid":{"rendered":"http:\/\/www.culture-numerique.fr\/?p=1780"},"modified":"2016-10-30T19:01:20","modified_gmt":"2016-10-30T18:01:20","slug":"attendre-lessaimage-des-bonnes-pratiques-numeriques-ne-serait-ce-pas-procrastiner-un-peu","status":"publish","type":"post","link":"https:\/\/www.culture-numerique.fr\/?p=1780","title":{"rendered":"Attendre l&rsquo;essaimage des bonnes pratiques num\u00e9riques, ne serait-ce pas procrastiner un peu\u00a0?"},"content":{"rendered":"<p><a href=\"http:\/\/www.culture-numerique.fr\/wp-content\/uploads\/2014\/09\/origin_679809415.jpg\"><img loading=\"lazy\" decoding=\"async\" class=\"size-full wp-image-1808 aligncenter\" src=\"http:\/\/www.culture-numerique.fr\/wp-content\/uploads\/2014\/09\/origin_679809415.jpg\" alt=\"Abeille\" width=\"1024\" height=\"817\" srcset=\"https:\/\/www.culture-numerique.fr\/wp-content\/uploads\/2014\/09\/origin_679809415.jpg 1024w, https:\/\/www.culture-numerique.fr\/wp-content\/uploads\/2014\/09\/origin_679809415-300x239.jpg 300w, https:\/\/www.culture-numerique.fr\/wp-content\/uploads\/2014\/09\/origin_679809415-100x79.jpg 100w, https:\/\/www.culture-numerique.fr\/wp-content\/uploads\/2014\/09\/origin_679809415-150x119.jpg 150w, https:\/\/www.culture-numerique.fr\/wp-content\/uploads\/2014\/09\/origin_679809415-200x159.jpg 200w, https:\/\/www.culture-numerique.fr\/wp-content\/uploads\/2014\/09\/origin_679809415-450x359.jpg 450w, https:\/\/www.culture-numerique.fr\/wp-content\/uploads\/2014\/09\/origin_679809415-600x478.jpg 600w, https:\/\/www.culture-numerique.fr\/wp-content\/uploads\/2014\/09\/origin_679809415-900x718.jpg 900w\" sizes=\"auto, (max-width: 1024px) 100vw, 1024px\" \/><\/a><\/p>\n<p><strong>\u00c0 plusieurs reprises, ces derniers jours<\/strong>, sur <em><a href=\"http:\/\/www.educavox.fr\/\" target=\"_blank\">Educavox<\/a><\/em> et dans le\u00a0<em><a href=\"http:\/\/www.ludovia.com\/\" target=\"_blank\">Ludomag<\/a><\/em>, la nouvelle directrice de la <a href=\"http:\/\/www.education.gouv.fr\/cid77084\/direction-du-numerique-pour-l-education-dne.html\" target=\"_blank\">DNE<\/a>, direction du num\u00e9rique pour l&rsquo;\u00e9ducation, Catherine Becchetti-Bizot, dont j&rsquo;ai d\u00e9j\u00e0 eu ici-m\u00eame l&rsquo;occasion de dire toute l&rsquo;estime en laquelle je la tenais (1), a eu l&rsquo;occasion de d\u00e9tailler et d&rsquo;expliciter les axes de la strat\u00e9gie du minist\u00e8re \u00ab\u00a0<strong>pour faire entrer l&rsquo;\u00e9cole dans l&rsquo;\u00e8re du num\u00e9riqu<\/strong>e\u00a0\u00bb.<\/p>\n<p>Je reviendrai sans doute sur les points qu&rsquo;elle a \u00e9voqu\u00e9s qui m\u00e9ritent, pour nombre d&rsquo;entre eux, qu&rsquo;on s&rsquo;y attarde. Pour la premi\u00e8re fois, je l&rsquo;ai entendue dire, par exemple, que, sans doute, on avait dans l&rsquo;\u00e9cole une vision trop utilitaire et instrumentalis\u00e9e du num\u00e9rique. Si vous me lisez, vous savez que j\u2019applaudis des deux mains.<\/p>\n<p>En revanche, elle a r\u00e9p\u00e9t\u00e9 vouloir continuer dans ce qui constitue l&rsquo;\u00e9pine dorsale de la strat\u00e9gie du minist\u00e8re en mati\u00e8re de num\u00e9rique\u00a0\u2014\u00a0hier encore, il s&rsquo;agissait des Tice\u00a0\u2014, soit\u00a0<strong>le rep\u00e9rage, la valorisation et la promotion des \u00ab\u00a0usages\u00a0\u00bb, des bonnes pratiques, afin que ces derni\u00e8res essaiment&#8230;<\/strong><\/p>\n<h3><strong>Cette strat\u00e9gie a montr\u00e9, depuis dix ans au bas mot, sa compl\u00e8te inefficacit\u00e9<\/strong><\/h3>\n<p>Depuis toutes ces ann\u00e9es, des cohortes d&rsquo;animateurs, de professeurs, dans les missions acad\u00e9miques, dans les centres d\u00e9partementaux ou r\u00e9gionaux du r\u00e9seau CNDP, appel\u00e9 maintenant Canop\u00e9, dans les observatoires ou agences des \u00ab usages \u00bb, ont d\u00e9pens\u00e9 une \u00e9nergie folle et pass\u00e9 un temps consid\u00e9rable \u00e0 ce rep\u00e9rage absurde et improductif. Ce dernier s&rsquo;accompagne parfois de consid\u00e9rations statistiques ou cartographiques strictement quantitatives tout aussi absurdes. Quant aux aspects qualitatifs de ce rep\u00e9rage, il convient pour les \u00e9voquer enfin, de se heurter de plein fouet \u00e0 un certain nombre de freins. Le principal d&rsquo;entre eux est que de\u00a0passer de l&rsquo;\u00e9tat \u00ab\u00a0rep\u00e9r\u00e9\u00a0\u00bb \u00e0 l&rsquo;\u00e9tat \u00ab\u00a0valoris\u00e9\u00a0\u00bb demande un certain nombre de validations institutionnelles <em>a priori<\/em>, difficiles \u00e0 obtenir d&rsquo;un encadrement p\u00e9dagogique g\u00e9n\u00e9ralement circonspect et toujours sourcilleux de ses pr\u00e9rogatives.<\/p>\n<p>Bien souvent, par ailleurs, ces exp\u00e9rimentations ou ces bonnes pratiques rep\u00e9r\u00e9es s&#8217;embarrassent d&rsquo;un travail de recherche universitaire qui rend ses conclusions de tr\u00e8s longs mois \u2014\u00a0il faut parfois plus d&rsquo;une ann\u00e9e enti\u00e8re\u00a0\u2014 apr\u00e8s qu&rsquo;il a commenc\u00e9 \u00e0 \u00eatre mis en \u0153uvre. C&rsquo;est \u00e0 dire toujours trop tard. Le questionnement de ce dernier est aussi g\u00e9n\u00e9ralement erron\u00e9, comme je l&rsquo;ai montr\u00e9 dans un billet r\u00e9cent (2).\u00a0En effet, la plupart des recherches se contentent de savoir \u00ab\u00a0si c&rsquo;est mieux\u00a0\u00bb avec le num\u00e9rique, ce dont l&rsquo;\u00e9cole devrait se fiche, alors qu&rsquo;il s&rsquo;agirait, \u00e9ventuellement et plut\u00f4t, de s&rsquo;interroger sur <strong>ce qu&rsquo;il change vraiment<\/strong> dans les pratiques de classe.<\/p>\n<p>Enfin, il est n\u00e9cessaire de prendre conscience que\u00a0la bonne pratique d&rsquo;aujourd&rsquo;hui, \u00e0 supposer qu&rsquo;il y ait une \u00ab\u00a0bonne\u00a0\u00bb pratique, n&rsquo;est sans doute\u00a0pas celle de demain, au rythme o\u00f9 \u00e9voluent les technologies, dans un domaine o\u00f9 l&rsquo;innovation est \u00e0 la fois la constante et le moteur du changement.<\/p>\n<h3><strong>Il est donc n\u00e9cessaire de changer de strat\u00e9gie<\/strong><\/h3>\n<p>En effet, valoriser, promouvoir les bonnes pratiques professionnelles et attendre un hypoth\u00e9tique essaimage semblent bien inad\u00e9quats aux besoins.<\/p>\n<p>Comment imaginer faire progresser les bonnes pratiques de classe avec le num\u00e9rique quand pr\u00e9senter une s\u00e9quence p\u00e9dagogique de ce type lors d&rsquo;une inspection, c&rsquo;est encore <strong>prendre des risques<\/strong>\u00a0? Qu&rsquo;on ne me dise pas que c&rsquo;est faux, j&rsquo;en ai des exemples tous les jours encore&#8230;<\/p>\n<p>Comment imaginer faire progresser le num\u00e9rique \u00e9ducatif quand <strong>le chantier prioritaire et indispensable des programmes et du socle<\/strong> avance si lentement\u00a0? Que va-t-il advenir de ce dernier apr\u00e8s les premi\u00e8res versions vides de culture num\u00e9rique et de rep\u00e8res compr\u00e9hensibles \u00e0 ce sujet ? Que va nous apporter \u00e0 ce sujet la consultation des personnels en cours quand on sait que moins d&rsquo;un professeur sur deux est convaincu par le num\u00e9rique\u00a0(3) ?<\/p>\n<p>Exp\u00e9rimenter, observer, rep\u00e9rer, \u00e9valuer, valoriser, promouvoir, esp\u00e9rer l&rsquo;essaimage ne sont trop souvent que des bonnes occasions pour procrastiner et <strong>remettre \u00e0 plus tard les d\u00e9cisions indispensables <\/strong>et qu&rsquo;il faut prendre pourtant sans tarder, en liaison avec les collectivit\u00e9s locales, sur les infrastructures (architecture, connectivit\u00e9, \u00e9quipement, ressources), sur la formation et l&rsquo;accompagnement des personnels, \u00e0 commencer par la formation initiale et celle\u00a0des cadres, catastrophiques l&rsquo;une comme l&rsquo;autre, sur les programmes et les comp\u00e9tences attendues&#8230;<\/p>\n<p>Je r\u00e9p\u00e8te qu&rsquo;il est bien s\u00fbr n\u00e9cessaire d&rsquo;<strong>\u00e9valuer<\/strong>, comme il est n\u00e9cessaire aussi, ne serait-ce que pour satisfaire leur ego, de <strong>promouvoir les initiatives<\/strong> de ceux qui innovent vraiment. Mais, \u00e0 trop s&rsquo;attarder \u00e0 cela, on perp\u00e9tue <em>sine die<\/em> cette p\u00e9riode des pionniers qui fait l&rsquo;admiration des m\u00e9dias et de la communication politique et on n&rsquo;avance gu\u00e8re. Par ailleurs, <strong>\u00e9valuer doit maintenant pouvoir se faire en marchant<\/strong>, sans pause d&rsquo;aucune sorte, et <strong>valoriser doit se faire avec de vraies promotions ou des esp\u00e8ces sonnantes et tr\u00e9buchantes<\/strong>, n&rsquo;en d\u00e9plaise \u00e0 certaines forces conservatrices, plut\u00f4t qu&rsquo;avec des discours institutionnels convenus.<\/p>\n<p>Ce n&rsquo;est qu&rsquo;ainsi qu&rsquo;on fera vraiment avancer le num\u00e9rique, sans attendre\u00a0un vain et improbable essaimage.<\/p>\n<p>Michel Guillou\u00a0@michelguillou<\/p>\n<p><a href=\"http:\/\/creativecommons.org\/licenses\/by-nc-sa\/4.0\/\"><img loading=\"lazy\" decoding=\"async\" class=\"alignleft wp-image-1448 size-full\" src=\"http:\/\/www.culture-numerique.fr\/wp-content\/uploads\/2014\/09\/80x15.png\" alt=\"80x15\" width=\"80\" height=\"15\" \/><\/a><\/p>\n<p>&nbsp;<\/p>\n<p>Cr\u00e9dit photo\u00a0: <a href=\"https:\/\/www.flickr.com\/photos\/da100fotos\/679809415\/\">Danny Perez Photography<\/a> via <a href=\"http:\/\/photopin.com\">photopin<\/a> <a href=\"http:\/\/creativecommons.org\/licenses\/by-nc-nd\/2.0\/\">cc<\/a><\/p>\n<ol>\n<li>Enfin la l\u00e9gitimit\u00e9 pour la direction du num\u00e9rique \u00e9ducatif\u00a0<a href=\"http:\/\/www.culture-numerique.fr\/?p=663\" target=\"_blank\">http:\/\/www.culture-numerique.fr\/?p=663<\/a><\/li>\n<li>Num\u00e9rique : changer radicalement le questionnement\u00a0<a href=\"http:\/\/www.culture-numerique.fr\/?p=712\" target=\"_blank\">http:\/\/www.culture-numerique.fr\/?p=712<\/a><\/li>\n<li>Num\u00e9rique \u00e9ducatif : plus d\u20191 prof sur 2 n\u2019est pas convaincu !\u00a0<a href=\"http:\/\/www.culture-numerique.fr\/?p=1428\" target=\"_blank\">http:\/\/www.culture-numerique.fr\/?p=1428<\/a><\/li>\n<\/ol>\n<p>[cite]<\/p>\n","protected":false},"excerpt":{"rendered":"<p><a href=\"http:\/\/www.culture-numerique.fr\/wp-content\/uploads\/2014\/09\/origin_679809415.jpg\"><img loading=\"lazy\" decoding=\"async\" class=\"size-full wp-image-1808 aligncenter\" src=\"http:\/\/www.culture-numerique.fr\/wp-content\/uploads\/2014\/09\/origin_679809415.jpg\" alt=\"Abeille\" width=\"1024\" height=\"817\" srcset=\"https:\/\/www.culture-numerique.fr\/wp-content\/uploads\/2014\/09\/origin_679809415.jpg 1024w, https:\/\/www.culture-numerique.fr\/wp-content\/uploads\/2014\/09\/origin_679809415-300x239.jpg 300w, https:\/\/www.culture-numerique.fr\/wp-content\/uploads\/2014\/09\/origin_679809415-100x79.jpg 100w, https:\/\/www.culture-numerique.fr\/wp-content\/uploads\/2014\/09\/origin_679809415-150x119.jpg 150w, https:\/\/www.culture-numerique.fr\/wp-content\/uploads\/2014\/09\/origin_679809415-200x159.jpg 200w, https:\/\/www.culture-numerique.fr\/wp-content\/uploads\/2014\/09\/origin_679809415-450x359.jpg 450w, https:\/\/www.culture-numerique.fr\/wp-content\/uploads\/2014\/09\/origin_679809415-600x478.jpg 600w, https:\/\/www.culture-numerique.fr\/wp-content\/uploads\/2014\/09\/origin_679809415-900x718.jpg 900w\" sizes=\"auto, (max-width: 1024px) 100vw, 1024px\" \/><\/a><\/p>\n<p><strong>\u00c0 plusieurs reprises, ces derniers jours<\/strong>, sur <em><a href=\"http:\/\/www.educavox.fr\/\" target=\"_blank\">Educavox<\/a><\/em> et dans le\u00a0<em><a href=\"http:\/\/www.ludovia.com\/\" target=\"_blank\">Ludomag<\/a><\/em>, la nouvelle directrice de la <a href=\"http:\/\/www.education.gouv.fr\/cid77084\/direction-du-numerique-pour-l-education-dne.html\" target=\"_blank\">DNE<\/a>, direction du num\u00e9rique pour l&rsquo;\u00e9ducation,<\/p>\n<p><span class=\"ellipsis\">&hellip;<\/span><\/p>\n<div class=\"read-more\"><a href=\"https:\/\/www.culture-numerique.fr\/?p=1780\">Lire la suite &#8250;<\/a><\/div>\n<p><!-- end of .read-more --><\/p>\n","protected":false},"author":1,"featured_media":1808,"comment_status":"open","ping_status":"open","sticky":false,"template":"","format":"standard","meta":{"jetpack_post_was_ever_published":false,"_jetpack_newsletter_access":"","_jetpack_dont_email_post_to_subs":true,"_jetpack_newsletter_tier_id":0,"_jetpack_memberships_contains_paywalled_content":false,"_jetpack_memberships_contains_paid_content":false,"footnotes":""},"categories":[9],"tags":[399,52,84,66,81,413,449,447,53,363,448],"class_list":["post-1780","post","type-post","status-publish","format-standard","has-post-thumbnail","hentry","category-billets-dhumeur","tag-catherine-becchetti-bizot","tag-culture-numerique","tag-dne","tag-ecole-numerique","tag-pratiques-numeriques","tag-pratiques-professionnelles","tag-promotion","tag-reperage","tag-socle-commun","tag-validation","tag-valorisation"],"jetpack_featured_media_url":"https:\/\/www.culture-numerique.fr\/wp-content\/uploads\/2014\/09\/origin_679809415.jpg","jetpack_sharing_enabled":true,"_links":{"self":[{"href":"https:\/\/www.culture-numerique.fr\/index.php?rest_route=\/wp\/v2\/posts\/1780","targetHints":{"allow":["GET"]}}],"collection":[{"href":"https:\/\/www.culture-numerique.fr\/index.php?rest_route=\/wp\/v2\/posts"}],"about":[{"href":"https:\/\/www.culture-numerique.fr\/index.php?rest_route=\/wp\/v2\/types\/post"}],"author":[{"embeddable":true,"href":"https:\/\/www.culture-numerique.fr\/index.php?rest_route=\/wp\/v2\/users\/1"}],"replies":[{"embeddable":true,"href":"https:\/\/www.culture-numerique.fr\/index.php?rest_route=%2Fwp%2Fv2%2Fcomments&post=1780"}],"version-history":[{"count":15,"href":"https:\/\/www.culture-numerique.fr\/index.php?rest_route=\/wp\/v2\/posts\/1780\/revisions"}],"predecessor-version":[{"id":5506,"href":"https:\/\/www.culture-numerique.fr\/index.php?rest_route=\/wp\/v2\/posts\/1780\/revisions\/5506"}],"wp:featuredmedia":[{"embeddable":true,"href":"https:\/\/www.culture-numerique.fr\/index.php?rest_route=\/wp\/v2\/media\/1808"}],"wp:attachment":[{"href":"https:\/\/www.culture-numerique.fr\/index.php?rest_route=%2Fwp%2Fv2%2Fmedia&parent=1780"}],"wp:term":[{"taxonomy":"category","embeddable":true,"href":"https:\/\/www.culture-numerique.fr\/index.php?rest_route=%2Fwp%2Fv2%2Fcategories&post=1780"},{"taxonomy":"post_tag","embeddable":true,"href":"https:\/\/www.culture-numerique.fr\/index.php?rest_route=%2Fwp%2Fv2%2Ftags&post=1780"}],"curies":[{"name":"wp","href":"https:\/\/api.w.org\/{rel}","templated":true}]}}