{"id":176,"date":"2014-01-05T00:07:15","date_gmt":"2014-01-04T22:07:15","guid":{"rendered":"http:\/\/www.culture-numerique.fr\/?p=176"},"modified":"2017-06-23T10:45:32","modified_gmt":"2017-06-23T08:45:32","slug":"vous-avez-le-droit-de-ne-pas-etre-anonyme-tout-ce-que-vous-publierez-pourra-etre-retenu-contre-eux","status":"publish","type":"post","link":"https:\/\/www.culture-numerique.fr\/?p=176","title":{"rendered":"Vous avez le droit de ne pas \u00eatre anonyme, tout ce que vous publierez pourra \u00eatre retenu contre eux"},"content":{"rendered":"<p style=\"text-align: left;\"><a href=\"http:\/\/www.culture-numerique.fr\/wp-content\/uploads\/2014\/01\/medium_374757949.jpg\"><img loading=\"lazy\" decoding=\"async\" class=\"wp-image-179 aligncenter\" src=\"http:\/\/www.culture-numerique.fr\/wp-content\/uploads\/2014\/01\/medium_374757949.jpg\" alt=\"Anonymat\" width=\"833\" height=\"505\" srcset=\"https:\/\/www.culture-numerique.fr\/wp-content\/uploads\/2014\/01\/medium_374757949.jpg 500w, https:\/\/www.culture-numerique.fr\/wp-content\/uploads\/2014\/01\/medium_374757949-300x181.jpg 300w, https:\/\/www.culture-numerique.fr\/wp-content\/uploads\/2014\/01\/medium_374757949-100x60.jpg 100w, https:\/\/www.culture-numerique.fr\/wp-content\/uploads\/2014\/01\/medium_374757949-150x90.jpg 150w, https:\/\/www.culture-numerique.fr\/wp-content\/uploads\/2014\/01\/medium_374757949-200x121.jpg 200w, https:\/\/www.culture-numerique.fr\/wp-content\/uploads\/2014\/01\/medium_374757949-450x272.jpg 450w\" sizes=\"auto, (max-width: 833px) 100vw, 833px\" \/><\/a><\/p>\n<p style=\"text-align: left;\"><strong>C\u2019est vrai, ces derniers temps<\/strong>, il n\u2019a pas \u00e9t\u00e9 ais\u00e9 de montrer \u00e0 l\u2019\u00e9gard de l\u2019Internet et ses services une grande confiance. Entre les pratiques attentatoires des\u00a0<a href=\"http:\/\/fr.wikipedia.org\/wiki\/National_Security_Agency\" target=\"_blank\" rel=\"noopener\">services de s\u00e9curit\u00e9 am\u00e9ricains<\/a>\u00a0\u00e0 nos comportements en ligne les plus intimes, sous pr\u00e9texte que nous serions des terroristes en puissance, les\u00a0<a href=\"http:\/\/www.legifrance.gouv.fr\/affichLoiPreparation.do?idDocument=JORFDOLE000027803764&amp;type=general\" target=\"_blank\" rel=\"noopener\">lois liberticides<\/a>\u00a0vot\u00e9es par nos d\u00e9put\u00e9s et les pratiques tout aussi scandaleuses des marchands qui font commerce gras et juteux de nos donn\u00e9es personnelles, il convient pour le citoyen, le simple consommateur comme le citoyen num\u00e9rique ou l\u2019acteur le plus engag\u00e9, de montrer une vigilance raisonn\u00e9e et\u00a0de prendre, en cons\u00e9quences les pr\u00e9cautions \u00e9l\u00e9mentaires et n\u00e9cessaires.<\/p>\n<p>Vous me connaissez\u00a0: hors de la raison, point de salut\u00a0! Je refuse \u2014\u00a0j\u2019en fais une question de principe\u00a0\u2014 d\u2019accorder quelque cr\u00e9dit que ce soit aux chantres fr\u00e9n\u00e9tiques du tout s\u00e9curitaire, d\u2019o\u00f9 qu\u2019ils viennent, qu\u2019ils fassent commerce \u00e9conomique, politique ou id\u00e9ologique de la peur ou qu\u2019ils se fourvoient, de mani\u00e8re inconsciente le plus souvent, dans des solutions inadapt\u00e9es au probl\u00e8me\u00a0!<\/p>\n<p>\u00ab\u00a0<strong>Vous avez le droit de garder l\u2019anonymat. Tout ce que vous publierez pourra \u00eatre retenu contre vous<\/strong>\u00a0\u00bb. C\u2019est ainsi que, pour faire un bon mot sans doute, Trend Micro, qui fait commerce de s\u00e9curit\u00e9 informatique pour la famille comme pour les entreprises, introduit une\u00a0<a href=\"http:\/\/www.trendmicro.fr\/infographies\/les-risques-lies-aux-publications-sur-les-reseaux-sociaux\/index.html\" target=\"_blank\" rel=\"noopener\">infographie tr\u00e8s anxiog\u00e8ne<\/a>\u00a0relative aux risques que chacun peut prendre en publiant sur les r\u00e9seaux sociaux.<\/p>\n<p>La consigne de l\u2019expert sp\u00e9cialiste \u00e9minent en s\u00e9curit\u00e9 est limpide\u00a0: sur Internet, sur le web, sur les r\u00e9seaux sociaux, n\u2019\u00e9crivez rien, ne publiez rien, ni vid\u00e9os, ni photos, ni textes bien s\u00fbr, bref taisez-vous et fermez-la. Et si vous ne pouvez pas faire autrement, si les pulsions sont trop,fortes, ne dites rien de qui vous \u00eates, ne d\u00e9voilez rien de votre identit\u00e9, n\u2019assumez rien, mettez un masque, signez de n\u2019importe quel pseudo, Dark Vador, F\u00e9e Clochette, Germaine, au choix, peu importe..<\/p>\n<p>Merci M. Trend Micro.<\/p>\n<p>Mais ce marchand n\u2019est pas, loin de l\u00e0, le seul \u00e0 nous faire la morale et \u00e0 vouloir nous dicter notre conduite. J\u2019ai d\u00e9j\u00e0 \u00e9voqu\u00e9, dans\u00a0<a href=\"http:\/\/gingko.neottia.net\/post\/64589298788\/lecon-de-morale-n-1-je-ne-divulguerai-jamais-aucune\" target=\"_blank\" rel=\"noopener\">un billet r\u00e9cent<\/a>, la naissance simultan\u00e9e et curieuse de tous ces sites consacr\u00e9s \u00e0 l\u2019\u00e9ducation aux m\u00e9dias, y compris l\u00e0 o\u00f9 on ne les attendait pas\u2026 J\u2019y expliquais notamment pourquoi il \u00e9tait vain, le plus souvent, de vouloir faire la le\u00e7on, par exemple, \u00e0 des adolescents \u00e0 propos d\u2019une suppos\u00e9e vie priv\u00e9e qu\u2019ils devraient pr\u00e9server, incapables qu\u2019ils sont \u2014 c\u2019est comme \u00e7a, c\u2019est de leur \u00e2ge \u2014 de tracer la ligne qui s\u00e9parerait cette derni\u00e8re de la vie publique qu\u2019ils m\u00e8nent. Il en va de m\u00eame de leur identit\u00e9, de leur adresse, de leur num\u00e9ro de t\u00e9l\u00e9phone, de leurs secrets, de leur avis sur tout dont ils n\u2019imaginent pas se priver tant il est important pour eux d\u2019\u00eatre (re)connus et surtout populaires.<\/p>\n<p>Ce n\u2019est pas l\u2019objet de ce billet que de revenir l\u00e0-dessus.<\/p>\n<p><strong>C\u2019est d\u2019anonymat qu\u2019il s\u2019agit<\/strong>, celui que d\u2019aucuns, les marchands et les sites institutionnels d\u2019une part, certains des militants de l\u2019Internet d\u2019autre part \u00e0 l\u2019unisson des premiers, conseillent d\u2019adopter pour se garantir et se prot\u00e9ger des m\u00e9chants. Je sais, car on va m\u2019opposer ces arguments, que choisir l\u2019anonymat se justifie parfois, que c\u2019est une mani\u00e8re d\u2019exercer sa libert\u00e9 d\u2019expression, dans les cas rares o\u00f9 cette derni\u00e8re est d\u00e9j\u00e0 terriblement menac\u00e9e.<\/p>\n<p>Il n\u2019emp\u00eache, choisir d\u2019\u00eatre anonyme en ne signant pas ou en choisissant un pseudonyme abscons et interchangeable, c\u2019est toujours se priver un peu de sa libert\u00e9. Et il n\u2019y a pas de luxe et de plaisir plus grands que de s\u2019exprimer librement, sous son vrai nom, celui qu\u2019on a re\u00e7u de ses parents, au seul risque d\u2019\u00eatre contredit voire insult\u00e9.<\/p>\n<p>Contre tous ceux qui s\u2019attaquent \u00e0 nos donn\u00e9es personnelles et font profit de leur marchandisation, qui abusent de notre bonne foi ou de notre libert\u00e9, la solution n\u2019est certes pas le repli sur soi, l\u2019anonymat, la construction d\u2019un bunker, le chiffrement ou les\u00a0<a href=\"http:\/\/fr.wikipedia.org\/wiki\/R%C3%A9seau_priv%C3%A9_virtuel\" target=\"_blank\" rel=\"noopener\">VPN<\/a>\u00a0(lisez donc\u00a0<a href=\"http:\/\/korben.info\/quelques-conseils-aux-voyages-activistes.html\" target=\"_blank\" rel=\"noopener\">ces conseils<\/a>). Je m\u2019y refuse, pour ma part, et surtout refuse qu\u2019on en fasse pour nos enfants, nos \u00e9l\u00e8ves, \u00e0 l\u2019\u00e9cole, une consigne \u00e9ducative, comme le pr\u00e9conisent ceux qui se m\u00ealent de tout. Non, la solution est une alternative finalement assez simple\u00a0:<\/p>\n<ul>\n<li>cesser d\u2019utiliser l\u2019Internet\u00a0;<\/li>\n<li>exercer ses\u00a0droits \u00e0 s\u2019exprimer et publier sous son vrai nom, en toute responsabilit\u00e9.<\/li>\n<\/ul>\n<p><strong>Il n\u2019y a pas d\u2019autre possibilit\u00e9, il faut vous y faire.<\/strong>\u00a0Tout autre choix est un renoncement, un abandon, une privation volontaire d\u2019un peu de sa libert\u00e9.<\/p>\n<blockquote><p>\u00ab\u00a0<em>L\u2019essentiel est de garder conscience et de d\u00e9finir soi-m\u00eame ce que l\u2019on est pr\u00eat \u00e0 consentir et ce que l\u2019on veut pr\u00e9server.<\/em>\u00a0\u00bb<\/p><\/blockquote>\n<p>J\u2019agr\u00e9e pleinement les propos de\u00a0<a href=\"https:\/\/twitter.com\/LucBentz\" target=\"_blank\" rel=\"noopener\">Luc Bentz<\/a>\u00a0ci-dessus extraits d\u2019<a href=\"http:\/\/legazouilleur.wordpress.com\/2014\/01\/04\/facebook-des-messages-prives-de-confidentialite\/\" target=\"_blank\" rel=\"noopener\">un de ses derniers billets<\/a>. Signer de son vrai nom est ce qu\u2019il faut pr\u00e9server d\u2019abord, et je suis certain qu\u2019il en conviendra avec moi.<\/p>\n<p>Michel Guillou\u00a0<a href=\"https:\/\/twitter.com\/michelguillou\" target=\"_blank\" rel=\"noopener\">@michelguillou<\/a><\/p>\n<p><a href=\"http:\/\/creativecommons.org\/licenses\/by-nc-sa\/2.0\/fr\/\" target=\"_blank\" rel=\"noopener\"><img loading=\"lazy\" decoding=\"async\" src=\"http:\/\/i.creativecommons.org\/l\/by-nc-sa\/2.0\/fr\/80x15.png\" alt=\"image\" width=\"80\" height=\"15\" \/><\/a><\/p>\n<p>Cr\u00e9dit photo :\u00a0<a href=\"http:\/\/www.flickr.com\/photos\/77427631@N00\/374757949\/\" target=\"_blank\" rel=\"noopener\">ST E PH\/ EN _G<\/a>\u00a0via\u00a0<a href=\"http:\/\/photopin.com\/\" target=\"_blank\" rel=\"noopener\">photopin<\/a>\u00a0<a href=\"http:\/\/creativecommons.org\/licenses\/by-nc-nd\/2.0\/\" target=\"_blank\" rel=\"noopener\">cc<\/a><\/p>\n<p>[cite]<\/p>\n","protected":false},"excerpt":{"rendered":"<p style=\"text-align: left;\"><a href=\"http:\/\/www.culture-numerique.fr\/wp-content\/uploads\/2014\/01\/medium_374757949.jpg\"><img loading=\"lazy\" decoding=\"async\" class=\"wp-image-179 aligncenter\" src=\"http:\/\/www.culture-numerique.fr\/wp-content\/uploads\/2014\/01\/medium_374757949.jpg\" alt=\"Anonymat\" width=\"833\" height=\"505\" srcset=\"https:\/\/www.culture-numerique.fr\/wp-content\/uploads\/2014\/01\/medium_374757949.jpg 500w, https:\/\/www.culture-numerique.fr\/wp-content\/uploads\/2014\/01\/medium_374757949-300x181.jpg 300w, https:\/\/www.culture-numerique.fr\/wp-content\/uploads\/2014\/01\/medium_374757949-100x60.jpg 100w, https:\/\/www.culture-numerique.fr\/wp-content\/uploads\/2014\/01\/medium_374757949-150x90.jpg 150w, https:\/\/www.culture-numerique.fr\/wp-content\/uploads\/2014\/01\/medium_374757949-200x121.jpg 200w, https:\/\/www.culture-numerique.fr\/wp-content\/uploads\/2014\/01\/medium_374757949-450x272.jpg 450w\" sizes=\"auto, (max-width: 833px) 100vw, 833px\" \/><\/a><\/p>\n<p style=\"text-align: left;\"><strong>C\u2019est vrai, ces derniers temps<\/strong>, il n\u2019a pas \u00e9t\u00e9 ais\u00e9 de montrer \u00e0 l\u2019\u00e9gard de l\u2019Internet et ses services une grande confiance. Entre les pratiques attentatoires des\u00a0<a href=\"http:\/\/fr.wikipedia.org\/wiki\/National_Security_Agency\" target=\"_blank\" rel=\"noopener\">services de s\u00e9curit\u00e9 am\u00e9ricains<\/a>\u00a0\u00e0 nos comportements en ligne les plus intimes,<\/p>\n<p><span class=\"ellipsis\">&hellip;<\/span><\/p>\n<div class=\"read-more\"><a href=\"https:\/\/www.culture-numerique.fr\/?p=176\">Lire la suite &#8250;<\/a><\/div>\n<p><!-- end of .read-more --><\/p>\n","protected":false},"author":1,"featured_media":179,"comment_status":"open","ping_status":"open","sticky":false,"template":"","format":"standard","meta":{"jetpack_post_was_ever_published":false,"_jetpack_newsletter_access":"","_jetpack_dont_email_post_to_subs":true,"_jetpack_newsletter_tier_id":0,"_jetpack_memberships_contains_paywalled_content":false,"_jetpack_memberships_contains_paid_content":false,"footnotes":""},"categories":[9],"tags":[27,16,102,13],"class_list":["post-176","post","type-post","status-publish","format-standard","has-post-thumbnail","hentry","category-billets-dhumeur","tag-anonymat","tag-droits-fondamentaux","tag-droits-numeriques","tag-liberte-dexpression"],"jetpack_featured_media_url":"https:\/\/www.culture-numerique.fr\/wp-content\/uploads\/2014\/01\/medium_374757949.jpg","jetpack_sharing_enabled":true,"_links":{"self":[{"href":"https:\/\/www.culture-numerique.fr\/index.php?rest_route=\/wp\/v2\/posts\/176","targetHints":{"allow":["GET"]}}],"collection":[{"href":"https:\/\/www.culture-numerique.fr\/index.php?rest_route=\/wp\/v2\/posts"}],"about":[{"href":"https:\/\/www.culture-numerique.fr\/index.php?rest_route=\/wp\/v2\/types\/post"}],"author":[{"embeddable":true,"href":"https:\/\/www.culture-numerique.fr\/index.php?rest_route=\/wp\/v2\/users\/1"}],"replies":[{"embeddable":true,"href":"https:\/\/www.culture-numerique.fr\/index.php?rest_route=%2Fwp%2Fv2%2Fcomments&post=176"}],"version-history":[{"count":10,"href":"https:\/\/www.culture-numerique.fr\/index.php?rest_route=\/wp\/v2\/posts\/176\/revisions"}],"predecessor-version":[{"id":6100,"href":"https:\/\/www.culture-numerique.fr\/index.php?rest_route=\/wp\/v2\/posts\/176\/revisions\/6100"}],"wp:featuredmedia":[{"embeddable":true,"href":"https:\/\/www.culture-numerique.fr\/index.php?rest_route=\/wp\/v2\/media\/179"}],"wp:attachment":[{"href":"https:\/\/www.culture-numerique.fr\/index.php?rest_route=%2Fwp%2Fv2%2Fmedia&parent=176"}],"wp:term":[{"taxonomy":"category","embeddable":true,"href":"https:\/\/www.culture-numerique.fr\/index.php?rest_route=%2Fwp%2Fv2%2Fcategories&post=176"},{"taxonomy":"post_tag","embeddable":true,"href":"https:\/\/www.culture-numerique.fr\/index.php?rest_route=%2Fwp%2Fv2%2Ftags&post=176"}],"curies":[{"name":"wp","href":"https:\/\/api.w.org\/{rel}","templated":true}]}}