{"id":167,"date":"2014-01-12T01:17:54","date_gmt":"2014-01-11T23:17:54","guid":{"rendered":"http:\/\/www.culture-numerique.fr\/?p=167"},"modified":"2015-09-18T02:19:15","modified_gmt":"2015-09-18T00:19:15","slug":"la-petite-ritournelle-triste-de-vincent-peillon","status":"publish","type":"post","link":"https:\/\/www.culture-numerique.fr\/?p=167","title":{"rendered":"La petite ritournelle triste de Vincent Peillon"},"content":{"rendered":"<p style=\"text-align: left;\"><a href=\"http:\/\/www.culture-numerique.fr\/wp-content\/uploads\/2014\/04\/medium_2694782466.jpg\"><img loading=\"lazy\" decoding=\"async\" class=\"wp-image-168 aligncenter\" src=\"http:\/\/www.culture-numerique.fr\/wp-content\/uploads\/2014\/04\/medium_2694782466.jpg\" alt=\"Ritournelle\" width=\"837\" height=\"628\" srcset=\"https:\/\/www.culture-numerique.fr\/wp-content\/uploads\/2014\/04\/medium_2694782466.jpg 500w, https:\/\/www.culture-numerique.fr\/wp-content\/uploads\/2014\/04\/medium_2694782466-300x225.jpg 300w, https:\/\/www.culture-numerique.fr\/wp-content\/uploads\/2014\/04\/medium_2694782466-100x75.jpg 100w, https:\/\/www.culture-numerique.fr\/wp-content\/uploads\/2014\/04\/medium_2694782466-150x112.jpg 150w, https:\/\/www.culture-numerique.fr\/wp-content\/uploads\/2014\/04\/medium_2694782466-200x150.jpg 200w, https:\/\/www.culture-numerique.fr\/wp-content\/uploads\/2014\/04\/medium_2694782466-450x337.jpg 450w\" sizes=\"auto, (max-width: 837px) 100vw, 837px\" \/><\/a><\/p>\n<p style=\"text-align: left;\"><strong>La chose m\u2019avait \u00e9chapp\u00e9<\/strong>. Ma vigilance s\u2019\u00e9mousse donc. La vieillesse est un naufrage.\u00a0Vincent Peillon, en cinq vid\u00e9os mises en ligne, nous explique\u00a0<a href=\"http:\/\/www.gouvernement.fr\/gouvernement\/5-jours-5-questions-a-vincent-peillon\" target=\"_blank\">sur le site du gouvernement<\/a>, et non sur le site du minist\u00e8re de l\u2019\u00e9ducation comme on aurait pu s\u2019y attendre, sa vision de la refondation de l\u2019\u00e9cole.<\/p>\n<p>Il consacre\u00a0<a href=\"http:\/\/www.gouvernement.fr\/gouvernement\/on-ne-doit-pas-manquer-le-tournant-du-numerique-5-jours-5-questions-a-vincent-peillon\" target=\"_blank\">une s\u00e9quence vid\u00e9o enti\u00e8re<\/a>\u00a0et deux minutes et quatorze secondes \u00e0 faire le point du \u00ab\u00a0<strong>chantier num\u00e9rique pour l\u2019\u00e9cole<\/strong>\u00a0\u00bb.\u00a0Vous trouverez une copie ci-dessous de cette prise de parole et pourrez vous faire votre propre opinion.<\/p>\n<p><iframe loading=\"lazy\" src=\"http:\/\/static.videos.gouv.fr\/player\/video\/12157?token=62c7e7d4635bade0039d9cebf6293a5c\" width=\"597\" height=\"393\" frameborder=\"0\" scrolling=\"no\"><\/iframe><\/p>\n<p>J\u2019ai eu l\u2019occasion d\u00e9j\u00e0 d\u2019entendre le ministre de l\u2019\u00e9ducation sur le sujet en deux occasions, \u00e0 la<a href=\"http:\/\/gingko.neottia.net\/post\/38107042333\/strategie-numerique-de-lespoir-mais-aussi-des\" target=\"_blank\">Ga\u00eet\u00e9 Lyrique<\/a>\u00a0d\u2019une part, au\u00a0<a href=\"http:\/\/gingko.neottia.net\/post\/52778986243\/la-fracture-numerique-est-au-ministere\" target=\"_blank\">lyc\u00e9e Diderot \u00e0 Paris<\/a>\u00a0en juin dernier, d\u2019autre part. J\u2019avais \u00e9t\u00e9 frapp\u00e9, la deuxi\u00e8me fois notamment, de la qualit\u00e9 et de la force du ton employ\u00e9 dans un discours enflamm\u00e9, lyrique parfois, convaincu, enthousiaste et sinc\u00e8re. J\u2019avais rapport\u00e9, dans le billet en r\u00e9f\u00e9rence ci-dessus, quelques-uns de ses propos, rarement entendus sous cette forme dans la bouche d\u2019un ministre, qui plus est en charge de l\u2019\u00e9ducation, domaine dans lequel la tradition rime souvent avec immobilisme.<\/p>\n<p>Il avait parl\u00e9 d\u2019enjeux forts, de d\u00e9cloisonnement, de coop\u00e9ration, de modification des espaces et des temps, de transformation historique de la civilisation, d\u2019\u00e9mancipation du citoyen\u2026 et il avait menac\u00e9, parlant de la mutation en cours\u00a0:<\/p>\n<blockquote><p>\u00ab\u00a0<strong>De toutes fa\u00e7ons, ceux qui ne veulent pas s\u2019en saisir la subiront.\u00a0<\/strong>\u00bb<\/p><\/blockquote>\n<p>J\u2019avais not\u00e9 ce jour-l\u00e0 aussi la diff\u00e9rence de ton \u00e9vidente entre ce discours minist\u00e9riel engag\u00e9 et les prises de parole alanguies de ceux qui l\u2019accompagnaient. Comme je l\u2019indiquais dans le titre du billet, la fracture num\u00e9rique \u00e9tait l\u00e0, b\u00e9ante, dans les ar\u00e9opages m\u00eames, autour du ministre.<\/p>\n<p><strong>Aujourd\u2019hui, Vincent Peillon ne nous donne pas la m\u00eame musique. Du tout.<\/strong><\/p>\n<p>L\u2019enthousiasme a laiss\u00e9 la place \u00e0 une lassitude \u00e9vidente. En deux minutes, sur une tonalit\u00e9 neutre et d\u00e9senchant\u00e9e, il d\u00e9bite sans donner l\u2019impression de trop y croire \u2014 est-il sur le d\u00e9part\u00a0? \u2014 les principaux points de sa strat\u00e9gie num\u00e9rique.<\/p>\n<p>Sur le fond, c\u2019est assez d\u00e9solant. Du souffle initial, il ne reste rien ou presque\u00a0: une simple d\u00e9clinaison de mesurettes auxquelles Vincent Peillon ne semble pas croire lui-m\u00eame.<\/p>\n<p><strong>Il commence par dire deux mots, pas plus, des enjeux<\/strong>. Mais la d\u00e9rive s\u00e9mantique est \u00e9vidente. L\u00e0 o\u00f9 il envisageait hier encore de profondes et d\u00e9finitives mutations culturelles, il ne parle aujourd\u2019hui que de ne pas \u00ab\u00a0manquer le virage du num\u00e9rique\u00a0\u00bb\u00a0! Sic. L\u00e0 o\u00f9 il parlait encore hier d\u2019enjeux d\u00e9mocratiques, citoyens, civilisationnels, il mentionne maintenant l\u2019obligation pour l\u2019\u00e9cole de former aux m\u00e9tiers de demain. Certes.<\/p>\n<p><strong>Il rappelle ensuite\u00a0l\u2019encouragement \u00e0 connecter les \u00e9coles et \u00e9tablissements au haut d\u00e9bit<\/strong>, apparemment soutenu par la Caisse des d\u00e9p\u00f4ts, sans que quiconque ait per\u00e7u la moindre esquisse d\u2019un commencement de d\u00e9but de changement \u00e0 ce sujet. \u00c0 de tr\u00e8s rares exceptions pr\u00e8s, les \u00e9tablissements et \u00e9coles de France, surtout les \u00e9coles mais leurs besoins sont moindres, sont dans un d\u00e9sert num\u00e9rique. L\u2019acc\u00e8s Internet y est g\u00e9n\u00e9ralement poussif, souvent partag\u00e9 entre la p\u00e9dagogie et l\u2019administration, au b\u00e9n\u00e9fice souvent de cette derni\u00e8re. La tr\u00e8s grande majorit\u00e9 des lieux d\u2019enseignement doit se contenter d\u2019une connexion du m\u00eame type que celle de n\u2019importe quel m\u00e9nage, qu\u2019il faut partager entre des milliers d\u2019utilisateurs. Les connexions sauvages fleurissent \u00e7\u00e0 ou l\u00e0 d\u00e8s qu\u2019il y a de forts besoins et les \u00e9l\u00e8ves eux-m\u00eames pr\u00e9f\u00e8rent enfreindre les r\u00e8glements et acc\u00e9der \u00e0 Internet via leur smartphone plut\u00f4t que sur les postes du lyc\u00e9e o\u00f9 l\u2019acc\u00e8s est poussif et largement censur\u00e9. C\u2019est \u00e7a, la r\u00e9alit\u00e9. J\u2019y reviendrai.<\/p>\n<p>M\u00eame si c\u2019est un mot qu\u2019il ne prononce pas,\u00a0<strong>le ministre \u00e9voque ensuite de mani\u00e8re tr\u00e8s conventionnelle les ressources p\u00e9dagogiques<\/strong>. Il mobilise, dit-il, de gros moyens pour soutenir la fili\u00e8re industrielle priv\u00e9e de conception de logiciels p\u00e9dagogiques. Ce n\u2019est ni nouveau, ni innovant. Cette fili\u00e8re a d\u00e9montr\u00e9, \u00e0 de nombreuses reprises, depuis plus d\u2019une d\u00e9cennie, son inaptitude \u00e0 produire \u00e0 la fois des ressources de qualit\u00e9 et \u00e0 surtout changer ses mod\u00e8les de conception, de validation et de distribution en les adaptant au num\u00e9rique. Bref, \u00e7a ne sert \u00e0 rien. L\u00e0 o\u00f9 on attendait qu\u2019on valorise et organise le flux de ressources produites par les enseignants eux-m\u00eames, le minist\u00e8re propose de gaspiller l\u2019argent public \u00e0 soutenir une industrie moribonde et totalement ringarde.<\/p>\n<p><strong>Vincent Peillon dit un mot ensuite de la formation<\/strong>\u00a0\u2014 c\u2019est peut-\u00eatre le moment le plus tristounet et d\u00e9primant de sa ritournelle \u2014 des professeurs qui doivent \u00eatre capables, dit-il, d\u2019un usage (sic) pertinent des nouvelles (sic encore) technologies. L\u00e0 o\u00f9 s\u2019attendrait \u00e0 ce qu\u2019il impulse la formation de nouveaux ma\u00eetres comp\u00e9tents en phase avec leur temps, acteurs de nouveaux apprentissages innovants, il leur propose\u00a0<em>a contrario<\/em>\u00a0une posture soumise \u00e0 la consommation des maigres et navrantes productions des marchands. Il s\u2019attarde sur la formation initiale des ma\u00eetres en annon\u00e7ant la modification des programmes dans les ESPE. Ah bon\u00a0? Pour ma part, je n\u2019ai strictement rien vu passer \u00e0 ce sujet. Je vous l\u2019ai dit, ma vigilance s\u2019\u00e9mousse sans doute et je veux bien qu\u2019on me contredise mais je n\u2019ai rien lu ou vu \u00e0 propos de ces lieux de sacralisation des disciplines qui puisse me faire penser \u00e0 des modifications substantielles des contenus de formation, d\u2019une part, \u00e0 des croisements ou des rencontres interdisciplinaires d\u2019autre part. Rien. Les professeurs formateurs des ESPE ont-ils compris qu\u2019il devenait\u00a0\u00ab\u00a0\u00e0 la fois possible et n\u00e9cessaire, gr\u00e2ce au num\u00e9rique, d\u2019enseigner autrement\u00a0\u00bb, comme\u00a0<a href=\"http:\/\/gingko.neottia.net\/post\/69094569152\/alain-boissinot-il-devient-a-la-fois-possible-et\" target=\"_blank\">le propose fort \u00e0 propos Alain Boissinot<\/a>\u00a0?<\/p>\n<p>Vincent Peillon dit aussi r\u00e9server des postes \u00e0 des professeurs formateurs dans les acad\u00e9mies, ce qui, l\u00e0 encore, ne constitue en rien une nouveaut\u00e9.<\/p>\n<p>Les missions du CNDP sont rappel\u00e9es, dans l\u2019outillage (sic) des professeurs, l\u2019accompagnement de ces derniers et des parents, le tutorat des \u00e9l\u00e8ves de l\u2019\u00e9ducation prioritaire.<\/p>\n<p><strong>Vincent Peillon termine<\/strong>\u00a0en rappelant l\u2019existence de la vingtaine de coll\u00e8ges num\u00e9riques exp\u00e9rimentaux connect\u00e9s \u2014 ce qui est bien la d\u00e9monstration que les autres ne le sont pas \u2014 dont il dit sans rire que 50\u00a0% des enseignements y sont assur\u00e9s \u00ab\u00a0avec l\u2019usage du num\u00e9rique\u00a0\u00bb, ce qui, \u00e0 n\u2019en pas douter, constitue un recul pour certains d\u2019entre eux. Pour ma part,\u00a0<a href=\"http:\/\/gingko.neottia.net\/post\/53541426466\/numerique-educatif-ubu-fait-ecole\" target=\"_blank\">j\u2019ai d\u00e9j\u00e0 dit tout le mal<\/a>\u00a0que je pensais de cette lamentable et ubuesque exp\u00e9rimentation qui donnait du grain \u00e0 moudre aux plaintifs et aux r\u00e9tifs tout en faisant faire au num\u00e9rique \u00e9ducatif un singulier saut de quinze ans en arri\u00e8re.<\/p>\n<p>Mais tout va bien, dans ces coll\u00e8ges, nous dit le ministre, on obtient de tr\u00e8s bons r\u00e9sultats. Nous voil\u00e0 rassur\u00e9s\u00a0!<\/p>\n<p>On pouvait s\u2019attendre qu\u2019il dise un mot, comme il l\u2019avait fait pr\u00e9c\u00e9demment, du formidable enjeu du\u00a0<strong><a href=\"http:\/\/gingko.neottia.net\/post\/69094569152\/alain-boissinot-il-devient-a-la-fois-possible-et\" target=\"_blank\">chantier des programmes<\/a><\/strong>\u00a0qu\u2019il a confi\u00e9 \u00e0 Alain Boissinot. Pas un mot\u00a0! On attendait qu\u2019il \u00e9voque, car \u00e7a constitue \u00e0 mon avis un formidable levier pour le changement,\u00a0<strong>le socle commun de comp\u00e9tences, les nouvelles formes d\u2019\u00e9valuation, les examens surtout<\/strong>\u00a0dont l\u2019urgence commande qu\u2019ils \u00e9voluent avec les programmes. Rien, pas un mot non plus, le num\u00e9rique attendra\u00a0!<\/p>\n<p>Comme le disent en commentaire sur Twitter quelques-uns des observateurs les plus pertinents, on a l\u2019impression que le virage du num\u00e9rique est d\u00e9j\u00e0 loin dans les r\u00e9troviseurs, que personne ne s\u2019en est encore aper\u00e7u.<\/p>\n<p>On esp\u00e8re juste qu\u2019il n\u2019y aura pas trop de platanes \u00e0 \u00e9viter sur la route de l\u2019\u00e9cole.<\/p>\n<p>Michel Guillou\u00a0<a href=\"https:\/\/twitter.com\/michelguillou\" target=\"_blank\">@michelguillou<\/a><\/p>\n<p><a href=\"http:\/\/creativecommons.org\/licenses\/by-nc-sa\/2.0\/fr\/\" target=\"_blank\"><img loading=\"lazy\" decoding=\"async\" src=\"http:\/\/i.creativecommons.org\/l\/by-nc-sa\/2.0\/fr\/80x15.png\" alt=\"image\" width=\"80\" height=\"15\" \/><\/a><\/p>\n<p>Cr\u00e9dit photo :\u00a0<a href=\"http:\/\/www.flickr.com\/photos\/25602112@N07\/2694782466\/\" target=\"_blank\">mollyjolly<\/a>\u00a0via\u00a0<a href=\"http:\/\/photopin.com\/\" target=\"_blank\">photopin<\/a>\u00a0<a href=\"http:\/\/creativecommons.org\/licenses\/by-nc\/2.0\/\" target=\"_blank\">cc<\/a><\/p>\n<p>&nbsp;<\/p>\n","protected":false},"excerpt":{"rendered":"<p style=\"text-align: left;\"><a href=\"http:\/\/www.culture-numerique.fr\/wp-content\/uploads\/2014\/04\/medium_2694782466.jpg\"><img loading=\"lazy\" decoding=\"async\" class=\"wp-image-168 aligncenter\" src=\"http:\/\/www.culture-numerique.fr\/wp-content\/uploads\/2014\/04\/medium_2694782466.jpg\" alt=\"Ritournelle\" width=\"837\" height=\"628\" srcset=\"https:\/\/www.culture-numerique.fr\/wp-content\/uploads\/2014\/04\/medium_2694782466.jpg 500w, https:\/\/www.culture-numerique.fr\/wp-content\/uploads\/2014\/04\/medium_2694782466-300x225.jpg 300w, https:\/\/www.culture-numerique.fr\/wp-content\/uploads\/2014\/04\/medium_2694782466-100x75.jpg 100w, https:\/\/www.culture-numerique.fr\/wp-content\/uploads\/2014\/04\/medium_2694782466-150x112.jpg 150w, https:\/\/www.culture-numerique.fr\/wp-content\/uploads\/2014\/04\/medium_2694782466-200x150.jpg 200w, https:\/\/www.culture-numerique.fr\/wp-content\/uploads\/2014\/04\/medium_2694782466-450x337.jpg 450w\" sizes=\"auto, (max-width: 837px) 100vw, 837px\" \/><\/a><\/p>\n<p style=\"text-align: left;\"><strong>La chose m\u2019avait \u00e9chapp\u00e9<\/strong>. Ma vigilance s\u2019\u00e9mousse donc. La vieillesse est un naufrage.\u00a0Vincent Peillon, en cinq vid\u00e9os mises en ligne, nous explique\u00a0<a href=\"http:\/\/www.gouvernement.fr\/gouvernement\/5-jours-5-questions-a-vincent-peillon\" target=\"_blank\">sur le site du gouvernement<\/a>, et non sur le site du minist\u00e8re de l\u2019\u00e9ducation comme on aurait pu s\u2019y attendre,<\/p>\n<p><span class=\"ellipsis\">&hellip;<\/span><\/p>\n<div class=\"read-more\"><a href=\"https:\/\/www.culture-numerique.fr\/?p=167\">Lire la suite &#8250;<\/a><\/div>\n<p><!-- end of .read-more --><\/p>\n","protected":false},"author":1,"featured_media":168,"comment_status":"open","ping_status":"open","sticky":false,"template":"","format":"standard","meta":{"jetpack_post_was_ever_published":false,"_jetpack_newsletter_access":"","_jetpack_dont_email_post_to_subs":false,"_jetpack_newsletter_tier_id":0,"_jetpack_memberships_contains_paywalled_content":false,"_jetpack_memberships_contains_paid_content":false,"footnotes":""},"categories":[9],"tags":[98,99,52,96,97,95,100,89,58,101],"class_list":["post-167","post","type-post","status-publish","format-standard","has-post-thumbnail","hentry","category-billets-dhumeur","tag-alain-boissinot","tag-chantier-numerique","tag-culture-numerique","tag-enjeux","tag-formation-des-maitres","tag-formation-initiale","tag-haut-debit","tag-programmes","tag-strategie-numerique","tag-vincent-peillon"],"jetpack_featured_media_url":"https:\/\/www.culture-numerique.fr\/wp-content\/uploads\/2014\/04\/medium_2694782466.jpg","jetpack_sharing_enabled":true,"_links":{"self":[{"href":"https:\/\/www.culture-numerique.fr\/index.php?rest_route=\/wp\/v2\/posts\/167","targetHints":{"allow":["GET"]}}],"collection":[{"href":"https:\/\/www.culture-numerique.fr\/index.php?rest_route=\/wp\/v2\/posts"}],"about":[{"href":"https:\/\/www.culture-numerique.fr\/index.php?rest_route=\/wp\/v2\/types\/post"}],"author":[{"embeddable":true,"href":"https:\/\/www.culture-numerique.fr\/index.php?rest_route=\/wp\/v2\/users\/1"}],"replies":[{"embeddable":true,"href":"https:\/\/www.culture-numerique.fr\/index.php?rest_route=%2Fwp%2Fv2%2Fcomments&post=167"}],"version-history":[{"count":5,"href":"https:\/\/www.culture-numerique.fr\/index.php?rest_route=\/wp\/v2\/posts\/167\/revisions"}],"predecessor-version":[{"id":3954,"href":"https:\/\/www.culture-numerique.fr\/index.php?rest_route=\/wp\/v2\/posts\/167\/revisions\/3954"}],"wp:featuredmedia":[{"embeddable":true,"href":"https:\/\/www.culture-numerique.fr\/index.php?rest_route=\/wp\/v2\/media\/168"}],"wp:attachment":[{"href":"https:\/\/www.culture-numerique.fr\/index.php?rest_route=%2Fwp%2Fv2%2Fmedia&parent=167"}],"wp:term":[{"taxonomy":"category","embeddable":true,"href":"https:\/\/www.culture-numerique.fr\/index.php?rest_route=%2Fwp%2Fv2%2Fcategories&post=167"},{"taxonomy":"post_tag","embeddable":true,"href":"https:\/\/www.culture-numerique.fr\/index.php?rest_route=%2Fwp%2Fv2%2Ftags&post=167"}],"curies":[{"name":"wp","href":"https:\/\/api.w.org\/{rel}","templated":true}]}}