{"id":1428,"date":"2014-09-09T16:16:57","date_gmt":"2014-09-09T14:16:57","guid":{"rendered":"http:\/\/www.culture-numerique.fr\/?p=1428"},"modified":"2016-08-28T09:44:30","modified_gmt":"2016-08-28T07:44:30","slug":"numerique-educatif-plus-d1-prof-sur-2-nest-pas-convaincu","status":"publish","type":"post","link":"https:\/\/www.culture-numerique.fr\/?p=1428","title":{"rendered":"Num\u00e9rique \u00e9ducatif\u00a0: plus d&rsquo;1\u00a0prof sur 2 n&rsquo;est pas convaincu\u00a0!"},"content":{"rendered":"<p><strong><img loading=\"lazy\" decoding=\"async\" class=\"alignright size-full wp-image-3658\" src=\"http:\/\/www.culture-numerique.fr\/wp-content\/uploads\/2015\/08\/DSC_0086-petite.jpg\" alt=\"Verre\" width=\"318\" height=\"424\" srcset=\"https:\/\/www.culture-numerique.fr\/wp-content\/uploads\/2015\/08\/DSC_0086-petite.jpg 318w, https:\/\/www.culture-numerique.fr\/wp-content\/uploads\/2015\/08\/DSC_0086-petite-225x300.jpg 225w, https:\/\/www.culture-numerique.fr\/wp-content\/uploads\/2015\/08\/DSC_0086-petite-100x133.jpg 100w, https:\/\/www.culture-numerique.fr\/wp-content\/uploads\/2015\/08\/DSC_0086-petite-150x200.jpg 150w, https:\/\/www.culture-numerique.fr\/wp-content\/uploads\/2015\/08\/DSC_0086-petite-200x267.jpg 200w, https:\/\/www.culture-numerique.fr\/wp-content\/uploads\/2015\/08\/DSC_0086-petite-300x400.jpg 300w\" sizes=\"auto, (max-width: 318px) 100vw, 318px\" \/>Le site <a href=\"http:\/\/eduscol.education.fr\/\" target=\"_blank\">\u00c9duscol<\/a> vient de mettre en ligne<\/strong> les r\u00e9sultats de l&rsquo;<a href=\"http:\/\/eduscol.education.fr\/cid79799\/profetic-2014.html\" target=\"_blank\">enqu\u00eate Profetic<\/a> du printemps 2014. Elle a pour objectif \u00ab\u00a0<em>de conna\u00eetre les pratiques des enseignants en mati\u00e8re d&rsquo;utilisation du num\u00e9rique<\/em>\u00a0\u00bb, de telle mani\u00e8re, disent ses concepteurs, \u00e0 \u00ab\u00a0<em>avoir une photographie quantifi\u00e9e au niveau national<\/em>\u00a0\u00bb et \u00ab\u00a0<em>disposer d&rsquo;informations pr\u00e9cises sur les pratiques pour favoriser le dialogue avec les collectivit\u00e9s territoriales<\/em>\u00a0\u00bb.<\/p>\n<p>D&#8217;embl\u00e9e, \u00c9duscol titre sur les progr\u00e8s r\u00e9alis\u00e9s depuis deux ans : \u00ab\u00a0<strong>49\u00a0% des enseignants sond\u00e9s en 2014 sont convaincus des atouts du num\u00e9rique dans l&rsquo;\u00e9ducation contre 39\u00a0%<\/strong>\u00a0\u00bb.<\/p>\n<p>Si, de prime abord, la progression semble int\u00e9ressante, ces chiffres, avec le recul, apparaissent comme assez terribles\u00a0!<\/p>\n<p>Il faut d&rsquo;abord prendre conscience que ces professeurs se prononcent minoritairement, n&rsquo;en d\u00e9plaise, sur leur conviction des atouts du num\u00e9rique, pas sur leur implication personnelle pour\u00a0que leurs apprentissages s&rsquo;impr\u00e8gnent du num\u00e9rique. Il faut prendre encore conscience que cette proportion minoritaire, je le r\u00e9p\u00e8te, concerne ceux des professeurs qui ont \u00e9t\u00e9 sond\u00e9s et, parmi ces derniers, la part assez faible (58\u00a0%) de ceux qui ont r\u00e9pondu, sollicit\u00e9s pendant plusieurs semaines puis relanc\u00e9s par leur chef d&rsquo;\u00e9tablissement\u00a0! Enfin, imaginez la m\u00eame question pos\u00e9e \u00e0 n&rsquo;importe quel autre travailleur, dans les services, les entreprises&#8230;<\/p>\n<p>La r\u00e9alit\u00e9 qui saute aux yeux est toute diff\u00e9rente : <strong>plus d&rsquo;un professeur sur deux, parmi ceux qui ont daign\u00e9 r\u00e9pondre (pr\u00e8s de 6 sur 10), n&rsquo;est pas convaincu des atouts du num\u00e9rique dans l&rsquo;\u00e9ducation<\/strong>\u00a0! En 2014\u00a0! Je ne sais pas pour vous, mais moi, \u00e7a me glace\u00a0!<\/p>\n<h3><strong>Un curieux vocabulaire<\/strong><\/h3>\n<p>Vous savez l&rsquo;importance que j&rsquo;attache au choix des mots. En l&rsquo;occurrence, les mots ou phrases choisis pour les questions ou les commentaires de cette enqu\u00eate sont assez significatifs de la distance \u2014\u00a0est-ce inconscient\u00a0?\u00a0\u2014 que mettent les concepteurs eux-m\u00eames entre l&rsquo;\u00e9cole et le num\u00e9rique, entre de simples usages distants et un investissement ou un engagement qui vont de soi.<\/p>\n<p><strong>Des exemples ?<\/strong> On \u00ab\u00a0utilise\u00a0\u00bb des outils, les TIC (sic), le num\u00e9rique, des ressources&#8230; Pourquoi ne pas se les approprier, les int\u00e9grer \u00e0 son enseignement\u00a0? Pourquoi s&rsquo;approprier m\u00eame des outils alors qu&rsquo;il s&rsquo;agit de faire se rencontrer les apprentissages et le num\u00e9rique, que les deux s&rsquo;interp\u00e9n\u00e8trent ? On \u00ab\u00a0a recours\u00a0\u00bb au num\u00e9rique, on en \u00ab\u00a0tire des b\u00e9n\u00e9fices\u00a0\u00bb, mani\u00e8re de continuer \u00e0 mettre de la distance, \u00e0 ne pas permettre cette diffusion qui permet justement d&rsquo;\u00e9viter de se poser ces questions&#8230; On pose encore l&rsquo;\u00e9ventualit\u00e9 de l&rsquo;\u00ab\u00a0utilisation\u00a0\u00bb des \u00ab\u00a0bo\u00eetiers de vote\u00a0\u00bb alors que leur fonctionnalit\u00e9 de vote est anecdotique et qu&rsquo;il s&rsquo;agit, pour l&rsquo;\u00e9l\u00e8ve, de\u00a0se positionner, de r\u00e9pondre \u00e0 des questions, lors d&rsquo;une \u00e9valuation formative, par exemple. On n&rsquo;est pas, en l&rsquo;occurrence, oblig\u00e9 de reprendre, sans le questionner, justement, le vocabulaire abscons choisi par les marchands\u00a0!<\/p>\n<p>Bon sang, j&rsquo;avais compris, moi, qu&rsquo;il s&rsquo;agissait de <a href=\"http:\/\/www.education.gouv.fr\/cid77198\/pour-faire-entrer-l-ecole-dans-l-ere-du-numerique-l-education-nationale-se-dote-d-une-direction-du-numerique-pour-l-education-dne.html\" target=\"_blank\">faire entrer l&rsquo;\u00e9cole dans l&rsquo;\u00e8re du num\u00e9rique<\/a>, pas d&rsquo;utiliser le num\u00e9rique \u00e0 l&rsquo;\u00e9cole\u00a0!<\/p>\n<p>Au-del\u00e0 de ces consid\u00e9rations utilitaires qui conduisent \u00e0 rendre l&rsquo;enseignant passif, quand il s&rsquo;agit du choix des ressources \u00e0 int\u00e9grer dans les enseignements, on renforce sa posture consum\u00e9riste en ne l&rsquo;interrogeant que sur les abonnements pris par son \u00e9tablissement et pas sur celles dont il peut \u00eatre producteur. Enfin, et cette remarque n&rsquo;est pas la moindre, quand un professeur a besoin d&rsquo;aide, on ne l&rsquo;interroge pas sur qui peut l&rsquo;aider ou l&rsquo;accompagner mais sur qui peut l&rsquo;\u00ab\u00a0assister\u00a0\u00bb\u00a0!<\/p>\n<p><strong>Utilitarisme, consum\u00e9risme et assistance sont-elles les mamelles du num\u00e9rique \u00e9ducatif\u00a0? <\/strong>Si c&rsquo;est vrai, il y a de quoi tr\u00e8s s\u00e9rieusement s&rsquo;inqui\u00e9ter.<\/p>\n<p>Pour terminer sur le vocabulaire et le choix des questions, on peut s&rsquo;\u00e9tonner que les ma\u00eetres volontaires pour r\u00e9pondre ne soient pas questionn\u00e9s, ou alors de mani\u00e8re tr\u00e8s indirecte, sur les modifications posturales qui peuvent na\u00eetre du choix d&rsquo;une p\u00e9dagogie num\u00e9rique et de nouvelles modalit\u00e9s pour enseigner.<\/p>\n<h3><strong>Le mat\u00e9riel et les ressources<\/strong><\/h3>\n<p>Sans trop s&rsquo;attarder sur les r\u00e9ponses fournies \u00e0 ce sujet, on peut n\u00e9anmoins essayer de noter quelques tendances ou id\u00e9es-forces de ce sondage\u00a0:<\/p>\n<ul>\n<li>les professeurs sont trop peu nombreux \u00e0 \u00eatre dot\u00e9s de mat\u00e9riel et y sont g\u00e9n\u00e9ralement de leur poche pour les ordinateurs portables dont ils se servent souvent en classe\u00a0; de plus, comme le notent les enqu\u00eateurs, la tendance est \u00e0 la d\u00e9croissance des dotations par les collectivit\u00e9s territoriales&#8230;\u00a0;<\/li>\n<li>les mat\u00e9riels pr\u00e9f\u00e9r\u00e9s des professeurs\u00a0\u2014\u00a0ce sont d&rsquo;ailleurs des chiffres en progr\u00e8s depuis 2012\u00a0\u2014 sont ceux <strong>qui renforcent leur posture magistrale et un enseignement de type frontal<\/strong>\u00a0: ordinateur pour le professeur, tableau ou vid\u00e9o-projecteur interactif ou pas\u00a0;<\/li>\n<li>les <strong>liseuses num\u00e9riques<\/strong> sont pratiquement et d\u00e9sesp\u00e9r\u00e9ment absentes des coll\u00e8ges ou des lyc\u00e9es, m\u00eame dans les <a href=\"http:\/\/cache.media.eduscol.education.fr\/file\/actus_2012\/77\/1\/2012_vademecum_culture_int_web_214771.pdf\" target=\"_blank\">3C<\/a> ou <a href=\"http:\/\/fr.wikipedia.org\/wiki\/Centre_de_documentation_et_d%E2%80%99information_en_%C3%A9tablissement_scolaire\" target=\"_blank\">CDI<\/a>&#8230;<\/li>\n<\/ul>\n<h3><strong>L&rsquo;\u00ab\u00a0utilisation\u00a0\u00bb du num\u00e9rique hors la classe et dans la classe<\/strong><\/h3>\n<p><a href=\"http:\/\/www.culture-numerique.fr\/wp-content\/uploads\/2014\/09\/q5.jpg\"><img loading=\"lazy\" decoding=\"async\" class=\"aligncenter wp-image-1438 size-full\" src=\"http:\/\/www.culture-numerique.fr\/wp-content\/uploads\/2014\/09\/q5.jpg\" alt=\"q5\" width=\"1040\" height=\"550\" srcset=\"https:\/\/www.culture-numerique.fr\/wp-content\/uploads\/2014\/09\/q5.jpg 1040w, https:\/\/www.culture-numerique.fr\/wp-content\/uploads\/2014\/09\/q5-300x158.jpg 300w, https:\/\/www.culture-numerique.fr\/wp-content\/uploads\/2014\/09\/q5-1024x541.jpg 1024w, https:\/\/www.culture-numerique.fr\/wp-content\/uploads\/2014\/09\/q5-100x52.jpg 100w, https:\/\/www.culture-numerique.fr\/wp-content\/uploads\/2014\/09\/q5-150x79.jpg 150w, https:\/\/www.culture-numerique.fr\/wp-content\/uploads\/2014\/09\/q5-200x105.jpg 200w, https:\/\/www.culture-numerique.fr\/wp-content\/uploads\/2014\/09\/q5-450x237.jpg 450w, https:\/\/www.culture-numerique.fr\/wp-content\/uploads\/2014\/09\/q5-600x317.jpg 600w, https:\/\/www.culture-numerique.fr\/wp-content\/uploads\/2014\/09\/q5-900x475.jpg 900w\" sizes=\"auto, (max-width: 1040px) 100vw, 1040px\" \/><\/a><\/p>\n<p>Le num\u00e9rique n&rsquo;est pas p\u00e9dagogique, il a d&rsquo;abord une forte couleur administrative. Si, c&rsquo;est vrai, les professeurs disent passer beaucoup de temps, en ligne, chez eux, pour trouver les documents et exemples d&rsquo;activit\u00e9s n\u00e9cessaires \u00e0 la pr\u00e9paration de leur cours, ils passent aussi beaucoup de temps \u00e0 remplir le cahier de textes en ligne et saisir les notes et les absences, activit\u00e9s importantes certes. En revanche, <strong>plus d&rsquo;une moiti\u00e9 d&rsquo;entre eux <\/strong>(je rappelle qu&rsquo;il s&rsquo;agit d&rsquo;une moiti\u00e9 de 58\u00a0% de l&rsquo;\u00e9chantillon)<strong> disent ne jamais ou presque \u00ab\u00a0utiliser\u00a0\u00bb le num\u00e9rique pour personnaliser les apprentissages<\/strong>, que cela soit en mode dirig\u00e9 ou autonome&#8230;<\/p>\n<p><a href=\"http:\/\/www.culture-numerique.fr\/wp-content\/uploads\/2014\/09\/q5bis.jpg\"><img loading=\"lazy\" decoding=\"async\" class=\"aligncenter size-full wp-image-1441\" src=\"http:\/\/www.culture-numerique.fr\/wp-content\/uploads\/2014\/09\/q5bis.jpg\" alt=\"q5bis\" width=\"1040\" height=\"545\" srcset=\"https:\/\/www.culture-numerique.fr\/wp-content\/uploads\/2014\/09\/q5bis.jpg 1040w, https:\/\/www.culture-numerique.fr\/wp-content\/uploads\/2014\/09\/q5bis-300x157.jpg 300w, https:\/\/www.culture-numerique.fr\/wp-content\/uploads\/2014\/09\/q5bis-1024x536.jpg 1024w, https:\/\/www.culture-numerique.fr\/wp-content\/uploads\/2014\/09\/q5bis-100x52.jpg 100w, https:\/\/www.culture-numerique.fr\/wp-content\/uploads\/2014\/09\/q5bis-150x78.jpg 150w, https:\/\/www.culture-numerique.fr\/wp-content\/uploads\/2014\/09\/q5bis-200x104.jpg 200w, https:\/\/www.culture-numerique.fr\/wp-content\/uploads\/2014\/09\/q5bis-450x235.jpg 450w, https:\/\/www.culture-numerique.fr\/wp-content\/uploads\/2014\/09\/q5bis-600x314.jpg 600w, https:\/\/www.culture-numerique.fr\/wp-content\/uploads\/2014\/09\/q5bis-900x471.jpg 900w\" sizes=\"auto, (max-width: 1040px) 100vw, 1040px\" \/><\/a><\/p>\n<p>On ne devrait jamais poser ces questions et publier de tels r\u00e9sultats ! C&rsquo;est se faire trop de mal&#8230; M\u00eame si les pratiques semblent en hausse par rapport \u00e0 il y a deux ans, il faut convenir que <strong>les professeurs d\u00e9testent communiquer ou rechignent \u00e0 le faire, qu&rsquo;ils d\u00e9testent encore plus animer des communaut\u00e9s d&rsquo;\u00e9changes<\/strong>&#8230;<\/p>\n<p>Il s&rsquo;agit l\u00e0 d&rsquo;une opposition formelle et quasi atavique aux valeurs d&rsquo;\u00e9change et de partage port\u00e9es par le num\u00e9rique soi-m\u00eame. Cela ne laisse pas d&rsquo;inqui\u00e9ter&#8230;<\/p>\n<h3><strong>Comment trouver de l&rsquo;aide en cas de besoin\u00a0?<\/strong><\/h3>\n<p>Les professeurs se disent \u00eatre et semblent en effet \u00eatre plus autonomes. Il faut, je crois,\u00a0s&rsquo;en r\u00e9jouir\u00a0m\u00eame si\u00a0la diversification et la complexit\u00e9 des mat\u00e9riels sont grandissantes.<\/p>\n<p>Le graphe suivant apporte en revanche quelques \u00e9clairages curieux et presque inqui\u00e9tants sur les ces cercles de confiance des professeurs.<\/p>\n<p><a href=\"http:\/\/www.culture-numerique.fr\/wp-content\/uploads\/2014\/09\/q7.jpg\"><img loading=\"lazy\" decoding=\"async\" class=\"aligncenter size-full wp-image-1446\" src=\"http:\/\/www.culture-numerique.fr\/wp-content\/uploads\/2014\/09\/q7.jpg\" alt=\"q7\" width=\"1040\" height=\"558\" srcset=\"https:\/\/www.culture-numerique.fr\/wp-content\/uploads\/2014\/09\/q7.jpg 1040w, https:\/\/www.culture-numerique.fr\/wp-content\/uploads\/2014\/09\/q7-300x160.jpg 300w, https:\/\/www.culture-numerique.fr\/wp-content\/uploads\/2014\/09\/q7-1024x549.jpg 1024w, https:\/\/www.culture-numerique.fr\/wp-content\/uploads\/2014\/09\/q7-100x53.jpg 100w, https:\/\/www.culture-numerique.fr\/wp-content\/uploads\/2014\/09\/q7-150x80.jpg 150w, https:\/\/www.culture-numerique.fr\/wp-content\/uploads\/2014\/09\/q7-200x107.jpg 200w, https:\/\/www.culture-numerique.fr\/wp-content\/uploads\/2014\/09\/q7-450x241.jpg 450w, https:\/\/www.culture-numerique.fr\/wp-content\/uploads\/2014\/09\/q7-600x321.jpg 600w, https:\/\/www.culture-numerique.fr\/wp-content\/uploads\/2014\/09\/q7-900x482.jpg 900w, https:\/\/www.culture-numerique.fr\/wp-content\/uploads\/2014\/09\/q7-280x150.jpg 280w\" sizes=\"auto, (max-width: 1040px) 100vw, 1040px\" \/><\/a><\/p>\n<p>S&rsquo;il semble naturel que les professeurs connaissent mal les <a href=\"http:\/\/eduscol.education.fr\/cid73311\/delegues-academiques-numeriques-dan.html\" target=\"_blank\">DANE<\/a> ou les missions acad\u00e9miques\u00a0associ\u00e9es, encore jeunes, s&rsquo;il faut se r\u00e9jouir du succ\u00e8s des portails institutionnels, disciplinaires ou pas, il faut observer aussi l&rsquo;incroyable indiff\u00e9rence dont font preuve les personnels interrog\u00e9s \u00e0 l&rsquo;\u00e9gard du\u00a0<a href=\"http:\/\/www.reseau-canope.fr\/\" target=\"_blank\">r\u00e9seau CANOP\u00c9<\/a> et, surtout, des corps d&rsquo;inspection\u00a0! Incroyable\u00a0! <strong>Seuls 2 % des professeurs interrog\u00e9s font appel \u00e0 leurs corps d&rsquo;inspection pour des probl\u00e8mes p\u00e9dagogiques\u00a0!<\/strong> C&rsquo;est dire le peu de confiance dont ils b\u00e9n\u00e9ficient&#8230;<\/p>\n<p>N&rsquo;y a-t-il pas quelque chose \u00e0 faire, l\u00e0\u00a0?<\/p>\n<h3><strong>Ce qui explique que les professeurs ne s&rsquo;engagent pas<\/strong><\/h3>\n<p><a href=\"http:\/\/www.culture-numerique.fr\/wp-content\/uploads\/2014\/09\/Q82.jpg\"><img loading=\"lazy\" decoding=\"async\" class=\"aligncenter size-full wp-image-1453\" src=\"http:\/\/www.culture-numerique.fr\/wp-content\/uploads\/2014\/09\/Q82.jpg\" alt=\"Q82\" width=\"1042\" height=\"576\" srcset=\"https:\/\/www.culture-numerique.fr\/wp-content\/uploads\/2014\/09\/Q82.jpg 1042w, https:\/\/www.culture-numerique.fr\/wp-content\/uploads\/2014\/09\/Q82-300x165.jpg 300w, https:\/\/www.culture-numerique.fr\/wp-content\/uploads\/2014\/09\/Q82-1024x566.jpg 1024w, https:\/\/www.culture-numerique.fr\/wp-content\/uploads\/2014\/09\/Q82-100x55.jpg 100w, https:\/\/www.culture-numerique.fr\/wp-content\/uploads\/2014\/09\/Q82-150x82.jpg 150w, https:\/\/www.culture-numerique.fr\/wp-content\/uploads\/2014\/09\/Q82-200x110.jpg 200w, https:\/\/www.culture-numerique.fr\/wp-content\/uploads\/2014\/09\/Q82-450x248.jpg 450w, https:\/\/www.culture-numerique.fr\/wp-content\/uploads\/2014\/09\/Q82-600x331.jpg 600w, https:\/\/www.culture-numerique.fr\/wp-content\/uploads\/2014\/09\/Q82-900x497.jpg 900w\" sizes=\"auto, (max-width: 1042px) 100vw, 1042px\" \/><\/a><\/p>\n<p>On admirera au passage que la question n&rsquo;est pas : \u00ab\u00a0Pourquoi ne vous engagez-vous pas dans une p\u00e9dagogie r\u00e9nov\u00e9e par le\u00a0num\u00e9rique\u00a0?\u00a0\u00bb mais \u00ab\u00a0Quels facteurs peuvent vous dissuader de faire usage des TIC\u00a0?\u00a0\u00bb\u00a0! J&rsquo;avais d\u00e9j\u00e0 trait\u00e9 ce sujet des bonnes raisons pour \u00e9chapper au num\u00e9rique en me permettant de donner, sur un ton ironique, quelques conseils aux d\u00e9butants (1). Je n&rsquo;avais pas tout \u00e0 fait tort, on retrouve la plupart de ces raisons dans le graphe ci-dessus.<\/p>\n<p>Attention, ces raisons, souvent douloureuses, avanc\u00e9es par ces professeurs, sont bien r\u00e9elles, m\u00eame s&rsquo;il convient de s&rsquo;interroger parfois sur la suppos\u00e9e insuffisance des \u00e9quipements et le manque de formation\u00a0! Il faut noter n\u00e9anmoins, comme des le\u00e7ons fortes de cette enqu\u00eate\u00a0:<\/p>\n<ul>\n<li>la prise de conscience\u00a0\u2014\u00a0il s&rsquo;agit pourtant d&rsquo;un nouvel item de cette enqu\u00eate\u00a0\u2014 de <strong>l&rsquo;\u00e9troitesse et de l&rsquo;insuffisance des tuyaux menant \u00e0 l&rsquo;Internet<\/strong>\u00a0;<\/li>\n<li>l&rsquo;observation de<strong> l&rsquo;inadaptation des contenus et des programmes disciplinaires<\/strong> au num\u00e9rique\u00a0;<\/li>\n<li>la perception de <strong>la r\u00e9alit\u00e9 des pratiques num\u00e9riques des jeunes<\/strong> fort distantes des activit\u00e9s propos\u00e9es en classe.<\/li>\n<\/ul>\n<p>Quand on interroge les professeurs ensuite sur leur formation, on observe que ceux qui r\u00e9pondent et dont je rappelle une fois de plus qu&rsquo;ils ne sont qu&rsquo;une partie, la plus concern\u00e9e, du total, disent s&rsquo;\u00eatre form\u00e9s majoritairement de mani\u00e8re autonome, ce qui n&rsquo;est gu\u00e8re \u00e9tonnant, et, surtout, n&rsquo;avoir \u00e9t\u00e9 que <strong>29\u00a0% \u00e0 avoir \u00e9t\u00e9 form\u00e9s avant d&rsquo;entrer dans le m\u00e9tier, en formation initiale<\/strong>. Il s&rsquo;agit l\u00e0 de l&rsquo;observation \u00e9clatante de l&rsquo;incapacit\u00e9 de cette derni\u00e8re, en IUFM puis maintenant en \u00c9SP\u00c9, \u00e0 \u00e9voluer vers une modification des pratiques professionnelles, en ad\u00e9quation avec la soci\u00e9t\u00e9 num\u00e9rique. La lecture des nouvelles maquettes des\u00a0\u00c9SP\u00c9 n&rsquo;augure d&rsquo;ailleurs rien de bon\u00a0: le num\u00e9rique reste la derni\u00e8re roue de la charrette p\u00e9dagogique.<\/p>\n<p>Une fois de plus, Profetic interroge ensuite les professeurs sur les b\u00e9n\u00e9fices observ\u00e9s de l&rsquo;\u00ab\u00a0utilisation du num\u00e9rique\u00a0\u00bb\u00a0\u2014 ah\u00a0! ce que je hais ces mots\u00a0! Je r\u00e9p\u00e8te et rappelle que ce n&rsquo;est pas la bonne question (2). Il est beaucoup plus int\u00e9ressant, ce qui n&rsquo;est pas fait, d&rsquo;<strong>interroger les praticiens de la p\u00e9dagogie sur ce que \u00e7a change, les modifications des attitudes et des modes d&rsquo;enseignement<\/strong>, plut\u00f4t que de leur poser la question de suppos\u00e9s b\u00e9n\u00e9fices apport\u00e9s \u00e0\u00a0une p\u00e9dagogie qui reste pour l&rsquo;essentiel\u00a0traditionnelle. Pour changer le paradigme, il faut d&rsquo;abord changer le questionnement.<\/p>\n<p>Je vous fais gr\u00e2ce de ces fameux b\u00e9n\u00e9fices qui n&rsquo;ont que peu d&rsquo;int\u00e9r\u00eat.<\/p>\n<p>Comme je vous fais gr\u00e2ce des consid\u00e9rations oiseuses sur le B2i dont on apprend, s&rsquo;il fallait s&rsquo;en convaincre, que c&rsquo;est <strong>un \u00e9chec monumental<\/strong>. Et je p\u00e8se mes mots.<\/p>\n<p>La fin de l&rsquo;enqu\u00eate est consacr\u00e9e \u00e0\u00a0la repr\u00e9sentation des profils diff\u00e9rents, ceux qui \u00ab\u00a0utilisent\u00a0\u00bb ou pas, ceux qui \u00ab\u00a0sont convaincus\u00a0\u00bb ou pas. On n&rsquo;apprend pas grand chose, vous le constaterez par vous-m\u00eame, \u00e0 l&rsquo;exception peut-\u00eatre de ces deux points\u00a0:<\/p>\n<ul>\n<li>ceux qui r\u00e9sistent et ne s&rsquo;investissent pas restent nombreux encore\u00a0\u2014\u00a0peut-\u00eatre devraient-ils, c&rsquo;est mon sentiment, imaginer de changer de m\u00e9tier car <strong>la suite risque d&rsquo;\u00eatre douloureuse<\/strong> pour eux\u00a0;<\/li>\n<li>\u00e0 la vitesse o\u00f9 les mentalit\u00e9s et les engagements \u00e9voluent, il faudra largement sans doute au moins deux ou trois d\u00e9cennies avant que le num\u00e9rique ait fortement impr\u00e9gn\u00e9 les apprentissages et <strong>chang\u00e9 les modalit\u00e9s d&rsquo;enseigner<\/strong>, dans toutes les disciplines.<\/li>\n<\/ul>\n<p>Il est temps de changer de braquet. O\u00f9 en sera la soci\u00e9t\u00e9 alors\u00a0? O\u00f9 en seront les jeunes, les \u00e9l\u00e8ves\u00a0?<\/p>\n<p>Les r\u00e9actions et commentaires des enseignants, enfin, sont int\u00e9ressants car il montrent, \u00e0 l&rsquo;\u00e9vidence, m\u00eame pour les plus engag\u00e9s et concern\u00e9s d&rsquo;entre eux, la <strong>distance consid\u00e9rable<\/strong> qui s\u00e9pare encore leur enseignement et leurs pratiques professionnelles du num\u00e9rique, de cette nouvelle approche qui diffuse dans les pratiques soci\u00e9tales, citoyennes et professionnelles \u00e0 l&rsquo;\u00e9cart de l&rsquo;\u00e9cole.<\/p>\n<p>Non, finalement, et contrairement \u00e0 ce que pensent d&rsquo;aucun(e)s dont j&rsquo;admire l&rsquo;optimisme, <strong>le verre reste \u00e0 moiti\u00e9 vide encore<\/strong>. Penser ou dire le contraire, c&rsquo;est s&rsquo;ali\u00e9ner la possibilit\u00e9 de critiques constructives en mesure, toutes proportions gard\u00e9es, de susciter la r\u00e9flexion et d&rsquo;infl\u00e9chir les orientations pour\u00a0faire avancer l&rsquo;\u00e9cole num\u00e9rique.<\/p>\n<p>C&rsquo;est mon avis et, comme c&rsquo;est la tradition avec le num\u00e9rique, je le partage. Le verre \u00e0 moiti\u00e9 vide aussi&#8230;<\/p>\n<p>Michel Guillou\u00a0<a href=\"https:\/\/twitter.com\/michelguillou\" target=\"_blank\">@michelguillou<\/a><\/p>\n<p><a href=\"http:\/\/creativecommons.org\/licenses\/by-nc-sa\/2.0\/fr\/\" target=\"_blank\"><img loading=\"lazy\" decoding=\"async\" src=\"http:\/\/i.creativecommons.org\/l\/by-nc-sa\/2.0\/fr\/80x15.png\" alt=\"image\" width=\"80\" height=\"15\" data-pin-nopin=\"true\" \/><\/a><\/p>\n<p>Les graphes ins\u00e9r\u00e9s dans l&rsquo;article sont issus du <a href=\"http:\/\/cache.media.eduscol.education.fr\/file\/ETIC_et_PROFETIC\/58\/0\/PROFETIC-2014-rapport_346580.pdf\" target=\"_blank\">rapport complet Profetic 2014<\/a>.<\/p>\n<ol>\n<li style=\"text-align: left;\">Profs d\u00e9butants : 10 bonnes raisons d\u2019\u00e9chapper au num\u00e9rique\u00a0<a href=\"http:\/\/www.culture-numerique.fr\/?p=238\" target=\"_blank\">http:\/\/www.culture-numerique.fr\/?p=238<\/a><\/li>\n<li style=\"text-align: left;\">Num\u00e9rique : changer radicalement le questionnement\u00a0<a href=\"http:\/\/www.culture-numerique.fr\/?p=712\" target=\"_blank\">http:\/\/www.culture-numerique.fr\/?p=712<\/a><\/li>\n<\/ol>\n<p>[cite]<\/p>\n","protected":false},"excerpt":{"rendered":"<p><strong><img loading=\"lazy\" decoding=\"async\" class=\"alignright size-full wp-image-3658\" src=\"http:\/\/www.culture-numerique.fr\/wp-content\/uploads\/2015\/08\/DSC_0086-petite.jpg\" alt=\"Verre\" width=\"318\" height=\"424\" srcset=\"https:\/\/www.culture-numerique.fr\/wp-content\/uploads\/2015\/08\/DSC_0086-petite.jpg 318w, https:\/\/www.culture-numerique.fr\/wp-content\/uploads\/2015\/08\/DSC_0086-petite-225x300.jpg 225w, https:\/\/www.culture-numerique.fr\/wp-content\/uploads\/2015\/08\/DSC_0086-petite-100x133.jpg 100w, https:\/\/www.culture-numerique.fr\/wp-content\/uploads\/2015\/08\/DSC_0086-petite-150x200.jpg 150w, https:\/\/www.culture-numerique.fr\/wp-content\/uploads\/2015\/08\/DSC_0086-petite-200x267.jpg 200w, https:\/\/www.culture-numerique.fr\/wp-content\/uploads\/2015\/08\/DSC_0086-petite-300x400.jpg 300w\" sizes=\"auto, (max-width: 318px) 100vw, 318px\" \/>Le site <a href=\"http:\/\/eduscol.education.fr\/\" target=\"_blank\">\u00c9duscol<\/a> vient de mettre en ligne<\/strong> les r\u00e9sultats de l&rsquo;<a href=\"http:\/\/eduscol.education.fr\/cid79799\/profetic-2014.html\" target=\"_blank\">enqu\u00eate Profetic<\/a> du printemps 2014. Elle a pour objectif \u00ab\u00a0<em>de conna\u00eetre les pratiques des enseignants en mati\u00e8re d&rsquo;utilisation du num\u00e9rique<\/em>\u00a0\u00bb,<\/p>\n<p><span class=\"ellipsis\">&hellip;<\/span><\/p>\n<div class=\"read-more\"><a href=\"https:\/\/www.culture-numerique.fr\/?p=1428\">Lire la suite &#8250;<\/a><\/div>\n<p><!-- end of .read-more --><\/p>\n","protected":false},"author":1,"featured_media":3658,"comment_status":"open","ping_status":"open","sticky":false,"template":"","format":"standard","meta":{"jetpack_post_was_ever_published":false,"_jetpack_newsletter_access":"","_jetpack_dont_email_post_to_subs":false,"_jetpack_newsletter_tier_id":0,"_jetpack_memberships_contains_paywalled_content":false,"_jetpack_memberships_contains_paid_content":false,"footnotes":""},"categories":[9,36],"tags":[443,442,171,4,81,413,441,640],"class_list":["post-1428","post","type-post","status-publish","format-standard","has-post-thumbnail","hentry","category-billets-dhumeur","category-ressources","tag-eduscol","tag-enquete","tag-materiel","tag-numerique-educatif","tag-pratiques-numeriques","tag-pratiques-professionnelles","tag-profetic","tag-ressources"],"jetpack_featured_media_url":"https:\/\/www.culture-numerique.fr\/wp-content\/uploads\/2015\/08\/DSC_0086-petite.jpg","jetpack_sharing_enabled":true,"_links":{"self":[{"href":"https:\/\/www.culture-numerique.fr\/index.php?rest_route=\/wp\/v2\/posts\/1428","targetHints":{"allow":["GET"]}}],"collection":[{"href":"https:\/\/www.culture-numerique.fr\/index.php?rest_route=\/wp\/v2\/posts"}],"about":[{"href":"https:\/\/www.culture-numerique.fr\/index.php?rest_route=\/wp\/v2\/types\/post"}],"author":[{"embeddable":true,"href":"https:\/\/www.culture-numerique.fr\/index.php?rest_route=\/wp\/v2\/users\/1"}],"replies":[{"embeddable":true,"href":"https:\/\/www.culture-numerique.fr\/index.php?rest_route=%2Fwp%2Fv2%2Fcomments&post=1428"}],"version-history":[{"count":44,"href":"https:\/\/www.culture-numerique.fr\/index.php?rest_route=\/wp\/v2\/posts\/1428\/revisions"}],"predecessor-version":[{"id":5258,"href":"https:\/\/www.culture-numerique.fr\/index.php?rest_route=\/wp\/v2\/posts\/1428\/revisions\/5258"}],"wp:featuredmedia":[{"embeddable":true,"href":"https:\/\/www.culture-numerique.fr\/index.php?rest_route=\/wp\/v2\/media\/3658"}],"wp:attachment":[{"href":"https:\/\/www.culture-numerique.fr\/index.php?rest_route=%2Fwp%2Fv2%2Fmedia&parent=1428"}],"wp:term":[{"taxonomy":"category","embeddable":true,"href":"https:\/\/www.culture-numerique.fr\/index.php?rest_route=%2Fwp%2Fv2%2Fcategories&post=1428"},{"taxonomy":"post_tag","embeddable":true,"href":"https:\/\/www.culture-numerique.fr\/index.php?rest_route=%2Fwp%2Fv2%2Ftags&post=1428"}],"curies":[{"name":"wp","href":"https:\/\/api.w.org\/{rel}","templated":true}]}}