{"id":1400,"date":"2014-09-06T10:05:45","date_gmt":"2014-09-06T08:05:45","guid":{"rendered":"http:\/\/www.culture-numerique.fr\/?p=1400"},"modified":"2014-09-11T01:05:47","modified_gmt":"2014-09-10T23:05:47","slug":"petite-fiche-projet-a-lattention-des-proviseurs-des-lycees-pour-mettre-a-jour-les-reglements-interieurs","status":"publish","type":"post","link":"https:\/\/www.culture-numerique.fr\/?p=1400","title":{"rendered":"Petite fiche-projet \u00e0 l&rsquo;attention des proviseurs\u00a0des lyc\u00e9es pour mettre \u00e0 jour les r\u00e8glements int\u00e9rieurs"},"content":{"rendered":"<p><a href=\"http:\/\/www.culture-numerique.fr\/wp-content\/uploads\/2014\/09\/mod-large_5279771344.jpg\"><img loading=\"lazy\" decoding=\"async\" class=\"alignleft wp-image-1402 size-medium\" src=\"http:\/\/www.culture-numerique.fr\/wp-content\/uploads\/2014\/09\/mod-large_5279771344-300x300.jpg\" alt=\"D\u00e9fendu\" width=\"300\" height=\"300\" srcset=\"https:\/\/www.culture-numerique.fr\/wp-content\/uploads\/2014\/09\/mod-large_5279771344-300x300.jpg 300w, https:\/\/www.culture-numerique.fr\/wp-content\/uploads\/2014\/09\/mod-large_5279771344-150x150.jpg 150w, https:\/\/www.culture-numerique.fr\/wp-content\/uploads\/2014\/09\/mod-large_5279771344-100x100.jpg 100w, https:\/\/www.culture-numerique.fr\/wp-content\/uploads\/2014\/09\/mod-large_5279771344-200x200.jpg 200w, https:\/\/www.culture-numerique.fr\/wp-content\/uploads\/2014\/09\/mod-large_5279771344-450x449.jpg 450w, https:\/\/www.culture-numerique.fr\/wp-content\/uploads\/2014\/09\/mod-large_5279771344-600x600.jpg 600w, https:\/\/www.culture-numerique.fr\/wp-content\/uploads\/2014\/09\/mod-large_5279771344.jpg 760w\" sizes=\"auto, (max-width: 300px) 100vw, 300px\" \/><\/a><\/p>\n<p><strong>Mesdames et messieurs les proviseurs des lyc\u00e9es<\/strong>,<\/p>\n<p>La lecture attentive de <a href=\"http:\/\/vosdroits.service-public.fr\/particuliers\/F1409.xhtml\" target=\"_blank\">la fiche concernant les r\u00e8glements int\u00e9rieurs des lyc\u00e9es<\/a>, sur le site officiel <a href=\"http:\/\/vosdroits.service-public.fr\/\" target=\"_blank\">service-public.fr<\/a>,\u00a0fait appara\u00eetre qu&rsquo;elle a \u00e9t\u00e9 mise \u00e0 jour le 25 f\u00e9vrier dernier. Concernant les pratiques num\u00e9riques des lyc\u00e9ens avec l&rsquo;ensemble des appareils num\u00e9riques dont ils disposent, cette fiche propose maintenant une r\u00e9daction ouverte qui n&rsquo;appara\u00eet pas d&#8217;embl\u00e9e comme r\u00e9pressive, notamment pour ce qui concerne les t\u00e9l\u00e9phones portables, appel\u00e9s aussi smartphones ou ordiphones, dont vos \u00e9l\u00e8ves\u00a0sont presque tous pourvus.<\/p>\n<p>La question de l&rsquo;<a href=\"http:\/\/www.legifrance.gouv.fr\/affichCodeArticle.do?idArticle=LEGIARTI000022494861&amp;cidTexte=LEGITEXT000006071191\" target=\"_blank\">interdiction g\u00e9n\u00e9rale<\/a>, port\u00e9e par la loi\u00a0dans le code de l&rsquo;\u00e9ducation, <strong>ne se pose pas dans les lyc\u00e9es<\/strong> et ne concerne que les \u00e9coles et coll\u00e8ges. Vous \u00eates donc libres chez vous de\u00a0demander \u00e0 votre Conseil d&rsquo;administration de mettre enfin vos r\u00e8glements int\u00e9rieurs en conformit\u00e9 avec les nouvelles pratiques de la soci\u00e9t\u00e9 num\u00e9rique et les nouveaux besoins de la p\u00e9dagogie.<\/p>\n<p>Une suggestion pr\u00e9alable de bon sens : peut-\u00eatre convient-il n\u00e9anmoins de ne pas mettre sur le m\u00eame plan, comme le proposent les suggestions de r\u00e9daction, les ordinateurs ou tablettes num\u00e9riques avec des armes ou des objets dangereux&#8230;<\/p>\n<p>Vous trouverez donc ci-dessous un mod\u00e8le de r\u00e9daction \u00e0 ce sujet que\u00a0vous pouvez naturellement adapter \u00e0\u00a0vos propres besoins.<\/p>\n<hr \/>\n<p style=\"text-align: center;\"><span style=\"color: #993300; font-family: georgia, palatino;\"><strong>R\u00e8gles de vie commune<\/strong><\/span><\/p>\n<p><span style=\"color: #993300; font-family: georgia, palatino;\">L&rsquo;usage des terminaux personnels mobiles\u00a0num\u00e9riques par les \u00e9l\u00e8ves <strong>est libre<\/strong>\u00a0<strong>et autoris\u00e9<\/strong>\u00a0dans l&rsquo;ensemble des espaces du lyc\u00e9e, dans les couloirs et salles comme dans la cour. Il constitue, dans bien des cas, un apport non n\u00e9gligeable aux apprentissages qui doit \u00eatre encourag\u00e9.<\/span><\/p>\n<p><span style=\"color: #993300; font-family: georgia, palatino;\">On distinguera cependant, selon les lieux, des conventions d&rsquo;usage diff\u00e9rentes.<\/span><\/p>\n<p style=\"padding-left: 30px;\"><span style=\"color: #993300; font-family: georgia, palatino;\"><strong>En classe<\/strong><\/span><\/p>\n<p><span style=\"color: #993300; font-family: georgia, palatino;\">Il va de soi que les enseignements en classe n\u00e9cessitent <strong>attention et disponibilit\u00e9<\/strong> qui ne sont pas compatibles avec l&rsquo;usage personnel d&rsquo;un t\u00e9l\u00e9phone mobile. C&rsquo;est la raison pour laquelle les \u00e9l\u00e8ves s&rsquo;abstiendront de la mise en \u0153uvre de certaines fonctionnalit\u00e9s (musique, photographie, \u00e9changes t\u00e9l\u00e9phoniques ou par textos, \u00e9changes sur les r\u00e9seaux sociaux, consultation du web, etc.) sauf autorisation expresse du professeur responsable.<\/span><\/p>\n<p><span style=\"color: #993300; font-family: georgia, palatino;\">Il en va de m\u00eame des ordinateurs portables et tablettes dont l&rsquo;usage en classe est r\u00e9serv\u00e9 \u00e0\u00a0la seule <strong>saisie de notes<\/strong>. De m\u00eame que pour les t\u00e9l\u00e9phones mobiles, les \u00e9l\u00e8ves s&rsquo;abstiendront avec ces outils\u00a0de faire usage d&rsquo;autres services, sauf s&rsquo;ils sont autoris\u00e9s \u00e0 le faire \u00e0 la demande du professeur.<\/span><\/p>\n<p style=\"padding-left: 30px;\"><strong><span style=\"font-family: georgia, palatino; color: #993300;\">Hors la classe<\/span><\/strong><\/p>\n<p><span style=\"color: #993300; font-family: georgia, palatino;\">Dans les lieux de circulation et de d\u00e9tente, il est pr\u00e9f\u00e9rable que les appareils num\u00e9riques de grande taille, tablettes et ordinateurs, soient rang\u00e9s dans leur sacoche.<\/span><\/p>\n<p><span style=\"color: #993300; font-family: georgia, palatino;\">En revanche, il est permis de se servir des t\u00e9l\u00e9phones mobiles, des smartphones ou des baladeurs, y compris pour des <strong>usages personnels<\/strong>, dans le respect du voisinage et des activit\u00e9s p\u00e9dagogiques en cours.<\/span><\/p>\n<p style=\"text-align: center;\"><span style=\"color: #993300; font-family: georgia, palatino;\"><strong>Formation des \u00e9l\u00e8ves<\/strong><\/span><\/p>\n<p><span style=\"color: #993300; font-family: georgia, palatino;\">Dans la majorit\u00e9 des cas, l&rsquo;ensemble des fonctionnalit\u00e9s offertes par l&rsquo;appareillage num\u00e9rique, quel qu&rsquo;il soit, contribue \u00e0 <strong>enrichir la p\u00e9dagogie et les apprentissages<\/strong>. N\u00e9anmoins, dans certains cas, un usage excessif ou intrusif peut aboutir \u00e0 d\u00e9grader sensiblement les relations dans la classe entre les \u00e9l\u00e8ves ou avec les adultes, professeurs ou personnels administratifs du lyc\u00e9e.<\/span><\/p>\n<p><span style=\"color: #993300; font-family: georgia, palatino;\">C&rsquo;est pourquoi, avec l&rsquo;aide des \u00e9lus de la vie lyc\u00e9enne et des repr\u00e9sentants des parents, des temps de formation seront propos\u00e9s chaque d\u00e9but d&rsquo;ann\u00e9e \u00e0 tous les membres de la communaut\u00e9 \u00e9ducative pour comprendre, expliquer et int\u00e9grer les r\u00e8gles de vie ci-dessus. Un moment particulier sera consacr\u00e9 aux responsabilit\u00e9s de chacun pour respecter et faire respecter un certain nombre de <strong>droits fondamentaux<\/strong> (image, intimit\u00e9, lieux de silence et de calme, temps de concentration et de r\u00e9flexion, sant\u00e9&#8230;).<\/span><\/p>\n<p style=\"text-align: center;\"><span style=\"color: #993300; font-family: georgia, palatino;\"><strong>Mise \u00e0 jour de ces r\u00e8gles de vie<\/strong><\/span><\/p>\n<p><span style=\"color: #993300; font-family: georgia, palatino;\">En fin de chaque ann\u00e9e scolaire, <strong>le bilan<\/strong> du bon fonctionnement de ces r\u00e8gles de vie commune sera fait, en liaison avec les repr\u00e9sentants des diverses composantes\u00a0de la communaut\u00e9 \u00e9ducative, dont les \u00e9lus lyc\u00e9ens de la vie lyc\u00e9enne et des repr\u00e9sentants des d\u00e9l\u00e9gu\u00e9s. Des propositions seront \u00e9ventuellement faites pour faire \u00e9voluer ces conventions, \u00e0 la lumi\u00e8re des usages existants et des progr\u00e8s techniques, les soumettre pour avis au Conseil de la vie lyc\u00e9enne et \u00e0 la commission permanente avant d&rsquo;\u00eatre port\u00e9es au vote du Conseil d&rsquo;administration.<\/span><\/p>\n<p style=\"text-align: center;\"><span style=\"color: #993300; font-family: georgia, palatino;\"><strong>\u00c9galit\u00e9<\/strong><\/span><\/p>\n<p><span style=\"color: #993300; font-family: georgia, palatino;\">Pour respecter l&rsquo;\u00e9galit\u00e9 des \u00e9l\u00e8ves quant aux enseignements qui leur sont dus, ceux qui en seraient d\u00e9pourvus pourraient se faire pr\u00eater par le lyc\u00e9e, de mani\u00e8re non durable, des appareils num\u00e9riques du type tablette leur permettant la saisie de notes et l&rsquo;acc\u00e8s \u00e0 des documents p\u00e9dagogiques en ligne.<\/span><\/p>\n<p style=\"text-align: center;\"><span style=\"color: #993300;\"><strong><span style=\"font-family: georgia, palatino;\">Sanctions<\/span><\/strong><\/span><\/p>\n<p><span style=\"color: #993300; font-family: georgia, palatino;\">Contrevenir \u00e0 ces r\u00e8gles de vie commune expose \u00e0 des sanctions pr\u00e9vues par ailleurs au r\u00e8glement int\u00e9rieur.<\/span><\/p>\n<hr \/>\n<p>Cette fiche ne propose que la modification sensible des r\u00e8gles qui d\u00e9finissent l&rsquo;usage des terminaux personnels mobiles num\u00e9riques.\u00a0J&rsquo;essaierai de vous soumettre bient\u00f4t une autre fiche-projet pour mettre \u00e0 jour ce qui, dans vos r\u00e8glements int\u00e9rieurs, ressort des <strong>droits des \u00e9l\u00e8ves<\/strong> (expression, r\u00e9union, publication) et qui appara\u00eet, dans bien des cas, <strong>contraire m\u00eame \u00e0 la loi<\/strong> \u2014\u00a0voir une premi\u00e8re analyse r\u00e9cente (1).<\/p>\n<p>La fiche ci-dessus est, elle,\u00a0\u00e9videmment conforme \u00e0 la loi et devrait sans probl\u00e8me passer le contr\u00f4le de l\u00e9galit\u00e9 fait par le cabinet du recteur. Elle est, par ailleurs, soumise \u00e0 vos critiques et peut et doit naturellement \u00e9voluer.<\/p>\n<p>Soyez assur\u00e9s de ma parfaite consid\u00e9ration.<\/p>\n<p>Michel Guillou\u00a0<a href=\"https:\/\/twitter.com\/michelguillou\" target=\"_blank\">@michelguillou<\/a><\/p>\n<p><a href=\"http:\/\/creativecommons.org\/licenses\/by-nc-sa\/4.0\/\" target=\"_blank\"><img loading=\"lazy\" decoding=\"async\" class=\"alignnone\" src=\"http:\/\/i.creativecommons.org\/l\/by-nc-sa\/2.0\/fr\/80x15.png\" alt=\"image\" width=\"80\" height=\"15\" \/><\/a><\/p>\n<p>Cr\u00e9dit photo\u00a0: <a href=\"https:\/\/www.flickr.com\/photos\/olibac\/5279771344\/\">OliBac<\/a> via <a href=\"http:\/\/photopin.com\">photopin<\/a> <a href=\"http:\/\/creativecommons.org\/licenses\/by\/2.0\/\">cc<\/a><\/p>\n<p>1.\u00a0Petit floril\u00e8ge d\u2019extraits rigolos (ou pas) de r\u00e8glements int\u00e9rieurs de lyc\u00e9es\u00a0<a href=\"http:\/\/www.culture-numerique.fr\/?p=222\" target=\"_blank\">http:\/\/www.culture-numerique.fr\/?p=222<\/a><\/p>\n","protected":false},"excerpt":{"rendered":"<p><a href=\"http:\/\/www.culture-numerique.fr\/wp-content\/uploads\/2014\/09\/mod-large_5279771344.jpg\"><img loading=\"lazy\" decoding=\"async\" class=\"alignleft wp-image-1402 size-medium\" src=\"http:\/\/www.culture-numerique.fr\/wp-content\/uploads\/2014\/09\/mod-large_5279771344-300x300.jpg\" alt=\"D\u00e9fendu\" width=\"300\" height=\"300\" srcset=\"https:\/\/www.culture-numerique.fr\/wp-content\/uploads\/2014\/09\/mod-large_5279771344-300x300.jpg 300w, https:\/\/www.culture-numerique.fr\/wp-content\/uploads\/2014\/09\/mod-large_5279771344-150x150.jpg 150w, https:\/\/www.culture-numerique.fr\/wp-content\/uploads\/2014\/09\/mod-large_5279771344-100x100.jpg 100w, https:\/\/www.culture-numerique.fr\/wp-content\/uploads\/2014\/09\/mod-large_5279771344-200x200.jpg 200w, https:\/\/www.culture-numerique.fr\/wp-content\/uploads\/2014\/09\/mod-large_5279771344-450x449.jpg 450w, https:\/\/www.culture-numerique.fr\/wp-content\/uploads\/2014\/09\/mod-large_5279771344-600x600.jpg 600w, https:\/\/www.culture-numerique.fr\/wp-content\/uploads\/2014\/09\/mod-large_5279771344.jpg 760w\" sizes=\"auto, (max-width: 300px) 100vw, 300px\" \/><\/a><\/p>\n<p><strong>Mesdames et messieurs les proviseurs des lyc\u00e9es<\/strong>,<\/p>\n<p>La lecture attentive de <a href=\"http:\/\/vosdroits.service-public.fr\/particuliers\/F1409.xhtml\" target=\"_blank\">la fiche concernant les r\u00e8glements int\u00e9rieurs des lyc\u00e9es<\/a>, sur le site officiel <a href=\"http:\/\/vosdroits.service-public.fr\/\" target=\"_blank\">service-public.fr<\/a>,\u00a0<\/p>\n<p><span class=\"ellipsis\">&hellip;<\/span><\/p>\n<div class=\"read-more\"><a href=\"https:\/\/www.culture-numerique.fr\/?p=1400\">Lire la suite &#8250;<\/a><\/div>\n<p><!-- end of .read-more --><\/p>\n","protected":false},"author":1,"featured_media":1402,"comment_status":"open","ping_status":"open","sticky":false,"template":"","format":"standard","meta":{"jetpack_post_was_ever_published":false,"_jetpack_newsletter_access":"","_jetpack_dont_email_post_to_subs":false,"_jetpack_newsletter_tier_id":0,"_jetpack_memberships_contains_paywalled_content":false,"_jetpack_memberships_contains_paid_content":false,"footnotes":""},"categories":[20,36],"tags":[428,16,385,120,157,156,159],"class_list":["post-1400","post","type-post","status-publish","format-standard","has-post-thumbnail","hentry","category-breves","category-ressources","tag-droits-des-eleves","tag-droits-fondamentaux","tag-droits-lyceens","tag-lycee","tag-lyceens","tag-reglement-interieur","tag-vie-scolaire"],"jetpack_featured_media_url":"https:\/\/www.culture-numerique.fr\/wp-content\/uploads\/2014\/09\/mod-large_5279771344.jpg","jetpack_sharing_enabled":true,"_links":{"self":[{"href":"https:\/\/www.culture-numerique.fr\/index.php?rest_route=\/wp\/v2\/posts\/1400","targetHints":{"allow":["GET"]}}],"collection":[{"href":"https:\/\/www.culture-numerique.fr\/index.php?rest_route=\/wp\/v2\/posts"}],"about":[{"href":"https:\/\/www.culture-numerique.fr\/index.php?rest_route=\/wp\/v2\/types\/post"}],"author":[{"embeddable":true,"href":"https:\/\/www.culture-numerique.fr\/index.php?rest_route=\/wp\/v2\/users\/1"}],"replies":[{"embeddable":true,"href":"https:\/\/www.culture-numerique.fr\/index.php?rest_route=%2Fwp%2Fv2%2Fcomments&post=1400"}],"version-history":[{"count":27,"href":"https:\/\/www.culture-numerique.fr\/index.php?rest_route=\/wp\/v2\/posts\/1400\/revisions"}],"predecessor-version":[{"id":1468,"href":"https:\/\/www.culture-numerique.fr\/index.php?rest_route=\/wp\/v2\/posts\/1400\/revisions\/1468"}],"wp:featuredmedia":[{"embeddable":true,"href":"https:\/\/www.culture-numerique.fr\/index.php?rest_route=\/wp\/v2\/media\/1402"}],"wp:attachment":[{"href":"https:\/\/www.culture-numerique.fr\/index.php?rest_route=%2Fwp%2Fv2%2Fmedia&parent=1400"}],"wp:term":[{"taxonomy":"category","embeddable":true,"href":"https:\/\/www.culture-numerique.fr\/index.php?rest_route=%2Fwp%2Fv2%2Fcategories&post=1400"},{"taxonomy":"post_tag","embeddable":true,"href":"https:\/\/www.culture-numerique.fr\/index.php?rest_route=%2Fwp%2Fv2%2Ftags&post=1400"}],"curies":[{"name":"wp","href":"https:\/\/api.w.org\/{rel}","templated":true}]}}