{"id":140,"date":"2014-02-28T21:32:41","date_gmt":"2014-02-28T19:32:41","guid":{"rendered":"http:\/\/www.culture-numerique.fr\/?p=140"},"modified":"2014-09-11T02:06:11","modified_gmt":"2014-09-11T00:06:11","slug":"numerique-la-france-a-peur","status":"publish","type":"post","link":"https:\/\/www.culture-numerique.fr\/?p=140","title":{"rendered":"Num\u00e9rique : la France a peur\u2026"},"content":{"rendered":"<p style=\"text-align: left;\"><a href=\"http:\/\/www.culture-numerique.fr\/wp-content\/uploads\/2014\/04\/origin_5473645583.jpg\"><img loading=\"lazy\" decoding=\"async\" class=\"alignleft wp-image-141 size-medium\" src=\"http:\/\/www.culture-numerique.fr\/wp-content\/uploads\/2014\/04\/origin_5473645583-300x232.jpg\" alt=\"Carte\" width=\"300\" height=\"232\" srcset=\"https:\/\/www.culture-numerique.fr\/wp-content\/uploads\/2014\/04\/origin_5473645583-300x232.jpg 300w, https:\/\/www.culture-numerique.fr\/wp-content\/uploads\/2014\/04\/origin_5473645583-100x77.jpg 100w, https:\/\/www.culture-numerique.fr\/wp-content\/uploads\/2014\/04\/origin_5473645583-150x116.jpg 150w, https:\/\/www.culture-numerique.fr\/wp-content\/uploads\/2014\/04\/origin_5473645583-200x154.jpg 200w, https:\/\/www.culture-numerique.fr\/wp-content\/uploads\/2014\/04\/origin_5473645583-450x348.jpg 450w, https:\/\/www.culture-numerique.fr\/wp-content\/uploads\/2014\/04\/origin_5473645583.jpg 500w\" sizes=\"auto, (max-width: 300px) 100vw, 300px\" \/><\/a><\/p>\n<p style=\"text-align: left;\"><strong>Rappelez-vous\u00a0:<\/strong> \u00ab\u00a0<strong>Chaque fois qu\u2019un\u00a0<\/strong><strong>avion\u00a0tombe, c\u2019est sur les\u00a0pompes<\/strong><strong>\u00a0\u00e0 Roger Gicquel<\/strong>\u00a0\u00bb disait Coluche pour se moquer du ton empreint d\u2019angoisse et d\u2019anxi\u00e9t\u00e9, toutes sortes de sentiments que ce pr\u00e9sentateur souhaitait jadis partager avec les t\u00e9l\u00e9spectateurs.<\/p>\n<p>Eh bien, figurez-vous que chaque fois que la NSA veut enqu\u00eater, c\u2019est via une webcam point\u00e9e sur les pompes \u00e0 l\u2019<a href=\"https:\/\/aful.org\/\" target=\"_blank\">AFUL<\/a>. Si, si.<\/p>\n<p>Soyons clair\u00a0: cette association francophone des utilisateurs de logiciels libres m\u00e8ne un combat permanent et infiniment respectable, notamment dans le monde de l\u2019\u00e9ducation, pour la promotion des logiciels libres et des formats ouverts. Je connais et appr\u00e9cie quelques-uns de ses membres avec lesquels nous avons travaill\u00e9 jadis \u00e0 des projets communs.\u00a0Mais l\u2019AFUL vient de se compromettre gravement r\u00e9cemment en adoptant, \u00e0 la remorque et \u00e0 l\u2019identique de l\u2019initiative honteuse et conjointe du ministre de l\u2019Int\u00e9rieur, de la Gendarmerie et d\u2019une compagnie d\u2019assurance (<a href=\"http:\/\/gingko.neottia.net\/post\/70124763155\/jai-honte-pour-mon-ecole\" target=\"_blank\">voir un billet r\u00e9cent o\u00f9 je disais avoir honte pour mon \u00e9cole<\/a>),\u00a0une attitude profond\u00e9ment anti-\u00e9ducative.<\/p>\n<p>L\u2019information m\u2019avait \u00e9chapp\u00e9. Ce n\u2019est qu\u2019\u00e0 la lecture\u00a0<a href=\"http:\/\/www.a-brest.net\/article15030.html\" target=\"_blank\">du site brestois a-brest<\/a>\u00a0et\u00a0<a href=\"http:\/\/www.framablog.org\/index.php\/post\/2014\/02\/27\/aful-dessine-moi-menaces-informatiques\" target=\"_blank\">du Framablog<\/a>\u00a0qui ont, sans sourciller ni m\u00eame formuler un point de vue critique \u00e0 ce sujet, relay\u00e9 le projet de l\u2019AFUL, que j\u2019ai appris l\u2019existence de ce concours lanc\u00e9 d\u00e9j\u00e0 depuis d\u00e9but f\u00e9vrier. En gros, toute fi\u00e8re de son accord cadre avec le minist\u00e8re de l\u2019\u00c9ducation, l\u2019AFUL propose aux enfants de 7 \u00e0 17 ans \u2014 elle s\u2019adresse aux \u00e9l\u00e8ves, en fait, puisqu\u2019elle sollicite l\u2019aide des enseignants \u2014 de dessiner, tenez-vous bien, \u00ab\u00a0<strong>les menaces informatiques<\/strong>\u00a0\u00bb\u00a0!<\/p>\n<p>La parano\u00efa est si \u00e9vidente que l\u2019AFUL prend soin de pr\u00e9ciser que son objectif n\u2019est justement pas de l\u2019alimenter. Une autre preuve en est fournie par l\u2019URL qui s\u2019affiche sur la page de l\u2019AFUL, sans doute la contraction d\u2019un titre pr\u00e9c\u00e9demment choisi\u00a0: \u00ab\u00a0https:\/\/aful.org\/nouvelles\/dessine-moi-mechants-comment-se-proteger-informatique\u00a0\u00bb.<\/p>\n<p>Voil\u00e0, il y a des m\u00e9chants et l\u2019AFUL propose aux enfants et aux \u00e9l\u00e8ves d\u2019appr\u00e9hender l\u2019Internet en les dessinant\u00a0! Comment \u00e9viter la caricature et une approche manich\u00e9enne\u00a0? Comment \u00e9viter l\u2019anxi\u00e9t\u00e9 g\u00e9n\u00e9r\u00e9e par cette approche profond\u00e9ment craintive et apeur\u00e9e\u00a0?<\/p>\n<p>On me faisait remarquer ce matin que\u00a0<a href=\"http:\/\/ecrans.liberation.fr\/ecrans\/2009\/06\/08\/le-site-du-jour-dessine-moi-internet_960880\" target=\"_blank\"><em>Lib\u00e9ration<\/em><\/a>\u00a0avait, il y a presque cinq ans d\u00e9j\u00e0, \u00e9voqu\u00e9 un concours plus heureux lanc\u00e9 \u00e0 l\u2019initiative de Kevin Kelly \u00ab\u00a0<a href=\"http:\/\/kk.org\/internet-mapping\/\" target=\"_blank\">The Internet Mapping Project<\/a>\u00a0\u00bb dont est extrait le dessin en haut de ce billet. \u00ab\u00a0<strong>Dessine-moi internet<\/strong>\u00a0\u00bb aurait pu aussi proposer de mani\u00e8re plus positive l\u2019AFUL, ce qui ne l\u2019emp\u00eachait nullement de faire avancer les id\u00e9es, aupr\u00e8s d\u2019un jeune public, qu\u2019elle exprime dans le document qu\u2019elle vient de publier\u00a0\u00ab\u00a0Comment se prot\u00e9ger de l\u2019informatique, ou l\u2019informatique \u00e0 l\u2019\u00e8re post-Snowden\u00a0\u00bb.<\/p>\n<blockquote class=\"twitter-tweet\" data-width=\"550\" data-dnt=\"true\">\n<p lang=\"fr\" dir=\"ltr\"><a href=\"https:\/\/twitter.com\/2vanssay?ref_src=twsrc%5Etfw\">@2vanssay<\/a> <a href=\"https:\/\/twitter.com\/michelguillou?ref_src=twsrc%5Etfw\">@michelguillou<\/a> En tout cas, \u00e7a cr\u00e9e un certain malaise (dessine-moi un mouton \/ dessine-moi les menaces)<\/p>\n<p>&mdash; Luc C\u00e9delle (@LCedelle) <a href=\"https:\/\/twitter.com\/LCedelle\/status\/439145105627549697?ref_src=twsrc%5Etfw\">February 27, 2014<\/a><\/p><\/blockquote>\n<p><script async src=\"https:\/\/platform.twitter.com\/widgets.js\" charset=\"utf-8\"><\/script><\/p>\n<p>Les temps ont d\u00e9cid\u00e9ment chang\u00e9, comme le rappelle\u00a0<a href=\"https:\/\/twitter.com\/LCedelle\" target=\"_blank\">Luc C\u00e9delle<\/a>\u00a0ci-dessus sur Twitter\u2026\u00a0\u00ab\u00a0<strong>S\u2019il vous pla\u00eet\u2026 dessine-moi un mouton\u00a0!<\/strong>\u00a0\u00bb, demande Le Petit Prince \u00e0 Antoine de St-Exup\u00e9ry\u2026 \u00ab\u00a0<strong>S\u2019il vous pla\u00eet\u2026 dessine-moi une menace informatique<\/strong>\u00a0\u00bb demande l\u2019AFUL aux enfants\u2026<\/p>\n<p>Mis\u00e8re\u00a0!<\/p>\n<p>Michel Guillou\u00a0<a href=\"https:\/\/twitter.com\/michelguillou\" target=\"_blank\">@michelguillou<\/a><\/p>\n<p><a href=\"http:\/\/creativecommons.org\/licenses\/by-nc-sa\/2.0\/fr\/\" target=\"_blank\"><img loading=\"lazy\" decoding=\"async\" src=\"http:\/\/i.creativecommons.org\/l\/by-nc-sa\/2.0\/fr\/80x15.png\" alt=\"image\" width=\"80\" height=\"15\" \/><\/a><\/p>\n<p>Cr\u00e9dit photo\u00a0:\u00a0<a href=\"http:\/\/www.flickr.com\/photos\/alphachimpstudio\/5473645583\/\" target=\"_blank\">ChimpLearnGood<\/a>\u00a0via\u00a0<a href=\"http:\/\/photopin.com\/\" target=\"_blank\">photopin<\/a>\u00a0<a href=\"http:\/\/creativecommons.org\/licenses\/by-nc-nd\/2.0\/\" target=\"_blank\">cc<\/a><\/p>\n<p>&nbsp;<\/p>\n","protected":false},"excerpt":{"rendered":"<p style=\"text-align: left;\"><a href=\"http:\/\/www.culture-numerique.fr\/wp-content\/uploads\/2014\/04\/origin_5473645583.jpg\"><img loading=\"lazy\" decoding=\"async\" class=\"alignleft wp-image-141 size-medium\" src=\"http:\/\/www.culture-numerique.fr\/wp-content\/uploads\/2014\/04\/origin_5473645583-300x232.jpg\" alt=\"Carte\" width=\"300\" height=\"232\" srcset=\"https:\/\/www.culture-numerique.fr\/wp-content\/uploads\/2014\/04\/origin_5473645583-300x232.jpg 300w, https:\/\/www.culture-numerique.fr\/wp-content\/uploads\/2014\/04\/origin_5473645583-100x77.jpg 100w, https:\/\/www.culture-numerique.fr\/wp-content\/uploads\/2014\/04\/origin_5473645583-150x116.jpg 150w, https:\/\/www.culture-numerique.fr\/wp-content\/uploads\/2014\/04\/origin_5473645583-200x154.jpg 200w, https:\/\/www.culture-numerique.fr\/wp-content\/uploads\/2014\/04\/origin_5473645583-450x348.jpg 450w, https:\/\/www.culture-numerique.fr\/wp-content\/uploads\/2014\/04\/origin_5473645583.jpg 500w\" sizes=\"auto, (max-width: 300px) 100vw, 300px\" \/><\/a><\/p>\n<p style=\"text-align: left;\"><strong>Rappelez-vous\u00a0:<\/strong> \u00ab\u00a0<strong>Chaque fois qu\u2019un\u00a0<\/strong><strong>avion\u00a0tombe, c\u2019est sur les\u00a0pompes<\/strong><strong>\u00a0\u00e0 Roger Gicquel<\/strong>\u00a0\u00bb disait Coluche pour se moquer du ton empreint d\u2019angoisse et d\u2019anxi\u00e9t\u00e9,<\/p>\n<p><span class=\"ellipsis\">&hellip;<\/span><\/p>\n<div class=\"read-more\"><a href=\"https:\/\/www.culture-numerique.fr\/?p=140\">Lire la suite &#8250;<\/a><\/div>\n<p><!-- end of .read-more --><\/p>\n","protected":false},"author":1,"featured_media":141,"comment_status":"open","ping_status":"open","sticky":false,"template":"","format":"standard","meta":{"jetpack_post_was_ever_published":false,"_jetpack_newsletter_access":"","_jetpack_dont_email_post_to_subs":false,"_jetpack_newsletter_tier_id":0,"_jetpack_memberships_contains_paywalled_content":false,"_jetpack_memberships_contains_paid_content":false,"footnotes":""},"categories":[9],"tags":[73,76,74,75,5,10,77],"class_list":["post-140","post","type-post","status-publish","format-standard","has-post-thumbnail","hentry","category-billets-dhumeur","tag-aful","tag-approche","tag-concours","tag-dessin","tag-informatique","tag-peur","tag-st-exupery"],"jetpack_featured_media_url":"https:\/\/www.culture-numerique.fr\/wp-content\/uploads\/2014\/04\/origin_5473645583.jpg","jetpack_sharing_enabled":true,"_links":{"self":[{"href":"https:\/\/www.culture-numerique.fr\/index.php?rest_route=\/wp\/v2\/posts\/140","targetHints":{"allow":["GET"]}}],"collection":[{"href":"https:\/\/www.culture-numerique.fr\/index.php?rest_route=\/wp\/v2\/posts"}],"about":[{"href":"https:\/\/www.culture-numerique.fr\/index.php?rest_route=\/wp\/v2\/types\/post"}],"author":[{"embeddable":true,"href":"https:\/\/www.culture-numerique.fr\/index.php?rest_route=\/wp\/v2\/users\/1"}],"replies":[{"embeddable":true,"href":"https:\/\/www.culture-numerique.fr\/index.php?rest_route=%2Fwp%2Fv2%2Fcomments&post=140"}],"version-history":[{"count":7,"href":"https:\/\/www.culture-numerique.fr\/index.php?rest_route=\/wp\/v2\/posts\/140\/revisions"}],"predecessor-version":[{"id":1505,"href":"https:\/\/www.culture-numerique.fr\/index.php?rest_route=\/wp\/v2\/posts\/140\/revisions\/1505"}],"wp:featuredmedia":[{"embeddable":true,"href":"https:\/\/www.culture-numerique.fr\/index.php?rest_route=\/wp\/v2\/media\/141"}],"wp:attachment":[{"href":"https:\/\/www.culture-numerique.fr\/index.php?rest_route=%2Fwp%2Fv2%2Fmedia&parent=140"}],"wp:term":[{"taxonomy":"category","embeddable":true,"href":"https:\/\/www.culture-numerique.fr\/index.php?rest_route=%2Fwp%2Fv2%2Fcategories&post=140"},{"taxonomy":"post_tag","embeddable":true,"href":"https:\/\/www.culture-numerique.fr\/index.php?rest_route=%2Fwp%2Fv2%2Ftags&post=140"}],"curies":[{"name":"wp","href":"https:\/\/api.w.org\/{rel}","templated":true}]}}