{"id":1372,"date":"2014-09-23T11:03:43","date_gmt":"2014-09-23T09:03:43","guid":{"rendered":"http:\/\/www.culture-numerique.fr\/?p=1372"},"modified":"2016-12-29T14:30:11","modified_gmt":"2016-12-29T13:30:11","slug":"avec-le-numerique-lecole-doit-mettre-laccent-sur-la-formation-du-jeune-citoyen","status":"publish","type":"post","link":"https:\/\/www.culture-numerique.fr\/?p=1372","title":{"rendered":"Avec le num\u00e9rique, l&rsquo;\u00e9cole doit mettre l&rsquo;accent sur la formation du jeune citoyen"},"content":{"rendered":"<p><a href=\"http:\/\/www.culture-numerique.fr\/wp-content\/uploads\/2014\/09\/large_6883954308.jpg\"><img loading=\"lazy\" decoding=\"async\" class=\"size-full wp-image-1786 aligncenter\" src=\"http:\/\/www.culture-numerique.fr\/wp-content\/uploads\/2014\/09\/large_6883954308.jpg\" alt=\"Fronton\" width=\"1024\" height=\"674\" srcset=\"https:\/\/www.culture-numerique.fr\/wp-content\/uploads\/2014\/09\/large_6883954308.jpg 1024w, https:\/\/www.culture-numerique.fr\/wp-content\/uploads\/2014\/09\/large_6883954308-300x197.jpg 300w, https:\/\/www.culture-numerique.fr\/wp-content\/uploads\/2014\/09\/large_6883954308-100x65.jpg 100w, https:\/\/www.culture-numerique.fr\/wp-content\/uploads\/2014\/09\/large_6883954308-150x98.jpg 150w, https:\/\/www.culture-numerique.fr\/wp-content\/uploads\/2014\/09\/large_6883954308-200x131.jpg 200w, https:\/\/www.culture-numerique.fr\/wp-content\/uploads\/2014\/09\/large_6883954308-450x296.jpg 450w, https:\/\/www.culture-numerique.fr\/wp-content\/uploads\/2014\/09\/large_6883954308-600x394.jpg 600w, https:\/\/www.culture-numerique.fr\/wp-content\/uploads\/2014\/09\/large_6883954308-900x592.jpg 900w\" sizes=\"auto, (max-width: 1024px) 100vw, 1024px\" \/><\/a><\/p>\n<p><strong>Ceux d&rsquo;entre mes lecteurs<\/strong>\u00a0\u2014\u00a0qu&rsquo;on r\u00e9pande un tapis de roses \u00e0 leurs pieds\u00a0!\u00a0\u2014 qui s&rsquo;attendent \u00e0 ce que je leur parle de MOOC ou de tablettes vont en \u00eatre pour leurs frais. Ces mots ne sont encore ici que pour\u00a0am\u00e9liorer la visibilit\u00e9 de ce billet dans vos moteurs favoris.<\/p>\n<p>Non, il s&rsquo;agit plut\u00f4t dans ce billet d&rsquo;<strong>\u00e9voquer les missions de l&rsquo;\u00e9cole<\/strong>, ce qu&rsquo;elles semblent \u00eatre de mani\u00e8re quasi imm\u00e9moriale et ce qu&rsquo;elles semblent devenir quand le num\u00e9rique bouscule ses valeurs.<\/p>\n<p>C&rsquo;est une question \u00e9minemment sensible, cela va de soi. Elle est au c\u0153ur de nombre de r\u00e9flexions qui agitent la soci\u00e9t\u00e9, de mani\u00e8re parfois un peu convulsive&#8230; L&rsquo;\u00e9cole est ainsi soumise \u00e0 la pression de lobbys divers, id\u00e9ologiques d&rsquo;abord, mais aussi \u00e9conomiques.\u00a0Les exemples r\u00e9cents sont pl\u00e9thore qui montrent la grande fragilit\u00e9 de l&rsquo;\u00e9cole d&rsquo;aujourd&rsquo;hui \u00e0 ce sujet, confront\u00e9e \u00e0\u00a0divers obscurantismes, modernes ou archa\u00efques. Je n&rsquo;y reviens pas.<\/p>\n<p>On per\u00e7oit bien aussi cette grande sensibilit\u00e9 \u00e0 l&rsquo;\u00e9nonc\u00e9 des mots-cl\u00e9s qui peuvent r\u00e9pondre \u00e0 cette question des missions\u00a0: <strong>enseigner, transmettre, instruire, \u00e9duquer, former&#8230; acqu\u00e9rir des connaissances, des comp\u00e9tences, des savoirs, une culture de base, une culture commune peut-\u00eatre&#8230; former un jeune citoyen fran\u00e7ais, europ\u00e9en, num\u00e9rique&#8230; un jeune travailleur&#8230;<\/strong><\/p>\n<p>Tous ces mots sont sources de d\u00e9bats encore aujourd&rsquo;hui, qui trouvent parfois leurs racines dans de profondes querelles qui ont oppos\u00e9 et opposent encore bien des p\u00e9dagogues ou des sp\u00e9cialistes de l&rsquo;\u00e9ducation. Au-del\u00e0 de ce cercle, c&rsquo;est d&rsquo;autant plus compliqu\u00e9 que chacun\u00a0a sur l&rsquo;\u00e9cole un avis qui, bien souvent, se nourrit de sa propre exp\u00e9rience scolaire, quelques d\u00e9cennies auparavant. Tout cela\u00a0contribue g\u00e9n\u00e9ralement \u00e0 porter nos regards vers le pass\u00e9 plut\u00f4t que vers l&rsquo;avenir.<\/p>\n<p>Le \u00ab\u00a0<strong>c&rsquo;\u00e9tait mieux avant<\/strong>\u00a0\u00bb reste l&rsquo;argument ultime\u00a0du d\u00e9bat sur l&rsquo;\u00e9ducation.<\/p>\n<p>Pour ma part, je ne suis ni p\u00e9dagogue averti, ni sp\u00e9cialiste des sciences de l&rsquo;\u00e9ducation, ni historien du domaine. Je me contente d&rsquo;essayer, \u00e0 ma mesure, d&rsquo;observer les modifications induites par l&rsquo;immersion de l&rsquo;\u00e9cole dans la soci\u00e9t\u00e9 num\u00e9rique (ou dans leur collision r\u00e9ciproque, les images cataclysmiques ne manquent pas). Essayons&#8230;<\/p>\n<p><strong>Que deviennent les missions de l&rsquo;\u00e9cole \u00e0 l&rsquo;\u00e8re du num\u00e9rique\u00a0?<\/strong><\/p>\n<p>On ne parlait pas encore vraiment de num\u00e9rique en 2003 quand a \u00e9t\u00e9 lanc\u00e9 le grand d\u00e9bat national sur l&rsquo;avenir de l&rsquo;\u00e9cole. Concernant ses missions, <a href=\"http:\/\/www.education.gouv.fr\/archives\/2003\/debatnational\/?rid=25&amp;content_id=236\" target=\"_blank\">un document en ligne<\/a> r\u00e9capitule l&rsquo;ensemble des questions nouvelles qui se posaient alors \u00e0 elle. Il reste, pour l&rsquo;essentiel, d&rsquo;actualit\u00e9 et sa lecture est ais\u00e9e.<\/p>\n<p>Sans entrer dans les d\u00e9tails, la question de l&rsquo;acquisition des connaissances se pose, aujourd&rsquo;hui, de mani\u00e8re fort diff\u00e9rente. <a href=\"http:\/\/fr.wikipedia.org\/wiki\/Michel_Serres\" target=\"_blank\">Michel Serres<\/a> l&rsquo;a bien montr\u00e9 qui pr\u00e9tend que Petite Poucette est toujours connect\u00e9e au monde de la connaissance. La plupart de ceux qui r\u00e9fl\u00e9chissent \u00e0 ce sujet estiment que le r\u00f4le du professeur est en train de changer peu \u00e0 peu : de transmetteur de connaissances, d&rsquo;instructeur, il se transforme en m\u00e9diateur, en augmenteur, en organisateur de savoirs que les \u00e9l\u00e8ves peuvent co-construire avec lui et entre eux, dans des espaces et des temps qui d\u00e9passent les limites habituelles de la classe et du cours.<\/p>\n<p>C&rsquo;est la premi\u00e8re le\u00e7on de ce nouveau mill\u00e9naire\u00a0: <span style=\"background-color: #ffff99;\"><strong>la mission traditionnelle assign\u00e9e \u00e0 l&rsquo;\u00e9cole de transmission de connaissances, l&rsquo;h\u00e9ritage culturel qui passe d&rsquo;une g\u00e9n\u00e9ration \u00e0 l&rsquo;autre, est en train, sans dispara\u00eetre totalement, de s&rsquo;estomper.<\/strong><\/span><\/p>\n<hr \/>\n<p>Il est une deuxi\u00e8me mission qui est g\u00e9n\u00e9ralement \u00e9voqu\u00e9e et qui n&rsquo;est\u00a0pas, non plus, exempte de critiques ou de commentaires. L&rsquo;\u00e9cole a pour mission de r\u00e9pondre, d&rsquo;une mani\u00e8re ou d&rsquo;une autre, aux besoins de l&rsquo;\u00e9conomie et ainsi de pr\u00e9parer les jeunes au monde du travail.<\/p>\n<blockquote><p>\u00ab L\u2019\u00e9cole doit [&#8230;] faire en sorte que les \u00e9l\u00e8ves puissent \u00eatre pleinement pr\u00e9par\u00e9s aux besoins de l\u2019\u00e9conomie. La France doit \u00eatre la meilleure dans le num\u00e9rique pour avoir les meilleures entreprises. \u00bb<\/p><\/blockquote>\n<p>C&rsquo;est <a href=\"http:\/\/www.lesechos.fr\/politique-societe\/0203740931533-ecole-jour-de-rentree-pour-12-millions-deleves-1038274.php?uVSsG4AHo6cldKWL.99\" target=\"_blank\">ainsi que s&rsquo;exprimait<\/a> le chef de l&rsquo;\u00c9tat r\u00e9cemment lors de la derni\u00e8re rentr\u00e9e des classes. Ce point de vue est assez largement partag\u00e9 par les d\u00e9put\u00e9es <a href=\"http:\/\/fr.wikipedia.org\/wiki\/Corinne_Erhel\" target=\"_blank\">Corinne Erhel<\/a> et <a href=\"http:\/\/fr.wikipedia.org\/wiki\/Laure_de_La_Raudi%C3%A8re\" target=\"_blank\">Laure de la Raudi\u00e8re<\/a> qui, <a href=\"http:\/\/www.assemblee-nationale.fr\/14\/rap-info\/i1936.asp\" target=\"_blank\">dans leur dernier rapport d&rsquo;information<\/a>\u00a0sur le d\u00e9veloppement de l\u2019\u00e9conomie num\u00e9rique fran\u00e7aise, observent\u00a0:<\/p>\n<blockquote><p>\u00ab\u00a0Aujourd\u2019hui, l\u2019\u00c9ducation nationale est confront\u00e9e \u00e0 celui [l&rsquo;enjeu] de la conversion num\u00e9rique : former au num\u00e9rique et former aux m\u00e9tiers du num\u00e9rique, afin d\u2019apprendre \u00e0 chacun \u00e0 se mouvoir dans ce monde changeant et de former, aussi, des innovateurs radicaux.\u00a0\u00bb<\/p><\/blockquote>\n<p>Dans un projet de loi, Laure de la Raudi\u00e8re se faisait plus pr\u00e9cise encore\u00a0et d\u00e9plorait le nombre trop faible de \u00ab\u00a0<em>jeunes techniciens ou ing\u00e9nieurs fran\u00e7ais form\u00e9s \u00e0 ces nouveaux m\u00e9tiers<\/em>\u00a0\u00bb. Il s&rsquo;agit l\u00e0 d&rsquo;une position qui fait fi des vrais besoins, \u00e0 l&rsquo;\u00e8re du num\u00e9rique, des entreprises. D\u00e9j\u00e0 en 2003, le d\u00e9bat national sur les missions de l&rsquo;\u00e9cole posait les bonnes questions\u00a0:<\/p>\n<blockquote><p>\u00ab\u00a0Faut-il r\u00e9nover la formation g\u00e9n\u00e9rale et la d\u00e9finition de la culture de base en fonction des qualifications requises par le monde du travail\u00a0? Par ailleurs, le monde \u00e9conomique attend-il de l\u2019\u00e9cole qu\u2019elle dispense des formations g\u00e9n\u00e9rales et transversales susceptibles d\u2019accro\u00eetre la capacit\u00e9 d\u2019adaptation aux impr\u00e9visibles contextes de travail de l\u2019avenir ou bien souhaite-t-il voir l\u2019\u00c9ducation nationale multiplier les formations sp\u00e9cialis\u00e9es en cherchant la plus grande ad\u00e9quation possible aux m\u00e9tiers existants\u00a0? Faut-il concevoir un partage des r\u00f4les entre l\u2019\u00e9cole et l\u2019entreprise, l\u2019\u00e9cole prenant en charge la formation g\u00e9n\u00e9rale et laissant les entreprises parfaire la professionnalisation en fonction de leurs besoins \u2014\u00a0dans le cadre de l\u2019alternance, ou de la formation continue, ou m\u00eame en leur confiant la responsabilit\u00e9 de toute la formation professionnelle\u00a0? \u00bb<\/p><\/blockquote>\n<p>Et enfin, en proposant\u00a0:<\/p>\n<blockquote><p>\u00ab\u00a0Nous pouvons penser que l\u2019\u00e9cole doit, dans ce contexte, promouvoir l\u2019aptitude au changement : capacit\u00e9 de se mettre en question, d\u2019innover, de coop\u00e9rer avec les autres, de continuer \u00e0 se former une fois entr\u00e9 dans la vie active.\u00a0\u00bb.<\/p><\/blockquote>\n<p>Ces nouvelles comp\u00e9tences sont induites et renforc\u00e9es par le num\u00e9rique. C&rsquo;est m\u00eame une des cl\u00e9s pour comprendre les mutations de l&rsquo;enseignement aujourd&rsquo;hui. La question est donc clairement pos\u00e9e\u00a0: au moment o\u00f9 il est d\u00e9finitivement impossible de pr\u00e9voir, m\u00eame \u00e0 court terme, ce que seront les m\u00e9tiers de demain, l&rsquo;\u00e9cole doit-elle continuer \u00e0 mettre en place des formations professionnelles dont il est impossible de pr\u00e9voir les\u00a0d\u00e9bouch\u00e9s\u00a0? Les collectivit\u00e9s doivent-elles accompagner l&rsquo;\u00e9cole dans de tels choix sans p\u00e9rennit\u00e9 en investissant dans du mat\u00e9riel technique industriel on\u00e9reux\u00a0?<\/p>\n<p><span style=\"background-color: #ffff99;\"><strong><em>A contrario<\/em>, ne convient-il pas de pr\u00e9parer plut\u00f4t les \u00e9l\u00e8ves, les jeunes, \u00e0 apprendre \u00e0 coop\u00e9rer, \u00e0 collaborer, \u00e0 \u00eatre acteurs et producteurs, \u00e0 inscrire leur d\u00e9sir d&rsquo;apprendre dans une d\u00e9marche de projet plus adapt\u00e9e sans doute \u00e0 ce que seront les m\u00e9tiers de demain<\/strong>\u00a0<strong>?<\/strong><\/span> C&rsquo;est peut-\u00eatre aussi ce que pense la ministre <a href=\"http:\/\/fr.wikipedia.org\/wiki\/Najat_Vallaud-Belkacem\" target=\"_blank\">Najat Vallaud-Belkacem<\/a> qui <a href=\"http:\/\/www.metronews.fr\/info\/interview-najat-vallaud-belkacem-l-apprentissage-est-une-voie-aussi-noble-que-les-autres\/mniu!KCKiVhTaXo6Rk\/\" target=\"_blank\">semble vouloir privil\u00e9gier l&rsquo;apprentissage<\/a> et les autres formes d&rsquo;alternance.<\/p>\n<p>\u00ab\u00a0<strong>Combien de temps faudra-t-il pour que l&rsquo;enseignement scolaire comprenne que les entreprises attendent des jeunes dipl\u00f4m\u00e9s qu&rsquo;ils sachent coop\u00e9rer\u00a0?<\/strong>\u00a0\u00bb\u00a0<a href=\"http:\/\/www.lexpress.fr\/education\/l-ecole-du-futur-passera-par-la-pedagogie-cooperative_1312770.html\" target=\"_blank\">demande<\/a>\u00a0enfin\u00a0<a href=\"https:\/\/twitter.com\/davidenkoff\" target=\"_blank\">Emmanuel Davidenkoff<\/a>\u00a0dans l<a href=\"http:\/\/www.lexpress.fr\/\" target=\"_blank\">&lsquo;<em>Express<\/em><\/a>.<\/p>\n<hr \/>\n<p><strong><a href=\"http:\/\/www.culture-numerique.fr\/wp-content\/uploads\/2014\/09\/small__1346589968.jpg\"><img loading=\"lazy\" decoding=\"async\" class=\"alignright size-full wp-image-1831\" src=\"http:\/\/www.culture-numerique.fr\/wp-content\/uploads\/2014\/09\/small__1346589968.jpg\" alt=\"1968\" width=\"255\" height=\"320\" srcset=\"https:\/\/www.culture-numerique.fr\/wp-content\/uploads\/2014\/09\/small__1346589968.jpg 255w, https:\/\/www.culture-numerique.fr\/wp-content\/uploads\/2014\/09\/small__1346589968-239x300.jpg 239w, https:\/\/www.culture-numerique.fr\/wp-content\/uploads\/2014\/09\/small__1346589968-100x125.jpg 100w, https:\/\/www.culture-numerique.fr\/wp-content\/uploads\/2014\/09\/small__1346589968-150x188.jpg 150w, https:\/\/www.culture-numerique.fr\/wp-content\/uploads\/2014\/09\/small__1346589968-200x250.jpg 200w\" sizes=\"auto, (max-width: 255px) 100vw, 255px\" \/><\/a>En conclusion, si l&rsquo;\u00e9cole joue, avec le num\u00e9rique, un moindre r\u00f4le dans la transmission des connaissances, si elle est amen\u00e9e \u00e0 intervenir moins directement dans la formation professionnelle, quelle sera alors sa mission principale\u00a0?<\/strong><\/p>\n<p>La r\u00e9ponse est assez simple et, pour tout dire, assez enthousiasmante\u00a0: <strong>former des citoyens<\/strong>.<\/p>\n<p>Rien l\u00e0 de tr\u00e8s nouveau, me direz-vous. Certes, mais le num\u00e9rique va in\u00e9luctablement amplifier la port\u00e9e \u00e9ducative de ce chantier soci\u00e9tal. Le citoyen de ce nouveau mill\u00e9naire, et donc le jeune citoyen, ont <strong>l&rsquo;immense et nouveau privil\u00e8ge historique d&rsquo;acc\u00e9der \u00e0 l&rsquo;exercice complet de droits fondamentaux<\/strong>, je veux parler d&rsquo;abord des libert\u00e9s \u00e0 s&rsquo;exprimer en public et \u00e0 donner son opinion.<\/p>\n<p>C&rsquo;est nouveau, unique, historique disais-je. L&rsquo;imprimerie avait permis aux citoyens de pouvoir lire, <strong>Internet et le num\u00e9rique leur permettent d&rsquo;\u00e9crire et de mettre leur opinion au d\u00e9bat et de la confronter \u00e0 la critique universelle<\/strong>. L&rsquo;\u00e9cole a ainsi obligation de travailler \u00e0 l&rsquo;\u00e9ducation de ces citoyens-l\u00e0 et \u00e0 int\u00e9grer ces nouvelles comp\u00e9tences aux apprentissages fondamentaux. Elle a aussi obligation, pour former ces jeunes \u00e9l\u00e8ves citoyens et travailler \u00e0 leur \u00e9ducation, de d\u00e9velopper toutes les formes de d\u00e9mocratie scolaire, de l&rsquo;\u00e9cole maternelle \u00e0 l&rsquo;universit\u00e9. Peu \u00e0 peu, progressivement, <strong>les instances de d\u00e9cision doivent s&rsquo;\u00e9clairer de \u00a0l&rsquo;avis des \u00e9l\u00e8ves mandataires<\/strong>. De m\u00eame, dans les grandes classes, les repr\u00e9sentants des \u00e9l\u00e8ves doivent \u00eatre partie prenante des d\u00e9cisions qui les concernent directement, dans le cadre de la vie scolaire.<\/p>\n<p>C&rsquo;est l\u00e0 un enjeu de taille\u00a0: former le jeune citoyen \u00e9colier, coll\u00e9gien ou lyc\u00e9en, int\u00e9grer la dimension sociale ou soci\u00e9tale n\u00e9e des pratiques num\u00e9riques massives est essentiel pour sa participation future \u00e0 la vie de sa cit\u00e9, de sa r\u00e9gion, de son pays, de l&rsquo;Europe peut-\u00eatre&#8230;<\/p>\n<p>De nouvelles comp\u00e9tences doivent donc maintenant enrichir davantage encore les apprentissages\u00a0: <span style=\"background-color: #ffff99;\"><strong>autonomie, initiative, capacit\u00e9 au travail de groupe, \u00e9mancipation, sens critique, acc\u00e8s \u00e0 l&rsquo;information et aux m\u00e9dias, responsabilit\u00e9, participation \u00e0 la construction de r\u00e8gles de vie et de conventions communes, engagement&#8230;<\/strong><\/span><\/p>\n<p>\u00c0 n&rsquo;en pas douter, ce sera enfin le meilleur moyen de renforcer l&rsquo;\u00e9ducation civique traditionnelle, de porter les valeurs de l&rsquo;\u00e9cole et de la R\u00e9publique, dont la la\u00efcit\u00e9, de lutter contre les in\u00e9galit\u00e9s et d&rsquo;en r\u00e9duire la port\u00e9e&#8230; Cerise sur le g\u00e2teau\u00a0: les disciplines devront se rencontrer et croiser enfin leurs champs respectifs&#8230;<\/p>\n<p><strong>Que de perspectives r\u00e9jouissantes\u00a0!<\/strong><\/p>\n<p>Michel Guillou\u00a0@michelguillou<\/p>\n<p><a href=\"http:\/\/creativecommons.org\/licenses\/by-nc-sa\/4.0\/\"><img loading=\"lazy\" decoding=\"async\" class=\"alignleft wp-image-1448 size-full\" src=\"http:\/\/www.culture-numerique.fr\/wp-content\/uploads\/2014\/09\/80x15.png\" alt=\"80x15\" width=\"80\" height=\"15\" \/><\/a><\/p>\n<p>&nbsp;<\/p>\n<p>Cr\u00e9dit photo\u00a0: <a href=\"https:\/\/www.flickr.com\/photos\/7478087@N06\/6883954308\/\">markustrois<\/a>\u00a0et\u00a0<a href=\"https:\/\/www.flickr.com\/photos\/12533165@N05\/1346589968\/\">jonandsamfreecycle<\/a> via <a href=\"http:\/\/photopin.com\">photopin<\/a> <a href=\"http:\/\/creativecommons.org\/licenses\/by-nc-sa\/2.0\/\">cc<\/a><\/p>\n<p>[cite]<\/p>\n","protected":false},"excerpt":{"rendered":"<p><a href=\"http:\/\/www.culture-numerique.fr\/wp-content\/uploads\/2014\/09\/large_6883954308.jpg\"><img loading=\"lazy\" decoding=\"async\" class=\"size-full wp-image-1786 aligncenter\" src=\"http:\/\/www.culture-numerique.fr\/wp-content\/uploads\/2014\/09\/large_6883954308.jpg\" alt=\"Fronton\" width=\"1024\" height=\"674\" srcset=\"https:\/\/www.culture-numerique.fr\/wp-content\/uploads\/2014\/09\/large_6883954308.jpg 1024w, https:\/\/www.culture-numerique.fr\/wp-content\/uploads\/2014\/09\/large_6883954308-300x197.jpg 300w, https:\/\/www.culture-numerique.fr\/wp-content\/uploads\/2014\/09\/large_6883954308-100x65.jpg 100w, https:\/\/www.culture-numerique.fr\/wp-content\/uploads\/2014\/09\/large_6883954308-150x98.jpg 150w, https:\/\/www.culture-numerique.fr\/wp-content\/uploads\/2014\/09\/large_6883954308-200x131.jpg 200w, https:\/\/www.culture-numerique.fr\/wp-content\/uploads\/2014\/09\/large_6883954308-450x296.jpg 450w, https:\/\/www.culture-numerique.fr\/wp-content\/uploads\/2014\/09\/large_6883954308-600x394.jpg 600w, https:\/\/www.culture-numerique.fr\/wp-content\/uploads\/2014\/09\/large_6883954308-900x592.jpg 900w\" sizes=\"auto, (max-width: 1024px) 100vw, 1024px\" \/><\/a><\/p>\n<p><strong>Ceux d&rsquo;entre mes lecteurs<\/strong>\u00a0\u2014\u00a0qu&rsquo;on r\u00e9pande un tapis de roses \u00e0 leurs pieds\u00a0!\u00a0\u2014 qui s&rsquo;attendent \u00e0 ce que je leur parle de MOOC ou de tablettes vont en \u00eatre pour leurs frais.<\/p>\n<p><span class=\"ellipsis\">&hellip;<\/span><\/p>\n<div class=\"read-more\"><a href=\"https:\/\/www.culture-numerique.fr\/?p=1372\">Lire la suite &#8250;<\/a><\/div>\n<p><!-- end of .read-more --><\/p>\n","protected":false},"author":1,"featured_media":1786,"comment_status":"open","ping_status":"open","sticky":false,"template":"","format":"standard","meta":{"jetpack_post_was_ever_published":false,"_jetpack_newsletter_access":"","_jetpack_dont_email_post_to_subs":true,"_jetpack_newsletter_tier_id":0,"_jetpack_memberships_contains_paywalled_content":false,"_jetpack_memberships_contains_paid_content":false,"footnotes":""},"categories":[9],"tags":[46,91,56,57,428,16,66,450,13,88,68,63,115],"class_list":["post-1372","post","type-post","status-publish","format-standard","has-post-thumbnail","hentry","category-billets-dhumeur","tag-citoyennete","tag-citoyennete-numerique","tag-competences","tag-connaissances","tag-droits-des-eleves","tag-droits-fondamentaux","tag-ecole-numerique","tag-formation-professionnelle","tag-liberte-dexpression","tag-liberte-dopinion","tag-missions-de-lecole","tag-mooc","tag-tablettes-numeriques"],"jetpack_featured_media_url":"https:\/\/www.culture-numerique.fr\/wp-content\/uploads\/2014\/09\/large_6883954308.jpg","jetpack_sharing_enabled":true,"_links":{"self":[{"href":"https:\/\/www.culture-numerique.fr\/index.php?rest_route=\/wp\/v2\/posts\/1372","targetHints":{"allow":["GET"]}}],"collection":[{"href":"https:\/\/www.culture-numerique.fr\/index.php?rest_route=\/wp\/v2\/posts"}],"about":[{"href":"https:\/\/www.culture-numerique.fr\/index.php?rest_route=\/wp\/v2\/types\/post"}],"author":[{"embeddable":true,"href":"https:\/\/www.culture-numerique.fr\/index.php?rest_route=\/wp\/v2\/users\/1"}],"replies":[{"embeddable":true,"href":"https:\/\/www.culture-numerique.fr\/index.php?rest_route=%2Fwp%2Fv2%2Fcomments&post=1372"}],"version-history":[{"count":33,"href":"https:\/\/www.culture-numerique.fr\/index.php?rest_route=\/wp\/v2\/posts\/1372\/revisions"}],"predecessor-version":[{"id":5770,"href":"https:\/\/www.culture-numerique.fr\/index.php?rest_route=\/wp\/v2\/posts\/1372\/revisions\/5770"}],"wp:featuredmedia":[{"embeddable":true,"href":"https:\/\/www.culture-numerique.fr\/index.php?rest_route=\/wp\/v2\/media\/1786"}],"wp:attachment":[{"href":"https:\/\/www.culture-numerique.fr\/index.php?rest_route=%2Fwp%2Fv2%2Fmedia&parent=1372"}],"wp:term":[{"taxonomy":"category","embeddable":true,"href":"https:\/\/www.culture-numerique.fr\/index.php?rest_route=%2Fwp%2Fv2%2Fcategories&post=1372"},{"taxonomy":"post_tag","embeddable":true,"href":"https:\/\/www.culture-numerique.fr\/index.php?rest_route=%2Fwp%2Fv2%2Ftags&post=1372"}],"curies":[{"name":"wp","href":"https:\/\/api.w.org\/{rel}","templated":true}]}}