{"id":1334,"date":"2014-09-05T10:02:17","date_gmt":"2014-09-05T08:02:17","guid":{"rendered":"http:\/\/www.culture-numerique.fr\/?p=1334"},"modified":"2018-06-26T23:07:36","modified_gmt":"2018-06-26T21:07:36","slug":"leducation-aux-medias-numeriques-de-labandon-des-jeunes-a-big-brother","status":"publish","type":"post","link":"https:\/\/www.culture-numerique.fr\/?p=1334","title":{"rendered":"L&rsquo;\u00e9ducation aux m\u00e9dias num\u00e9riques, de l&rsquo;abandon des jeunes \u00e0 Big Brother&#8230;"},"content":{"rendered":"<p><img loading=\"lazy\" decoding=\"async\" class=\"aligncenter wp-image-1337 size-full\" src=\"http:\/\/www.culture-numerique.fr\/wp-content\/uploads\/2014\/08\/large_5597870275.jpg\" alt=\"Phone\" width=\"1024\" height=\"863\" srcset=\"https:\/\/www.culture-numerique.fr\/wp-content\/uploads\/2014\/08\/large_5597870275.jpg 1024w, https:\/\/www.culture-numerique.fr\/wp-content\/uploads\/2014\/08\/large_5597870275-300x252.jpg 300w, https:\/\/www.culture-numerique.fr\/wp-content\/uploads\/2014\/08\/large_5597870275-100x84.jpg 100w, https:\/\/www.culture-numerique.fr\/wp-content\/uploads\/2014\/08\/large_5597870275-150x126.jpg 150w, https:\/\/www.culture-numerique.fr\/wp-content\/uploads\/2014\/08\/large_5597870275-200x168.jpg 200w, https:\/\/www.culture-numerique.fr\/wp-content\/uploads\/2014\/08\/large_5597870275-450x379.jpg 450w, https:\/\/www.culture-numerique.fr\/wp-content\/uploads\/2014\/08\/large_5597870275-600x505.jpg 600w, https:\/\/www.culture-numerique.fr\/wp-content\/uploads\/2014\/08\/large_5597870275-900x758.jpg 900w\" sizes=\"auto, (max-width: 1024px) 100vw, 1024px\" \/><\/p>\n<p><strong>L&rsquo;abandon, ce n&rsquo;est pas moi qui en parle<\/strong>, ce sont nos s\u00e9nateurs eux-m\u00eames dans <a href=\"http:\/\/www.senat.fr\/notice-rapport\/2008\/r08-046-notice.html\" target=\"_blank\" rel=\"noopener\">un excellent rapport bien vite oubli\u00e9<\/a>. <a href=\"https:\/\/twitter.com\/dassouline\" target=\"_blank\" rel=\"noopener\">David Assouline<\/a> et ses coll\u00e8gues signaient l\u00e0 en 2008 un document qui fait \u00e9tat de l&rsquo;abandon dans lequel la soci\u00e9t\u00e9 laisse sa jeunesse, confront\u00e9e aux m\u00e9dias num\u00e9riques <strong>sans jamais avoir \u00e9t\u00e9 accompagn\u00e9e<\/strong>, ni par l&rsquo;\u00e9cole, ni par les parents. Ce rapport avait l&rsquo;immense m\u00e9rite de pr\u00e9senter les m\u00e9dias num\u00e9riques sous l&rsquo;angle d&rsquo;une opportunit\u00e9 \u00e0 saisir, de proposer de cesser\u00a0de se lamenter sur une suppos\u00e9e invasion et de convenir, <em>a contrario<\/em>, de s&rsquo;attarder et de s&#8217;employer \u00e0\u00a0:<\/p>\n<blockquote><p>\u00ab\u00a0r\u00e9fl\u00e9chir d\u00e8s maintenant aux meilleurs moyens d\u2019encourager les pratiques num\u00e9riques des jeunes en faisant en sorte qu\u2019elles leur soient le plus profitable possible\u00a0\u00bb.<\/p><\/blockquote>\n<p>C&rsquo;est une chance pour la jeunesse car, continuaient les s\u00e9nateurs, les bienfaits des m\u00e9dias num\u00e9riques sont nombreux\u00a0:<\/p>\n<ul>\n<li>ils permettent la <strong>lib\u00e9ration<\/strong> de la parole de ceux des jeunes\u00a0qui ont\u00a0des difficult\u00e9s \u00e0 s\u2019exprimer et \u00e0 s\u2019int\u00e9grer dans la vie r\u00e9elle\u00a0;<\/li>\n<li>ils sont un facteur de <strong>socialisation<\/strong>\u00a0;<\/li>\n<li>ils sont des catalyseurs de <strong>comp\u00e9tences nouvelles<\/strong>\u00a0;<\/li>\n<li>ils renforcent les qualit\u00e9s de <strong>pers\u00e9v\u00e9rance<\/strong> en rendant les jeunes\u00a0actifs, habiles et exigeants\u00a0;<\/li>\n<li>ils sont un\u00a0<strong>vecteur culturel<\/strong> extraordinaire,\u00a0les sites de partage montrant la vitalit\u00e9 de la cr\u00e9ation de la jeunesse fran\u00e7aise\u00a0;<\/li>\n<li>ils ont enfin un <strong>int\u00e9r\u00eat p\u00e9dagogique<\/strong> certain.<\/li>\n<\/ul>\n<p>Le rapport \u00e9voquait ensuite, c&rsquo;est naturel, quelques-unes des\u00a0menaces auxquels seraient expos\u00e9s les jeunes, en commen\u00e7ant\u00a0\u2014\u00a0on admirera la lucidit\u00e9 pr\u00e9coce des s\u00e9nateurs\u00a0\u2014 par l&rsquo;\u00ab\u00a0amaigrissement de la sph\u00e8re de l\u2019intime\u00a0\u00bb. Ils terminaient enfin par le rappel de quelques modalit\u00e9s de contr\u00f4le\u00a0\u2014\u00a0j&rsquo;y reviendrai\u00a0\u2014 et, surtout,\u00a0faisaient mention de la n\u00e9cessit\u00e9 imp\u00e9rieuse de l&rsquo;\u00e9ducation, je cite, <strong>en\u00a0apprenant\u00a0aux enfants \u00e0 adopter une distance critique vis-\u00e0-vis des informations d\u00e9livr\u00e9es par les m\u00e9dias, en\u00a0motivant les \u00e9l\u00e8ves, en\u00a0consolidant leurs capacit\u00e9s d\u2019analyse, en\u00a0renfor\u00e7ant leur engagement citoyen<\/strong>.<\/p>\n<h3><strong>Qu&rsquo;en est-il six ans apr\u00e8s\u00a0?<\/strong><\/h3>\n<p>Du c\u00f4t\u00e9 des s\u00e9nateurs, on balance entre certaines d\u00e9cisions stupides et les rapports lucides. Du c\u00f4t\u00e9 des premi\u00e8res, il convient de rappeler l&rsquo;inique et lamentable\u00a0<a href=\"http:\/\/www.legifrance.gouv.fr\/affichCodeArticle.do;jsessionid=9C42A3529777024F5E8D033F43A798B0.tpdjo11v_2?idArticle=LEGIARTI000022494861&amp;cidTexte=LEGITEXT000006071191&amp;dateTexte=vig\" target=\"_blank\" rel=\"noopener\">interdiction de l&rsquo;utilisation des t\u00e9l\u00e9phones mobiles<\/a> dans l&rsquo;enceinte des \u00e9coles et des coll\u00e8ges, en 2010. Du c\u00f4t\u00e9 des deuxi\u00e8mes, j&rsquo;avais not\u00e9 aussi l&rsquo;\u00e9tonnant et <a href=\"http:\/\/www.senat.fr\/rap\/r13-579\/r13-5791.pdf\" target=\"_blank\" rel=\"noopener\">r\u00e9cent rapport sur l&rsquo;\u00e9tat de la formation initiale des professeurs<\/a> et\u00a0la n\u00e9cessit\u00e9 absolue de faire du num\u00e9rique\u00a0(1) une priorit\u00e9 pour la p\u00e9dagogie.<\/p>\n<p>Du c\u00f4t\u00e9 de l&rsquo;institution, on a essay\u00e9 de redonner un peu de clinquant \u00e0 un B2i d\u00e9sesp\u00e9r\u00e9ment utilitaire. En vain, c&rsquo;est un \u00e9chec. Je n&rsquo;y reviens pas.<\/p>\n<p>On a construit aussi un portail dit \u00ab\u00a0<a href=\"http:\/\/eduscol.education.fr\/internet-responsable\/\" target=\"_blank\" rel=\"noopener\">Internet responsable<\/a>\u00a0\u00bb \u00e0 la conception duquel on a daign\u00e9, jadis, me consulter. C&rsquo;\u00e9tait une belle id\u00e9e qui a beaucoup d\u00e9riv\u00e9 et s&rsquo;est maintenant fourvoy\u00e9e, \u00e0 la remorque\u00a0d&rsquo;impulsions europ\u00e9ennes douteuses. \u00c0 la place\u00a0de\u00a0la promotion attendue d&rsquo;un engagement citoyen dans l&rsquo;Internet et le num\u00e9rique et des droits associ\u00e9s, comme le sugg\u00e9raient les s\u00e9nateurs, ce portail insiste maintenant plus sur les devoirs des \u00ab\u00a0utilisateurs\u00a0\u00bb et distille\u00a0<strong>un discours moral sur les bons usages<\/strong>\u00a0(2) qui rassure\u00a0l&rsquo;encadrement\u00a0mais n&rsquo;a que peu de port\u00e9e sur les jeunes et leurs familles.<\/p>\n<p>Et puis, \u00e0 c\u00f4t\u00e9 de\u00a0ces initiatives institutionnelles sans doute jug\u00e9es insuffisantes,\u00a0se sont multipli\u00e9es les offres parall\u00e8les d&rsquo;une <strong>\u00ab\u00a0bonne\u00a0\u00bb \u00e9ducation aux m\u00e9dias et \u00e0 l&rsquo;information<\/strong>, aux caract\u00e9ristiques g\u00e9n\u00e9ralement d\u00e9magogiques. En effet, ces offres diverses jouent le plus souvent, par id\u00e9ologie, opportunisme ou pour des motivations strictement commerciales, <strong>des leviers traditionnels de la peur<\/strong>, privil\u00e9giant toujours\u00a0l&rsquo;entr\u00e9e des d\u00e9rives, des dangers et des risques \u00e0 celle des chances, des opportunit\u00e9s et des potentialit\u00e9s.\u00a0Je ne tiens pas leur faire la moindre publicit\u00e9 et me contenterai de vous renvoyer \u00e0 des articles r\u00e9cents (3, 4, 5, 6, 7) o\u00f9 j&rsquo;\u00e9voquais d\u00e9j\u00e0 ces sujets.<\/p>\n<h3><strong>Quid\u00a0aujourd&rsquo;hui de l&rsquo;\u00e9ducation aux m\u00e9dias num\u00e9riques\u00a0?<\/strong><\/h3>\n<p>Entre temps, la NSA et d&rsquo;autres sont pass\u00e9s qui ont montr\u00e9 que l&rsquo;Internet faisait l&rsquo;objet d&rsquo;<strong>une vaste entreprise de surveillance g\u00e9n\u00e9ralis\u00e9e<\/strong>.\u00a0Cons\u00e9quemment, ils vient aux \u00c9tats et \u00e0 leurs repr\u00e9sentants de dr\u00f4les d&rsquo;id\u00e9es dans la continuit\u00e9 de ces mauvais exemples, toutes id\u00e9es privatrices \u00e9videmment de libert\u00e9s fondamentales.<\/p>\n<p>Par exemple, il est un droit auquel il convient d&rsquo;accorder la plus grande importance, c&rsquo;est celui de <strong>l&rsquo;intimit\u00e9 des jeunes et des adolescents<\/strong> en particulier et de l&rsquo;interdiction qu&rsquo;il convient d&rsquo;adopter pour nous-m\u00eames du franchissement des limites de ces espaces intimitaires. Ceux des adultes, les parents, les \u00e9ducateurs, qui brisent ce tabou s&rsquo;exposent g\u00e9n\u00e9ralement \u00e0 une perte totale de confiance de la part des enfants et \u00e0 la r\u00e9probation publique.<\/p>\n<h3><strong>Et pourtant&#8230;<\/strong><\/h3>\n<p>Et pourtant, cela n&#8217;emp\u00eache nullement les marchands de vendre\u00a0\u2014\u00a0et des clients d&rsquo;acheter, bien s\u00fbr\u00a0\u2014 des syst\u00e8mes de surveillance des enfants par g\u00e9olocalisation GPS, soit <a href=\"http:\/\/connected-objects.fr\/2014\/03\/hereo-gps\/\" target=\"_blank\" rel=\"noopener\">par le port d&rsquo;une montre<\/a>, soit par <a href=\"http:\/\/www.optimaltracking.com\/fr\/gps-surveillance-enfants\" target=\"_blank\" rel=\"noopener\">un \u00e9metteur d\u00e9di\u00e9<\/a>\u00a0! <strong>Une laisse virtuelle<\/strong> pour enfants, en quelque sorte&#8230;<\/p>\n<p>La surveillance \u00e9lectronique des enfants est, comme toujours, <strong>une r\u00e9ponse inad\u00e9quate et, pour tout dire, effrayante, \u00e0 un probl\u00e8me \u00e9ducatif<\/strong>. C&rsquo;est le sens des propos de la psychologue <a href=\"https:\/\/twitter.com\/LDamour\" target=\"_blank\" rel=\"noopener\">Lisa Damour<\/a> que rapportait <a href=\"https:\/\/twitter.com\/hubertguillaud\" target=\"_blank\" rel=\"noopener\">Hubert Guillaud<\/a> dans <a href=\"http:\/\/internetactu.blog.lemonde.fr\/2013\/11\/22\/la-surveillance-electronique-des-enfants-nest-pas-une-solution\/\" target=\"_blank\" rel=\"noopener\">un excellent article<\/a> sur <a href=\"http:\/\/www.internetactu.net\/\" target=\"_blank\" rel=\"noopener\"><em>Internetactu.net<\/em><\/a>\u00a0auquel je vous renvoie, faisant le point \u00e0 ce sujet :<\/p>\n<blockquote><p>\u00ab\u00a0Je peux comprendre que les parents puissent vouloir savoir si leur enfant \u00e0 un probl\u00e8me, mais je ne pense pas que cela aide un enfant de pouvoir toujours se tourner vers ses parents quand il est en difficult\u00e9. En tant que parents, nous devons d&rsquo;abord chercher \u00e0 ce que nos enfants d\u00e9veloppent des comp\u00e9tences pour r\u00e9soudre des probl\u00e8mes et g\u00e9rer leur stress.\u00a0\u00bb<\/p><\/blockquote>\n<p>De son c\u00f4t\u00e9, <a href=\"https:\/\/twitter.com\/FabienSoyez\" target=\"_blank\" rel=\"noopener\">Fabien Soyez<\/a>, dans un article intitul\u00e9 \u00ab\u00a0<a href=\"http:\/\/www.cnetfrance.fr\/news\/la-surveillance-ce-n-est-pas-bon-pour-les-enfants-39788719.htm\" target=\"_blank\" rel=\"noopener\">La surveillance, ce n&rsquo;est pas bon pour les enfants<\/a>\u00a0\u00bb sur le <a href=\"http:\/\/www.cnetfrance.fr\/\" target=\"_blank\" rel=\"noopener\">CNET<\/a>, rapporte les r\u00e9sultats d&rsquo;une enqu\u00eate de l&rsquo;<a href=\"http:\/\/www.priv.gc.ca\/\" target=\"_blank\" rel=\"noopener\">OPC<\/a>, un organisme canadien, qui fait le constat que <strong>personne n\u2019est surveill\u00e9 plus \u00e9troitement dans notre soci\u00e9t\u00e9 que les enfants et les jeunes<\/strong>. Entre la vid\u00e9osurveillance, permanente dans nos villes, les traceurs GPS dont les parents les affublent et les t\u00e9l\u00e9phones mobiles dont ils les dotent pour savoir o\u00f9 ils sont et ce qu&rsquo;ils font, tout en limitant leurs possibilit\u00e9s d&rsquo;acc\u00e9der \u00e0 Internet, les enfants et les adolescents voient leur intimit\u00e9 viol\u00e9e et leurs libert\u00e9s d&rsquo;action s\u00e9rieusement entrav\u00e9es.<\/p>\n<p>L&rsquo;article rapporte que l&rsquo;enqu\u00eate montre que les enfants d\u00e9ploient en cons\u00e9quence des strat\u00e9gies tr\u00e8s sophistiqu\u00e9es pour \u00e9chapper \u00e0 cette surveillance. Ce n&rsquo;est pas nouveau, un tel comportement a d\u00e9j\u00e0 \u00e9t\u00e9 observ\u00e9 \u00e0 propos de toutes les dispositifs\u00a0de filtrage et de censure d\u00e9ploy\u00e9es dans les \u00e9tablissements scolaires. Voir cet article tr\u00e8s r\u00e9cent\u00a0(8)\u00a0o\u00f9 j&rsquo;\u00e9voquais cette censure g\u00e9n\u00e9ralis\u00e9e.<\/p>\n<p>\u00ab\u00a0<strong>Laissez vos enfants respirer<\/strong>\u00a0\u00bb, conclut Fabien Soyez, \u00e0 juste titre.<\/p>\n<p>Pour ne pas \u00eatre en reste, comme si c&rsquo;\u00e9tait le sujet du si\u00e8cle, la gent politique se m\u00eale de\u00a0l&rsquo;affaire et propose de pousser les institutions et les op\u00e9rateurs \u00e0 fournir aux parents les outils techniques de ce flicage g\u00e9n\u00e9ralis\u00e9. Ainsi, <a href=\"https:\/\/twitter.com\/micheledelaunay\" target=\"_blank\" rel=\"noopener\">Mich\u00e8le Delaunay<\/a>, parlementaire bordelaise, dans une question au gouvernement, propose \u00ab\u00a0<em>l&rsquo;instauration d&rsquo;une signal\u00e9tique identique \u00e0 celle existante pour les \u0153uvres cin\u00e9matographiques ou t\u00e9l\u00e9visuelles diffus\u00e9es \u00e0 la t\u00e9l\u00e9vision ou en salle (-3, -7, -10, -12, -16, -18)<\/em>\u00a0[&#8230;]\u00a0<em>signal\u00e9tique<\/em> [devant]\u00a0<em>\u00eatre imm\u00e9diatement visible sur chaque page de chaque site.<\/em>\u00a0\u00bb\u00a0! L&rsquo;affaire, <a href=\"http:\/\/www.numerama.com\/magazine\/30411-michele-delaunay-demande-une-signaletique-csa-pour-internet.html\" target=\"_blank\" rel=\"noopener\">rapport\u00e9e<\/a> par <a href=\"http:\/\/www.numerama.com\/\" target=\"_blank\" rel=\"noopener\"><em>Num\u00e9rama<\/em><\/a>, fait tellement de bruit que notre parlementaire z\u00e9l\u00e9e r\u00e9trop\u00e9dale et <a href=\"http:\/\/www.numerama.com\/magazine\/30417-signaletique-csa-sur-internet-michele-delaunay-retire-sa-proposition.html\" target=\"_blank\" rel=\"noopener\">annonce<\/a> qu&rsquo;elle reformulera sa question.<\/p>\n<p>Ainsi encore, au pr\u00e9texte de lutter contre le terrorisme, <a href=\"http:\/\/www.nextinpact.com\/news\/89589-terrorisme-gouvernement-invite-a-relire-avis-cnnum-sur-blocage.htm\" target=\"_blank\" rel=\"noopener\">le prochain projet de loi<\/a>\u00a0gouvernemental \u00e0 ce sujet entend permettre <strong>le blocage administratif des sites<\/strong>, sans intervention pr\u00e9alable d&rsquo;un juge, au m\u00e9pris des critiques s\u00e9v\u00e8res de la\u00a0<a href=\"http:\/\/www.nextinpact.com\/news\/88798-la-commission-sur-libertes-numeriques-condamne-blocage-administratif.htm\" target=\"_blank\" rel=\"noopener\">Commission de r\u00e9flexion et de propositions sur le droit et les libert\u00e9s \u00e0 l\u2019\u00e2ge du num\u00e9rique<\/a> et du <a href=\"http:\/\/www.cnnumerique.fr\/wp-content\/uploads\/2014\/07\/2014-07-15_CNNum_Avis3-2014-TerroNum.pdf\" target=\"_blank\" rel=\"noopener\">Conseil national du num\u00e9rique<\/a>. Le risque est grand, sous le seul contr\u00f4le et la seule autorit\u00e9 d&rsquo;un fonctionnaire possiblement soumis \u00e0 tous les lobbys, de censurer ainsi nombre de sites largement utilis\u00e9s par les jeunes.<\/p>\n<h3><strong>Mais le pire est \u00e0 venir&#8230;<\/strong><\/h3>\n<p><em><a href=\"http:\/\/www.nextinpact.com\/\" target=\"_blank\" rel=\"noopener\">NextInpact<\/a><\/em> <a href=\"http:\/\/www.nextinpact.com\/news\/89532-le-gouvernement-envisage-meilleur-controle-parental-sur-mobiles.htm\" target=\"_blank\" rel=\"noopener\">rapporte r\u00e9cemment<\/a>, sous le clavier de <a href=\"https:\/\/twitter.com\/reesmarc\" target=\"_blank\" rel=\"noopener\">Marc Rees<\/a>,\u00a0que le gouvernement soi-m\u00eame envisagerait de contraindre les op\u00e9rateurs \u00e0 des mesures techniques de bridage et de filtrage sur les t\u00e9l\u00e9phones mobiles pour prot\u00e9ger les jeunes des dangers de l&rsquo;Internet. Il s&rsquo;agirait d&rsquo;implanter sur les smartphones des jeunes ces fameux logiciels de contr\u00f4le parental d\u00e9j\u00e0 implant\u00e9s dans les \u00ab\u00a0box\u00a0\u00bb des fournisseurs traditionnels d&rsquo;acc\u00e8s \u00e0 l&rsquo;Internet, logiciels qui ont depuis longtemps fait la preuve de leur lamentable inefficacit\u00e9 chronique.<\/p>\n<p>Ainsi, par magie, cela va de soi, le parent rassur\u00e9 pourrait offrir un \u00e0 son jeune adolescent un t\u00e9l\u00e9phone mobile qui lui permettrait d&rsquo;\u00e9changer avec ses seuls parents, aux heures autoris\u00e9es par ces derniers, et de n&rsquo;acc\u00e9der sur Internet qu&rsquo;\u00e0 des sites autoris\u00e9s et jamais \u00e0 autre chose que ces derniers.<\/p>\n<h3><strong>Qui peut croire \u00e0 \u00e7a\u00a0?\u00a0<\/strong><\/h3>\n<p>Qui peut croire s\u00e9rieusement qu&rsquo;un logiciel, \u00e9crit par on ne sait qui pour faire on ne sait trop quoi, peut remplacer la consigne d&rsquo;un parent ou d&rsquo;un \u00e9ducateur ou le dialogue familial\u00a0?\u00a0Au moment o\u00f9 les r\u00e9actionnaires de tout poil\u00a0<a href=\"http:\/\/www.lefigaro.fr\/vox\/culture\/2014\/08\/28\/31006-20140828ARTFIG00005-bellamy-je-ne-crois-pas-au-choc-des-cultures-mais-au-choc-des-incultures.php\" target=\"_blank\" rel=\"noopener\">se lamentent<\/a> sur la suppos\u00e9e disparition de la transmission, faisons-leur cr\u00e9dit qu&rsquo;il ne faut pas c\u00e9der \u00e0 la tentation de remplacer jamais, dans l&rsquo;intimit\u00e9 du cercle familial, <strong>les n\u00e9cessaires \u00e9changes entre parents et enfants<\/strong>\u00a0par un algorithme quelconque faisant du <a href=\"http:\/\/fr.wikipedia.org\/wiki\/Deep_packet_inspection\" target=\"_blank\" rel=\"noopener\">DPI<\/a>\u00a0(inspection des paquets en profondeur) sur un t\u00e9l\u00e9phone&#8230;<\/p>\n<p>Qui peut croire, si le dialogue familial est rompu, <strong>qu&rsquo;un machin technique puisse restaurer cette confiance\u00a0<\/strong>? Qui peut croire qu&rsquo;un adolescent ne mettra pas tout en \u0153uvre \u2014\u00a0et il n&rsquo;aura sans doute que peu de peine pour outrepasser ces barri\u00e8res\u00a0\u2014 pour acc\u00e9der quand m\u00eame, dans le cadre de ses r\u00e9seaux ou de ses microcosmes de socialisation, aux dispositifs relationnels\u00a0dont il a besoin pour exister et continuer \u00e0 \u00e9changer avec les partenaires de son choix\u00a0? Qui peut croire qu&rsquo;il ne transgressera pas ces ridicules interdits techniques pour acc\u00e9der aux sites qui lui permettront de s&rsquo;informer, quels qu&rsquo;ils soient\u00a0?<\/p>\n<p>Et comment esp\u00e9rer qu&rsquo;un enfant \u00e9pi\u00e9, surveill\u00e9, contr\u00f4l\u00e9 dans ses moindres faits et gestes, pour son bien \u00e9videmment&#8230;, habitu\u00e9 donc \u00e0 ce\u00a0contr\u00f4le permanent de ses actes et engagements, puisse acc\u00e9der ais\u00e9ment au statut de citoyen, num\u00e9rique ou pas, <strong>\u00e9mancip\u00e9, autonome et capable d&rsquo;esprit critique et d&rsquo;initiative<\/strong>\u00a0? Comment \u00e9viter qu&rsquo;il ne prenne ainsi l&rsquo;habitude d\u00e9sesp\u00e9rante d&rsquo;\u00eatre sous le joug permanent d&rsquo;une r\u00e9gulation pour son bien, d&rsquo;o\u00f9 qu&rsquo;elle vienne, et d&rsquo;une privation syst\u00e9matique de son intimit\u00e9\u00a0?<\/p>\n<h3><strong>L&rsquo;\u00e9ducation, quoi d&rsquo;autre\u00a0?<\/strong><\/h3>\n<p>Pour ma part, je connais la r\u00e9ponse, et mon camarade <a href=\"http:\/\/status.gegeweb.org\/\" target=\"_blank\" rel=\"noopener\">G\u00e9rald Niel<\/a>, jeune parent encore qui m&rsquo;a souffl\u00e9 quelques-unes\u00a0des bonnes remarques ci-dessus, la conna\u00eet aussi : elle s&rsquo;appelle \u00ab\u00a0<strong>\u00e9ducation<\/strong>\u00a0\u00bb. Et il n&rsquo;y en a pas d&rsquo;autre, ne cherchez pas\u00a0! Celle des enfants, des jeunes, mais aussi celle de leurs parents, les nouveaux citoyens num\u00e9riques. Rappelez-vous, <strong>c&rsquo;est une n\u00e9cessit\u00e9 imp\u00e9rieuse<\/strong>, disaient les s\u00e9nateurs, en 2008 d\u00e9j\u00e0&#8230;<\/p>\n<p>Convient-il, en France, pays suppos\u00e9ment civilis\u00e9, d&rsquo;imiter certains \u00c9tats totalitaires qui d\u00e9cident, pour le bien de leurs populations, de censurer et r\u00e9guler l&rsquo;Internet\u00a0? Faut-il prendre exemple de l&rsquo;Iran o\u00f9 un Ayatollah <a href=\"http:\/\/www.numerama.com\/magazine\/30404-l-internet-a-haut-debit-viole-la-charia-previent-un-grand-ayatollah.html\" target=\"_blank\" rel=\"noopener\">vient de d\u00e9cider<\/a> que le tr\u00e8s haut d\u00e9bit violait la Charia\u00a0?<\/p>\n<p>Nous n&rsquo;en sommes pas l\u00e0, direz-vous \u00e0 juste titre. Mais qu&rsquo;avons-nous fait depuis l&rsquo;avertissement des s\u00e9nateurs ? Pas grand chose assur\u00e9ment. L&rsquo;\u00e9ducation au num\u00e9rique et, en particulier, <strong>l&rsquo;\u00e9ducation aux m\u00e9dias num\u00e9riques comme l&rsquo;acquisition d&rsquo;une culture num\u00e9rique sont toujours tristement absents des programmes disciplinaires<\/strong> ou des apprentissages fondamentaux du socle commun.\u00a0Il en va malheureusement de m\u00eame tr\u00e8s souvent dans les familles o\u00f9 on aborde peu ces sujets&#8230;<\/p>\n<p>Faisons enfin\u00a0le triste constat que l&rsquo;utopie orwellienne n&rsquo;est gu\u00e8re \u00e9loign\u00e9e des propositions de nos \u00e9lus&#8230;<\/p>\n<p style=\"color: #0b6bbf;\">Michel Guillou\u00a0<a style=\"font-style: inherit; color: #282128;\" href=\"https:\/\/twitter.com\/michelguillou\" target=\"_blank\" rel=\"noopener\">@michelguillou<\/a><\/p>\n<p style=\"color: #0b6bbf;\"><a style=\"font-style: inherit; color: #282128;\" href=\"http:\/\/creativecommons.org\/licenses\/by-nc-sa\/4.0\/\" target=\"_blank\" rel=\"noopener\"><img loading=\"lazy\" decoding=\"async\" class=\"alignnone\" style=\"font-weight: inherit; font-style: inherit;\" src=\"http:\/\/i.creativecommons.org\/l\/by-nc-sa\/2.0\/fr\/80x15.png\" alt=\"image\" width=\"80\" height=\"15\" \/><\/a><\/p>\n<p>Cr\u00e9dit photo\u00a0: <a href=\"https:\/\/www.flickr.com\/photos\/ma2ttm\/5692524235\/\">ma2tt.m<\/a>\u00a0et\u00a0<a href=\"https:\/\/www.flickr.com\/photos\/jpott\/5597870275\/\">JPott<\/a>\u00a0via\u00a0<a href=\"http:\/\/photopin.com\">photopin<\/a>\u00a0<a href=\"http:\/\/creativecommons.org\/licenses\/by-nc-nd\/2.0\/\">cc<\/a><\/p>\n<ol>\n<li>\u00ab Le num\u00e9rique n\u2019est plus un suppl\u00e9ment d\u2019\u00e2me mais bien une n\u00e9cessit\u00e9 p\u00e9dagogique absolue \u00bb\u00a0<a href=\"http:\/\/www.culture-numerique.fr\/?p=1046\" target=\"_blank\" rel=\"noopener\">http:\/\/www.culture-numerique.fr\/?p=1046<\/a>5.<\/li>\n<li>J\u2019ai honte pour mon \u00e9cole !\u00a0<a href=\"http:\/\/www.culture-numerique.fr\/?p=184\" target=\"_blank\" rel=\"noopener\">http:\/\/www.culture-numerique.fr\/?p=184<\/a><\/li>\n<li>\u00c9ducation au num\u00e9rique : les vrais dangers d\u2019Internet\u00a0<a href=\"http:\/\/www.culture-numerique.fr\/?p=160\" target=\"_blank\" rel=\"noopener\">http:\/\/www.culture-numerique.fr\/?p=160<\/a><\/li>\n<li>Le\u00e7on de morale n\u00b0 1 : je ne divulguerai jamais aucune information personnelle\u2026 <a href=\"http:\/\/www.culture-numerique.fr\/?p=213\" target=\"_blank\" rel=\"noopener\">http:\/\/www.culture-numerique.fr\/?p=213<\/a><\/li>\n<li>Quand la Hadopi veut faire classe\u2026\u00a0<a href=\"http:\/\/www.culture-numerique.fr\/?p=197\" target=\"_blank\" rel=\"noopener\">http:\/\/www.culture-numerique.fr\/?p=197<\/a><\/li>\n<li>\u00c9ducation civique et num\u00e9rique : 10 ans de perdus !\u00a0<a href=\"http:\/\/www.culture-numerique.fr\/?p=333\" target=\"_blank\" rel=\"noopener\">http:\/\/www.culture-numerique.fr\/?p=333<\/a><\/li>\n<li>Paris et ses ados : les traits grossiers de la caricature et du m\u00e9pris <a href=\"http:\/\/www.culture-numerique.fr\/?p=357\" target=\"_blank\" rel=\"noopener\">http:\/\/www.culture-numerique.fr\/?p=357<\/a><\/li>\n<li>Chronique de la censure ordinaire en milieu \u00e9ducatif\u00a0<a href=\"http:\/\/www.culture-numerique.fr\/?p=933\" target=\"_blank\" rel=\"noopener\">http:\/\/www.culture-numerique.fr\/?p=933<\/a><\/li>\n<\/ol>\n<p>[cite]<\/p>\n","protected":false},"excerpt":{"rendered":"<p><img loading=\"lazy\" decoding=\"async\" class=\"aligncenter wp-image-1337 size-full\" src=\"http:\/\/www.culture-numerique.fr\/wp-content\/uploads\/2014\/08\/large_5597870275.jpg\" alt=\"Phone\" width=\"1024\" height=\"863\" srcset=\"https:\/\/www.culture-numerique.fr\/wp-content\/uploads\/2014\/08\/large_5597870275.jpg 1024w, https:\/\/www.culture-numerique.fr\/wp-content\/uploads\/2014\/08\/large_5597870275-300x252.jpg 300w, https:\/\/www.culture-numerique.fr\/wp-content\/uploads\/2014\/08\/large_5597870275-100x84.jpg 100w, https:\/\/www.culture-numerique.fr\/wp-content\/uploads\/2014\/08\/large_5597870275-150x126.jpg 150w, https:\/\/www.culture-numerique.fr\/wp-content\/uploads\/2014\/08\/large_5597870275-200x168.jpg 200w, https:\/\/www.culture-numerique.fr\/wp-content\/uploads\/2014\/08\/large_5597870275-450x379.jpg 450w, https:\/\/www.culture-numerique.fr\/wp-content\/uploads\/2014\/08\/large_5597870275-600x505.jpg 600w, https:\/\/www.culture-numerique.fr\/wp-content\/uploads\/2014\/08\/large_5597870275-900x758.jpg 900w\" sizes=\"auto, (max-width: 1024px) 100vw, 1024px\" \/><\/p>\n<p><strong>L&rsquo;abandon, ce n&rsquo;est pas moi qui en parle<\/strong>, ce sont nos s\u00e9nateurs eux-m\u00eames dans <a href=\"http:\/\/www.senat.fr\/notice-rapport\/2008\/r08-046-notice.html\" target=\"_blank\" rel=\"noopener\">un excellent rapport bien vite oubli\u00e9<\/a>. <a href=\"https:\/\/twitter.com\/dassouline\" target=\"_blank\" rel=\"noopener\">David Assouline<\/a> et ses coll\u00e8gues signaient l\u00e0 en 2008 un document qui fait \u00e9tat de l&rsquo;abandon dans lequel la soci\u00e9t\u00e9 laisse sa jeunesse,<\/p>\n<p><span class=\"ellipsis\">&hellip;<\/span><\/p>\n<div class=\"read-more\"><a href=\"https:\/\/www.culture-numerique.fr\/?p=1334\">Lire la suite &#8250;<\/a><\/div>\n<p><!-- end of .read-more --><\/p>\n","protected":false},"author":1,"featured_media":1337,"comment_status":"open","ping_status":"open","sticky":false,"template":"","format":"standard","meta":{"jetpack_post_was_ever_published":false,"_jetpack_newsletter_access":"","_jetpack_dont_email_post_to_subs":false,"_jetpack_newsletter_tier_id":0,"_jetpack_memberships_contains_paywalled_content":false,"_jetpack_memberships_contains_paid_content":false,"footnotes":""},"categories":[9],"tags":[408,259,438,52,70,111,437,21,30,439,440,31,216,276],"class_list":["post-1334","post","type-post","status-publish","format-standard","has-post-thumbnail","hentry","category-billets-dhumeur","tag-abandon","tag-adolescents","tag-big-brother","tag-culture-numerique","tag-education","tag-education-aux-medias","tag-education-aux-medias-numeriques","tag-filtrage","tag-internet","tag-internet-responsable","tag-intimite","tag-pratiques-des-jeunes","tag-regulation","tag-surveillance"],"jetpack_featured_media_url":"https:\/\/www.culture-numerique.fr\/wp-content\/uploads\/2014\/08\/large_5597870275.jpg","jetpack_sharing_enabled":true,"_links":{"self":[{"href":"https:\/\/www.culture-numerique.fr\/index.php?rest_route=\/wp\/v2\/posts\/1334","targetHints":{"allow":["GET"]}}],"collection":[{"href":"https:\/\/www.culture-numerique.fr\/index.php?rest_route=\/wp\/v2\/posts"}],"about":[{"href":"https:\/\/www.culture-numerique.fr\/index.php?rest_route=\/wp\/v2\/types\/post"}],"author":[{"embeddable":true,"href":"https:\/\/www.culture-numerique.fr\/index.php?rest_route=\/wp\/v2\/users\/1"}],"replies":[{"embeddable":true,"href":"https:\/\/www.culture-numerique.fr\/index.php?rest_route=%2Fwp%2Fv2%2Fcomments&post=1334"}],"version-history":[{"count":50,"href":"https:\/\/www.culture-numerique.fr\/index.php?rest_route=\/wp\/v2\/posts\/1334\/revisions"}],"predecessor-version":[{"id":7642,"href":"https:\/\/www.culture-numerique.fr\/index.php?rest_route=\/wp\/v2\/posts\/1334\/revisions\/7642"}],"wp:featuredmedia":[{"embeddable":true,"href":"https:\/\/www.culture-numerique.fr\/index.php?rest_route=\/wp\/v2\/media\/1337"}],"wp:attachment":[{"href":"https:\/\/www.culture-numerique.fr\/index.php?rest_route=%2Fwp%2Fv2%2Fmedia&parent=1334"}],"wp:term":[{"taxonomy":"category","embeddable":true,"href":"https:\/\/www.culture-numerique.fr\/index.php?rest_route=%2Fwp%2Fv2%2Fcategories&post=1334"},{"taxonomy":"post_tag","embeddable":true,"href":"https:\/\/www.culture-numerique.fr\/index.php?rest_route=%2Fwp%2Fv2%2Ftags&post=1334"}],"curies":[{"name":"wp","href":"https:\/\/api.w.org\/{rel}","templated":true}]}}