{"id":127,"date":"2014-03-07T20:57:04","date_gmt":"2014-03-07T18:57:04","guid":{"rendered":"http:\/\/www.culture-numerique.fr\/?p=127"},"modified":"2017-02-07T22:49:44","modified_gmt":"2017-02-07T21:49:44","slug":"ce-que-les-tice-ont-fait-de-mal-au-numerique","status":"publish","type":"post","link":"https:\/\/www.culture-numerique.fr\/?p=127","title":{"rendered":"Ce que les Tice ont fait de mal au num\u00e9rique"},"content":{"rendered":"<p style=\"text-align: left;\"><a href=\"http:\/\/www.culture-numerique.fr\/wp-content\/uploads\/2014\/04\/medium_2717104757.jpg\"><img loading=\"lazy\" decoding=\"async\" class=\"wp-image-128 aligncenter\" src=\"http:\/\/www.culture-numerique.fr\/wp-content\/uploads\/2014\/04\/medium_2717104757.jpg\" alt=\"Croix rouge\" width=\"836\" height=\"557\" srcset=\"https:\/\/www.culture-numerique.fr\/wp-content\/uploads\/2014\/04\/medium_2717104757.jpg 500w, https:\/\/www.culture-numerique.fr\/wp-content\/uploads\/2014\/04\/medium_2717104757-300x199.jpg 300w, https:\/\/www.culture-numerique.fr\/wp-content\/uploads\/2014\/04\/medium_2717104757-100x66.jpg 100w, https:\/\/www.culture-numerique.fr\/wp-content\/uploads\/2014\/04\/medium_2717104757-150x99.jpg 150w, https:\/\/www.culture-numerique.fr\/wp-content\/uploads\/2014\/04\/medium_2717104757-200x133.jpg 200w, https:\/\/www.culture-numerique.fr\/wp-content\/uploads\/2014\/04\/medium_2717104757-450x299.jpg 450w\" sizes=\"auto, (max-width: 836px) 100vw, 836px\" \/><\/a><\/p>\n<p style=\"text-align: left;\"><strong>C\u2019est la grande tendance du moment<\/strong>\u00a0et je n\u2019en avais pas pris conscience encore. Il est de bon ton, en effet, aujourd\u2019hui, de ne pas trop contester le num\u00e9rique ou de ne le faire que mollement mais le consensus est assez grand de le r\u00e9duire \u00e0 une fonction anecdotique, secondaire, cosm\u00e9tique, strictement utilitaire. J\u2019en ai re\u00e7u des preuves r\u00e9centes.<\/p>\n<p><strong>On conc\u00e8de du bout des l\u00e8vres qu\u2019il est capable de rendre quelques menus services \u00e0 la p\u00e9dagogie.<br \/>\n<\/strong><\/p>\n<p>Bon, mais outre qu\u2019on vous explique qu\u2019il conviendra d\u2019\u00e9valuer tout cela plus pr\u00e9cis\u00e9ment un de ces jours, on ajoute m\u00eame qu\u2019il convient d\u2019en faire un usage circonspect et, surtout, c\u2019est le mot du jour qu\u2019on met \u00e0 toutes les sauces, un usage responsable. Notamment de l\u2019Internet qui fait peur \u00e0 tout le monde, \u00e0 commencer par nos dirigeants politiques qui n\u2019y comprennent goutte.<\/p>\n<p><strong>Un usage responsable\u00a0?<\/strong>\u00a0Comme si on pouvait \u00eatre responsable de ses usages\u00a0! Comme si la responsabilit\u00e9 n\u2019\u00e9tait pas indissociablement li\u00e9e \u00e0 l\u2019action, \u00e0 l\u2019investissement, \u00e0 l\u2019engagement\u00a0!<\/p>\n<p>Par ailleurs, on parle d\u2019usage responsable du num\u00e9rique, des r\u00e9seaux, de l\u2019Internet\u00a0? Comme si tout cela \u00e9tait \u00e0 c\u00f4t\u00e9 de la soci\u00e9t\u00e9, \u00e0 c\u00f4t\u00e9 de la vie, en dehors du monde\u2026 Comme s\u2019il y avait d\u2019un c\u00f4t\u00e9 la vie ordinaire, la vie r\u00e9elle disent certains, celle de l\u2019\u00e9cole, celle de la rue, et, de l\u2019autre, celle du num\u00e9rique\u00a0! Il y a bien longtemps que la soci\u00e9t\u00e9, l\u2019\u00e9conomie, les services\u2026 ,les jeunes les premiers, se sont appropri\u00e9 le num\u00e9rique et ses avanc\u00e9es. Il est tout \u00e0 fait impossible, d\u00e8s lors, pour ce qui concerne la responsabilit\u00e9 des investissements et des engagements personnels et collectifs, de faire la diff\u00e9rence entre ce qui rel\u00e8ve du num\u00e9rique et ce qui n\u2019en rel\u00e8ve pas.<\/p>\n<p>Il serait temps d\u2019ailleurs que l\u2019\u00e9cole se pr\u00e9occupe de parler aux jeunes, les \u00e9l\u00e8ves dont elle a la charge, avec des mots qu\u2019ils sont \u00e0 m\u00eame de comprendre. Ainsi, tout comme \u00e9voquer avec eux la vie priv\u00e9e leur semble g\u00e9n\u00e9ralement d\u00e9nu\u00e9 de tout sens commun,\u00a0<strong>\u00e9voquer leur responsabilit\u00e9 propre dans leurs pratiques avec le num\u00e9rique ou l\u2019Internet leur semble pour le moins incompr\u00e9hensible<\/strong>. Pourquoi d\u2019ailleurs serait-ce diff\u00e9rent\u00a0?<\/p>\n<p>Tout cela, cette incompr\u00e9hension des enjeux, cette absence de vision sur ce qu\u2019est vraiment le num\u00e9rique, ce qu\u2019il repr\u00e9sente, ce qu\u2019il porte, ce qu\u2019il modifie\u2026 transpara\u00eet de mani\u00e8re \u00e9vidente \u00e0 la lecture des\u00a0<a href=\"http:\/\/www.education.gouv.fr\/cid2770\/le-socle-commun-de-connaissances-et-de-competences.html\" target=\"_blank\">comp\u00e9tences du socle commun<\/a>\u00a0(dit de connaissances et de comp\u00e9tences qui est le cadre de la scolarit\u00e9 obligatoire, g\u00e9n\u00e9ralement \u00e0 la fin du coll\u00e8ge).<\/p>\n<p>Il s\u2019agit, rappelons-le pour en faire le tour, d\u2019acqu\u00e9rir la ma\u00eetrise de la langue fran\u00e7aise, des comp\u00e9tences sociales et civiques, l\u2019autonomie et l\u2019initiative (comp\u00e9tences 1, 6 et 7), de pratiquer une langue \u00e9trang\u00e8re (comp\u00e9tence 2), d\u2019acc\u00e9der \u00e0 des \u00e9l\u00e9ments de math\u00e9matiques et \u00e0 la culture scientifique et technique (comp\u00e9tence 3) et \u00e0 la culture humaniste (comp\u00e9tence 5).<\/p>\n<p><strong>Mais\u00a0<\/strong>\u2014 notez la diff\u00e9rence de niveau de langue\u00a0\u2014<strong>\u00a0il s\u2019agit aussi (comp\u00e9tence 4) de\u00a0ma\u00eetriser les techniques usuelles de l\u2019information et de la communication\u00a0!<\/strong><\/p>\n<p>J\u2019ai d\u00e9j\u00e0 \u00e9voqu\u00e9, \u00e0 plusieurs reprises, mon peu de go\u00fbt pour cette comp\u00e9tence et la place qu\u2019elle tient dans le socle, comme pour le B2i dans ses diff\u00e9rentes versions, qui lui sert d\u2019appendice visible et d\u2019ersatz de la comp\u00e9tence 4, le plus souvent.<\/p>\n<p>L\u2019alternative est alors assez simple\u00a0:<\/p>\n<ul>\n<li>ou il s\u2019agit d\u2019acqu\u00e9rir des techniques et ces acquisitions peuvent tranquillement rejoindre les autres comp\u00e9tences au service de ces derni\u00e8res, les seules apparemment suffisamment fondamentales, la comp\u00e9tence 4 pouvant \u00eatre supprim\u00e9e sans que quiconque s\u2019en \u00e9meuve\u00a0;<\/li>\n<li>ou il n\u2019est pas question seulement de techniques mais bel et bien, \u00e0 l\u2019\u00e9gal des autres comp\u00e9tences,\u00a0<strong>de l\u2019acquisition d\u2019une culture, la culture num\u00e9rique<\/strong>\u00a0en l\u2019occurrence, et la comp\u00e9tence 4 peut garder une l\u00e9gitime place.<\/li>\n<\/ul>\n<p>Je propose, pour appuyer ma pr\u00e9f\u00e9rence naturelle au deuxi\u00e8me choix, de donner donc un nouveau nom \u00e0 cette comp\u00e9tence\u00a0:\u00a0<strong>la culture num\u00e9rique<\/strong>. Tout simplement.<\/p>\n<p>On per\u00e7oit ainsi mieux ce que s\u2019attarder \u00e0 ma\u00eetriser ces techniques, comme \u00e0 en mesurer les usages comme on nous le propose avec cette appellation ridicule de \u00ab\u00a0techniques usuelles\u00a0\u00bb , uniques et cosm\u00e9tiques objets d\u2019\u00e9tudes, a pu nuire \u00e0 l\u2019objectif essentiel qui consiste \u00e0 v\u00e9rifier l\u2019acquisition de la seule comp\u00e9tence qui compte vraiment,\u00a0<strong>l\u2019acquisition des \u00e9l\u00e9ments d\u2019une culture num\u00e9rique globale<\/strong>.<\/p>\n<p>Il est plus que temps, comme on a commenc\u00e9 \u00e0 le faire doucement, de modifier de mani\u00e8re radicale l\u2019approche. Ainsi, il convient de cesser, comme je l\u2019avais d\u00e9j\u00e0 propos\u00e9\u00a0<a href=\"http:\/\/gingko.neottia.net\/post\/47610537869\/et-si-on-arretait-avec-les-tice-tic-tuic-etcsdc\" target=\"_blank\">dans ce billet<\/a>, d\u2019utiliser ces \u00ab\u00a0T\u00a0\u00bb et ces \u00ab\u00a0U\u00a0\u00bb, pour techniques et usages, \u00e0 tous propos, de faire donc table rase de tous ces acronymes abscons, r\u00e9ducteurs et handicapants que sont les Tice et les TUIC, qui ont donn\u00e9 moult d\u00e9riv\u00e9s relatifs aux fonctions comme Ctice, Ptice, Atice\u2026 pour ne laisser que la seule r\u00e9f\u00e9rence au num\u00e9rique et, pour le distinguer dans son acception scolaire, au num\u00e9rique \u00e9ducatif.<\/p>\n<p>Pour en revenir \u00e0 mon propos initial, c\u2019est ce que n\u2019ont manifestement pas compris les tenants du num\u00e9rique technologique utilitaire, tenants parmi lesquels on compte de nombreux publics, hors et dans l\u2019\u00e9cole, mais, pour n\u2019en distinguer qu\u2019un seul \u00e0 l\u2019int\u00e9rieur, la plus grande partie de l\u2019encadrement administratif et p\u00e9dagogique.<\/p>\n<p>Convaincre et former ce dernier, du haut en bas de la hi\u00e9rarchie, \u00e0 une compr\u00e9hension culturelle globale du num\u00e9rique qui int\u00e8gre les litt\u00e9raties m\u00e9diatiques et informationnelles, au m\u00eame niveau que les autres cultures de l\u2019\u00e9cole et au service de ces derni\u00e8res, est un enjeu fort de la strat\u00e9gie \u00e0 venir de la toute nouvelle direction du num\u00e9rique \u00e9ducatif.<\/p>\n<p>Puisse-elle s\u2019en convaincre elle-m\u00eame\u00a0!<\/p>\n<p>Michel Guillou\u00a0<a href=\"https:\/\/twitter.com\/michelguillou\" target=\"_blank\">@michelguillou<\/a><\/p>\n<p><a href=\"http:\/\/creativecommons.org\/licenses\/by-nc-sa\/2.0\/fr\/\" target=\"_blank\"><img loading=\"lazy\" decoding=\"async\" src=\"http:\/\/i.creativecommons.org\/l\/by-nc-sa\/2.0\/fr\/80x15.png\" alt=\"image\" width=\"80\" height=\"15\" \/><\/a><\/p>\n<p>Cr\u00e9dit photo\u00a0:\u00a0<a href=\"http:\/\/www.flickr.com\/photos\/96dpi\/2717104757\/\" target=\"_blank\">96dpi<\/a>\u00a0via\u00a0<a href=\"http:\/\/photopin.com\/\" target=\"_blank\">photopin<\/a>\u00a0<a href=\"http:\/\/creativecommons.org\/licenses\/by\/2.0\/\" target=\"_blank\">cc<\/a><\/p>\n<p>[cite]<\/p>\n","protected":false},"excerpt":{"rendered":"<p style=\"text-align: left;\"><a href=\"http:\/\/www.culture-numerique.fr\/wp-content\/uploads\/2014\/04\/medium_2717104757.jpg\"><img loading=\"lazy\" decoding=\"async\" class=\"wp-image-128 aligncenter\" src=\"http:\/\/www.culture-numerique.fr\/wp-content\/uploads\/2014\/04\/medium_2717104757.jpg\" alt=\"Croix rouge\" width=\"836\" height=\"557\" srcset=\"https:\/\/www.culture-numerique.fr\/wp-content\/uploads\/2014\/04\/medium_2717104757.jpg 500w, https:\/\/www.culture-numerique.fr\/wp-content\/uploads\/2014\/04\/medium_2717104757-300x199.jpg 300w, https:\/\/www.culture-numerique.fr\/wp-content\/uploads\/2014\/04\/medium_2717104757-100x66.jpg 100w, https:\/\/www.culture-numerique.fr\/wp-content\/uploads\/2014\/04\/medium_2717104757-150x99.jpg 150w, https:\/\/www.culture-numerique.fr\/wp-content\/uploads\/2014\/04\/medium_2717104757-200x133.jpg 200w, https:\/\/www.culture-numerique.fr\/wp-content\/uploads\/2014\/04\/medium_2717104757-450x299.jpg 450w\" sizes=\"auto, (max-width: 836px) 100vw, 836px\" \/><\/a><\/p>\n<p style=\"text-align: left;\"><strong>C\u2019est la grande tendance du moment<\/strong>\u00a0et je n\u2019en avais pas pris conscience encore. Il est de bon ton, en effet, aujourd\u2019hui, de ne pas trop contester le num\u00e9rique ou de ne le faire que mollement mais le consensus est assez grand de le r\u00e9duire \u00e0 une fonction anecdotique,<\/p>\n<p><span class=\"ellipsis\">&hellip;<\/span><\/p>\n<div class=\"read-more\"><a href=\"https:\/\/www.culture-numerique.fr\/?p=127\">Lire la suite &#8250;<\/a><\/div>\n<p><!-- end of .read-more --><\/p>\n","protected":false},"author":1,"featured_media":128,"comment_status":"open","ping_status":"open","sticky":false,"template":"","format":"standard","meta":{"jetpack_post_was_ever_published":false,"_jetpack_newsletter_access":"","_jetpack_dont_email_post_to_subs":true,"_jetpack_newsletter_tier_id":0,"_jetpack_memberships_contains_paywalled_content":false,"_jetpack_memberships_contains_paid_content":false,"footnotes":""},"categories":[9],"tags":[56,57,52,2,4,53,58,54,41,55],"class_list":["post-127","post","type-post","status-publish","format-standard","has-post-thumbnail","hentry","category-billets-dhumeur","tag-competences","tag-connaissances","tag-culture-numerique","tag-numerique","tag-numerique-educatif","tag-socle-commun","tag-strategie-numerique","tag-tic","tag-tice","tag-tuic"],"jetpack_featured_media_url":"https:\/\/www.culture-numerique.fr\/wp-content\/uploads\/2014\/04\/medium_2717104757.jpg","jetpack_sharing_enabled":true,"_links":{"self":[{"href":"https:\/\/www.culture-numerique.fr\/index.php?rest_route=\/wp\/v2\/posts\/127","targetHints":{"allow":["GET"]}}],"collection":[{"href":"https:\/\/www.culture-numerique.fr\/index.php?rest_route=\/wp\/v2\/posts"}],"about":[{"href":"https:\/\/www.culture-numerique.fr\/index.php?rest_route=\/wp\/v2\/types\/post"}],"author":[{"embeddable":true,"href":"https:\/\/www.culture-numerique.fr\/index.php?rest_route=\/wp\/v2\/users\/1"}],"replies":[{"embeddable":true,"href":"https:\/\/www.culture-numerique.fr\/index.php?rest_route=%2Fwp%2Fv2%2Fcomments&post=127"}],"version-history":[{"count":7,"href":"https:\/\/www.culture-numerique.fr\/index.php?rest_route=\/wp\/v2\/posts\/127\/revisions"}],"predecessor-version":[{"id":5829,"href":"https:\/\/www.culture-numerique.fr\/index.php?rest_route=\/wp\/v2\/posts\/127\/revisions\/5829"}],"wp:featuredmedia":[{"embeddable":true,"href":"https:\/\/www.culture-numerique.fr\/index.php?rest_route=\/wp\/v2\/media\/128"}],"wp:attachment":[{"href":"https:\/\/www.culture-numerique.fr\/index.php?rest_route=%2Fwp%2Fv2%2Fmedia&parent=127"}],"wp:term":[{"taxonomy":"category","embeddable":true,"href":"https:\/\/www.culture-numerique.fr\/index.php?rest_route=%2Fwp%2Fv2%2Fcategories&post=127"},{"taxonomy":"post_tag","embeddable":true,"href":"https:\/\/www.culture-numerique.fr\/index.php?rest_route=%2Fwp%2Fv2%2Ftags&post=127"}],"curies":[{"name":"wp","href":"https:\/\/api.w.org\/{rel}","templated":true}]}}