{"id":1248,"date":"2014-07-27T15:53:56","date_gmt":"2014-07-27T13:53:56","guid":{"rendered":"http:\/\/www.culture-numerique.fr\/?p=1248"},"modified":"2016-03-24T12:27:56","modified_gmt":"2016-03-24T11:27:56","slug":"exercer-sa-liberte-dexpression-ca-doit-sapprendre-aussi-a-lecole","status":"publish","type":"post","link":"https:\/\/www.culture-numerique.fr\/?p=1248","title":{"rendered":"Exercer sa libert\u00e9 d&rsquo;expression, \u00e7a doit s&rsquo;apprendre aussi \u00e0 l&rsquo;\u00e9cole"},"content":{"rendered":"<p><a href=\"http:\/\/www.culture-numerique.fr\/wp-content\/uploads\/2014\/07\/Lettres_patentes_Declaration_droit_hommes_1789_maitrier05125.jpg\"><img loading=\"lazy\" decoding=\"async\" class=\"alignleft wp-image-1257 size-medium\" src=\"http:\/\/www.culture-numerique.fr\/wp-content\/uploads\/2014\/07\/Lettres_patentes_Declaration_droit_hommes_1789_maitrier05125-225x300.jpg\" alt=\"Lettres patentes du roi\" width=\"225\" height=\"300\" srcset=\"https:\/\/www.culture-numerique.fr\/wp-content\/uploads\/2014\/07\/Lettres_patentes_Declaration_droit_hommes_1789_maitrier05125-225x300.jpg 225w, https:\/\/www.culture-numerique.fr\/wp-content\/uploads\/2014\/07\/Lettres_patentes_Declaration_droit_hommes_1789_maitrier05125-100x133.jpg 100w, https:\/\/www.culture-numerique.fr\/wp-content\/uploads\/2014\/07\/Lettres_patentes_Declaration_droit_hommes_1789_maitrier05125-150x199.jpg 150w, https:\/\/www.culture-numerique.fr\/wp-content\/uploads\/2014\/07\/Lettres_patentes_Declaration_droit_hommes_1789_maitrier05125-200x266.jpg 200w, https:\/\/www.culture-numerique.fr\/wp-content\/uploads\/2014\/07\/Lettres_patentes_Declaration_droit_hommes_1789_maitrier05125-300x399.jpg 300w, https:\/\/www.culture-numerique.fr\/wp-content\/uploads\/2014\/07\/Lettres_patentes_Declaration_droit_hommes_1789_maitrier05125-450x598.jpg 450w, https:\/\/www.culture-numerique.fr\/wp-content\/uploads\/2014\/07\/Lettres_patentes_Declaration_droit_hommes_1789_maitrier05125.jpg 466w\" sizes=\"auto, (max-width: 225px) 100vw, 225px\" \/><\/a><\/p>\n<p><strong>Il en va du num\u00e9rique et de ses enjeux<\/strong> comme de beaucoup d&rsquo;autres sujets\u00a0: ceux qui en parlent avec pertinence ne sont jamais les premiers \u00e0 se pr\u00e9cipiter sur le microphone. Pendant que le microcosme id\u00e9ologico-politique s&rsquo;agite en sous-main autour de l&rsquo;enseignement du code, brandissant fr\u00e9n\u00e9tiquement les syllogismes et les arguties les plus \u00e9cul\u00e9es, obligeant m\u00eame un ministre de l&rsquo;\u00c9ducation \u00e0 se positionner sur le sujet alors qu&rsquo;\u00e0 l&rsquo;\u00e9vidence, c&rsquo;est bien la derni\u00e8re de ses pr\u00e9occupations, d&rsquo;autres, nous allons le voir, de mani\u00e8re plus discr\u00e8te, rappellent patiemment quels sont les enjeux pour la soci\u00e9t\u00e9.<\/p>\n<p>Tenez, par exemple\u00a0: Internet et le num\u00e9rique ont permis aujourd&rsquo;hui \u00e0 presque tous, \u00e0 chaque citoyen, d&rsquo;exercer enfin ce droit, hier r\u00e9serv\u00e9 \u00e0 quelques-uns, d&rsquo;avoir son opinion et de pouvoir l&rsquo;exprimer publiquement. Ce n&rsquo;est pas la premi\u00e8re fois (1) que j&rsquo;\u00e9voque ce choc culturel, <strong>cet incroyable bouleversement qui modifie en profondeur la m\u00e9diation et les modes de transmission des savoirs et des connaissances<\/strong>. Les m\u00e9dias et l&rsquo;\u00e9cole ne sont pas pr\u00e8s de s&rsquo;en remettre.<\/p>\n<h3><strong>Le droit \u00e0 l&rsquo;expression, une\u00a0libert\u00e9 fondamentale<\/strong><\/h3>\n<p>Vous le savez, <a href=\"http:\/\/fr.wikipedia.org\/wiki\/Libert%C3%A9_d'expression\" target=\"_blank\">cette derni\u00e8re<\/a> nous a \u00e9t\u00e9 l\u00e9gu\u00e9e par la <a href=\"http:\/\/fr.wikipedia.org\/wiki\/D%C3%A9claration_des_droits_de_l'homme_et_du_citoyen_de_1789\" target=\"_blank\">D\u00e9claration des droits de l&rsquo;homme et du citoyen<\/a> en 1789. Depuis cette date, elle n&rsquo;a subi que des attaques venues de toutes parts et, encore tr\u00e8s r\u00e9cemment\u00a0\u2014\u00a0je franchis all\u00e8grement plus de deux si\u00e8cles\u00a0\u2014,\u00a0les puissances \u00e9conomiques et politiques s&#8217;emploient, jour apr\u00e8s jour, au-del\u00e0 des limites d\u00e9j\u00e0 fix\u00e9es en France par la loi, \u00e0 la d\u00e9manteler et \u00e0 la r\u00e9duire \u00e0 peau de chagrin\u00a0\u2014 se reporter, pour ceux qui en doutent, au d\u00e9bat en cours, au Parlement, sur\u00a0le blocage administratif de sites suppos\u00e9ment illicites, et, ce, sans intervention de la justice<span style=\"color: #131313;\">.<\/span><\/p>\n<p>Revenons \u00e0 ceux dont j&rsquo;avais dit en pr\u00e9ambule qu&rsquo;ils se pr\u00e9occupent de l&rsquo;essentiel. <a href=\"http:\/\/fr.wikipedia.org\/wiki\/Benjamin_Bayart\" target=\"_blank\">Benjamin Bayart<\/a>, <a href=\"http:\/\/blog.fdn.fr\/?post\/2013\/02\/17\/Loi-de-d%C3%A9fense-de-la-libert%C3%A9-d-expression\" target=\"_blank\">sur son blogue<\/a>, note\u00a0d&rsquo;abord que l&rsquo;article 11 de la D\u00e9claration de 1789 d\u00e9finit un droit\u00a0mais ne permet pas \u00e0 chaque citoyen\u00a0<strong>de\u00a0saisir la justice du fait qu&rsquo;il soit priv\u00e9 de cette libert\u00e9 fondamentale<\/strong>. Il propose ensuite, pour r\u00e9pondre \u00e0 ce besoin\u00a0au moment o\u00f9 le num\u00e9rique \u00e9largit cette libert\u00e9\u00a0\u00e0 tous, d&rsquo;en prot\u00e9ger le complet exercice par une proposition de loi, \u00e0 ins\u00e9rer dans le\u00a0Code p\u00e9nal, au livre II, titre II, chapitre VI, section 8, intitul\u00e9e \u00ab\u00a0<strong>De l&rsquo;atteinte \u00e0 la libert\u00e9 d&rsquo;expression<\/strong>\u00a0\u00bb, \u00a0que vous trouverez ci-dessous<span style=\"color: #000000;\">\u00a0:<\/span><\/p>\n<blockquote><p>\u00ab\u00a0Article L 226-33<\/p>\n<p>Le fait de porter atteinte \u00e0 la libert\u00e9 d&rsquo;expression ou \u00e0 la libert\u00e9 d&rsquo;acc\u00e9der \u00e0 l&rsquo;information, en dehors de l&rsquo;application d&rsquo;une d\u00e9cision de justice contradictoire devenue d\u00e9finitive, est puni de 5 ans de prison et de 500 000 euros d&rsquo;amende.<\/p>\n<p>Lorsque l&rsquo;atteinte est commise dans le cadre d&rsquo;une prestation de service, par un interm\u00e9diaire technique dont l&rsquo;activit\u00e9 concourt normalement \u00e0 l&rsquo;exercice de cette libert\u00e9, l&rsquo;amende est port\u00e9e \u00e0 5 000 000 d&rsquo;euros.<\/p>\n<p>Article L 226-34<\/p>\n<p>Les personnes morales d\u00e9clar\u00e9es responsables p\u00e9nalement, dans les conditions pr\u00e9vues par l&rsquo;article 121-2, des infractions d\u00e9finies \u00e0 la pr\u00e9sente section encourent, outre l&rsquo;amende suivant les modalit\u00e9s pr\u00e9vues par l&rsquo;article 131-38 :<\/p>\n<p style=\"padding-left: 30px;\">1\u00b0) L&rsquo;interdiction, \u00e0 titre d\u00e9finitif ou pour une dur\u00e9e de cinq ans au plus, d&rsquo;exercer directement ou indirectement l&rsquo;activit\u00e9 professionnelle ou sociale dans l&rsquo;exercice ou \u00e0 l&rsquo;occasion de l&rsquo;exercice de laquelle l&rsquo;infraction a \u00e9t\u00e9 commise ;<\/p>\n<p style=\"padding-left: 30px;\">2\u00b0) L&rsquo;affichage ou la diffusion de la d\u00e9cision prononc\u00e9e, dans les conditions pr\u00e9vues par l&rsquo;article 131-35.\u00a0\u00bb<\/p>\n<\/blockquote>\n<h3><strong>Comment \u00e7a se passe pour les enfants\u00a0? Les \u00e9l\u00e8ves\u00a0?<\/strong><\/h3>\n<p>Les premiers disposent d&rsquo;un joli document fort bien fait appel\u00e9 \u00ab\u00a0<a href=\"http:\/\/fr.wikipedia.org\/wiki\/Convention_relative_aux_droits_de_l%27enfant\" target=\"_blank\">Convention relative aux droits de l&rsquo;enfant<\/a>\u00a0\u00bb qui date de 1989 et qui, concernant leurs droits \u00e0 s&rsquo;exprimer, \u00e9nonce\u00a0:<\/p>\n<blockquote><p>\u00ab\u00a0L\u2019enfant est libre d\u2019exprimer des opinions et a le droit de donner son avis sur des questions qui ont une incidence sur sa vie sociale, \u00e9conomique, religieuse, culturelle et politique.\u00a0\u00bb<\/p><\/blockquote>\n<p>On sait bien ce qu&rsquo;il en est de ces grands principes qui valent beaucoup pour ceux qui les \u00e9noncent et moins pour ceux que \u00e7a concerne. Dans les faits, <strong>on d\u00e9nie tr\u00e8s souvent \u00e0 l&rsquo;enfant de donner son avis<\/strong>, sous quelque forme que ce soit, oralement ou, par \u00e9crit, en ligne par exemple, quand \u00e7a peut d\u00e9ranger. La CNIL elle-m\u00eame, sous pr\u00e9texte de prot\u00e9ger leur vie priv\u00e9e, concept qui n&rsquo;a strictement aucun sens pour les enfants, <a href=\"http:\/\/www.jeunes.cnil.fr\/espace-jeunes\/10-conseils-cles\/\" target=\"_blank\">leur recommande de ne rien dire<\/a> de leurs opinions politiques ou de leurs convictions religieuses, m\u00eame \u00e9loign\u00e9es de tout\u00a0pros\u00e9lytisme.<\/p>\n<p>Une chose est certaine\u00a0: <strong>donner son opinion expose \u00e0 \u00eatre contredit<\/strong>. Et c&rsquo;est bien la meilleure et la plus enrichissante des choses qui soit\u00a0! Voil\u00e0 \u00e0 quoi devrait encourager une institution comme la CNIL dont une des missions est de veiller au respect des droits en ligne.<\/p>\n<p>Les \u00e9l\u00e8ves, \u00e0 l&rsquo;\u00e9cole, n&rsquo;ont que des obligations et si peu de droits&#8230; m\u00eame si nombreux sont ceux, parmi les adultes qui les encadrent, \u00e0 d\u00e9ployer des efforts pour leur en conc\u00e9der quelques-uns voire leur confier quelques responsabilit\u00e9s\u00a0\u2014\u00a0voir en particulier <a href=\"http:\/\/www.culture-numerique.fr\/?p=1217#comment-1002\" target=\"_blank\">l&rsquo;excellent commentaire<\/a> \u00e0 propos de mon dernier billet (2) sur la vie lyc\u00e9enne et le regret que je formulais qu&rsquo;on ne s&rsquo;attache pas \u00e0 promouvoir la d\u00e9mocratie coll\u00e9gienne.<\/p>\n<p>Les \u00e9l\u00e8ves ont \u00e0 l&rsquo;\u00e9cole le droit d&rsquo;\u00eatre \u00e9duqu\u00e9s&#8230; et c&rsquo;est d\u00e9j\u00e0 beaucoup,\u00a0pensent tout bas malheureusement encore de nombreux \u00e9ducateurs ou disent m\u00eame les pseudo-philosophes.<\/p>\n<p>D&rsquo;une mani\u00e8re g\u00e9n\u00e9rale, pour le second degr\u00e9, le code de l&rsquo;\u00e9ducation, dans son article R 511-1, pr\u00e9cise\u00a0:<\/p>\n<blockquote><p>\u00ab\u00a0Les modalit\u00e9s d&rsquo;exercice des libert\u00e9s d&rsquo;information, d&rsquo;expression et de r\u00e9union dont disposent les \u00e9l\u00e8ves des \u00e9tablissements publics locaux d&rsquo;enseignement, des \u00e9tablissements d&rsquo;\u00c9tat d&rsquo;enseignement du second degr\u00e9 relevant du ministre charg\u00e9 de l&rsquo;\u00e9ducation et des \u00e9tablissements d&rsquo;enseignement du second degr\u00e9 relevant des communes ou des d\u00e9partements, ainsi que les obligations qui leur sont applicables, sont d\u00e9termin\u00e9es par le r\u00e8glement int\u00e9rieur de l&rsquo;\u00e9tablissement.\u00a0\u00bb<\/p><\/blockquote>\n<p>Les lyc\u00e9ens ont un peu plus de chance, ce dont ils ne sont en g\u00e9n\u00e9ral pas inform\u00e9s\u00a0: ils ont obtenu, depuis 1991, que soit inscrites dans le code de l&rsquo;\u00e9ducation, des dispositions pr\u00e9cises cens\u00e9es leur garantir des droits, dont la libert\u00e9 d&rsquo;expression\u00a0:<\/p>\n<blockquote><p>\u00a0\u00ab\u00a0Sous-section 1 &#8211; Libert\u00e9 d&rsquo;expression<\/p>\n<p>Article R. 511-6<\/p>\n<p>Le chef d&rsquo;\u00e9tablissement et le conseil d&rsquo;administration veillent, en collaboration avec le conseil des d\u00e9l\u00e9gu\u00e9s pour la vie lyc\u00e9enne, \u00e0 ce que la libert\u00e9 d&rsquo;expression dont les \u00e9l\u00e8ves disposent individuellement et collectivement s&rsquo;exerce dans les conditions d\u00e9finies par l&rsquo;article L. 511-2.<\/p>\n<p>Article R. 511-7<\/p>\n<p>Afin de permettre l&rsquo;exercice de la libert\u00e9 d&rsquo;expression dans les lyc\u00e9es, le chef d&rsquo;\u00e9tablissement veille \u00e0 ce que des panneaux d&rsquo;affichage et, si possible, un local soient mis \u00e0 la disposition des d\u00e9l\u00e9gu\u00e9s des \u00e9l\u00e8ves, du conseil des d\u00e9l\u00e9gu\u00e9s pour la vie lyc\u00e9enne et, le cas \u00e9ch\u00e9ant, des associations d&rsquo;\u00e9l\u00e8ves.<\/p>\n<p>Article R. 511-8<\/p>\n<p>Les publications r\u00e9dig\u00e9es par des lyc\u00e9ens peuvent \u00eatre librement diffus\u00e9es dans l&rsquo;\u00e9tablissement.<br \/>\nToutefois, au cas o\u00f9 certains \u00e9crits pr\u00e9senteraient un caract\u00e8re injurieux ou diffamatoire, ou en cas d&rsquo;atteinte grave aux droits d&rsquo;autrui ou \u00e0 l&rsquo;ordre public, le chef d&rsquo;\u00e9tablissement peut suspendre ou interdire la diffusion de la publication dans l&rsquo;\u00e9tablissement ; il en informe le conseil d&rsquo;administration. Cette d\u00e9cision est notifi\u00e9e aux \u00e9l\u00e8ves int\u00e9ress\u00e9s ou, \u00e0 d\u00e9faut, fait l&rsquo;objet d&rsquo;un affichage.\u00a0\u00bb<\/p><\/blockquote>\n<p>Plusieurs remarques sont \u00e0 faire \u00e0 ce sujet. Tout d&rsquo;abord, ces droits ne sont que rarement respect\u00e9s. Quelquefois m\u00eame, les r\u00e8glements int\u00e9rieurs des lyc\u00e9es, pourtant d\u00fbment vis\u00e9s par la hi\u00e9rarchie d\u00e9partementale ou acad\u00e9mique, sont en contradiction avec ces textes du code de l&rsquo;\u00e9ducation\u00a0\u2014\u00a0voir deux de mes r\u00e9cents billets (3). Par ailleurs, le fonctionnement m\u00eame, g\u00e9n\u00e9ralement moribond, de la vie lyc\u00e9enne ne permet pas que les \u00e9l\u00e8ves soient bien inform\u00e9s de leurs droits. Enfin, les dispositions ci-dessus, ne correspondent plus du tout aux pratiques num\u00e9riques massives des jeunes lyc\u00e9ens adolescents et \u00e0 la mani\u00e8re dont ils s&rsquo;expriment en ligne.<\/p>\n<h3><strong>Enseigner l&rsquo;exercice du droit \u00e0 publier et \u00e0 s&rsquo;exprimer<\/strong><\/h3>\n<p>Comme j&rsquo;ai eu souvent l&rsquo;occasion de le dire, encore tout r\u00e9cemment (4) \u00e0 propos de la r\u00e9\u00e9criture du socle commun, <strong>publier devrait \u00eatre compris maintenant comme une comp\u00e9tence fondamentale de l&rsquo;\u00e9cole<\/strong>, \u00e0 l&rsquo;\u00e9gal de lire, \u00e9crire ou compter. Je n&rsquo;ai d&rsquo;ailleurs pas \u00e9t\u00e9 le seul \u00e0 faire avancer cette id\u00e9e car j&rsquo;ai lu, sous la plume <a href=\"http:\/\/ecolededemain.wordpress.com\/2014\/05\/13\/socle-commun-les-propositions-du-se-unsa\/\" target=\"_blank\">de repr\u00e9sentants syndicaux des professeurs<\/a>, des propositions similaires\u00a0:<\/p>\n<blockquote><p>\u00ab\u00a0L\u2019\u00e9l\u00e8ve apprend \u00e0 s\u2019exprimer, \u00e0 cr\u00e9er des contenus, \u00e0 publier et \u00e0 contribuer en ligne. Il d\u00e9veloppe une culture num\u00e9rique en exer\u00e7ant sa libert\u00e9 d\u2019expression et en confrontant ses opinions, son travail et ses cr\u00e9ations \u00e0 un auditoire universel.\u00a0\u00bb<\/p><\/blockquote>\n<p>Il s&rsquo;agit l\u00e0 d&rsquo;un enjeu de taille pour l&rsquo;\u00e9cole, qui ne sera vraiment refond\u00e9e qu&rsquo;en prenant en compte cette nouvelle approche de l&rsquo;enseignement, empreinte d&rsquo;<strong>\u00e9ducation \u00e0 l&rsquo;information et aux m\u00e9dias<\/strong>. Ceux qui r\u00e9digent le socle commun de connaissances, de comp\u00e9tences et de culture et les programmes disciplinaires doivent int\u00e9grer cette nouvelle dimension : <span style=\"background-color: #ffff99;\"><strong>publier, contribuer, donner son opinion, \u00e9changer des arguments doit s&rsquo;apprendre \u00e0 l&rsquo;\u00e9cole<\/strong><\/span>. Les codes de ces nouveaux apprentissages doivent \u00eatre compris, des r\u00e8gles doivent \u00eatre construites, de m\u00eame que les droits et obligations aff\u00e9rents.<\/p>\n<p>Il est n\u00e9cessaire de rappeler, douze ans apr\u00e8s les faits, que de jeunes \u00e9l\u00e8ves de coll\u00e8ge ont \u00e9t\u00e9 tr\u00e8s s\u00e9v\u00e8rement sanctionn\u00e9s \u2014\u00a0des exclusions <em>illico<\/em>, dans la plupart des cas\u00a0\u2014 pour avoir abus\u00e9 de leur libert\u00e9 d&rsquo;expression sur des blogues alors que personne, au sein m\u00eame du syst\u00e8me \u00e9ducatif, n&rsquo;avait pris auparavant l&rsquo;initiative de leur pr\u00e9ciser les limites de cette libert\u00e9 ni de leur dire leurs droits et leurs obligations en ce domaine\u00a0! Plus jamais \u00e7a\u00a0!<\/p>\n<p>Si l&rsquo;\u00e9cole fait ce qu&rsquo;il convient de faire pour s&rsquo;adapter, pourquoi douter alors de la capacit\u00e9 des \u00e9l\u00e8ves, \u00e0 commencer par les plus grands, les lyc\u00e9ens, \u00e0 bien int\u00e9grer, dans l&rsquo;exercice de cette libert\u00e9 offerte \u00e0 tous, les obligations l\u00e9gales li\u00e9es \u00e0 la publication et aux limites de la libert\u00e9 d&rsquo;expression\u00a0? Oui, pourquoi ce doute et cette m\u00e9fiance\u00a0<em>a priori<\/em>, cette absence totale de consid\u00e9ration,\u00a0qui impr\u00e8gnent les textes actuels\u00a0?<\/p>\n<h3><strong>R\u00e9\u00e9crire le code de l&rsquo;\u00e9ducation<\/strong><\/h3>\n<p>Il devient donc indispensable, en 2014, \u00e0 l&rsquo;heure du num\u00e9rique, de r\u00e9\u00e9crire tous ces textes inadapt\u00e9s et obsol\u00e8tes, de les d\u00e9poussi\u00e9rer, de les pr\u00e9ciser, de les augmenter, \u00e0 la lumi\u00e8re des nouvelles pratiques d&rsquo;expression en ligne et de la proposition de Benjamin Bayart, pour garantir cette libert\u00e9 fondamentale.<\/p>\n<p>Ces\u00a0nouveaux textes \u00e0 construire doivent <span style=\"background-color: #ffff99;\"><strong>\u00e9largir et renforcer les droits <\/strong><\/span>des \u00e9coliers et des coll\u00e9giens \u00e0 s&rsquo;exprimer, notamment en ligne, tout en pr\u00e9cisant bien leurs obligations. De m\u00eame, au lyc\u00e9e, les \u00e9l\u00e8ves doivent maintenant pouvoir b\u00e9n\u00e9ficier des m\u00eames droits et obligations que les adultes. Enfin, ces lyc\u00e9ens devraient\u00a0pouvoir saisir l&rsquo;autorit\u00e9 administrative si d&rsquo;aventure on avait tent\u00e9 de les priver de certaines de leurs libert\u00e9s.<\/p>\n<p>Concernant les publications lyc\u00e9ennes, les notions de publications internes ou de panneaux d&rsquo;affichage n&rsquo;ont plus gu\u00e8re de sens et toutes les publications, individuelles ou collectives, devraient pouvoir b\u00e9n\u00e9ficier des dispositions idoines, au sens de la loi de 1881 sur la presse, et \u00eatre ainsi disponibles dans l&rsquo;espace public. \u00c0 titre d\u00e9rogatoire, et selon certaines conditions \u00e0 pr\u00e9ciser et notamment l&rsquo;accord des parents, <strong>un \u00e9l\u00e8ve mineur pourrait prendre la direction d&rsquo;une publication et en assumer la responsabilit\u00e9 \u00e9ditoriale<\/strong>.<\/p>\n<p>Une premi\u00e8re bonne id\u00e9e serait, par exemple, d&rsquo;offrir, sous le seul contr\u00f4le et l&rsquo;enti\u00e8re responsabilit\u00e9 des \u00e9lus de la vie lyc\u00e9enne, un espace autonome d&rsquo;expression sur le site web public du lyc\u00e9e. Une deuxi\u00e8me pourrait \u00eatre d&rsquo;autoriser la cr\u00e9ation de comptes publics sur les r\u00e9seaux sociaux. Une troisi\u00e8me pourrait \u00eatre que l&rsquo;animation en ligne de la communaut\u00e9 lyc\u00e9enne sur ces r\u00e9seaux soit confi\u00e9e \u00e0 un \u00e9lu de la vie lyc\u00e9enne&#8230;<\/p>\n<p>Je ne suis pas sp\u00e9cialiste du droit et de l&rsquo;\u00e9criture des textes administratifs mais je suis preneur de toutes les bonnes id\u00e9es pour ce faire. J&rsquo;en appelle \u00e0 tous mes lecteurs comp\u00e9tents \u00e0 ce sujet et attends leurs excellentes suggestions.<\/p>\n<p>Michel Guillou\u00a0<a style=\"font-style: inherit; color: #282128;\" href=\"https:\/\/twitter.com\/michelguillou\" target=\"_blank\">@michelguillou<\/a><\/p>\n<p style=\"color: #0b6bbf;\"><a style=\"font-style: inherit; color: #282128;\" href=\"http:\/\/creativecommons.org\/licenses\/by-nc-sa\/4.0\/\" target=\"_blank\"><img loading=\"lazy\" decoding=\"async\" class=\"alignnone\" style=\"font-weight: inherit; font-style: inherit;\" src=\"http:\/\/i.creativecommons.org\/l\/by-nc-sa\/2.0\/fr\/80x15.png\" alt=\"image\" width=\"80\" height=\"15\" \/><\/a><\/p>\n<p>Cr\u00e9dit photo : Wikip\u00e9dia<\/p>\n<p>1. \u00a0\u00c9loge de la m\u00e9diocrit\u00e9\u2026\u00a0<a title=\"\u00c9loge de la m\u00e9diocrit\u00e9\u2026\" href=\"http:\/\/www.culture-numerique.fr\/?p=26\" target=\"_blank\">http:\/\/www.culture-numerique.fr\/?p=26<\/a><br \/>\nSur Internet, personne ne sait que vous \u00eates un cadre\u00a0<a title=\"Sur Internet, personne ne sait que vous \u00eates un cadre\" href=\"http:\/\/www.culture-numerique.fr\/?p=487\" target=\"_blank\">http:\/\/www.culture-numerique.fr\/?p=487<\/a><br \/>\nChacun doit pouvoir faire des fautes d\u2019orthographe sur Internet\u2026\u00a0<a title=\"Chacun doit pouvoir faire des fautes d\u2019orthographe sur Internet\u2026\" href=\"http:\/\/www.culture-numerique.fr\/?p=235\" target=\"_blank\">http:\/\/www.culture-numerique.fr\/?p=235<\/a><\/p>\n<p>2. Engagez-vous, rengagez-vous, qu\u2019ils disaient !\u00a0<a title=\"Engagez-vous, rengagez-vous, qu\u2019ils disaient !\" href=\"http:\/\/www.culture-numerique.fr\/?p=1217\" target=\"_blank\">http:\/\/www.culture-numerique.fr\/?p=1217<\/a><\/p>\n<p>3.\u00a0Petit floril\u00e8ge d\u2019extraits rigolos (ou pas) de r\u00e8glements int\u00e9rieurs de lyc\u00e9es\u00a0<a title=\"Petit floril\u00e8ge d\u2019extraits rigolos (ou pas) de r\u00e8glements int\u00e9rieurs de lyc\u00e9es\" href=\"http:\/\/www.culture-numerique.fr\/?p=222\" target=\"_blank\">http:\/\/www.culture-numerique.fr\/?p=222<\/a><br \/>\nEngagez-vous, rengagez-vous, qu\u2019ils disaient !\u00a0<a title=\"Engagez-vous, rengagez-vous, qu\u2019ils disaient !\" href=\"http:\/\/www.culture-numerique.fr\/?p=1217\" target=\"_blank\">http:\/\/www.culture-numerique.fr\/?p=1217<\/a><\/p>\n<p>4. Socle : tous les \u00e9l\u00e8ves doivent savoir publier <a href=\"http:\/\/www.culture-numerique.fr\/?p=843\" target=\"_blank\">http:\/\/www.culture-numerique.fr\/?p=843<\/a><\/p>\n<p>&nbsp;<\/p>\n","protected":false},"excerpt":{"rendered":"<p><a href=\"http:\/\/www.culture-numerique.fr\/wp-content\/uploads\/2014\/07\/Lettres_patentes_Declaration_droit_hommes_1789_maitrier05125.jpg\"><img loading=\"lazy\" decoding=\"async\" class=\"alignleft wp-image-1257 size-medium\" src=\"http:\/\/www.culture-numerique.fr\/wp-content\/uploads\/2014\/07\/Lettres_patentes_Declaration_droit_hommes_1789_maitrier05125-225x300.jpg\" alt=\"Lettres patentes du roi\" width=\"225\" height=\"300\" srcset=\"https:\/\/www.culture-numerique.fr\/wp-content\/uploads\/2014\/07\/Lettres_patentes_Declaration_droit_hommes_1789_maitrier05125-225x300.jpg 225w, https:\/\/www.culture-numerique.fr\/wp-content\/uploads\/2014\/07\/Lettres_patentes_Declaration_droit_hommes_1789_maitrier05125-100x133.jpg 100w, https:\/\/www.culture-numerique.fr\/wp-content\/uploads\/2014\/07\/Lettres_patentes_Declaration_droit_hommes_1789_maitrier05125-150x199.jpg 150w, https:\/\/www.culture-numerique.fr\/wp-content\/uploads\/2014\/07\/Lettres_patentes_Declaration_droit_hommes_1789_maitrier05125-200x266.jpg 200w, https:\/\/www.culture-numerique.fr\/wp-content\/uploads\/2014\/07\/Lettres_patentes_Declaration_droit_hommes_1789_maitrier05125-300x399.jpg 300w, https:\/\/www.culture-numerique.fr\/wp-content\/uploads\/2014\/07\/Lettres_patentes_Declaration_droit_hommes_1789_maitrier05125-450x598.jpg 450w, https:\/\/www.culture-numerique.fr\/wp-content\/uploads\/2014\/07\/Lettres_patentes_Declaration_droit_hommes_1789_maitrier05125.jpg 466w\" sizes=\"auto, (max-width: 225px) 100vw, 225px\" \/><\/a><\/p>\n<p><strong>Il en va du num\u00e9rique et de ses enjeux<\/strong> comme de beaucoup d&rsquo;autres sujets\u00a0: ceux qui en parlent avec pertinence ne sont jamais les premiers \u00e0 se pr\u00e9cipiter sur le microphone. Pendant que le microcosme id\u00e9ologico-politique s&rsquo;agite en sous-main autour de l&rsquo;enseignement du code,<\/p>\n<p><span class=\"ellipsis\">&hellip;<\/span><\/p>\n<div class=\"read-more\"><a href=\"https:\/\/www.culture-numerique.fr\/?p=1248\">Lire la suite &#8250;<\/a><\/div>\n<p><!-- end of .read-more --><\/p>\n","protected":false},"author":1,"featured_media":1257,"comment_status":"open","ping_status":"open","sticky":false,"template":"","format":"standard","meta":{"jetpack_post_was_ever_published":false,"_jetpack_newsletter_access":"","_jetpack_dont_email_post_to_subs":false,"_jetpack_newsletter_tier_id":0,"_jetpack_memberships_contains_paywalled_content":false,"_jetpack_memberships_contains_paid_content":false,"footnotes":""},"categories":[9],"tags":[429,355,428,427,16,385,386,111,13,88,158],"class_list":["post-1248","post","type-post","status-publish","format-standard","has-post-thumbnail","hentry","category-billets-dhumeur","tag-benjamin-bayart","tag-code-de-leducation","tag-droits-des-eleves","tag-droits-des-enfants","tag-droits-fondamentaux","tag-droits-lyceens","tag-education-a-linformation","tag-education-aux-medias","tag-liberte-dexpression","tag-liberte-dopinion","tag-vie-lyceenne"],"jetpack_featured_media_url":"https:\/\/www.culture-numerique.fr\/wp-content\/uploads\/2014\/07\/Lettres_patentes_Declaration_droit_hommes_1789_maitrier05125.jpg","jetpack_sharing_enabled":true,"_links":{"self":[{"href":"https:\/\/www.culture-numerique.fr\/index.php?rest_route=\/wp\/v2\/posts\/1248","targetHints":{"allow":["GET"]}}],"collection":[{"href":"https:\/\/www.culture-numerique.fr\/index.php?rest_route=\/wp\/v2\/posts"}],"about":[{"href":"https:\/\/www.culture-numerique.fr\/index.php?rest_route=\/wp\/v2\/types\/post"}],"author":[{"embeddable":true,"href":"https:\/\/www.culture-numerique.fr\/index.php?rest_route=\/wp\/v2\/users\/1"}],"replies":[{"embeddable":true,"href":"https:\/\/www.culture-numerique.fr\/index.php?rest_route=%2Fwp%2Fv2%2Fcomments&post=1248"}],"version-history":[{"count":38,"href":"https:\/\/www.culture-numerique.fr\/index.php?rest_route=\/wp\/v2\/posts\/1248\/revisions"}],"predecessor-version":[{"id":4821,"href":"https:\/\/www.culture-numerique.fr\/index.php?rest_route=\/wp\/v2\/posts\/1248\/revisions\/4821"}],"wp:featuredmedia":[{"embeddable":true,"href":"https:\/\/www.culture-numerique.fr\/index.php?rest_route=\/wp\/v2\/media\/1257"}],"wp:attachment":[{"href":"https:\/\/www.culture-numerique.fr\/index.php?rest_route=%2Fwp%2Fv2%2Fmedia&parent=1248"}],"wp:term":[{"taxonomy":"category","embeddable":true,"href":"https:\/\/www.culture-numerique.fr\/index.php?rest_route=%2Fwp%2Fv2%2Fcategories&post=1248"},{"taxonomy":"post_tag","embeddable":true,"href":"https:\/\/www.culture-numerique.fr\/index.php?rest_route=%2Fwp%2Fv2%2Ftags&post=1248"}],"curies":[{"name":"wp","href":"https:\/\/api.w.org\/{rel}","templated":true}]}}