{"id":1217,"date":"2014-07-21T00:26:31","date_gmt":"2014-07-20T22:26:31","guid":{"rendered":"http:\/\/www.culture-numerique.fr\/?p=1217"},"modified":"2016-11-25T10:22:58","modified_gmt":"2016-11-25T09:22:58","slug":"engagez-vous-rengagez-vous-quils-disaient-2","status":"publish","type":"post","link":"https:\/\/www.culture-numerique.fr\/?p=1217","title":{"rendered":"Engagez-vous, rengagez-vous, qu\u2019ils disaient\u00a0!"},"content":{"rendered":"<p><a href=\"http:\/\/www.culture-numerique.fr\/wp-content\/uploads\/2014\/07\/large_3194631931.jpg\"><img loading=\"lazy\" decoding=\"async\" class=\"alignleft size-full wp-image-1219\" src=\"http:\/\/www.culture-numerique.fr\/wp-content\/uploads\/2014\/07\/large_3194631931.jpg\" alt=\"Lyc\u00e9ens\" width=\"1024\" height=\"578\" srcset=\"https:\/\/www.culture-numerique.fr\/wp-content\/uploads\/2014\/07\/large_3194631931.jpg 1024w, https:\/\/www.culture-numerique.fr\/wp-content\/uploads\/2014\/07\/large_3194631931-300x169.jpg 300w, https:\/\/www.culture-numerique.fr\/wp-content\/uploads\/2014\/07\/large_3194631931-265x150.jpg 265w, https:\/\/www.culture-numerique.fr\/wp-content\/uploads\/2014\/07\/large_3194631931-435x245.jpg 435w, https:\/\/www.culture-numerique.fr\/wp-content\/uploads\/2014\/07\/large_3194631931-280x158.jpg 280w, https:\/\/www.culture-numerique.fr\/wp-content\/uploads\/2014\/07\/large_3194631931-560x316.jpg 560w, https:\/\/www.culture-numerique.fr\/wp-content\/uploads\/2014\/07\/large_3194631931-100x56.jpg 100w, https:\/\/www.culture-numerique.fr\/wp-content\/uploads\/2014\/07\/large_3194631931-150x84.jpg 150w, https:\/\/www.culture-numerique.fr\/wp-content\/uploads\/2014\/07\/large_3194631931-200x112.jpg 200w, https:\/\/www.culture-numerique.fr\/wp-content\/uploads\/2014\/07\/large_3194631931-450x254.jpg 450w, https:\/\/www.culture-numerique.fr\/wp-content\/uploads\/2014\/07\/large_3194631931-600x338.jpg 600w, https:\/\/www.culture-numerique.fr\/wp-content\/uploads\/2014\/07\/large_3194631931-900x508.jpg 900w\" sizes=\"auto, (max-width: 1024px) 100vw, 1024px\" \/><\/a><\/p>\n<p><strong>Juillet est un mois<\/strong> qui r\u00e9serve parfois des bonnes surprises. C&rsquo;est souvent l&rsquo;occasion de circulaires qu&rsquo;on n&rsquo;attendait plus et de\u00a0d\u00e9cisions de derni\u00e8re heure.<\/p>\n<p>Cette ann\u00e9e encore, le bulletin officiel nous d\u00e9livre, en ce 16\u00a0juillet dernier, <a href=\"http:\/\/www.education.gouv.fr\/pid25535\/bulletin_officiel.html?cid_bo=81301\" target=\"_blank\">la 92e circulaire de l&rsquo;ann\u00e9e<\/a> qui concerne <a href=\"http:\/\/www.education.gouv.fr\/pid29865\/la-vie-lyceenne.html\" target=\"_blank\">la vie lyc\u00e9enne<\/a> et a pour objectif de favoriser l&rsquo;engagement des \u00e9l\u00e8ves. Cette forme de repr\u00e9sentation et de valorisation de la d\u00e9mocratie dans les lyc\u00e9es existe pourtant depuis le d\u00e9but des ann\u00e9es 90 mais n&rsquo;a pas vu na\u00eetre d&rsquo;\u00e9volutions majeures, malgr\u00e9 l&rsquo;\u00e9vidente implication des jeunes et les souhaits de leurs repr\u00e9sentants.<\/p>\n<blockquote><p>\u00ab\u00a0\u00c0 une p\u00e9riode o\u00f9 l&rsquo;engagement des jeunes pour la d\u00e9fense des principes de la R\u00e9publique est primordial, la pr\u00e9sente circulaire vise \u00e0 donner un nouveau souffle \u00e0 la participation des lyc\u00e9ens \u00e0 la vie de leur \u00e9tablissement. L&rsquo;apprentissage de la citoyennet\u00e9 et du vivre ensemble est un objectif p\u00e9dagogique aussi important que la transmission des savoirs. Il participe de la construction de l&rsquo;individu et de l&rsquo;appr\u00e9hension de la responsabilit\u00e9. La connaissance des droits et des obligations des lyc\u00e9ens et leur expression dans les instances de la vie lyc\u00e9enne contribuent \u00e0 cette construction.\u00a0\u00bb<\/p><\/blockquote>\n<h3><strong>Fort bien. Oh\u00a0! les beaux prol\u00e9gom\u00e8nes\u00a0!<\/strong><\/h3>\n<p>Cette circulaire rappelle ensuite,\u00a0de mani\u00e8re un peu ferme, leurs obligations aux chefs d&rsquo;\u00e9tablissement\u00a0:<\/p>\n<blockquote><p>\u00ab [Suite aux constats n\u00e9s de la consultation nationale, il est n\u00e9cessaire de]\u00a0confirmer la n\u00e9cessit\u00e9 de sensibiliser davantage les \u00e9l\u00e8ves par une formation adapt\u00e9e et de mobiliser l&rsquo;ensemble de la communaut\u00e9 \u00e9ducative afin d&rsquo;encourager et d&rsquo;accompagner les initiatives lyc\u00e9ennes, condition n\u00e9cessaire \u00e0 l&rsquo;exercice de la responsabilit\u00e9 et \u00e0 l&rsquo;acquisition de l&rsquo;autonomie.<\/p>\n<p>Il revient ainsi aux chefs d&rsquo;\u00e9tablissement de veiller aux respects des droits et libert\u00e9s des lyc\u00e9ens\u00a0et d&rsquo;en faciliter l&rsquo;exercice\u00a0: libert\u00e9s d&rsquo;expression, dont le droit de publication et le droit d&rsquo;affichage (articles R. 511-6, 7 et 8 du code de l&rsquo;\u00e9ducation), d&rsquo;association (article R. 511-9) et de r\u00e9union (article R. 511-10). Il est rappel\u00e9 que le conseil de vie lyc\u00e9enne est l&rsquo;instance o\u00f9 sont d\u00e9battues toutes les questions concr\u00e8tes relatives au travail scolaire et aux conditions de vie des \u00e9l\u00e8ves dans l&rsquo;\u00e9tablissement. Il doit \u00eatre obligatoirement consult\u00e9 avant chaque conseil d&rsquo;administration sur les champs de comp\u00e9tences qui sont les siens&#8230;\u00a0\u00bb.<\/p><\/blockquote>\n<p>Voil\u00e0 qui est clair et bien senti ! On prend mieux conscience de l&rsquo;\u00e9tat d\u00e9l\u00e9t\u00e8re de la d\u00e9mocratie lyc\u00e9enne \u00e0 l&rsquo;aune de ces rappels injonctifs. C&rsquo;est en tout cas un texte nouveau sur lequel les lyc\u00e9ens et, tout particuli\u00e8rement, les \u00e9lus de la vie lyc\u00e9enne, pourront s&rsquo;appuyer au cas o\u00f9&#8230;<\/p>\n<h3><strong>Des\u00a0semaines de l&rsquo;engagement lyc\u00e9en et de la d\u00e9mocratie scolaire<\/strong><\/h3>\n<p>Apr\u00e8s ce qui avait \u00e9t\u00e9 exp\u00e9riment\u00e9 \u00e7\u00e0 et l\u00e0 depuis quelques ann\u00e9es, sera mise en place, \u00e0 des dates pr\u00e9cises et avant les \u00e9lections des nouveaux \u00e9lus lyc\u00e9ens, une <strong>semaine de l&rsquo;engagement lyc\u00e9en. <\/strong>On y organisera une heure de formation, avec un effort particulier pour les nouveaux lyc\u00e9ens, \u00e9l\u00e8ves des classe de seconde,\u00a0pendant laquelle on y \u00e9voquera\u00a0:<\/p>\n<blockquote><p>\u00ab\u00a0&#8230;\u00a0les droits et devoirs des \u00e9l\u00e8ves ainsi que [&#8230;]\u00a0le fonctionnement des instances lyc\u00e9ennes afin de favoriser l&rsquo;engagement et la participation des lyc\u00e9ens&#8230;<span style=\"color: #000000;\">\u00a0\u00bb.\u00a0<\/span><\/p><\/blockquote>\n<p>Il s&rsquo;agit l\u00e0 d&rsquo;une avanc\u00e9e majeure et importante qui \u00e9tait attendue par beaucoup, les repr\u00e9sentants des lyc\u00e9ens d&rsquo;une part, tous ceux qui, dans les lyc\u00e9es ou au niveau acad\u00e9mique, \u00e9taient et restent attach\u00e9s \u00e0 la r\u00e9ussite de la d\u00e9mocratie lyc\u00e9enne et conscients des heureuses perspectives qu&rsquo;une mise en place r\u00e9ussie peut faire na\u00eetre.<\/p>\n<p>Par ailleurs, d&rsquo;une mani\u00e8re encore plus pr\u00e9cise, la 6e semaine de l&rsquo;ann\u00e9e scolaire sera d\u00e9clar\u00e9e <strong>semaine de la d\u00e9mocratie scolaire<\/strong> et verra \u00a0s&rsquo;organiser et se d\u00e9rouler l&rsquo;ensemble des \u00e9lections au Conseil de la vie lyc\u00e9enne et au Conseil d&rsquo;administration.<\/p>\n<p>Autre avanc\u00e9e \u00e0 retenir : l&rsquo;organisation syst\u00e9matique de la formation des \u00e9lus C. V. L. (conseils de la vie lyc\u00e9enne), aux diff\u00e9rents niveaux de l&rsquo;acad\u00e9mie. Enfin, des rappels tr\u00e8s forts sont faits \u00e0 destination des chefs d&rsquo;\u00e9tablissement, qui donnent une id\u00e9e de la mani\u00e8re dont certains de ces derniers osaient s&rsquo;affranchir, ces derni\u00e8res ann\u00e9es, de leurs obligations dans ces domaines\u00a0:<\/p>\n<blockquote><p>\u00ab\u00a0La participation des repr\u00e9sentants des \u00e9l\u00e8ves dans les instances o\u00f9 ils si\u00e8gent au niveau national, acad\u00e9mique et de l&rsquo;\u00e9tablissement, doit \u00eatre encourag\u00e9e et valoris\u00e9e. Par cons\u00e9quent, il est exclu que les absences aux cours, qui sont la cons\u00e9quence de ces participations, soient report\u00e9es sur le bulletin scolaire et d\u00e9compt\u00e9es au m\u00eame titre que les autres absences.\u00a0\u00bb<\/p><\/blockquote>\n<p>Toute la hi\u00e9rarchie est concern\u00e9e par cette circulaire et impliqu\u00e9e dans sa mise en \u0153uvre d\u00e8s la rentr\u00e9e, des conseillers principaux d&rsquo;\u00e9ducation aux recteurs en passant par les chefs d&rsquo;\u00e9tablissement, les IPR et proviseurs vie scolaire, les d\u00e9l\u00e9gu\u00e9s acad\u00e9miques \u00e0 la vie lyc\u00e9enne&#8230; Il s&rsquo;agit tr\u00e8s clairement de r\u00e9ussir la vie lyc\u00e9enne car, en v\u00e9rit\u00e9, on part de tr\u00e8s loin&#8230;<\/p>\n<h3><strong>Une vie lyc\u00e9enne moribonde<\/strong><\/h3>\n<p>La vie lyc\u00e9enne vivote en effet depuis vingt ans gr\u00e2ce \u00e0 l&rsquo;impulsion des quelques rares proviseurs impliqu\u00e9s ou des conseillers principaux d&rsquo;\u00e9ducation\u00a0qui ont la confiance des premiers. Le plus souvent, ce sont les lyc\u00e9ens eux-m\u00eames qui rappellent les textes aux chefs d&rsquo;\u00e9tablissement et les contraignent, en faisant le si\u00e8ge de leur bureau, chaque automne, \u00e0 organiser les \u00e9lections, \u00e0 mettre en place\u00a0les r\u00e9unions des CVL, \u00e0 consulter les dits CVL avant chaque conseil d&rsquo;administration, \u00e0 susciter les projets d&rsquo;\u00e9tablissement&#8230; \u00e0 faire vivre la d\u00e9mocratie lyc\u00e9enne, tout simplement.<\/p>\n<p>Il suffit, pour s&rsquo;en convaincre, d&rsquo;interroger quelques lyc\u00e9ens \u00e0 ce sujet ou, mieux, quelques \u00e9lus de la vie lyc\u00e9enne. Il peut \u00eatre int\u00e9ressant aussi de faire, <a title=\"Petit floril\u00e8ge d\u2019extraits rigolos (ou pas) de r\u00e8glements int\u00e9rieurs de lyc\u00e9es\" href=\"http:\/\/www.culture-numerique.fr\/?p=222\" target=\"_blank\">comme je l&rsquo;avais fait r\u00e9cemment<\/a>, une\u00a0lecture attentive des r\u00e8glements int\u00e9rieurs des lyc\u00e9es dans lesquels, bien souvent, les droits m\u00eames des lyc\u00e9ens (expression, publication, r\u00e9union, association&#8230;) sont bafou\u00e9s, au m\u00e9pris des textes officiels et de la loi. Ces derniers\u00a0sont pourtant rappel\u00e9s sur <a href=\"http:\/\/www.education.gouv.fr\/cid73240\/consulter-les-textes-officiels.html\" target=\"_blank\">le site m\u00eame de la vie lyc\u00e9enne<\/a>.<\/p>\n<p>Tenez, rappelez-vous, juste un extrait pour l&rsquo;exemple\u00a0:<\/p>\n<blockquote><p>\u00ab\u00a0Tout texte, toute publication, toute affiche doit \u00eatre vis\u00e9 au pr\u00e9alable par le Chef (sic) d\u2019\u00e9tablissement et sign\u00e9 par son auteur.\u00a0\u00bb<\/p><\/blockquote>\n<p>Si on revient un instant sur la circulaire en r\u00e9f\u00e9rence, dont la tonalit\u00e9 g\u00e9n\u00e9rale est plut\u00f4t injonctive, ce texte c\u00e8de\u00a0vite le pas \u00e0 de p\u00e2les conseils ou recommandations. \u00c0 propos de la semaine de l&rsquo;engagement lyc\u00e9en et de la formation qui est due aux lyc\u00e9ens sur le fonctionnement des instances de la vie lyc\u00e9enne, il est indiqu\u00e9 que les chefs d&rsquo;\u00e9tablissement\u00a0:<\/p>\n<blockquote><p>\u00ab\u00a0&#8230;pourront [associer]\u00a0des lyc\u00e9ens engag\u00e9s dans les instances de leur \u00e9tablissement ou dans la vie associative, dans la perspective d&rsquo;une transmission entre pairs<span style=\"color: #000000;\">\u00a0\u00bb.<\/span><\/p><\/blockquote>\n<p>\u00ab\u00a0<em>Pourront<\/em>\u00a0\u00bb\u00a0! Comme s&rsquo;il n&rsquo;\u00e9tait pas indispensable que les \u00e9lus les plus anciens participent \u00e0 la formation des nouveaux\u00a0! C&rsquo;est obligatoire, imp\u00e9rieux\u00a0! Il en va \u00e9videmment de la r\u00e9ussite de la repr\u00e9sentation lyc\u00e9enne que cette transmission par les pairs soit mise en place.<\/p>\n<h3><strong>Une \u00e9tape vers l&rsquo;engagement des coll\u00e9giens<\/strong><\/h3>\n<p>Rien dans cette circulaire n&rsquo;est enfin mentionn\u00e9 quant \u00e0 des avanc\u00e9es possibles pour faire progresser et valoriser au coll\u00e8ge l&rsquo;engagement des jeunes coll\u00e9giens. On aurait pu pourtant imaginer des dispositifs \u00e9quivalents \u00e0 ceux de la vie lyc\u00e9enne\u00a0permettant, comme au lyc\u00e9e, d&rsquo;\u00e9lire des \u00e9lus, repr\u00e9sentants de leurs camarades, qui pourraient \u00eatre consult\u00e9s, eux aussi, avant chaque conseil d&rsquo;administration, sur les questions qui les concernent directement.<\/p>\n<p>Est-ce partie remise\u00a0? Il ne reste plus qu&rsquo;\u00e0 l&rsquo;esp\u00e9rer.<\/p>\n<p>Pour information, suite \u00e0 cette circulaire, les d\u00e9clarations des syndicats ou organisations des \u00e9l\u00e8ves, le <a href=\"http:\/\/www.sgl-fr.org\/2014\/07\/17\/dynamiser-la-vie-lyceenne\/\" target=\"_blank\">S. G. L<\/a>. et l&rsquo;<a href=\"http:\/\/unl-fr.org\/une-nouvelle-etape-de-la-democratie-lyceenne-a-la-rentree\" target=\"_blank\">U. N. L<\/a>.<\/p>\n<p style=\"color: #0b6bbf;\">Michel Guillou\u00a0<a style=\"font-style: inherit; color: #282128;\" href=\"https:\/\/twitter.com\/michelguillou\" target=\"_blank\">@michelguillou<\/a><\/p>\n<p style=\"color: #0b6bbf;\"><a style=\"font-style: inherit; color: #282128;\" href=\"http:\/\/creativecommons.org\/licenses\/by-nc-sa\/4.0\/\" target=\"_blank\"><img loading=\"lazy\" decoding=\"async\" class=\"alignnone\" style=\"font-weight: inherit; font-style: inherit;\" src=\"http:\/\/i.creativecommons.org\/l\/by-nc-sa\/2.0\/fr\/80x15.png\" alt=\"image\" width=\"80\" height=\"15\" \/><\/a><\/p>\n<p>Cr\u00e9dit photo\u00a0: <a href=\"https:\/\/www.flickr.com\/photos\/mlr654\/3194631931\/\">Martin Le Roy<\/a> via <a href=\"http:\/\/photopin.com\">photopin<\/a> <a href=\"http:\/\/creativecommons.org\/licenses\/by-nc-sa\/2.0\/\">cc<\/a><\/p>\n<p>[cite]<\/p>\n","protected":false},"excerpt":{"rendered":"<p><a href=\"http:\/\/www.culture-numerique.fr\/wp-content\/uploads\/2014\/07\/large_3194631931.jpg\"><img loading=\"lazy\" decoding=\"async\" class=\"alignleft size-full wp-image-1219\" src=\"http:\/\/www.culture-numerique.fr\/wp-content\/uploads\/2014\/07\/large_3194631931.jpg\" alt=\"Lyc\u00e9ens\" width=\"1024\" height=\"578\" srcset=\"https:\/\/www.culture-numerique.fr\/wp-content\/uploads\/2014\/07\/large_3194631931.jpg 1024w, https:\/\/www.culture-numerique.fr\/wp-content\/uploads\/2014\/07\/large_3194631931-300x169.jpg 300w, https:\/\/www.culture-numerique.fr\/wp-content\/uploads\/2014\/07\/large_3194631931-265x150.jpg 265w, https:\/\/www.culture-numerique.fr\/wp-content\/uploads\/2014\/07\/large_3194631931-435x245.jpg 435w, https:\/\/www.culture-numerique.fr\/wp-content\/uploads\/2014\/07\/large_3194631931-280x158.jpg 280w, https:\/\/www.culture-numerique.fr\/wp-content\/uploads\/2014\/07\/large_3194631931-560x316.jpg 560w, https:\/\/www.culture-numerique.fr\/wp-content\/uploads\/2014\/07\/large_3194631931-100x56.jpg 100w, https:\/\/www.culture-numerique.fr\/wp-content\/uploads\/2014\/07\/large_3194631931-150x84.jpg 150w, https:\/\/www.culture-numerique.fr\/wp-content\/uploads\/2014\/07\/large_3194631931-200x112.jpg 200w, https:\/\/www.culture-numerique.fr\/wp-content\/uploads\/2014\/07\/large_3194631931-450x254.jpg 450w, https:\/\/www.culture-numerique.fr\/wp-content\/uploads\/2014\/07\/large_3194631931-600x338.jpg 600w, https:\/\/www.culture-numerique.fr\/wp-content\/uploads\/2014\/07\/large_3194631931-900x508.jpg 900w\" sizes=\"auto, (max-width: 1024px) 100vw, 1024px\" \/><\/a><\/p>\n<p><strong>Juillet est un mois<\/strong> qui r\u00e9serve parfois des bonnes surprises. C&rsquo;est souvent l&rsquo;occasion de circulaires qu&rsquo;on n&rsquo;attendait plus et de\u00a0d\u00e9cisions de derni\u00e8re heure.<\/p>\n<p>Cette ann\u00e9e encore, le bulletin officiel nous d\u00e9livre,<\/p>\n<p><span class=\"ellipsis\">&hellip;<\/span><\/p>\n<div class=\"read-more\"><a href=\"https:\/\/www.culture-numerique.fr\/?p=1217\">Lire la suite &#8250;<\/a><\/div>\n<p><!-- end of .read-more --><\/p>\n","protected":false},"author":1,"featured_media":1219,"comment_status":"open","ping_status":"open","sticky":false,"template":"","format":"standard","meta":{"jetpack_post_was_ever_published":false,"_jetpack_newsletter_access":"","_jetpack_dont_email_post_to_subs":true,"_jetpack_newsletter_tier_id":0,"_jetpack_memberships_contains_paywalled_content":false,"_jetpack_memberships_contains_paid_content":false,"footnotes":""},"categories":[9],"tags":[424,425,385,157,423,426,158],"class_list":["post-1217","post","type-post","status-publish","format-standard","has-post-thumbnail","hentry","category-billets-dhumeur","tag-democratie-lyceenne","tag-democratie-scolaire","tag-droits-lyceens","tag-lyceens","tag-lycees","tag-representation-lyceenne","tag-vie-lyceenne"],"jetpack_featured_media_url":"https:\/\/www.culture-numerique.fr\/wp-content\/uploads\/2014\/07\/large_3194631931.jpg","jetpack_sharing_enabled":true,"_links":{"self":[{"href":"https:\/\/www.culture-numerique.fr\/index.php?rest_route=\/wp\/v2\/posts\/1217","targetHints":{"allow":["GET"]}}],"collection":[{"href":"https:\/\/www.culture-numerique.fr\/index.php?rest_route=\/wp\/v2\/posts"}],"about":[{"href":"https:\/\/www.culture-numerique.fr\/index.php?rest_route=\/wp\/v2\/types\/post"}],"author":[{"embeddable":true,"href":"https:\/\/www.culture-numerique.fr\/index.php?rest_route=\/wp\/v2\/users\/1"}],"replies":[{"embeddable":true,"href":"https:\/\/www.culture-numerique.fr\/index.php?rest_route=%2Fwp%2Fv2%2Fcomments&post=1217"}],"version-history":[{"count":29,"href":"https:\/\/www.culture-numerique.fr\/index.php?rest_route=\/wp\/v2\/posts\/1217\/revisions"}],"predecessor-version":[{"id":5643,"href":"https:\/\/www.culture-numerique.fr\/index.php?rest_route=\/wp\/v2\/posts\/1217\/revisions\/5643"}],"wp:featuredmedia":[{"embeddable":true,"href":"https:\/\/www.culture-numerique.fr\/index.php?rest_route=\/wp\/v2\/media\/1219"}],"wp:attachment":[{"href":"https:\/\/www.culture-numerique.fr\/index.php?rest_route=%2Fwp%2Fv2%2Fmedia&parent=1217"}],"wp:term":[{"taxonomy":"category","embeddable":true,"href":"https:\/\/www.culture-numerique.fr\/index.php?rest_route=%2Fwp%2Fv2%2Fcategories&post=1217"},{"taxonomy":"post_tag","embeddable":true,"href":"https:\/\/www.culture-numerique.fr\/index.php?rest_route=%2Fwp%2Fv2%2Ftags&post=1217"}],"curies":[{"name":"wp","href":"https:\/\/api.w.org\/{rel}","templated":true}]}}