{"id":1167,"date":"2014-07-10T07:04:57","date_gmt":"2014-07-10T05:04:57","guid":{"rendered":"http:\/\/www.culture-numerique.fr\/?p=1167"},"modified":"2015-09-20T10:30:25","modified_gmt":"2015-09-20T08:30:25","slug":"programmes-de-maternelle-ou-est-passee-la-culture-numerique","status":"publish","type":"post","link":"https:\/\/www.culture-numerique.fr\/?p=1167","title":{"rendered":"Programmes de maternelle\u00a0: o\u00f9 est pass\u00e9e la culture num\u00e9rique\u00a0?"},"content":{"rendered":"<p><a href=\"http:\/\/www.culture-numerique.fr\/wp-content\/uploads\/2014\/07\/medium_7168391965.jpg\"><img loading=\"lazy\" decoding=\"async\" class=\"size-full wp-image-1170 aligncenter\" src=\"http:\/\/www.culture-numerique.fr\/wp-content\/uploads\/2014\/07\/medium_7168391965.jpg\" alt=\"\u00c9l\u00e8ves\" width=\"800\" height=\"534\" srcset=\"https:\/\/www.culture-numerique.fr\/wp-content\/uploads\/2014\/07\/medium_7168391965.jpg 800w, https:\/\/www.culture-numerique.fr\/wp-content\/uploads\/2014\/07\/medium_7168391965-300x200.jpg 300w, https:\/\/www.culture-numerique.fr\/wp-content\/uploads\/2014\/07\/medium_7168391965-100x66.jpg 100w, https:\/\/www.culture-numerique.fr\/wp-content\/uploads\/2014\/07\/medium_7168391965-150x100.jpg 150w, https:\/\/www.culture-numerique.fr\/wp-content\/uploads\/2014\/07\/medium_7168391965-200x133.jpg 200w, https:\/\/www.culture-numerique.fr\/wp-content\/uploads\/2014\/07\/medium_7168391965-450x300.jpg 450w, https:\/\/www.culture-numerique.fr\/wp-content\/uploads\/2014\/07\/medium_7168391965-600x400.jpg 600w\" sizes=\"auto, (max-width: 800px) 100vw, 800px\" \/><\/a><\/p>\n<p><strong>Depuis la fin du dernier automne<\/strong>, le nouveau Conseil sup\u00e9rieur des programmes est au travail. Nombreux sont ceux qui fondent de tr\u00e8s s\u00e9rieux espoirs quant \u00e0 l&rsquo;avancement et la r\u00e9ussite de ses travaux, en particulier pour faire avancer comme il convient le chantier de l&rsquo;\u00e9cole num\u00e9rique. J&rsquo;ai rappel\u00e9 l&rsquo;importance de tout cela\u00a0car, en \u00e9tant missionn\u00e9 pour <strong>modifier profond\u00e9ment les programmes disciplinaires<\/strong> et les modes d&rsquo;\u00e9valuation, y compris les examens, en faisant suppos\u00e9ment <strong>\u00e9voluer dans le bon sens la formation initiale<\/strong>\u00a0\u2014\u00a0car on part de tr\u00e8s loin \u00e0 ce sujet, et les nouvelles r\u00e9centes semblent d\u00e9sesp\u00e9rantes\u00a0!\u00a0\u2014, en proposant <strong>des modalit\u00e9s diff\u00e9rentes et des postures nouvelles pour enseigner<\/strong>, le C. S. P. \u00e9tait cens\u00e9 mettre enfin en ad\u00e9quation les missions de l&rsquo;\u00e9cole avec les enjeux de la r\u00e9volution num\u00e9rique.<\/p>\n<p>Fort heureusement, ce chantier de l&rsquo;\u00e9cole num\u00e9rique est toujours vivant, port\u00e9 par les deux ministres qui se sont succ\u00e9d\u00e9 rue de Grenelle mais aussi par la jeune Direction du num\u00e9rique pour l&rsquo;enseignement.<\/p>\n<p>La nomination et les prises de parole successives du premier pr\u00e9sident du C. S. P., <a title=\"Alain Boissinot : \u00ab Il devient \u00e0 la fois possible et n\u00e9cessaire, gr\u00e2ce au num\u00e9rique, d\u2019enseigner autrement \u00bb\" href=\"http:\/\/www.culture-numerique.fr\/?p=190\" target=\"_blank\">Alain Boissinot<\/a>, laissaient augurer <strong>des avanc\u00e9es prometteuses<\/strong>. Ce dernier\u00a0avait aussi montr\u00e9 sa capacit\u00e9 \u00e0 rester plut\u00f4t insensible aux pressions des lobbys\u00a0de toutes provenances. Et puis ces derni\u00e8res furent si fortes et le calendrier si contraint qu&rsquo;il fut malheureusement amen\u00e9 \u00e0 d\u00e9missionner. C&rsquo;\u00e9tait, <a title=\"Une mauvaise nouvelle pour le num\u00e9rique \u00e9ducatif\u00a0?\" href=\"http:\/\/www.culture-numerique.fr\/?p=1004\" target=\"_blank\">je l&rsquo;avais \u00e9crit \u00e0 l&rsquo;\u00e9poque<\/a>, <strong>le premier coup port\u00e9 au num\u00e9rique \u00e9ducatif<\/strong>.<\/p>\n<p>\u00c0 lire <a href=\"http:\/\/www.education.gouv.fr\/cid75495\/le-conseil-superieur-des-programmes.html\" target=\"_blank\">les premi\u00e8res productions aujourd&rsquo;hui disponibles<\/a> sur le site du minist\u00e8re, l&rsquo;entreprise de retrait et de d\u00e9sengagement est en marche et on reste tr\u00e8s loin des enjeux comme des promesses initiales.<\/p>\n<p><a href=\"http:\/\/www.culture-numerique.fr\/wp-content\/uploads\/2014\/07\/CSE-Programme-maternelle.jpg\"><img loading=\"lazy\" decoding=\"async\" class=\"alignright size-medium wp-image-1179\" src=\"http:\/\/www.culture-numerique.fr\/wp-content\/uploads\/2014\/07\/CSE-Programme-maternelle-212x300.jpg\" alt=\"CSE Programme maternelle\" width=\"212\" height=\"300\" srcset=\"https:\/\/www.culture-numerique.fr\/wp-content\/uploads\/2014\/07\/CSE-Programme-maternelle-212x300.jpg 212w, https:\/\/www.culture-numerique.fr\/wp-content\/uploads\/2014\/07\/CSE-Programme-maternelle-100x141.jpg 100w, https:\/\/www.culture-numerique.fr\/wp-content\/uploads\/2014\/07\/CSE-Programme-maternelle-150x211.jpg 150w, https:\/\/www.culture-numerique.fr\/wp-content\/uploads\/2014\/07\/CSE-Programme-maternelle-200x282.jpg 200w, https:\/\/www.culture-numerique.fr\/wp-content\/uploads\/2014\/07\/CSE-Programme-maternelle-300x423.jpg 300w, https:\/\/www.culture-numerique.fr\/wp-content\/uploads\/2014\/07\/CSE-Programme-maternelle.jpg 398w\" sizes=\"auto, (max-width: 212px) 100vw, 212px\" \/><\/a>Commen\u00e7ons par le projet de\u00a0<a href=\"http:\/\/cache.media.education.gouv.fr\/file\/Organismes\/32\/6\/CSP-PROJET_DE_PROGRAMME_eCOLE_MATERNELLE_337326.pdf\" target=\"_blank\">programme pour l&rsquo;\u00e9cole maternelle<\/a><strong>\u00a0<\/strong>dont\u00a0le C. S. P. nous propose la lecture en date du 3 juillet dernier.<\/p>\n<blockquote><p>\u00ab\u00a0Le num\u00e9rique trouve sa place dans tous les domaines\u00a0\u00bb<\/p><\/blockquote>\n<p>Cette indication finale dans la pr\u00e9sentation synth\u00e9tique serait plut\u00f4t plaisante et bienvenue&#8230;\u00a0compte tenu de la transversalit\u00e9 atavique du num\u00e9rique. La lecture attentive du projet fait, au contraire, appara\u00eetre que, loin de trouver leur place dans tous les domaines, <strong>la culture et la litt\u00e9ratie num\u00e9riques ne sont nulle part<\/strong>.<\/p>\n<p>Si le num\u00e9rique est mentionn\u00e9, c&rsquo;est toujours du bout des l\u00e8vres et en lui assignant une <strong>fonction strictement utilitaire<\/strong>. Ainsi, des indications sont donn\u00e9es aux enseignants :<\/p>\n<blockquote><p>\u00ab \u00c0 ce titre, les supports num\u00e9riques ont leur place \u00e0 l\u2019\u00e9cole maternelle \u00e0 condition que les objectifs et leurs modalit\u00e9s d\u2019usage soient mis au service d\u2019une activit\u00e9 r\u00e9elle.\u00a0\u00bb<\/p><\/blockquote>\n<p>On admirera les pr\u00e9cautions et le pr\u00e9suppos\u00e9 qu&rsquo;il soit possible, avec ces \u00ab\u00a0supports num\u00e9riques\u00a0\u00bb, de <strong>mener des activit\u00e9s qui ne soient pas r\u00e9elles<\/strong>\u00a0!<\/p>\n<p>Pour le reste, c&rsquo;est le vide, \u00e0 la notable exception de la mention de la possibilit\u00e9 que les arts soient aussi num\u00e9riques et\u00a0\u2014\u00a0devinez\u00a0!\u00a0\u2014, dans les attendus de fin de cycle, de la traditionnelle mention, avec le vocabulaire convenu et appropri\u00e9, de l&rsquo;utilisation des outils num\u00e9riques : appareil photo, tablette, ordinateur.<\/p>\n<p>Un chapitre compl\u00e9mentaire est consacr\u00e9 \u00e0 des recommandations. Parmi ces derni\u00e8res, un paragraphe\u00a0est consacr\u00e9 aux\u00a0\u00ab <em>usages des outils num\u00e9riques<\/em> \u00bb (sic). Les r\u00e9dacteurs \u00e9voquent la confrontation des enfants \u00e0 des \u00ab\u00a0<em>technologies nouvelles<\/em>\u00a0\u00bb\u00a0! Savent-ils, ces r\u00e9dacteurs, que <strong>le num\u00e9rique est au moins autant fait\u00a0de culture que de technologies<\/strong>, lesquelles n&rsquo;\u00e9tant d&rsquo;ailleurs nouvelles que dans leur esprit\u00a0? Ce texte conforte ensuite les \u00e9ventuelles pratiques num\u00e9riques professionnelles des professeurs d&rsquo;\u00e9cole maternelle dans l&rsquo;utilitarisme convenu\u00a0: il s&rsquo;agit d&rsquo;en [les fameuses technologies] \u00ab\u00a0<em>comprendre l\u2019utilit\u00e9 et<\/em> [de] <em>commencer \u00e0 les utiliser<\/em>\u00a0\u00bb (sic encore)\u00a0! \u00c0 titre d&rsquo;exemple, les r\u00e9dacteurs de ces recommandations \u00e9voquent les\u00a0appareils photo dont ils pr\u00e9cisent bien qu&rsquo;ils sont num\u00e9riques, au cas o\u00f9 il en existerait qui ne le soient pas\u00a0!<\/p>\n<p>Fort heureusement, et pour la premi\u00e8re et unique fois dans ce texte, est ensuite \u00e9voqu\u00e9e la possibilit\u00e9 que le num\u00e9rique puisse \u00eatre autre chose que la quincaillerie habituelle\u00a0: \u00ab\u00a0<em><strong>une id\u00e9e d\u2019un monde en r\u00e9seau<\/strong> qui peut permettre de parler \u00e0 d\u2019autres personnes \u00e0 distance<\/em>\u00a0\u00bb.<\/p>\n<p>Dommage qu&rsquo;on n&rsquo;envisage par ce biais que de parler et pas d&rsquo;<strong>\u00e9changer<\/strong>, de <strong>partager<\/strong>, de <strong>construire ensemble<\/strong>, de <strong>publier,\u00a0<\/strong>toutes sortes d&rsquo;activit\u00e9s qu&rsquo;il est possible de mener aussi \u00e0 la maternelle\u00a0! Il est, par exemple et \u00e0 ce sujet, curieux et triste qu&rsquo;on n&rsquo;\u00e9voque \u00e0 aucun moment, dans ces programmes, une <strong>initiation \u00e0 l&rsquo;information et \u00e0 ses codes<\/strong>, premi\u00e8re \u00e9tape vers une \u00e9ducation aux m\u00e9dias qui s&rsquo;impr\u00e8gne de la litt\u00e9ratie num\u00e9rique.<\/p>\n<p>Triste constat\u00a0!\u00a0Il ne suffit pas, loin de l\u00e0, de dire que le num\u00e9rique concerne aussi l&rsquo;\u00e9cole, il va vraiment falloir que l&rsquo;un et l&rsquo;autre se rencontrent enfin et que <strong>les acteurs de cette derni\u00e8re s&rsquo;engagent<\/strong> \u00e0 la hauteur des enjeux, pour la r\u00e9ussite scolaire.<\/p>\n<p>Je reviendrai sans doute, bient\u00f4t, sur les autres productions en cours du C. S. P., un\u00a0<a href=\"http:\/\/cache.media.education.gouv.fr\/file\/Organismes\/32\/8\/CSP-Projet_EMC_337328.pdf\" target=\"_blank\">projet de programme d\u2019enseignement moral et civique<\/a>,\u00a0d&rsquo;une part, et, d&rsquo;autre part, la\u00a0<a href=\"http:\/\/cache.media.education.gouv.fr\/file\/Organismes\/47\/7\/CSP_-_Projet_de_socle_commun_de_connaissances,_de_competences_et_de_culture_334477.pdf\" target=\"_blank\">proposition de socle commun de connaissances, de comp\u00e9tences et de culture<\/a>\u00a0qui ressort des derniers \u00e9changes un peu b\u00e2cl\u00e9s, lors des derniers jours de la pr\u00e9sidence Boissinot, une version finale bien palote qui suscite si peu d&rsquo;enthousiasme et dont la culture num\u00e9rique a aussi disparu, au fur et \u00e0 mesure de l&rsquo;\u00e9volution des derniers brouillons.<\/p>\n<p style=\"color: #0b6bbf;\">Michel Guillou\u00a0<a style=\"font-style: inherit; color: #282128;\" href=\"https:\/\/twitter.com\/michelguillou\" target=\"_blank\">@michelguillou<\/a><\/p>\n<p style=\"color: #0b6bbf;\"><a style=\"font-style: inherit; color: #282128;\" href=\"http:\/\/creativecommons.org\/licenses\/by-nc-sa\/4.0\/\" target=\"_blank\"><img loading=\"lazy\" decoding=\"async\" class=\"alignnone\" style=\"font-weight: inherit; font-style: inherit;\" src=\"http:\/\/i.creativecommons.org\/l\/by-nc-sa\/2.0\/fr\/80x15.png\" alt=\"image\" width=\"80\" height=\"15\" \/><\/a><\/p>\n<p>Cr\u00e9dit photo : <a href=\"https:\/\/www.flickr.com\/photos\/chomster\/7168391965\/\">chomster.fr<\/a> via <a href=\"http:\/\/photopin.com\">photopin<\/a> <a href=\"http:\/\/creativecommons.org\/licenses\/by\/2.0\/\">cc<\/a><\/p>\n","protected":false},"excerpt":{"rendered":"<p><a href=\"http:\/\/www.culture-numerique.fr\/wp-content\/uploads\/2014\/07\/medium_7168391965.jpg\"><img loading=\"lazy\" decoding=\"async\" class=\"size-full wp-image-1170 aligncenter\" src=\"http:\/\/www.culture-numerique.fr\/wp-content\/uploads\/2014\/07\/medium_7168391965.jpg\" alt=\"\u00c9l\u00e8ves\" width=\"800\" height=\"534\" srcset=\"https:\/\/www.culture-numerique.fr\/wp-content\/uploads\/2014\/07\/medium_7168391965.jpg 800w, https:\/\/www.culture-numerique.fr\/wp-content\/uploads\/2014\/07\/medium_7168391965-300x200.jpg 300w, https:\/\/www.culture-numerique.fr\/wp-content\/uploads\/2014\/07\/medium_7168391965-100x66.jpg 100w, https:\/\/www.culture-numerique.fr\/wp-content\/uploads\/2014\/07\/medium_7168391965-150x100.jpg 150w, https:\/\/www.culture-numerique.fr\/wp-content\/uploads\/2014\/07\/medium_7168391965-200x133.jpg 200w, https:\/\/www.culture-numerique.fr\/wp-content\/uploads\/2014\/07\/medium_7168391965-450x300.jpg 450w, https:\/\/www.culture-numerique.fr\/wp-content\/uploads\/2014\/07\/medium_7168391965-600x400.jpg 600w\" sizes=\"auto, (max-width: 800px) 100vw, 800px\" \/><\/a><\/p>\n<p><strong>Depuis la fin du dernier automne<\/strong>, le nouveau Conseil sup\u00e9rieur des programmes est au travail. Nombreux sont ceux qui fondent de tr\u00e8s s\u00e9rieux espoirs quant \u00e0 l&rsquo;avancement et la r\u00e9ussite de ses travaux,<\/p>\n<p><span class=\"ellipsis\">&hellip;<\/span><\/p>\n<div class=\"read-more\"><a href=\"https:\/\/www.culture-numerique.fr\/?p=1167\">Lire la suite &#8250;<\/a><\/div>\n<p><!-- end of .read-more --><\/p>\n","protected":false},"author":1,"featured_media":1170,"comment_status":"open","ping_status":"open","sticky":false,"template":"","format":"standard","meta":{"jetpack_post_was_ever_published":false,"_jetpack_newsletter_access":"","_jetpack_dont_email_post_to_subs":false,"_jetpack_newsletter_tier_id":0,"_jetpack_memberships_contains_paywalled_content":false,"_jetpack_memberships_contains_paid_content":false,"footnotes":""},"categories":[9],"tags":[98,78,79,52,419,386,111,400,117,3,89,138],"class_list":["post-1167","post","type-post","status-publish","format-standard","has-post-thumbnail","hentry","category-billets-dhumeur","tag-alain-boissinot","tag-conseil-superieur-des-programmes","tag-csp","tag-culture-numerique","tag-ecole-maternelle","tag-education-a-linformation","tag-education-aux-medias","tag-enjeux-du-numerique","tag-maternelle","tag-outillage","tag-programmes","tag-usages"],"jetpack_featured_media_url":"https:\/\/www.culture-numerique.fr\/wp-content\/uploads\/2014\/07\/medium_7168391965.jpg","jetpack_sharing_enabled":true,"_links":{"self":[{"href":"https:\/\/www.culture-numerique.fr\/index.php?rest_route=\/wp\/v2\/posts\/1167","targetHints":{"allow":["GET"]}}],"collection":[{"href":"https:\/\/www.culture-numerique.fr\/index.php?rest_route=\/wp\/v2\/posts"}],"about":[{"href":"https:\/\/www.culture-numerique.fr\/index.php?rest_route=\/wp\/v2\/types\/post"}],"author":[{"embeddable":true,"href":"https:\/\/www.culture-numerique.fr\/index.php?rest_route=\/wp\/v2\/users\/1"}],"replies":[{"embeddable":true,"href":"https:\/\/www.culture-numerique.fr\/index.php?rest_route=%2Fwp%2Fv2%2Fcomments&post=1167"}],"version-history":[{"count":24,"href":"https:\/\/www.culture-numerique.fr\/index.php?rest_route=\/wp\/v2\/posts\/1167\/revisions"}],"predecessor-version":[{"id":4035,"href":"https:\/\/www.culture-numerique.fr\/index.php?rest_route=\/wp\/v2\/posts\/1167\/revisions\/4035"}],"wp:featuredmedia":[{"embeddable":true,"href":"https:\/\/www.culture-numerique.fr\/index.php?rest_route=\/wp\/v2\/media\/1170"}],"wp:attachment":[{"href":"https:\/\/www.culture-numerique.fr\/index.php?rest_route=%2Fwp%2Fv2%2Fmedia&parent=1167"}],"wp:term":[{"taxonomy":"category","embeddable":true,"href":"https:\/\/www.culture-numerique.fr\/index.php?rest_route=%2Fwp%2Fv2%2Fcategories&post=1167"},{"taxonomy":"post_tag","embeddable":true,"href":"https:\/\/www.culture-numerique.fr\/index.php?rest_route=%2Fwp%2Fv2%2Ftags&post=1167"}],"curies":[{"name":"wp","href":"https:\/\/api.w.org\/{rel}","templated":true}]}}