{"id":1084,"date":"2014-06-25T17:52:48","date_gmt":"2014-06-25T15:52:48","guid":{"rendered":"http:\/\/www.culture-numerique.fr\/?p=1084"},"modified":"2016-09-12T23:30:32","modified_gmt":"2016-09-12T21:30:32","slug":"en-matiere-de-numerique-educatif-le-degre-zero-de-la-vision-politique-est-largement-partage","status":"publish","type":"post","link":"https:\/\/www.culture-numerique.fr\/?p=1084","title":{"rendered":"En mati\u00e8re de num\u00e9rique \u00e9ducatif, le degr\u00e9 z\u00e9ro de la vision politique est largement partag\u00e9"},"content":{"rendered":"<p><a href=\"http:\/\/www.culture-numerique.fr\/wp-content\/uploads\/2014\/06\/Z\u00e9ro.jpg\"><img loading=\"lazy\" decoding=\"async\" class=\"alignleft wp-image-1090 size-medium\" src=\"http:\/\/www.culture-numerique.fr\/wp-content\/uploads\/2014\/06\/Z\u00e9ro-300x193.jpg\" alt=\"Z\u00e9ro\" width=\"300\" height=\"193\" srcset=\"https:\/\/www.culture-numerique.fr\/wp-content\/uploads\/2014\/06\/Z\u00e9ro-300x193.jpg 300w, https:\/\/www.culture-numerique.fr\/wp-content\/uploads\/2014\/06\/Z\u00e9ro-100x64.jpg 100w, https:\/\/www.culture-numerique.fr\/wp-content\/uploads\/2014\/06\/Z\u00e9ro-150x96.jpg 150w, https:\/\/www.culture-numerique.fr\/wp-content\/uploads\/2014\/06\/Z\u00e9ro-200x129.jpg 200w, https:\/\/www.culture-numerique.fr\/wp-content\/uploads\/2014\/06\/Z\u00e9ro-450x290.jpg 450w, https:\/\/www.culture-numerique.fr\/wp-content\/uploads\/2014\/06\/Z\u00e9ro-600x387.jpg 600w, https:\/\/www.culture-numerique.fr\/wp-content\/uploads\/2014\/06\/Z\u00e9ro.jpg 650w\" sizes=\"auto, (max-width: 300px) 100vw, 300px\" \/><\/a><\/p>\n<p><strong>Quand <a href=\"http:\/\/fr.wikipedia.org\/wiki\/Axelle_Lemaire\" target=\"_blank\">Axelle Lemaire<\/a> a remplac\u00e9<\/strong>, au\u00a0secr\u00e9tariat d\u2019\u00c9tat en charge du Num\u00e9rique,\u00a0<a href=\"http:\/\/fr.wikipedia.org\/wiki\/Fleur_Pellerin\" target=\"_blank\">Fleur Pellerin<\/a>\u00a0\u00e0 qui on avait confi\u00e9 un dossier \u00e9quivalent, il n&rsquo;y avait pas de raison particuli\u00e8re de se m\u00e9fier. La pr\u00e9c\u00e9dente titulaire du poste avait engag\u00e9 une politique volontariste qui avait suscit\u00e9 l&rsquo;int\u00e9r\u00eat de la plupart des acteurs du secteur. Dans le domaine de l&rsquo;\u00e9ducation populaire et de la formation, elle avait continu\u00e9 \u00e0 porter le projet des\u00a0<a href=\"http:\/\/fr.wikipedia.org\/wiki\/Espace_public_num%C3%A9rique\" target=\"_blank\">Espaces publics num\u00e9riques<\/a> et des Cyber-bases. Pour le reste du num\u00e9rique \u00e9ducatif, c&rsquo;\u00e9tait l&rsquo;affaire de\u00a0<a href=\"http:\/\/fr.wikipedia.org\/wiki\/Vincent_Peillon\" target=\"_blank\">Vincent Peillon<\/a> qui avait lanc\u00e9 le chantier de l&rsquo;\u00c9cole num\u00e9rique. Et m\u00eame si ce dernier n&rsquo;avan\u00e7ait pas trop vite, tout allait \u00e0 peu pr\u00e8s bien dans le meilleur des mondes.<\/p>\n<p><strong>Oui mais \u00e7a, c&rsquo;\u00e9tait avant<\/strong>. Axelle Lemaire, elle, a des choses \u00e0 dire sur le sujet et elle ne m\u00e2che pas ses mots. Dans <a href=\"http:\/\/www.20minutes.fr\/high-tech\/1375261-posez-vos-questions-a-axelle-lemaire-secretaire-d-etat-au-numerique\" target=\"_blank\">un \u00ab chat \u00bb avec des lecteurs<\/a>\u00a0de\u00a0<em>20minutes<\/em>\u00a0le 15 mai dernier, on\u00a0lui demande si\u00a0l\u2019apprentissage de la programmation informatique fera partie des programmes obligatoires \u00e0 l\u2019\u00e9cole \u00e9l\u00e9mentaire\u00a0:<\/p>\n<blockquote><p>\u00ab\u00a0C\u2019est une des cl\u00e9s pour que les prochaines g\u00e9n\u00e9rations ma\u00eetrisent leur environnement num\u00e9rique.<\/p>\n<p>Apprendre la programmation, permet de d\u00e9passer la simple sensibilisation au num\u00e9rique et de se rendre compte qu\u2019on peut modifier les smartphones qu\u2019on utilise, qu\u2019on peut r\u00e9aliser des films, qu\u2019on peut cr\u00e9er des jeux. On apprend l\u2019anglais, le chinois, il faut apprendre \u00e0 coder\u00a0!<\/p>\n<p>C\u2019est une brique essentielle de la cr\u00e9ativit\u00e9, comme le collage ou le d\u00e9coupage\u2026 Faire du code c\u2019est un outil au service d\u2019un projet scientifique, artistique ou p\u00e9dagogique.<\/p>\n<p>Aujourd\u2019hui ce n\u2019est pas dans les programmes mais j\u2019aimerais par exemple que le temps p\u00e9riscolaire permette ce genre d\u2019ateliers un peu partout en France.\u00a0\u00bb<\/p><\/blockquote>\n<p><img loading=\"lazy\" decoding=\"async\" class=\"alignright wp-image-1101\" src=\"http:\/\/www.culture-numerique.fr\/wp-content\/uploads\/2014\/06\/Axelle_Lemaire_-_August_2011-239x300.jpg\" alt=\"Axelle Lemaire\" width=\"186\" height=\"233\" srcset=\"https:\/\/www.culture-numerique.fr\/wp-content\/uploads\/2014\/06\/Axelle_Lemaire_-_August_2011-239x300.jpg 239w, https:\/\/www.culture-numerique.fr\/wp-content\/uploads\/2014\/06\/Axelle_Lemaire_-_August_2011-100x125.jpg 100w, https:\/\/www.culture-numerique.fr\/wp-content\/uploads\/2014\/06\/Axelle_Lemaire_-_August_2011-150x187.jpg 150w, https:\/\/www.culture-numerique.fr\/wp-content\/uploads\/2014\/06\/Axelle_Lemaire_-_August_2011-200x250.jpg 200w, https:\/\/www.culture-numerique.fr\/wp-content\/uploads\/2014\/06\/Axelle_Lemaire_-_August_2011-300x375.jpg 300w, https:\/\/www.culture-numerique.fr\/wp-content\/uploads\/2014\/06\/Axelle_Lemaire_-_August_2011-450x562.jpg 450w, https:\/\/www.culture-numerique.fr\/wp-content\/uploads\/2014\/06\/Axelle_Lemaire_-_August_2011.jpg 468w\" sizes=\"auto, (max-width: 186px) 100vw, 186px\" \/>Il faut passer sur l&rsquo;approximation du langage officiel o\u00f9 \u00ab\u00a0programmer\u00a0\u00bb et \u00ab\u00a0coder\u00a0\u00bb sont confondus dans le m\u00eame embrouillamini de circonstance\u00a0!<\/p>\n<p>Bon, Axelle Lemaire n&rsquo;a pas tout \u00e0 fait tort, l&rsquo;important, c&rsquo;est le projet p\u00e9dagogique, dans lequel, en effet, la notion de programmation peut avoir toute sa place. Alors pourquoi\u00a0ne pas commencer par dire \u00e7a\u00a0?<\/p>\n<p><strong>Pourquoi ne pas dire que la question initiale pos\u00e9e n&rsquo;a pas de sens et donc pas de r\u00e9ponse ? Pourquoi ne pas dire qu&rsquo;il convient d&rsquo;abord et avant toute chose de se pr\u00e9occuper des objectifs\u00a0assign\u00e9s au premier degr\u00e9\u00a0et des comp\u00e9tences attendues par l&rsquo;\u00e9cole du socle commun\u00a0? Pourquoi ne pas dire que les moyens, les outils qu&rsquo;on utilise alors pour ce faire passent au second plan\u00a0?<\/strong><\/p>\n<p>Ou alors faut-il comprendre que la secr\u00e9taire d&rsquo;\u00c9tat au num\u00e9rique embo\u00eete le pas des lobbys d&rsquo;universitaires informaticiens en mal de reconnaissance\u00a0?<\/p>\n<p><em>Le Figaro<\/em> reprend l&rsquo;information histoire d&rsquo;agiter un peu le microcosme politique \u00e0 gauche, en restant au niveau z\u00e9ro du d\u00e9bat et des enjeux,\u00ab\u00a0<span style=\"color: #000000;\"><a href=\"http:\/\/www.lefigaro.fr\/politique\/le-scan\/citations\/2014\/05\/15\/25002-20140515ARTFIG00333-axelle-lemaire-veut-que-les-enfants-apprennent-a-coder.php\" target=\"_blank\">Axelle Lemaire veut que les enfants apprennent \u00e0 coder<\/a> \u00bb :<\/span><\/p>\n<blockquote><p>\u00ab\u00a0Parlez-vous le HTML\u00a0? Il est probable que non. Mais vos enfants ou futurs enfants pourraient bient\u00f4t apprendre ce language\u00a0informatique \u00e0 l&rsquo;\u00e9cole.<em>\u00a0<\/em>\u00bb<\/p><\/blockquote>\n<p>Sic. Non, la faute \u00e0 \u00ab\u00a0langage\u00a0\u00bb n&rsquo;est pas de mon fait.<\/p>\n<p>Il y a eu alors, semble-t-il, dans les jours qui ont suivi, un peu de friture sur la ligne entre les cabinets respectifs d&rsquo;Axelle Lemaire et de Beno\u00eet Hamon, ministre de l&rsquo;\u00c9ducation, ce dernier s&rsquo;\u00e9tonnant des initiatives m\u00e9diatiques malheureuses de sa cons\u0153ur en d\u00e9calage avec son projet d&rsquo;\u00e9cole num\u00e9rique.<\/p>\n<p>Interrog\u00e9e par le <em>Journal du Net<\/em>, Axelle Lemaire, un peu confuse, rappelle le travail remarquable de son coll\u00e8gue de l&rsquo;\u00c9ducation et <a href=\"http:\/\/www.journaldunet.com\/solutions\/emploi-rh\/axelle-lemaire-interview-axelle-lemaire.shtml\" target=\"_blank\">tente une sortie<\/a> en double axel :<\/p>\n<blockquote><p>\u00ab\u00a0\u00cates-vous favorable \u00e0 l&rsquo;introduction d&rsquo;un apprentissage du code d\u00e8s l&rsquo;\u00e9cole primaire\u00a0?<\/p>\n<p>Oui. L&rsquo;id\u00e9e serait de s&rsquo;appuyer sur un dispositif p\u00e9riscolaire pour essayer d&rsquo;aller vite. C&rsquo;est un dispositif en effet plus l\u00e9ger, et donc potentiellement plus rapide \u00e0 mettre en place, que de s&rsquo;attaquer au programme. Je pense notamment que nous pourrions impliquer les associations, voire m\u00eame des entreprises qui seraient pr\u00eates \u00e0 soutenir et financer ses enseignements. Les forces vives sont d\u00e9j\u00e0 l\u00e0. Pour moi, un tel projet a plus de chance de s&rsquo;imposer en partant ainsi de la base, en bottom-up, qu&rsquo;en top-down.\u00a0\u00bb<\/p><\/blockquote>\n<p>On admirera les anglicismes de bon aloi quand on veut donner des le\u00e7ons sur l&rsquo;\u00e9ducation. On admirera la pirouette sur le p\u00e9riscolaire&#8230; Bref, ce ne serait plus obligatoire.<\/p>\n<p><a href=\"http:\/\/www.culture-numerique.fr\/wp-content\/uploads\/2014\/06\/Laure_de_la_Raudi\u00e8re.jpg\"><img loading=\"lazy\" decoding=\"async\" class=\"alignleft size-medium wp-image-1102\" src=\"http:\/\/www.culture-numerique.fr\/wp-content\/uploads\/2014\/06\/Laure_de_la_Raudi\u00e8re-181x300.jpg\" alt=\"Laure de la Raudi\u00e8re\" width=\"181\" height=\"300\" \/><\/a><strong>Entre temps, figurez-vous, il se passe de dr\u00f4les de choses \u00e0 l&rsquo;Assembl\u00e9e nationale<\/strong>. <a href=\"http:\/\/fr.wikipedia.org\/wiki\/Laure_de_La_Raudi%C3%A8re\" target=\"_blank\">Laure de la Raudi\u00e8re<\/a>, d\u00e9put\u00e9e de l&rsquo;opposition, fait partie\u00a0de ces rares d\u00e9put\u00e9s qui se sont vraiment et r\u00e9solument\u00a0engag\u00e9s pour la France num\u00e9rique. Elle a \u00a0m\u00eame co-sign\u00e9 un certain nombre de rapports parlementaires d&rsquo;excellente facture dont un tout r\u00e9cent dont les nombreuses propositions dans diff\u00e9rents domaines, esp\u00e9rons-le, porteront leurs fruits. Le probl\u00e8me d&rsquo;Anne de la Raudi\u00e8re, pour laquelle, je le r\u00e9p\u00e8te, j&rsquo;ai beaucoup d&rsquo;estime, c&rsquo;est qu&rsquo;elle n&rsquo;y conna\u00eet rien en mati\u00e8re d&rsquo;\u00e9ducation et, du coup, se contente \u00e0 ce sujet de reproduire\u00a0les propositions r\u00e9trogrades des lobbys de l&rsquo;informatique pr\u00e9-cit\u00e9s. D\u00e9j\u00e0, dans son dernier rapport, elle recopiait mot pour mot, sans aucun recul ni aucune motivation, tant le sujet \u00e0 l&rsquo;\u00e9vidence ne l&rsquo;int\u00e9resse pas, les propositions absconses des dits lobbys.<\/p>\n<p>Pire ! \u00c0 la mi-mai, appara\u00eet sur le bureau de l&rsquo;Assembl\u00e9e nationale <a href=\"http:\/\/www.assemblee-nationale.fr\/14\/propositions\/pion2022.asp\" target=\"_blank\">une proposition de loi<\/a>, toujours \u00e0 l&rsquo;initiative de Laure de la Raudi\u00e8re, je cite, \u00ab\u00a0visant \u00e0 rendre obligatoire l\u2019enseignement du\u00a0codage informatique \u00e0 l\u2019\u00e9cole\u00a0\u00bb.<\/p>\n<p><strong>La civilisation est en marche.<\/strong><\/p>\n<p>L\u00e0, le projet est motiv\u00e9.<\/p>\n<blockquote><p>\u00ab\u00a0L\u2019apprentissage du codage est essentiel. \u00c0 l\u2019\u00e8re du num\u00e9rique, si nous voulons que nos jeunes passent de simples usagers de l\u2019Internet, \u00e0 acteur (sic) de la soci\u00e9t\u00e9 et de l\u2019\u00e9conomie num\u00e9rique, la compr\u00e9hension de l\u2019informatique est la cl\u00e9 d\u2019acc\u00e8s au monde num\u00e9rique et aux opportunit\u00e9s professionnelles qu\u2019il ouvre.<\/p>\n<p>Rien qu\u2019en 2014, 35\u00a0000\u00a0emplois \u00e0 forte valeur ajout\u00e9e seront cr\u00e9\u00e9s dans le secteur du num\u00e9rique. Or, les jeunes techniciens ou ing\u00e9nieurs fran\u00e7ais form\u00e9s \u00e0 ces nouveaux m\u00e9tiers ne sont pas suffisamment nombreux aujourd\u2019hui.\u00a0\u00bb<\/p><\/blockquote>\n<p>Deux raisons, donc\u00a0: la formation du citoyen et la formation du travailleur\u00a0!<\/p>\n<p>La formation du travailleur, du jeune technicien ou ing\u00e9nieur&#8230; \u00c0 l&rsquo;\u00e9cole primaire\u00a0? La signataire et tous les d\u00e9put\u00e9s de l&rsquo;opposition qui ont propos\u00e9 un tel texte ont-ils bien r\u00e9fl\u00e9chi au ridicule de la proposition\u00a0? Au-del\u00e0 du ridicule, la proposition est scandaleuse qui consisterait \u00e0 pr\u00e9parer, d\u00e8s le plus jeune \u00e2ge, aux \u00ab\u00a0nouveaux m\u00e9tiers\u00a0\u00bb\u00a0! Si la formation professionnelle n&rsquo;est pas absente des enseignements, <em>in fine<\/em>, apr\u00e8s l&rsquo;\u00e9cole du socle commun, elle ne doit constituer en aucun cas la priorit\u00e9 de l&rsquo;\u00e9cole qui a pour mission essentielle de <strong>former des citoyens \u00e9clair\u00e9s, libres, autonomes, capables d&rsquo;esprit critique, en ad\u00e9quation avec leur temps et la soci\u00e9t\u00e9.<\/strong><\/p>\n<p>Que savent, par ailleurs, ces parlementaires irresponsables de ces \u00ab\u00a0nouveaux m\u00e9tiers\u00a0\u00bb auxquels ils voudraient que l&rsquo;\u00e9cole pr\u00e9pare les jeunes qui y acc\u00e9deront quinze ans plus tard\u00a0?<\/p>\n<p>Laure de la Raudi\u00e8re a raison sur un point\u00a0: il est tr\u00e8s important que les jeunes changent de posture face au num\u00e9rique. <strong>D&rsquo;usagers consommateurs, ils doivent se muer\u00a0\u2014\u00a0et l&rsquo;\u00e9cole doit les accompagner sur ce chemin\u00a0\u2014 en acteurs \u00e9clair\u00e9s et engag\u00e9s<\/strong>. C&rsquo;est le vrai d\u00e9fi pour demain. Mais il faut alors engager <strong>toutes les disciplines scolaires dans la voie d&rsquo;une <a title=\"Pour une litt\u00e9ratie num\u00e9rique qui traverse et \u00e9claire les disciplines scolaires\" href=\"http:\/\/www.culture-numerique.fr\/?p=869\" target=\"_blank\">litt\u00e9ratie num\u00e9rique<\/a>, m\u00e9diatique et informationnelle<\/strong> globale et partag\u00e9e qui ouvre la voie \u00e0 <strong>une culture num\u00e9rique<\/strong>. Pas grand chose \u00e0 voir donc avec le seul et r\u00e9ducteur apprentissage du code\u00a0!<\/p>\n<p>Revenons aux p\u00e9rip\u00e9ties de notre toute nouvelle secr\u00e9taire d&rsquo;\u00c9tat. Quelques jours plus tard,\u00a0Axelle Lemaire <a href=\"http:\/\/www.nextinpact.com\/dossier\/735-interview-d%E2%80%99axelle-lemaire-secretaire-d%E2%80%99etat-au-numerique\/2.htm\" target=\"_blank\">est interrog\u00e9e<\/a>\u00a0par <em>Nextinpact<\/em> :<\/p>\n<blockquote><p>\u00ab\u00a0Soutiendrez-vous la proposition de loi de Laure de la Raudi\u00e8re visant \u00e0 rendre obligatoire l\u2019apprentissage du code d\u00e8s l\u2019\u00e9cole primaire ?<\/p>\n<p>Je n&rsquo;ai pas \u00e9t\u00e9 inform\u00e9e de cette initiative. \u00c7a fait longtemps que je parle du code \u00e0 l&rsquo;\u00e9cole, et mon travail consiste \u00e0 convaincre mes interlocuteurs et notamment mes coll\u00e8gues au gouvernement de la n\u00e9cessit\u00e9 d&rsquo;agir pour faire avancer ce sujet. Je regrette que ce soit une initiative un peu isol\u00e9e, qui ne s&rsquo;inscrive pas dans une r\u00e9flexion plus g\u00e9n\u00e9rale sur l&rsquo;importance de l&rsquo;apprentissage au num\u00e9rique pour les enfants. Il se trouve que Beno\u00eet Hamon est tr\u00e8s r\u00e9ceptif quant \u00e0 ces sujets.\u00a0\u00bb<\/p><\/blockquote>\n<p>Ou comment crier \u00ab\u00a0Au feu\u00a0!\u00a0\u00bb quand on a soi-m\u00eame allum\u00e9 l&rsquo;incendie\u00a0! Quant \u00e0 la r\u00e9flexion plus g\u00e9n\u00e9rale sur\u00a0l&rsquo;importance de l&rsquo;apprentissage du num\u00e9rique, Axelle Lemaire ferait bien de contribuer \u00e0 l&rsquo;alimenter de ses r\u00e9flexions et de s&rsquo;y tenir sans crier \u00ab\u00a0<a title=\"Bien entendu, on peut sauter sur sa chaise comme un cabri en disant le code ! le code ! le code !\u2026\" href=\"http:\/\/www.culture-numerique.fr\/?p=634\" target=\"_blank\">Le code\u00a0! Le code\u00a0! Le code&#8230;<\/a>\u00a0\u00a0\u00bb \u00e0 tout propos.<\/p>\n<p>Elle continue\u00a0:<\/p>\n<blockquote><p>\u00ab\u00a0Il y a eu des d\u00e9bats vraiment tendus au sein du Conseil sup\u00e9rieur des programmes autour de l&rsquo;importance d&rsquo;int\u00e9grer dans les programmes l&rsquo;apprentissage des outils au sens large et des langages informatiques. C&rsquo;est l\u00e0 que \u00e7a se passe, donc une initiative parlementaire isol\u00e9e, dans un tel contexte, \u00e7a a un peu l&rsquo;air de dire que le gouvernement n&rsquo;avance pas sur ces questions alors qu&rsquo;au contraire, on n&rsquo;a jamais avanc\u00e9 aussi rapidement et que la volont\u00e9 politique n&rsquo;a jamais \u00e9t\u00e9 aussi forte.\u00a0\u00bb<\/p><\/blockquote>\n<p>Parfait ! Qu&rsquo;il y ait d\u00e9bat au sein du Conseil sup\u00e9rieur des programmes, il n&rsquo;y a l\u00e0 rien de moins \u00e9tonnant. Ce n&rsquo;est pas aujourd&rsquo;hui, d&rsquo;un coup de baguette magique, parce que quelques acad\u00e9miciens scientifiques en mal d&rsquo;\u00eatre, quelques d\u00e9put\u00e9s opportunistes ou une jeune secr\u00e9taire d&rsquo;\u00c9tat s&rsquo;agitent \u00e0 ce propos, que le num\u00e9rique va irriguer les programmes disciplinaires. C&rsquo;est \u00e9videmment pourtant le vrai d\u00e9fi pour demain.<\/p>\n<p>Fort heureusement, il n&rsquo;y a plus grand monde \u00e0 \u00eatre dupe. Au-del\u00e0 de l&rsquo;agitation ci-dessus rappel\u00e9e, tous ceux qui r\u00e9fl\u00e9chissent de mani\u00e8re pos\u00e9e \u00e0 la fa\u00e7on\u00a0dont l&rsquo;\u00e9cole peut prendre le virage du num\u00e9rique avec la soci\u00e9t\u00e9 et les jeunes, en <strong>changeant profond\u00e9ment les programmes disciplinaires et les modalit\u00e9s et postures d&rsquo;enseignement<\/strong>, ont d&rsquo;autres ambitions. Pour reprendre les comparaisons ridicules de notre secr\u00e9taire d&rsquo;\u00c9tat, s&rsquo;il peut \u00eatre int\u00e9ressant \u00e0 l&rsquo;\u00e9cole de faire du collage et du d\u00e9coupage, c&rsquo;est bien l&rsquo;\u00e9ducation artistique et manuelle qui reste l&rsquo;objectif majeur. S&rsquo;il peut \u00eatre int\u00e9ressant d&rsquo;appendre \u00e0 bidouiller, c&rsquo;est bien au fond l&rsquo;\u00e9ducation scientifique et technologique qui est la priorit\u00e9 de l&rsquo;\u00e9cole. Il en va de m\u00eame pour les activit\u00e9s de programmation qui ne peuvent s&rsquo;extraire, dans le cadre de l&rsquo;acquisition d&rsquo;une culture num\u00e9rique globale, du champ des math\u00e9matiques ou de l&rsquo;\u00e9ducation scientifique.<\/p>\n<p>Les voix sont maintenant plus nombreuses\u00a0\u2014\u00a0je ne parle pas des m\u00e9dias dont le suivisme b\u00e9at me consterne de jour en jour\u00a0\u2014 \u00e0 se faire entendre\u00a0pour d\u00e9noncer la supercherie. Tout r\u00e9cemment, sur <em>M\u00e9diapart<\/em>, <a href=\"http:\/\/blogs.mediapart.fr\/blog\/sergeescale\/180614\/apprendre-le-code-informatique-l-ecole-primaire-une-impasse\" target=\"_blank\">un joli petit billet<\/a> mettait le doigt l\u00e0 o\u00f9 \u00e7a fait mal, en \u00e9voquant le projet de loi\u00a0:<\/p>\n<blockquote><p>\u00ab\u00a0Cette proposition montre bien l\u2019incompr\u00e9hension des politiques par rapport \u00e0 la vague num\u00e9rique qui les d\u00e9passe. Oui, le num\u00e9rique associ\u00e9 \u00e0 Internet va transfigurer tous les domaines de la soci\u00e9t\u00e9, l\u2019\u00e9cole y compris. Les soci\u00e9t\u00e9s vont subir le num\u00e9rique et leurs dirigeants font mine d\u2019anticiper ces fortes transformations en introduisant l\u2019apprentissage du code informatique.\u00a0\u00bb<\/p><\/blockquote>\n<p>Son auteur a raison. Il s&rsquo;agit bien d&rsquo;une nouvelle inculture d&rsquo;autant plus compliqu\u00e9e \u00e0 discerner qu&rsquo;elle est cens\u00e9e toucher ceux dont on pourrait attendre un peu plus de discernement. Mais c&rsquo;est vrai que ce n&rsquo;est pas la chose la mieux partag\u00e9e du monde&#8230;<\/p>\n<p>Michel Guillou\u00a0<a style=\"font-style: inherit; color: #282128;\" href=\"https:\/\/twitter.com\/michelguillou\" target=\"_blank\">@michelguillou<\/a><\/p>\n<p style=\"color: #0b6bbf;\"><a style=\"font-style: inherit; color: #282128;\" href=\"http:\/\/creativecommons.org\/licenses\/by-nc-sa\/4.0\/\" target=\"_blank\"><img loading=\"lazy\" decoding=\"async\" class=\"alignnone\" style=\"font-weight: inherit; font-style: inherit;\" src=\"http:\/\/i.creativecommons.org\/l\/by-nc-sa\/2.0\/fr\/80x15.png\" alt=\"image\" width=\"80\" height=\"15\" \/><\/a><\/p>\n<p style=\"color: #0b6bbf;\">Cr\u00e9dit photo : <a href=\"http:\/\/wikimediafoundation.org\/wiki\/Home\" target=\"_blank\">Wikim\u00e9dia<\/a> et <a href=\"http:\/\/fr.wikipedia.org\/wiki\/Wikip%C3%A9dia:Accueil_principal\" target=\"_blank\">Wikip\u00e9dia<\/a><\/p>\n<p style=\"color: #0b6bbf;\">[cite]<\/p>\n","protected":false},"excerpt":{"rendered":"<p><a href=\"http:\/\/www.culture-numerique.fr\/wp-content\/uploads\/2014\/06\/Z\u00e9ro.jpg\"><img loading=\"lazy\" decoding=\"async\" class=\"alignleft wp-image-1090 size-medium\" src=\"http:\/\/www.culture-numerique.fr\/wp-content\/uploads\/2014\/06\/Z\u00e9ro-300x193.jpg\" alt=\"Z\u00e9ro\" width=\"300\" height=\"193\" srcset=\"https:\/\/www.culture-numerique.fr\/wp-content\/uploads\/2014\/06\/Z\u00e9ro-300x193.jpg 300w, https:\/\/www.culture-numerique.fr\/wp-content\/uploads\/2014\/06\/Z\u00e9ro-100x64.jpg 100w, https:\/\/www.culture-numerique.fr\/wp-content\/uploads\/2014\/06\/Z\u00e9ro-150x96.jpg 150w, https:\/\/www.culture-numerique.fr\/wp-content\/uploads\/2014\/06\/Z\u00e9ro-200x129.jpg 200w, https:\/\/www.culture-numerique.fr\/wp-content\/uploads\/2014\/06\/Z\u00e9ro-450x290.jpg 450w, https:\/\/www.culture-numerique.fr\/wp-content\/uploads\/2014\/06\/Z\u00e9ro-600x387.jpg 600w, https:\/\/www.culture-numerique.fr\/wp-content\/uploads\/2014\/06\/Z\u00e9ro.jpg 650w\" sizes=\"auto, (max-width: 300px) 100vw, 300px\" \/><\/a><\/p>\n<p><strong>Quand <a href=\"http:\/\/fr.wikipedia.org\/wiki\/Axelle_Lemaire\" target=\"_blank\">Axelle Lemaire<\/a> a remplac\u00e9<\/strong>, au\u00a0secr\u00e9tariat d\u2019\u00c9tat en charge du Num\u00e9rique,\u00a0<a href=\"http:\/\/fr.wikipedia.org\/wiki\/Fleur_Pellerin\" target=\"_blank\">Fleur Pellerin<\/a>\u00a0\u00e0 qui on avait confi\u00e9 un dossier \u00e9quivalent, il n&rsquo;y avait pas de raison particuli\u00e8re de se m\u00e9fier.<\/p>\n<p><span class=\"ellipsis\">&hellip;<\/span><\/p>\n<div class=\"read-more\"><a href=\"https:\/\/www.culture-numerique.fr\/?p=1084\">Lire la suite &#8250;<\/a><\/div>\n<p><!-- end of .read-more --><\/p>\n","protected":false},"author":1,"featured_media":1090,"comment_status":"open","ping_status":"open","sticky":false,"template":"","format":"standard","meta":{"jetpack_post_was_ever_published":false,"_jetpack_newsletter_access":"","_jetpack_dont_email_post_to_subs":true,"_jetpack_newsletter_tier_id":0,"_jetpack_memberships_contains_paywalled_content":false,"_jetpack_memberships_contains_paid_content":false,"footnotes":""},"categories":[9],"tags":[409,380,137,52,202,5,410,335,2,7,101],"class_list":["post-1084","post","type-post","status-publish","format-standard","has-post-thumbnail","hentry","category-billets-dhumeur","tag-axelle-lemaire","tag-benoit-hamon","tag-code","tag-culture-numerique","tag-enseignement-du-numerique","tag-informatique","tag-laure-de-la-raudiere","tag-litteratie","tag-numerique","tag-programmation","tag-vincent-peillon"],"jetpack_featured_media_url":"https:\/\/www.culture-numerique.fr\/wp-content\/uploads\/2014\/06\/Z\u00e9ro.jpg","jetpack_sharing_enabled":true,"_links":{"self":[{"href":"https:\/\/www.culture-numerique.fr\/index.php?rest_route=\/wp\/v2\/posts\/1084","targetHints":{"allow":["GET"]}}],"collection":[{"href":"https:\/\/www.culture-numerique.fr\/index.php?rest_route=\/wp\/v2\/posts"}],"about":[{"href":"https:\/\/www.culture-numerique.fr\/index.php?rest_route=\/wp\/v2\/types\/post"}],"author":[{"embeddable":true,"href":"https:\/\/www.culture-numerique.fr\/index.php?rest_route=\/wp\/v2\/users\/1"}],"replies":[{"embeddable":true,"href":"https:\/\/www.culture-numerique.fr\/index.php?rest_route=%2Fwp%2Fv2%2Fcomments&post=1084"}],"version-history":[{"count":37,"href":"https:\/\/www.culture-numerique.fr\/index.php?rest_route=\/wp\/v2\/posts\/1084\/revisions"}],"predecessor-version":[{"id":5342,"href":"https:\/\/www.culture-numerique.fr\/index.php?rest_route=\/wp\/v2\/posts\/1084\/revisions\/5342"}],"wp:featuredmedia":[{"embeddable":true,"href":"https:\/\/www.culture-numerique.fr\/index.php?rest_route=\/wp\/v2\/media\/1090"}],"wp:attachment":[{"href":"https:\/\/www.culture-numerique.fr\/index.php?rest_route=%2Fwp%2Fv2%2Fmedia&parent=1084"}],"wp:term":[{"taxonomy":"category","embeddable":true,"href":"https:\/\/www.culture-numerique.fr\/index.php?rest_route=%2Fwp%2Fv2%2Fcategories&post=1084"},{"taxonomy":"post_tag","embeddable":true,"href":"https:\/\/www.culture-numerique.fr\/index.php?rest_route=%2Fwp%2Fv2%2Ftags&post=1084"}],"curies":[{"name":"wp","href":"https:\/\/api.w.org\/{rel}","templated":true}]}}