{"id":104,"date":"2012-01-02T09:10:42","date_gmt":"2012-01-02T07:10:42","guid":{"rendered":"http:\/\/www.culture-numerique.fr\/?p=104"},"modified":"2015-09-18T01:50:13","modified_gmt":"2015-09-17T23:50:13","slug":"pratiques-numeriques-mediatiques-des-jeunes-la-peur-ou-la-raison","status":"publish","type":"post","link":"https:\/\/www.culture-numerique.fr\/?p=104","title":{"rendered":"Pratiques num\u00e9riques m\u00e9diatiques des jeunes, la peur ou la raison\u2026"},"content":{"rendered":"<p><strong>La vie s\u2019arr\u00eate lorsque la peur de l\u2019inconnu est plus forte que l\u2019\u00e9lan.<\/strong>\u00a0[<em>Hafid Aggoune<\/em>]<\/p>\n<p>La rem\u00e9moration de l\u2019organisation, le 10 janvier prochain, d\u2019un\u00a0<a title=\"Les jeunes sur la toile. Quelles protections pour quels risques ?\" href=\"http:\/\/www.lesjeunessurlatoile.fr\/?q=content\/colloque-10-janvier-2012-les-jeunes-sur-la-toile-quelles-protections-pour-quels-risques\" target=\"_blank\">colloque<\/a>\u00a0intitul\u00e9 \u00ab\u00a0<strong>Les jeunes sur la toile. Quelles protections pour quels risques\u00a0?<\/strong>\u00a0\u00bb me met \u00e0 nouveau dans un \u00e9tat second\u2026<\/p>\n<p>Organis\u00e9 par l\u2019Institut national des hautes \u00e9tudes de la s\u00e9curit\u00e9 et de la justice (sic), il propose pour la \u00e9ni\u00e8me fois de s\u2019interroger sur, je cite, les<strong>\u00a0\u00ab\u00a0<\/strong><strong>r\u00e9ponses en mati\u00e8re de gestion des ces nouveaux dangers<\/strong>\u00a0\u00bb. Une fois de plus, donc\u00a0\u2014 s\u2019agit-il d\u2019une \u00e9norme maladresse, d\u2019une coupable erreur historique ou d\u2019une strat\u00e9gie politique\u00a0?\u00a0\u2014 on cherchera en haut lieu, puisque ministres et sommit\u00e9s sont convi\u00e9s \u00e0 cette triste journ\u00e9e, \u00e0 savoir comment il convient de s\u00e9vir \u00e0 l\u2019encontre de cette jeunesse si d\u00e9prav\u00e9e et si peu respectueuse des valeurs et des conventions.<\/p>\n<p>J\u2019ai d\u00e9j\u00e0 eu l\u2019occasion, plusieurs fois ici-m\u00eame, de d\u00e9noncer cette politique ou ces d\u00e9rives. Reportez-vous donc \u00e0 mes pr\u00e9c\u00e9dents articles\u00a0:<\/p>\n<ul>\n<li><a title=\"Internet\u00a0: quand les Belges nous font la le\u00e7on&amp;\" href=\"http:\/\/gingko.neottia.net\/post\/14664554864\/internet-quand-les-belges-nous-font-la-lecon\" target=\"_blank\">Internet\u00a0: quand les Belges nous font la le\u00e7on\u2026<\/a>, le 23 d\u00e9cembre dernier\u00a0;<\/li>\n<li><a title=\"Regarde-le quand il tparle, \u00e9coute-le&amp; \" href=\"http:\/\/gingko.neottia.net\/post\/12198423041\/regarde-le-quand-il-tparle-ecoute-le\" target=\"_blank\">Regarde-le quand il t\u2019parle, \u00e9coute-le\u2026<\/a>, le 1er novembre dernier\u00a0;<\/li>\n<li><a title=\"De la peur comme fonds de commerce&amp;\" href=\"http:\/\/gingko.neottia.net\/post\/12110508877\/de-la-peur-comme-fonds-de-commerce\" target=\"_blank\">De la peur comme fonds de commerce\u2026<\/a>, le 30 octobre dernier\u00a0;<\/li>\n<li><a title=\"De la p\u00e9dagogie&amp; plus de 50 ans apr\u00e8s Freinet&amp; \" href=\"http:\/\/gingko.neottia.net\/post\/11620209534\/de-la-pedagogie-plus-de-50-ans-apres-freinet\" target=\"_blank\">De la p\u00e9dagogie\u2026 plus de 50 ans apr\u00e8s Freinet\u2026<\/a>, le 18 octobre dernier\u00a0;<\/li>\n<li>d\u2019autres encore qui montrent \u00e0 l\u2019\u00e9vidence cette sp\u00e9cificit\u00e9 anxiog\u00e8ne si forte et persistante en France.<\/li>\n<\/ul>\n<p><img loading=\"lazy\" decoding=\"async\" class=\"size-full wp-image-105 alignright\" src=\"http:\/\/www.culture-numerique.fr\/wp-content\/uploads\/2014\/04\/1524603017_38203bcb8b_m.jpg\" alt=\"Peur\" width=\"187\" height=\"240\" srcset=\"https:\/\/www.culture-numerique.fr\/wp-content\/uploads\/2014\/04\/1524603017_38203bcb8b_m.jpg 187w, https:\/\/www.culture-numerique.fr\/wp-content\/uploads\/2014\/04\/1524603017_38203bcb8b_m-100x128.jpg 100w, https:\/\/www.culture-numerique.fr\/wp-content\/uploads\/2014\/04\/1524603017_38203bcb8b_m-150x192.jpg 150w\" sizes=\"auto, (max-width: 187px) 100vw, 187px\" \/>Comme je ne suis pas homme \u00e0 ressasser mes vieilles querelles, j\u2019avais eu l\u2019occasion, en mars dernier, de participer, avec ma camarade Christelle Membrey-B\u00e9zier\u00a0<a title=\"Christelle Membrey-B\u00e9zier sur Twitter\" href=\"https:\/\/twitter.com\/#!\/chrism\" target=\"_blank\">@chrism<\/a>\u00a0\u00e0 une\u00a0<a title=\"Conf\u00e9rence du 23 mars\" href=\"http:\/\/www.cddp92.ac-versailles.fr\/drupalCddp\/?q=node&amp;page=4\" target=\"_blank\">conf\u00e9rence-d\u00e9bat<\/a>\u00a0au CDDP des Hauts-de-Seine. Son sujet \u00ab\u00a0<strong>Internet, usages des jeunes, citoyennet\u00e9, \u00e9ducation<\/strong>\u00a0\u00bb montrait bien l\u2019orientation que nous souhaitions donner \u00e0 notre propos. Il s\u2019agissait de \u00ab\u00a0<strong>c<\/strong><strong>omprendre ce que sont les usages Internet des jeunes pour aborder les questions d\u2019\u00e9ducation aux m\u00e9dias et de citoyennet\u00e9 du web<\/strong>\u00a0\u00bb.<\/p>\n<p>Pour ma part, je m\u2019\u00e9tais content\u00e9 de dresser un long panorama des usages num\u00e9riques m\u00e9diatiques des jeunes, m\u2019attardant sur des chiffres parfois impressionnants fournis par les enqu\u00eates de terrain ou d\u2019opinion. Je ne souhaitais pas tirer de le\u00e7on particuli\u00e8re de ces chiffres et de ses enqu\u00eates mais avais l\u2019intention de susciter avec l\u2019auditoire pr\u00e9sent une r\u00e9flexion collective \u00e0 ces sujets.<\/p>\n<p>Le d\u00e9bat qui s\u2019en est suivi a bien s\u00fbr permis d\u2019\u00e9mettre quelques doutes, d\u2019\u00e9voquer quelques d\u00e9rives et de r\u00e9fl\u00e9chir \u00e0 quelques r\u00e9ponses \u00e9ducatives possibles.<\/p>\n<p>Mais, dans l\u2019ensemble, nous avons adopt\u00e9 ce jour-l\u00e0, vous l\u2019avez compris, une d\u00e9marche compl\u00e8tement inverse de celle qui inspire aujourd\u2019hui les organisateurs du colloque du 10 janvier prochain. Que voulez-vous, on ne se refait pas\u00a0! Je ne saurais faire autrement\u2026<\/p>\n<p>Ci-dessous, la pr\u00e9sentation que j\u2019ai utilis\u00e9e ce jour-l\u00e0\u00a0:<\/p>\n<div><strong><a title=\"Internet, usages des jeunes, citoyennet\u00e9...\" href=\"http:\/\/www.slideshare.net\/mguillou\/internet-usages-des-jeunes-citoyennet-ducation\" target=\"_blank\">Internet, usages des jeunes, citoyennet\u00e9\u2026<\/a><\/strong><iframe loading=\"lazy\" src=\"http:\/\/www.slideshare.net\/slideshow\/embed_code\/7362376\" width=\"425\" height=\"355\" frameborder=\"0\" marginwidth=\"0\" marginheight=\"0\" scrolling=\"no\"><\/iframe><\/div>\n<div><\/div>\n<div>\n<p>Cette pr\u00e9sentation, seulement quelques mois apr\u00e8s sa conception, ne correspond plus aux usages du moment. Enqu\u00eate apr\u00e8s enqu\u00eate, je modifie, j\u2019abonde, je transforme ce diaporama pour le tenir au go\u00fbt et aux us du jour.\u00a0Je suis donc en capacit\u00e9 de montrer, \u00e0 tout moment, et de commenter, face un auditoire d\u2019adultes, une pr\u00e9sentation actualis\u00e9e sur ce sujet des usages num\u00e9riques m\u00e9diatiques des jeunes. \u00c7a dure environ 1 h 30, \u00e9changes compris.Si vous n\u2019attendez de moi que ce que je sais faire, valoriser, interroger, tenter de comprendre, imaginer des d\u00e9marches \u00e9ducatives d\u2019accompagnement,\u00a0<strong>il vous suffit de m\u2019inviter, de me d\u00e9dommager comme il sied et j\u2019accours, \u00e0 l\u2019autre bout du monde s\u2019il le faut.<\/strong>\u00c0 bient\u00f4t donc.<\/p>\n<p>Michel Guillou\u00a0<a title=\"Twitter\" href=\"https:\/\/twitter.com\/#!\/michelguillou\" target=\"_blank\">@michelguillou<\/a><\/p>\n<p><a href=\"http:\/\/creativecommons.org\/licenses\/by-nc-sa\/2.0\/fr\/\" target=\"_blank\"><img loading=\"lazy\" decoding=\"async\" src=\"http:\/\/i.creativecommons.org\/l\/by-nc-sa\/2.0\/fr\/80x15.png\" alt=\"image\" width=\"80\" height=\"15\" \/><\/a><\/p>\n<p>&nbsp;<\/p>\n<\/div>\n","protected":false},"excerpt":{"rendered":"<p><strong>La vie s\u2019arr\u00eate lorsque la peur de l\u2019inconnu est plus forte que l\u2019\u00e9lan.<\/strong>\u00a0[<em>Hafid Aggoune<\/em>]<\/p>\n<p>La rem\u00e9moration de l\u2019organisation, le 10 janvier prochain, d\u2019un\u00a0<a title=\"Les jeunes sur la toile. Quelles protections pour quels risques ?\" href=\"http:\/\/www.lesjeunessurlatoile.fr\/?q=content\/colloque-10-janvier-2012-les-jeunes-sur-la-toile-quelles-protections-pour-quels-risques\" target=\"_blank\">colloque<\/a>\u00a0intitul\u00e9 \u00ab\u00a0<strong>Les jeunes sur la toile.<\/strong><\/p>\n<p><span class=\"ellipsis\">&hellip;<\/span><\/p>\n<div class=\"read-more\"><a href=\"https:\/\/www.culture-numerique.fr\/?p=104\">Lire la suite &#8250;<\/a><\/div>\n<p><!-- end of .read-more --><\/p>\n","protected":false},"author":1,"featured_media":105,"comment_status":"open","ping_status":"open","sticky":false,"template":"","format":"standard","meta":{"jetpack_post_was_ever_published":false,"_jetpack_newsletter_access":"","_jetpack_dont_email_post_to_subs":false,"_jetpack_newsletter_tier_id":0,"_jetpack_memberships_contains_paywalled_content":false,"_jetpack_memberships_contains_paid_content":false,"footnotes":""},"categories":[9],"tags":[46,30,2,10,31],"class_list":["post-104","post","type-post","status-publish","format-standard","has-post-thumbnail","hentry","category-billets-dhumeur","tag-citoyennete","tag-internet","tag-numerique","tag-peur","tag-pratiques-des-jeunes"],"jetpack_featured_media_url":"https:\/\/www.culture-numerique.fr\/wp-content\/uploads\/2014\/04\/1524603017_38203bcb8b_m.jpg","jetpack_sharing_enabled":true,"_links":{"self":[{"href":"https:\/\/www.culture-numerique.fr\/index.php?rest_route=\/wp\/v2\/posts\/104","targetHints":{"allow":["GET"]}}],"collection":[{"href":"https:\/\/www.culture-numerique.fr\/index.php?rest_route=\/wp\/v2\/posts"}],"about":[{"href":"https:\/\/www.culture-numerique.fr\/index.php?rest_route=\/wp\/v2\/types\/post"}],"author":[{"embeddable":true,"href":"https:\/\/www.culture-numerique.fr\/index.php?rest_route=\/wp\/v2\/users\/1"}],"replies":[{"embeddable":true,"href":"https:\/\/www.culture-numerique.fr\/index.php?rest_route=%2Fwp%2Fv2%2Fcomments&post=104"}],"version-history":[{"count":5,"href":"https:\/\/www.culture-numerique.fr\/index.php?rest_route=\/wp\/v2\/posts\/104\/revisions"}],"predecessor-version":[{"id":3928,"href":"https:\/\/www.culture-numerique.fr\/index.php?rest_route=\/wp\/v2\/posts\/104\/revisions\/3928"}],"wp:featuredmedia":[{"embeddable":true,"href":"https:\/\/www.culture-numerique.fr\/index.php?rest_route=\/wp\/v2\/media\/105"}],"wp:attachment":[{"href":"https:\/\/www.culture-numerique.fr\/index.php?rest_route=%2Fwp%2Fv2%2Fmedia&parent=104"}],"wp:term":[{"taxonomy":"category","embeddable":true,"href":"https:\/\/www.culture-numerique.fr\/index.php?rest_route=%2Fwp%2Fv2%2Fcategories&post=104"},{"taxonomy":"post_tag","embeddable":true,"href":"https:\/\/www.culture-numerique.fr\/index.php?rest_route=%2Fwp%2Fv2%2Ftags&post=104"}],"curies":[{"name":"wp","href":"https:\/\/api.w.org\/{rel}","templated":true}]}}