{"id":1021,"date":"2014-07-01T19:18:30","date_gmt":"2014-07-01T17:18:30","guid":{"rendered":"http:\/\/www.culture-numerique.fr\/?p=1021"},"modified":"2015-12-29T19:56:50","modified_gmt":"2015-12-29T18:56:50","slug":"des-usages-pedagogiques-des-tice-aux-pratiques-professionnelles-numeriques","status":"publish","type":"post","link":"https:\/\/www.culture-numerique.fr\/?p=1021","title":{"rendered":"Des usages p\u00e9dagogiques des Tice aux pratiques professionnelles num\u00e9riques"},"content":{"rendered":"<p><a href=\"http:\/\/www.culture-numerique.fr\/wp-content\/uploads\/2014\/07\/medium_6162233.jpg\"><img loading=\"lazy\" decoding=\"async\" class=\"wp-image-1144 aligncenter\" src=\"http:\/\/www.culture-numerique.fr\/wp-content\/uploads\/2014\/07\/medium_6162233.jpg\" alt=\"Toolbox\" width=\"832\" height=\"624\" srcset=\"https:\/\/www.culture-numerique.fr\/wp-content\/uploads\/2014\/07\/medium_6162233.jpg 640w, https:\/\/www.culture-numerique.fr\/wp-content\/uploads\/2014\/07\/medium_6162233-300x225.jpg 300w, https:\/\/www.culture-numerique.fr\/wp-content\/uploads\/2014\/07\/medium_6162233-100x75.jpg 100w, https:\/\/www.culture-numerique.fr\/wp-content\/uploads\/2014\/07\/medium_6162233-150x112.jpg 150w, https:\/\/www.culture-numerique.fr\/wp-content\/uploads\/2014\/07\/medium_6162233-200x150.jpg 200w, https:\/\/www.culture-numerique.fr\/wp-content\/uploads\/2014\/07\/medium_6162233-450x337.jpg 450w, https:\/\/www.culture-numerique.fr\/wp-content\/uploads\/2014\/07\/medium_6162233-600x450.jpg 600w\" sizes=\"auto, (max-width: 832px) 100vw, 832px\" \/><\/a><\/p>\n<p><strong>Comme promis, je souhaite revenir<\/strong> sur cette question lancinante des usages du num\u00e9rique qui pr\u00e9occupe tant le microcosme \u00e9ducatif. Rappelez-vous, \u00e7a a commenc\u00e9 il y a quelques ann\u00e9es avec le souhait fort l\u00e9gitime des collectivit\u00e9s de rendre compte \u00e0 leurs \u00e9lecteurs de ce qui est fait de l&rsquo;argent public. \u00c0 force de d\u00e9penser pour la connectivit\u00e9 des \u00e9coles et des \u00e9tablissements, toujours plus gourmands, pour les infrastructures de c\u00e2blage, pour les mat\u00e9riels fort divers et toujours nouveaux, pour les ressources p\u00e9dagogiques et les ENT, pour des projets sp\u00e9cifiques innovants avec le num\u00e9rique enfin, les collectivit\u00e9s ont sollicit\u00e9 les fournisseurs d&rsquo;indicateurs et les laboratoires de recherche pour obtenir \u00ab des retours d&rsquo;usages \u00bb, comme on dit.<\/p>\n<p>Les fournisseurs priv\u00e9s ont plac\u00e9 sur les pages d&rsquo;ENT et les webs de ressources des indicateurs quantitatifs de t\u00e9l\u00e9chargement. Les laboratoires de recherche ont fait entrer dans les classes des chercheurs pour une \u00e9valuation qualitative de ces fameux et mirifiques usages.<\/p>\n<p><img loading=\"lazy\" decoding=\"async\" class=\"alignright size-full wp-image-1145\" src=\"http:\/\/www.culture-numerique.fr\/wp-content\/uploads\/2014\/07\/2014-06-19_013724.jpg\" alt=\"2014-06-19_013724\" width=\"114\" height=\"93\" srcset=\"https:\/\/www.culture-numerique.fr\/wp-content\/uploads\/2014\/07\/2014-06-19_013724.jpg 114w, https:\/\/www.culture-numerique.fr\/wp-content\/uploads\/2014\/07\/2014-06-19_013724-100x81.jpg 100w\" sizes=\"auto, (max-width: 114px) 100vw, 114px\" \/>Pour le reste, ce sont les services de l&rsquo;\u00c9tat qui s&rsquo;y sont mis, en tentant de valoriser, via les agences des usages du r\u00e9seau Sceren, maintenant appel\u00e9 <a href=\"http:\/\/www.reseau-canope.fr\/presentation-nouvelles-offres\/\" target=\"_blank\">Canop\u00e9<\/a>, les r\u00e9ussites de la p\u00e9dagogie num\u00e9rique.<\/p>\n<p>Et puis, il s&rsquo;est agi rapidement de corr\u00e9ler le pilotage \u00e0 l&rsquo;observation des usages. Les <a href=\"http:\/\/eduscol.education.fr\/pid26128\/indicateurs-et-pilotage-dans-le-domaine-des-tice.html\" target=\"_blank\">enqu\u00eates successives<\/a> men\u00e9es l&rsquo;ont \u00e9t\u00e9 \u00e0 cette seule fin, refusant m\u00eame curieusement\u00a0\u2014\u00a0\u00e7a saute aux yeux \u00e0 la lecture des commentaires, m\u00eame si le vocabulaire change un peu, quant aux r\u00e9sultats de l&rsquo;enqu\u00eate <a href=\"http:\/\/eduscol.education.fr\/cid60867\/l-enquete-profetic.html\" target=\"_blank\">Profetic<\/a> (sic), par exemple&#8230;\u00a0\u2014 de discerner au milieu du magma utilitaire les pratiques professionnelles innovantes qu&rsquo;il convenait de valoriser.<\/p>\n<p>D\u00e8s lors, le mot \u00ab usages \u00bb a inond\u00e9 l&rsquo;ensemble des dispositifs \u00e9ducatifs en charge du num\u00e9rique, des collectivit\u00e9s territoriales comme de l&rsquo;\u00c9tat. Il est devenu le centre de tous les regards, de toutes les interrogations, dans la bouche de tous ceux qui voulaient montrer leur souhait d&rsquo;\u00eatre \u00ab au niveau \u00bb.<\/p>\n<h3><strong>Usages, usages, usages, on ne voit plus, on n&rsquo;entend plus que \u00e7a&#8230;<\/strong><\/h3>\n<p>Il n&rsquo;est pas un nouveau projet d&rsquo;\u00e9cole ou d&rsquo;\u00e9tablissement qui ne fasse pas appara\u00eetre un suppl\u00e9ment ou un codicille d\u00e9di\u00e9 aux usages p\u00e9dagogiques des Tice. C&rsquo;est tr\u00e8s tendance et surtout tr\u00e8s consensuel, chacun subodorant de quoi il s&rsquo;agit sans y comprendre goutte. C&rsquo;est pratique.<\/p>\n<p>Je ne reviens pas sur l&rsquo;incongruit\u00e9 de cet acronyme abscons en milieu p\u00e9dagogique, dont le \u00ab\u00a0T\u00a0\u00bb initial a frein\u00e9 voire bloqu\u00e9 bien des initiatives. On se frotte alors \u00e0 la technologie, ce qui est une fa\u00e7on certes honorable mais bien r\u00e9ductrice et surtout peu efficace de se frotter \u00e0 la culture.<\/p>\n<p><strong>\u00ab\u00a0Avez-vous des usages p\u00e9dagogiques des Tice\u00a0?\u00a0\u00bb<\/strong> demandent assez couramment les inspecteurs, IPR ou IEN, aux professeurs qu&rsquo;ils sont charg\u00e9s d&rsquo;\u00e9valuer. Pire\u00a0!\u00a0:\u00a0\u00ab\u00a0Avez-vous int\u00e9gr\u00e9 les Tice (le num\u00e9rique, peu importe) \u00e0 votre p\u00e9dagogie\u00a0?\u00a0\u00bb.<\/p>\n<p>Imagine-t-on la m\u00eame question dans n&rsquo;importe quel autre secteur professionnel\u00a0? Imagine-t-on un responsable des ressources humaines d\u00e9cider du recrutement d&rsquo;un nouveau collaborateur parce qu&rsquo;il a des \u00ab\u00a0usages des Tic\u00a0\u00bb ou des \u00ab\u00a0usages des technologies nouvelles\u00a0\u00bb\u00a0? Non, bien s\u00fbr. <strong>La seule question qui vaille\u00a0est celle des pratiques professionnelles<\/strong>, de l&rsquo;acquisition des comp\u00e9tences n\u00e9cessaires \u00e0 de nouveaux modes de fonctionnement qui s&rsquo;\u00e9clairent de la dimension num\u00e9rique, des\u00a0nouvelles postures professionnelles induites par cette immersion.<\/p>\n<p>Pourquoi le syst\u00e8me \u00e9ducatif \u00e9chappe-t-il \u00e0 ce vocabulaire pourtant bien commun\u00a0? Pourquoi en adopte-t-il un autre\u00a0? Pourquoi l&rsquo;\u00e9cole met-elle autant de distance entre elle et le num\u00e9rique pour n&rsquo;\u00e9voquer que les seuls \u00ab\u00a0usages\u00a0\u00bb de ce dernier\u00a0?<\/p>\n<p>Il faut chercher, je crois, l&rsquo;explication dans la volont\u00e9 non exprim\u00e9e mais bien r\u00e9elle de ses acteurs, professeurs comme cadres p\u00e9dagogiques, de ne rien s&rsquo;approprier du tout, de faire croire qu&rsquo;on comprend les enjeux tout en ne s&rsquo;engageant que si peu qu&rsquo;on ne se confronte\u00a0\u2014\u00a0qu&rsquo;on ne se \u00ab\u00a0frotte\u00a0\u00bb\u00a0\u2014 au num\u00e9rique que dans la seule posture tranquille d&rsquo;utilisateur ou d&rsquo;usager, comme on est usager des services publics ou des chemins de fer&#8230;<\/p>\n<p>Au sens propre et pour ne pas tourner autour du pot, cette histoire d&rsquo;\u00ab\u00a0usages p\u00e9dagogiques\u00a0\u00bb n&rsquo;est rien d&rsquo;autre que la cons\u00e9quence des attitudes adopt\u00e9es profond\u00e9ment r\u00e9actionnaires et immobilistes.<\/p>\n<p>Le propos est maintenant pour chacun, \u00e0 commencer par la formation initiale, de s&rsquo;engager dans des pratiques professionnelles en ad\u00e9quation avec leur temps et les mani\u00e8res de ce monde. Notez ce mot, car c&rsquo;est bien de cela dont il s&rsquo;agit, il convient de\u00a0<strong>cesser enfin d&rsquo;avoir des usages pour s&rsquo;engager pour de bon<\/strong>. Avoir des engagements enfin \u00e0 la hauteur des enjeux et des exigences.<\/p>\n<p>Chiche !<\/p>\n<p>Michel Guillou\u00a0<a style=\"font-style: inherit; color: #282128;\" href=\"https:\/\/twitter.com\/michelguillou\" target=\"_blank\">@michelguillou<\/a><\/p>\n<p><a style=\"font-style: inherit; color: #282128;\" href=\"http:\/\/creativecommons.org\/licenses\/by-nc-sa\/4.0\/\" target=\"_blank\"><img loading=\"lazy\" decoding=\"async\" class=\"alignnone\" style=\"font-weight: inherit; font-style: inherit;\" src=\"http:\/\/i.creativecommons.org\/l\/by-nc-sa\/2.0\/fr\/80x15.png\" alt=\"image\" width=\"80\" height=\"15\" \/><\/a><\/p>\n<p>Cr\u00e9dit photo : <a href=\"https:\/\/www.flickr.com\/photos\/stitch\/6162233\/\">Stitch<\/a> via <a href=\"http:\/\/photopin.com\">photopin<\/a> <a href=\"http:\/\/creativecommons.org\/licenses\/by-nc-nd\/2.0\/\">cc<\/a><\/p>\n","protected":false},"excerpt":{"rendered":"<p><a href=\"http:\/\/www.culture-numerique.fr\/wp-content\/uploads\/2014\/07\/medium_6162233.jpg\"><img loading=\"lazy\" decoding=\"async\" class=\"wp-image-1144 aligncenter\" src=\"http:\/\/www.culture-numerique.fr\/wp-content\/uploads\/2014\/07\/medium_6162233.jpg\" alt=\"Toolbox\" width=\"832\" height=\"624\" srcset=\"https:\/\/www.culture-numerique.fr\/wp-content\/uploads\/2014\/07\/medium_6162233.jpg 640w, https:\/\/www.culture-numerique.fr\/wp-content\/uploads\/2014\/07\/medium_6162233-300x225.jpg 300w, https:\/\/www.culture-numerique.fr\/wp-content\/uploads\/2014\/07\/medium_6162233-100x75.jpg 100w, https:\/\/www.culture-numerique.fr\/wp-content\/uploads\/2014\/07\/medium_6162233-150x112.jpg 150w, https:\/\/www.culture-numerique.fr\/wp-content\/uploads\/2014\/07\/medium_6162233-200x150.jpg 200w, https:\/\/www.culture-numerique.fr\/wp-content\/uploads\/2014\/07\/medium_6162233-450x337.jpg 450w, https:\/\/www.culture-numerique.fr\/wp-content\/uploads\/2014\/07\/medium_6162233-600x450.jpg 600w\" sizes=\"auto, (max-width: 832px) 100vw, 832px\" \/><\/a><\/p>\n<p><strong>Comme promis, je souhaite revenir<\/strong> sur cette question lancinante des usages du num\u00e9rique qui pr\u00e9occupe tant le microcosme \u00e9ducatif. Rappelez-vous, \u00e7a a commenc\u00e9 il y a quelques ann\u00e9es avec le souhait fort l\u00e9gitime des collectivit\u00e9s de rendre compte \u00e0 leurs \u00e9lecteurs de ce qui est fait de l&rsquo;argent public.<\/p>\n<p><span class=\"ellipsis\">&hellip;<\/span><\/p>\n<div class=\"read-more\"><a href=\"https:\/\/www.culture-numerique.fr\/?p=1021\">Lire la suite &#8250;<\/a><\/div>\n<p><!-- end of .read-more --><\/p>\n","protected":false},"author":1,"featured_media":1144,"comment_status":"open","ping_status":"open","sticky":false,"template":"","format":"standard","meta":{"jetpack_post_was_ever_published":false,"_jetpack_newsletter_access":"","_jetpack_dont_email_post_to_subs":false,"_jetpack_newsletter_tier_id":0,"_jetpack_memberships_contains_paywalled_content":false,"_jetpack_memberships_contains_paid_content":false,"footnotes":""},"categories":[9],"tags":[52,400,413,138],"class_list":["post-1021","post","type-post","status-publish","format-standard","has-post-thumbnail","hentry","category-billets-dhumeur","tag-culture-numerique","tag-enjeux-du-numerique","tag-pratiques-professionnelles","tag-usages"],"jetpack_featured_media_url":"https:\/\/www.culture-numerique.fr\/wp-content\/uploads\/2014\/07\/medium_6162233.jpg","jetpack_sharing_enabled":true,"_links":{"self":[{"href":"https:\/\/www.culture-numerique.fr\/index.php?rest_route=\/wp\/v2\/posts\/1021","targetHints":{"allow":["GET"]}}],"collection":[{"href":"https:\/\/www.culture-numerique.fr\/index.php?rest_route=\/wp\/v2\/posts"}],"about":[{"href":"https:\/\/www.culture-numerique.fr\/index.php?rest_route=\/wp\/v2\/types\/post"}],"author":[{"embeddable":true,"href":"https:\/\/www.culture-numerique.fr\/index.php?rest_route=\/wp\/v2\/users\/1"}],"replies":[{"embeddable":true,"href":"https:\/\/www.culture-numerique.fr\/index.php?rest_route=%2Fwp%2Fv2%2Fcomments&post=1021"}],"version-history":[{"count":18,"href":"https:\/\/www.culture-numerique.fr\/index.php?rest_route=\/wp\/v2\/posts\/1021\/revisions"}],"predecessor-version":[{"id":4475,"href":"https:\/\/www.culture-numerique.fr\/index.php?rest_route=\/wp\/v2\/posts\/1021\/revisions\/4475"}],"wp:featuredmedia":[{"embeddable":true,"href":"https:\/\/www.culture-numerique.fr\/index.php?rest_route=\/wp\/v2\/media\/1144"}],"wp:attachment":[{"href":"https:\/\/www.culture-numerique.fr\/index.php?rest_route=%2Fwp%2Fv2%2Fmedia&parent=1021"}],"wp:term":[{"taxonomy":"category","embeddable":true,"href":"https:\/\/www.culture-numerique.fr\/index.php?rest_route=%2Fwp%2Fv2%2Fcategories&post=1021"},{"taxonomy":"post_tag","embeddable":true,"href":"https:\/\/www.culture-numerique.fr\/index.php?rest_route=%2Fwp%2Fv2%2Ftags&post=1021"}],"curies":[{"name":"wp","href":"https:\/\/api.w.org\/{rel}","templated":true}]}}