{"id":1004,"date":"2014-06-10T10:30:14","date_gmt":"2014-06-10T08:30:14","guid":{"rendered":"http:\/\/www.culture-numerique.fr\/?p=1004"},"modified":"2015-09-18T02:26:06","modified_gmt":"2015-09-18T00:26:06","slug":"une-bien-mauvaise-nouvelle-pour-le-numerique","status":"publish","type":"post","link":"https:\/\/www.culture-numerique.fr\/?p=1004","title":{"rendered":"Une mauvaise nouvelle pour le num\u00e9rique \u00e9ducatif\u00a0?"},"content":{"rendered":"<p><a href=\"http:\/\/www.culture-numerique.fr\/wp-content\/uploads\/2014\/06\/large_5166582392.jpg\"><img loading=\"lazy\" decoding=\"async\" class=\"size-full wp-image-1006 aligncenter\" src=\"http:\/\/www.culture-numerique.fr\/wp-content\/uploads\/2014\/06\/large_5166582392.jpg\" alt=\"Photo de classe\" width=\"1024\" height=\"647\" srcset=\"https:\/\/www.culture-numerique.fr\/wp-content\/uploads\/2014\/06\/large_5166582392.jpg 1024w, https:\/\/www.culture-numerique.fr\/wp-content\/uploads\/2014\/06\/large_5166582392-300x189.jpg 300w, https:\/\/www.culture-numerique.fr\/wp-content\/uploads\/2014\/06\/large_5166582392-100x63.jpg 100w, https:\/\/www.culture-numerique.fr\/wp-content\/uploads\/2014\/06\/large_5166582392-150x94.jpg 150w, https:\/\/www.culture-numerique.fr\/wp-content\/uploads\/2014\/06\/large_5166582392-200x126.jpg 200w, https:\/\/www.culture-numerique.fr\/wp-content\/uploads\/2014\/06\/large_5166582392-450x284.jpg 450w, https:\/\/www.culture-numerique.fr\/wp-content\/uploads\/2014\/06\/large_5166582392-600x379.jpg 600w, https:\/\/www.culture-numerique.fr\/wp-content\/uploads\/2014\/06\/large_5166582392-900x568.jpg 900w\" sizes=\"auto, (max-width: 1024px) 100vw, 1024px\" \/><\/a><\/p>\n<p><strong>Le site <em><a href=\"http:\/\/www.touteduc.fr\/fr\/scolaire\/id-9401-demission-d-alain-boissinot-president-du-csp-conseil-superieur-des-programmes-\" target=\"_blank\">ToutEduc<\/a><\/em> vient d&rsquo;annoncer<\/strong>\u00a0la d\u00e9mission d&rsquo;Alain Boissinot, pr\u00e9sident du Conseil sup\u00e9rieur des programmes. C&rsquo;est une information qu&rsquo;il faudra sans doute v\u00e9rifier et recouper \u2014\u00a0elle est confirm\u00e9e par l&rsquo;A.\u00a0E.\u00a0F. et <a href=\"http:\/\/www.lemonde.fr\/education\/article\/2014\/06\/09\/education-le-president-du-conseil-superieur-des-programmes-jette-l-eponge_4435042_1473685.html\" target=\"_blank\">le journal <em>Le Monde<\/em><\/a>\u00a0\u2014, bien s\u00fbr, mais, si c&rsquo;est vrai, la refondation de l&rsquo;\u00e9cole et son volet num\u00e9rique semblent bien avoir du plomb dans l&rsquo;aile&#8230;<\/p>\n<p><strong>C&rsquo;est une bien mauvaise nouvelle.<\/strong><\/p>\n<p>S&rsquo;il faut en croire l&rsquo;information donn\u00e9e par <em>ToutEduc<\/em>, Alain Boissinot venait de remettre au ministre une version finalis\u00e9e du nouveau socle commun de connaissances, de comp\u00e9tences et de culture. Oui, mais quelle version ? Le brouillon\u00a0dont on a\u00a0vu passer des versions successives me semblait pourtant constituer un progr\u00e8s sensible quant \u00e0 la place qu&rsquo;y tenait le num\u00e9rique, une place enfin transversale ouvrant la voie \u00e0 une litt\u00e9ratie num\u00e9rique, m\u00e9diatique et informationnelle. Je n&rsquo;ai pourtant jamais imagin\u00e9 que ce f\u00fbt une version d\u00e9finitive tant la vision du num\u00e9rique qui transparaissait semblait encore toujours plus d\u00e9sesp\u00e9r\u00e9ment utilitaire que culturelle.<\/p>\n<p>J&rsquo;esp\u00e9rais beaucoup, pour ma part, de la connivence naturelle entre Alain Boissinot et Catherine Becchetti-Bizot, issus tous deux de la m\u00eame discipline. J&rsquo;esp\u00e9rais que la nouvelle directrice du num\u00e9rique au minist\u00e8re pourrait obtenir la r\u00e9\u00e9criture \u00e9ventuelle de\u00a0certaines formulations frileuses, certaines h\u00e9sitations, certains archa\u00efsmes.<\/p>\n<p><strong>Mais il n&rsquo;est peut-\u00eatre pas trop tard.<\/strong> Il y aura peut-\u00eatre d&rsquo;autres navettes entre le C.\u00a0S.\u00a0P. nouvelle version et le ministre et ses proches collaborateurs. Esp\u00e9rons-le. Le d\u00e9part d&rsquo;Alain Boissinot, s&rsquo;il est confirm\u00e9, serait aussi une mauvaise nouvelle pour toutes les autres missions qui sont confi\u00e9es au\u00a0C.\u00a0S.\u00a0P. et dont son pr\u00e9sident m&rsquo;avait confi\u00e9 l&rsquo;importance dans l<a title=\"Alain Boissinot : \u00ab Il devient \u00e0 la fois possible et n\u00e9cessaire, gr\u00e2ce au num\u00e9rique, d\u2019enseigner autrement \u00bb\" href=\"http:\/\/www.culture-numerique.fr\/?p=190\">&lsquo;interview qu&rsquo;il m&rsquo;avait donn\u00e9e<\/a>. Il avait ce jour-l\u00e0 \u2014\u00a0l&rsquo;\u00e9couter \u00e0 nouveau permet de s&rsquo;en convaincre ais\u00e9ment\u00a0\u2014 montr\u00e9, par ses r\u00e9ponses claires et cisel\u00e9es, sa volont\u00e9 de faire enfin se rencontrer le num\u00e9rique et les programmes, les examens, les modalit\u00e9s et contenus de la formation des professeurs, initiale comme continue&#8230; De m\u00eame, le chantier des m\u00e9thodes d&rsquo;enseignement et des postures magistrales elles-m\u00eames \u00e9tait ouvert et il m&rsquo;avait dit l&rsquo;espoir qu&rsquo;il avait de les voir \u00e9voluer sensiblement \u00e0 l&rsquo;\u00e9clairage du num\u00e9rique.<\/p>\n<p><strong>Car l&rsquo;enjeu est de taille.<\/strong> Bien entendu, personne n&rsquo;est irrempla\u00e7able et le nouveau pr\u00e9sident du Conseil sup\u00e9rieur des programmes, esp\u00e9rons-le, pourra continuer le travail d\u00e9j\u00e0 entrepris. Mais Alain Boissinot portait, ne nous en cachons pas,\u00a0les espoirs de tous ceux qui pensaient que la refondation de l&rsquo;\u00e9cole serait fortement color\u00e9e du paradigme num\u00e9rique dont elle a besoin. Sans \u00eatre un sp\u00e9cialiste, il connaissait si bien le sujet et aurait\u00a0si bien \u00e9t\u00e9 capable lui donner l&rsquo;habillage culturel\u00a0attendu.<\/p>\n<p><strong>La vigilance s&rsquo;impose, \u00e0 d\u00e9faut de la confiance.<\/strong><\/p>\n<p>Michel Guillou\u00a0<a style=\"font-style: inherit; color: #282128;\" href=\"https:\/\/twitter.com\/michelguillou\" target=\"_blank\">@michelguillou<\/a><\/p>\n<p style=\"color: #0b6bbf;\"><a style=\"font-style: inherit; color: #282128;\" href=\"http:\/\/creativecommons.org\/licenses\/by-nc-sa\/2.0\/fr\/\" target=\"_blank\"><img loading=\"lazy\" decoding=\"async\" style=\"font-weight: inherit; font-style: inherit;\" src=\"http:\/\/i.creativecommons.org\/l\/by-nc-sa\/2.0\/fr\/80x15.png\" alt=\"image\" width=\"80\" height=\"15\" \/><\/a><\/p>\n<p>Cr\u00e9dit photo : <a href=\"http:\/\/www.flickr.com\/photos\/22326055@N06\/5166582392\/\">theirhistory<\/a> via <a href=\"http:\/\/photopin.com\">photopin<\/a> <a href=\"http:\/\/creativecommons.org\/licenses\/by-nc-sa\/2.0\/\">cc<\/a><\/p>\n","protected":false},"excerpt":{"rendered":"<p><a href=\"http:\/\/www.culture-numerique.fr\/wp-content\/uploads\/2014\/06\/large_5166582392.jpg\"><img loading=\"lazy\" decoding=\"async\" class=\"size-full wp-image-1006 aligncenter\" src=\"http:\/\/www.culture-numerique.fr\/wp-content\/uploads\/2014\/06\/large_5166582392.jpg\" alt=\"Photo de classe\" width=\"1024\" height=\"647\" srcset=\"https:\/\/www.culture-numerique.fr\/wp-content\/uploads\/2014\/06\/large_5166582392.jpg 1024w, https:\/\/www.culture-numerique.fr\/wp-content\/uploads\/2014\/06\/large_5166582392-300x189.jpg 300w, https:\/\/www.culture-numerique.fr\/wp-content\/uploads\/2014\/06\/large_5166582392-100x63.jpg 100w, https:\/\/www.culture-numerique.fr\/wp-content\/uploads\/2014\/06\/large_5166582392-150x94.jpg 150w, https:\/\/www.culture-numerique.fr\/wp-content\/uploads\/2014\/06\/large_5166582392-200x126.jpg 200w, https:\/\/www.culture-numerique.fr\/wp-content\/uploads\/2014\/06\/large_5166582392-450x284.jpg 450w, https:\/\/www.culture-numerique.fr\/wp-content\/uploads\/2014\/06\/large_5166582392-600x379.jpg 600w, https:\/\/www.culture-numerique.fr\/wp-content\/uploads\/2014\/06\/large_5166582392-900x568.jpg 900w\" sizes=\"auto, (max-width: 1024px) 100vw, 1024px\" \/><\/a><\/p>\n<p><strong>Le site <em><a href=\"http:\/\/www.touteduc.fr\/fr\/scolaire\/id-9401-demission-d-alain-boissinot-president-du-csp-conseil-superieur-des-programmes-\" target=\"_blank\">ToutEduc<\/a><\/em> vient d&rsquo;annoncer<\/strong>\u00a0la d\u00e9mission d&rsquo;Alain Boissinot, pr\u00e9sident du Conseil sup\u00e9rieur des programmes. C&rsquo;est une information qu&rsquo;il faudra sans doute v\u00e9rifier et recouper \u2014\u00a0elle est confirm\u00e9e par l&rsquo;A.\u00a0<\/p>\n<p><span class=\"ellipsis\">&hellip;<\/span><\/p>\n<div class=\"read-more\"><a href=\"https:\/\/www.culture-numerique.fr\/?p=1004\">Lire la suite &#8250;<\/a><\/div>\n<p><!-- end of .read-more --><\/p>\n","protected":false},"author":1,"featured_media":1006,"comment_status":"open","ping_status":"open","sticky":false,"template":"","format":"standard","meta":{"jetpack_post_was_ever_published":false,"_jetpack_newsletter_access":"","_jetpack_dont_email_post_to_subs":false,"_jetpack_newsletter_tier_id":0,"_jetpack_memberships_contains_paywalled_content":false,"_jetpack_memberships_contains_paid_content":false,"footnotes":""},"categories":[20],"tags":[98,399,78,52,400,194,95,2,89,53],"class_list":["post-1004","post","type-post","status-publish","format-standard","has-post-thumbnail","hentry","category-breves","tag-alain-boissinot","tag-catherine-becchetti-bizot","tag-conseil-superieur-des-programmes","tag-culture-numerique","tag-enjeux-du-numerique","tag-examens","tag-formation-initiale","tag-numerique","tag-programmes","tag-socle-commun"],"jetpack_featured_media_url":"https:\/\/www.culture-numerique.fr\/wp-content\/uploads\/2014\/06\/large_5166582392.jpg","jetpack_sharing_enabled":true,"_links":{"self":[{"href":"https:\/\/www.culture-numerique.fr\/index.php?rest_route=\/wp\/v2\/posts\/1004","targetHints":{"allow":["GET"]}}],"collection":[{"href":"https:\/\/www.culture-numerique.fr\/index.php?rest_route=\/wp\/v2\/posts"}],"about":[{"href":"https:\/\/www.culture-numerique.fr\/index.php?rest_route=\/wp\/v2\/types\/post"}],"author":[{"embeddable":true,"href":"https:\/\/www.culture-numerique.fr\/index.php?rest_route=\/wp\/v2\/users\/1"}],"replies":[{"embeddable":true,"href":"https:\/\/www.culture-numerique.fr\/index.php?rest_route=%2Fwp%2Fv2%2Fcomments&post=1004"}],"version-history":[{"count":13,"href":"https:\/\/www.culture-numerique.fr\/index.php?rest_route=\/wp\/v2\/posts\/1004\/revisions"}],"predecessor-version":[{"id":3964,"href":"https:\/\/www.culture-numerique.fr\/index.php?rest_route=\/wp\/v2\/posts\/1004\/revisions\/3964"}],"wp:featuredmedia":[{"embeddable":true,"href":"https:\/\/www.culture-numerique.fr\/index.php?rest_route=\/wp\/v2\/media\/1006"}],"wp:attachment":[{"href":"https:\/\/www.culture-numerique.fr\/index.php?rest_route=%2Fwp%2Fv2%2Fmedia&parent=1004"}],"wp:term":[{"taxonomy":"category","embeddable":true,"href":"https:\/\/www.culture-numerique.fr\/index.php?rest_route=%2Fwp%2Fv2%2Fcategories&post=1004"},{"taxonomy":"post_tag","embeddable":true,"href":"https:\/\/www.culture-numerique.fr\/index.php?rest_route=%2Fwp%2Fv2%2Ftags&post=1004"}],"curies":[{"name":"wp","href":"https:\/\/api.w.org\/{rel}","templated":true}]}}